{"id":442464,"date":"2026-04-13T11:02:40","date_gmt":"2026-04-13T14:02:40","guid":{"rendered":"https:\/\/portaltela.pt\/noticias\/2026\/04\/13\/video-divulgado-sem-detalhes-adicionais-18\/"},"modified":"2026-04-13T11:02:40","modified_gmt":"2026-04-13T14:02:40","slug":"video-divulgado-sem-detalhes-adicionais-18","status":"publish","type":"post","link":"https:\/\/portaltela.pt\/lazer\/2026\/04\/13\/video-divulgado-sem-detalhes-adicionais-18\/","title":{"rendered":"V\u00eddeo divulgado sem detalhes adicionais"},"content":{"rendered":"<p>A Tail\u00e2ndia iniciou o Ano Novo Songkran no dia 13 de abril de 2026, com multid\u00f5es na capital, Banguecoque. Na rua Khao San Road, as pessoas usaram pistolas de \u00e1gua e baldes para se molhar, numa tradi\u00e7\u00e3o que tamb\u00e9m alivia o calor da esta\u00e7\u00e3o seca. O festival \u00e9 uma celebra\u00e7\u00e3o cultural e religiosa de grande import\u00e2ncia.<\/p>\n<p>A ocasi\u00e3o atraiu moradores e turistas, gerando um forte impulso ao turismo e \u00e0s viagens pelo pa\u00eds. O ambiente festivo destacou a combina\u00e7\u00e3o entre lazer p\u00fablico e rituais culturais que acompanham o Songkran.<\/p>\n<p>Fora da capital, milh\u00f5es deslocaram-se \u00e0s prov\u00edncias para passar o feriado de tr\u00eas dias com familiares. O movimento \u00e9 descrito como uma das maiores migra\u00e7\u00f5es anuais da Tail\u00e2ndia, marcada por encontros e cerim\u00f3nias tradicionais de \u00e1gua.<\/p>\n<h3>Desloca\u00e7\u00f5es e transportes refor\u00e7ados<\/h3>\n<p>As autoridades de Banguecoque indicaram refor\u00e7os no sistema de transportes p\u00fablicos e servi\u00e7os especiais para responder ao aumento sazonal de desloca\u00e7\u00f5es, registando-se uma press\u00e3o significativa durante o per\u00edodo festivo.<\/p>\n<p>Entre os h\u00e1bitos da regi\u00e3o, o Songkran tamb\u00e9m envolve batalhas de \u00e1gua em espa\u00e7os p\u00fablicos e rituais de \u00e1gua sobre as m\u00e3os dos mais velhos, em Laos, Camboja e Myanmar, pr\u00e1tica que simboliza respeito, sa\u00fade e longevidade.<\/p>\n","protected":false},"excerpt":{"rendered":"<ul>\n<li>No dia 13 de abril de 2026, a Tail\u00e2ndia inicia o Ano Novo Songkran, com celebra\u00e7\u00f5es em Banguecoque e centenas de milhares de pessoas nas ruas.<\/li>\n<li>Em Khao San Road, as ruas ficaram cheias de gente a usar pistolas de \u00e1gua e baldes, numa tradi\u00e7\u00e3o que alivia o calor da esta\u00e7\u00e3o seca e atrai turistas.<\/li>\n<li>O Songkran \u00e9 uma das maiores festas culturais do pa\u00eds, combinando festas p\u00fablicas com rituais de respeito a idosos.<\/li>\n<li>Fora da capital, milh\u00f5es deslocaram-se \u00e0s suas prov\u00edncias para o feriado de tr\u00eas dias, impulsionando viagens e turismo em Todo o territ\u00f3rio.<\/li>\n<li>As autoridades de Banguecoque refor\u00e7aram transportes p\u00fablicos e servi\u00e7os especiais para responder ao aumento sazonal de desloca\u00e7\u00f5es, considerado uma das maiores migra\u00e7\u00f5es do Sudeste Asi\u00e1tico.<\/li>\n<\/ul>\n","protected":false},"author":2,"featured_media":442467,"comment_status":"closed","ping_status":"closed","sticky":false,"template":"","format":"standard","meta":{"footnotes":""},"categories":[7375,7381],"tags":[1090,145,4919,6314,169,71],"class_list":["post-442464","post","type-post","status-publish","format-standard","has-post-thumbnail","hentry","category-cultura","category-lazer","tag-agua","tag-cultura","tag-festas","tag-tailandia","tag-turismo","tag-viagens"],"yoast_head":"<!-- This site is optimized with the Yoast SEO plugin v27.2 - https:\/\/yoast.com\/product\/yoast-seo-wordpress\/ -->\n<title>V\u00eddeo divulgado sem detalhes adicionais - Portal Tela Portugal<\/title>\n<meta name=\"robots\" content=\"index, follow, max-snippet:-1, max-image-preview:large, max-video-preview:-1\" \/>\n<meta property=\"og:locale\" content=\"pt_PT\" \/>\n<meta property=\"og:type\" content=\"article\" \/>\n<meta property=\"og:title\" content=\"V\u00eddeo divulgado sem detalhes adicionais - Portal Tela Portugal\" \/>\n<meta property=\"og:description\" content=\"No dia 13 de abril de 2026, a Tail\u00e2ndia inicia o Ano Novo Songkran, com celebra\u00e7\u00f5es em Banguecoque e centenas de milhares de pessoas nas ruas. Em Khao San Road, as ruas ficaram cheias de gente a usar pistolas de \u00e1gua e baldes, numa tradi\u00e7\u00e3o que alivia o calor da esta\u00e7\u00e3o seca e atrai turistas. O Songkran \u00e9 uma das maiores festas culturais do pa\u00eds, combinando festas p\u00fablicas com rituais de respeito a idosos. Fora da capital, milh\u00f5es deslocaram-se \u00e0s suas prov\u00edncias para o feriado de tr\u00eas dias, impulsionando viagens e turismo em Todo o territ\u00f3rio. As autoridades de Banguecoque refor\u00e7aram transportes p\u00fablicos e servi\u00e7os especiais para responder ao aumento sazonal de desloca\u00e7\u00f5es, considerado uma das maiores migra\u00e7\u00f5es do Sudeste Asi\u00e1tico.\" \/>\n<meta property=\"og:url\" content=\"https:\/\/portaltela.pt\/noticias\/2026\/04\/13\/video-divulgado-sem-detalhes-adicionais-18\/\" \/>\n<meta property=\"og:site_name\" content=\"Portal Tela Portugal\" \/>\n<meta property=\"article:published_time\" content=\"2026-04-13T14:02:40+00:00\" \/>\n<meta name=\"author\" content=\"Telinha\" \/>\n<meta name=\"twitter:card\" content=\"summary_large_image\" \/>\n<meta name=\"twitter:label1\" content=\"Escrito por\" \/>\n\t<meta name=\"twitter:data1\" content=\"Telinha\" \/>\n\t<meta name=\"twitter:label2\" content=\"Tempo estimado de leitura\" \/>\n\t<meta name=\"twitter:data2\" content=\"1 minuto\" \/>\n<script type=\"application\/ld+json\" class=\"yoast-schema-graph\">{\"@context\":\"https:\/\/schema.org\",\"@graph\":[{\"@type\":\"Article\",\"@id\":\"https:\/\/portaltela.pt\/noticias\/2026\/04\/13\/video-divulgado-sem-detalhes-adicionais-18\/#article\",\"isPartOf\":{\"@id\":\"https:\/\/portaltela.pt\/noticias\/2026\/04\/13\/video-divulgado-sem-detalhes-adicionais-18\/\"},\"author\":{\"name\":\"Telinha\",\"@id\":\"https:\/\/portaltela.pt\/#\/schema\/person\/c4278d4a6028830caff9ee44b42d32ed\"},\"headline\":\"V\u00eddeo divulgado sem detalhes adicionais\",\"datePublished\":\"2026-04-13T14:02:40+00:00\",\"mainEntityOfPage\":{\"@id\":\"https:\/\/portaltela.pt\/noticias\/2026\/04\/13\/video-divulgado-sem-detalhes-adicionais-18\/\"},\"wordCount\":230,\"image\":{\"@id\":\"https:\/\/portaltela.pt\/noticias\/2026\/04\/13\/video-divulgado-sem-detalhes-adicionais-18\/#primaryimage\"},\"thumbnailUrl\":\"https:\/\/portaltela.pt\/s.01k8rhncp4jt1\/2026\/04\/1536x864_cmsv2_db5666a9-9bc9-5027-ac15-1c0d9892a028-9719871.jpg\",\"keywords\":[\"\u00e1gua\",\"cultura\",\"festas\",\"Tail\u00e2ndia\",\"turismo\",\"viagens\"],\"articleSection\":[\"Cultura\",\"Lazer\"],\"inLanguage\":\"pt-PT\"},{\"@type\":\"WebPage\",\"@id\":\"https:\/\/portaltela.pt\/noticias\/2026\/04\/13\/video-divulgado-sem-detalhes-adicionais-18\/\",\"url\":\"https:\/\/portaltela.pt\/noticias\/2026\/04\/13\/video-divulgado-sem-detalhes-adicionais-18\/\",\"name\":\"V\u00eddeo divulgado sem detalhes adicionais - Portal Tela Portugal\",\"isPartOf\":{\"@id\":\"https:\/\/portaltela.pt\/#website\"},\"primaryImageOfPage\":{\"@id\":\"https:\/\/portaltela.pt\/noticias\/2026\/04\/13\/video-divulgado-sem-detalhes-adicionais-18\/#primaryimage\"},\"image\":{\"@id\":\"https:\/\/portaltela.pt\/noticias\/2026\/04\/13\/video-divulgado-sem-detalhes-adicionais-18\/#primaryimage\"},\"thumbnailUrl\":\"https:\/\/portaltela.pt\/s.01k8rhncp4jt1\/2026\/04\/1536x864_cmsv2_db5666a9-9bc9-5027-ac15-1c0d9892a028-9719871.jpg\",\"datePublished\":\"2026-04-13T14:02:40+00:00\",\"author\":{\"@id\":\"https:\/\/portaltela.pt\/#\/schema\/person\/c4278d4a6028830caff9ee44b42d32ed\"},\"breadcrumb\":{\"@id\":\"https:\/\/portaltela.pt\/noticias\/2026\/04\/13\/video-divulgado-sem-detalhes-adicionais-18\/#breadcrumb\"},\"inLanguage\":\"pt-PT\",\"potentialAction\":[{\"@type\":\"ReadAction\",\"target\":[\"https:\/\/portaltela.pt\/noticias\/2026\/04\/13\/video-divulgado-sem-detalhes-adicionais-18\/\"]}]},{\"@type\":\"ImageObject\",\"inLanguage\":\"pt-PT\",\"@id\":\"https:\/\/portaltela.pt\/noticias\/2026\/04\/13\/video-divulgado-sem-detalhes-adicionais-18\/#primaryimage\",\"url\":\"https:\/\/portaltela.pt\/s.01k8rhncp4jt1\/2026\/04\/1536x864_cmsv2_db5666a9-9bc9-5027-ac15-1c0d9892a028-9719871.jpg\",\"contentUrl\":\"https:\/\/portaltela.pt\/s.01k8rhncp4jt1\/2026\/04\/1536x864_cmsv2_db5666a9-9bc9-5027-ac15-1c0d9892a028-9719871.jpg\",\"width\":796,\"height\":448,\"caption\":\"Pessoas participam no festival da \u00e1gua de Songkran para celebrar o Ano Novo tailand\u00eas\"},{\"@type\":\"BreadcrumbList\",\"@id\":\"https:\/\/portaltela.pt\/noticias\/2026\/04\/13\/video-divulgado-sem-detalhes-adicionais-18\/#breadcrumb\",\"itemListElement\":[{\"@type\":\"ListItem\",\"position\":1,\"name\":\"In\u00edcio\",\"item\":\"https:\/\/portaltela.pt\/\"},{\"@type\":\"ListItem\",\"position\":2,\"name\":\"V\u00eddeo divulgado sem detalhes adicionais\"}]},{\"@type\":\"WebSite\",\"@id\":\"https:\/\/portaltela.pt\/#website\",\"url\":\"https:\/\/portaltela.pt\/\",\"name\":\"Portal Tela Portugal\",\"description\":\"\",\"potentialAction\":[{\"@type\":\"SearchAction\",\"target\":{\"@type\":\"EntryPoint\",\"urlTemplate\":\"https:\/\/portaltela.pt\/?s={search_term_string}\"},\"query-input\":{\"@type\":\"PropertyValueSpecification\",\"valueRequired\":true,\"valueName\":\"search_term_string\"}}],\"inLanguage\":\"pt-PT\"},{\"@type\":\"Person\",\"@id\":\"https:\/\/portaltela.pt\/#\/schema\/person\/c4278d4a6028830caff9ee44b42d32ed\",\"name\":\"Telinha\",\"image\":{\"@type\":\"ImageObject\",\"inLanguage\":\"pt-PT\",\"@id\":\"https:\/\/portaltela.pt\/s.01k8rhncp4jt1\/2025\/11\/talking-bot-125x125.png\",\"url\":\"https:\/\/portaltela.pt\/s.01k8rhncp4jt1\/2025\/11\/talking-bot-125x125.png\",\"contentUrl\":\"https:\/\/portaltela.pt\/s.01k8rhncp4jt1\/2025\/11\/talking-bot-125x125.png\",\"caption\":\"Telinha\"},\"sameAs\":[\"https:\/\/portaltela.pt\/\"],\"url\":\"https:\/\/portaltela.pt\/por\/367410592786\/\"}]}<\/script>\n<!-- \/ Yoast SEO plugin. -->","yoast_head_json":{"title":"V\u00eddeo divulgado sem detalhes adicionais - Portal Tela Portugal","robots":{"index":"index","follow":"follow","max-snippet":"max-snippet:-1","max-image-preview":"max-image-preview:large","max-video-preview":"max-video-preview:-1"},"og_locale":"pt_PT","og_type":"article","og_title":"V\u00eddeo divulgado sem detalhes adicionais - Portal Tela Portugal","og_description":"No dia 13 de abril de 2026, a Tail\u00e2ndia inicia o Ano Novo Songkran, com celebra\u00e7\u00f5es em Banguecoque e centenas de milhares de pessoas nas ruas. Em Khao San Road, as ruas ficaram cheias de gente a usar pistolas de \u00e1gua e baldes, numa tradi\u00e7\u00e3o que alivia o calor da esta\u00e7\u00e3o seca e atrai turistas. O Songkran \u00e9 uma das maiores festas culturais do pa\u00eds, combinando festas p\u00fablicas com rituais de respeito a idosos. Fora da capital, milh\u00f5es deslocaram-se \u00e0s suas prov\u00edncias para o feriado de tr\u00eas dias, impulsionando viagens e turismo em Todo o territ\u00f3rio. As autoridades de Banguecoque refor\u00e7aram transportes p\u00fablicos e servi\u00e7os especiais para responder ao aumento sazonal de desloca\u00e7\u00f5es, considerado uma das maiores migra\u00e7\u00f5es do Sudeste Asi\u00e1tico.","og_url":"https:\/\/portaltela.pt\/noticias\/2026\/04\/13\/video-divulgado-sem-detalhes-adicionais-18\/","og_site_name":"Portal Tela Portugal","article_published_time":"2026-04-13T14:02:40+00:00","author":"Telinha","twitter_card":"summary_large_image","twitter_misc":{"Escrito por":"Telinha","Tempo estimado de leitura":"1 minuto"},"schema":{"@context":"https:\/\/schema.org","@graph":[{"@type":"Article","@id":"https:\/\/portaltela.pt\/noticias\/2026\/04\/13\/video-divulgado-sem-detalhes-adicionais-18\/#article","isPartOf":{"@id":"https:\/\/portaltela.pt\/noticias\/2026\/04\/13\/video-divulgado-sem-detalhes-adicionais-18\/"},"author":{"name":"Telinha","@id":"https:\/\/portaltela.pt\/#\/schema\/person\/c4278d4a6028830caff9ee44b42d32ed"},"headline":"V\u00eddeo divulgado sem detalhes adicionais","datePublished":"2026-04-13T14:02:40+00:00","mainEntityOfPage":{"@id":"https:\/\/portaltela.pt\/noticias\/2026\/04\/13\/video-divulgado-sem-detalhes-adicionais-18\/"},"wordCount":230,"image":{"@id":"https:\/\/portaltela.pt\/noticias\/2026\/04\/13\/video-divulgado-sem-detalhes-adicionais-18\/#primaryimage"},"thumbnailUrl":"https:\/\/portaltela.pt\/s.01k8rhncp4jt1\/2026\/04\/1536x864_cmsv2_db5666a9-9bc9-5027-ac15-1c0d9892a028-9719871.jpg","keywords":["\u00e1gua","cultura","festas","Tail\u00e2ndia","turismo","viagens"],"articleSection":["Cultura","Lazer"],"inLanguage":"pt-PT"},{"@type":"WebPage","@id":"https:\/\/portaltela.pt\/noticias\/2026\/04\/13\/video-divulgado-sem-detalhes-adicionais-18\/","url":"https:\/\/portaltela.pt\/noticias\/2026\/04\/13\/video-divulgado-sem-detalhes-adicionais-18\/","name":"V\u00eddeo divulgado sem detalhes adicionais - Portal Tela Portugal","isPartOf":{"@id":"https:\/\/portaltela.pt\/#website"},"primaryImageOfPage":{"@id":"https:\/\/portaltela.pt\/noticias\/2026\/04\/13\/video-divulgado-sem-detalhes-adicionais-18\/#primaryimage"},"image":{"@id":"https:\/\/portaltela.pt\/noticias\/2026\/04\/13\/video-divulgado-sem-detalhes-adicionais-18\/#primaryimage"},"thumbnailUrl":"https:\/\/portaltela.pt\/s.01k8rhncp4jt1\/2026\/04\/1536x864_cmsv2_db5666a9-9bc9-5027-ac15-1c0d9892a028-9719871.jpg","datePublished":"2026-04-13T14:02:40+00:00","author":{"@id":"https:\/\/portaltela.pt\/#\/schema\/person\/c4278d4a6028830caff9ee44b42d32ed"},"breadcrumb":{"@id":"https:\/\/portaltela.pt\/noticias\/2026\/04\/13\/video-divulgado-sem-detalhes-adicionais-18\/#breadcrumb"},"inLanguage":"pt-PT","potentialAction":[{"@type":"ReadAction","target":["https:\/\/portaltela.pt\/noticias\/2026\/04\/13\/video-divulgado-sem-detalhes-adicionais-18\/"]}]},{"@type":"ImageObject","inLanguage":"pt-PT","@id":"https:\/\/portaltela.pt\/noticias\/2026\/04\/13\/video-divulgado-sem-detalhes-adicionais-18\/#primaryimage","url":"https:\/\/portaltela.pt\/s.01k8rhncp4jt1\/2026\/04\/1536x864_cmsv2_db5666a9-9bc9-5027-ac15-1c0d9892a028-9719871.jpg","contentUrl":"https:\/\/portaltela.pt\/s.01k8rhncp4jt1\/2026\/04\/1536x864_cmsv2_db5666a9-9bc9-5027-ac15-1c0d9892a028-9719871.jpg","width":796,"height":448,"caption":"Pessoas participam no festival da \u00e1gua de Songkran para celebrar o Ano Novo tailand\u00eas"},{"@type":"BreadcrumbList","@id":"https:\/\/portaltela.pt\/noticias\/2026\/04\/13\/video-divulgado-sem-detalhes-adicionais-18\/#breadcrumb","itemListElement":[{"@type":"ListItem","position":1,"name":"In\u00edcio","item":"https:\/\/portaltela.pt\/"},{"@type":"ListItem","position":2,"name":"V\u00eddeo divulgado sem detalhes adicionais"}]},{"@type":"WebSite","@id":"https:\/\/portaltela.pt\/#website","url":"https:\/\/portaltela.pt\/","name":"Portal Tela Portugal","description":"","potentialAction":[{"@type":"SearchAction","target":{"@type":"EntryPoint","urlTemplate":"https:\/\/portaltela.pt\/?s={search_term_string}"},"query-input":{"@type":"PropertyValueSpecification","valueRequired":true,"valueName":"search_term_string"}}],"inLanguage":"pt-PT"},{"@type":"Person","@id":"https:\/\/portaltela.pt\/#\/schema\/person\/c4278d4a6028830caff9ee44b42d32ed","name":"Telinha","image":{"@type":"ImageObject","inLanguage":"pt-PT","@id":"https:\/\/portaltela.pt\/s.01k8rhncp4jt1\/2025\/11\/talking-bot-125x125.png","url":"https:\/\/portaltela.pt\/s.01k8rhncp4jt1\/2025\/11\/talking-bot-125x125.png","contentUrl":"https:\/\/portaltela.pt\/s.01k8rhncp4jt1\/2025\/11\/talking-bot-125x125.png","caption":"Telinha"},"sameAs":["https:\/\/portaltela.pt\/"],"url":"https:\/\/portaltela.pt\/por\/367410592786\/"}]}},"_links":{"self":[{"href":"https:\/\/portaltela.pt\/api\/wp\/v2\/posts\/442464","targetHints":{"allow":["GET"]}}],"collection":[{"href":"https:\/\/portaltela.pt\/api\/wp\/v2\/posts"}],"about":[{"href":"https:\/\/portaltela.pt\/api\/wp\/v2\/types\/post"}],"author":[{"embeddable":true,"href":"https:\/\/portaltela.pt\/api\/wp\/v2\/users\/2"}],"replies":[{"embeddable":true,"href":"https:\/\/portaltela.pt\/api\/wp\/v2\/comments?post=442464"}],"version-history":[{"count":0,"href":"https:\/\/portaltela.pt\/api\/wp\/v2\/posts\/442464\/revisions"}],"wp:featuredmedia":[{"embeddable":true,"href":"https:\/\/portaltela.pt\/api\/wp\/v2\/media\/442467"}],"wp:attachment":[{"href":"https:\/\/portaltela.pt\/api\/wp\/v2\/media?parent=442464"}],"wp:term":[{"taxonomy":"category","embeddable":true,"href":"https:\/\/portaltela.pt\/api\/wp\/v2\/categories?post=442464"},{"taxonomy":"post_tag","embeddable":true,"href":"https:\/\/portaltela.pt\/api\/wp\/v2\/tags?post=442464"}],"curies":[{"name":"wp","href":"https:\/\/api.w.org\/{rel}","templated":true}]}}