{"id":442390,"date":"2026-04-13T10:01:59","date_gmt":"2026-04-13T13:01:59","guid":{"rendered":"https:\/\/portaltela.pt\/noticias\/2026\/04\/13\/governo-cria-rede-de-simplificacao-e-tecnologias-para-acelerar-reforma-digital\/"},"modified":"2026-04-13T10:01:59","modified_gmt":"2026-04-13T13:01:59","slug":"governo-cria-rede-de-simplificacao-e-tecnologias-para-acelerar-reforma-digital","status":"publish","type":"post","link":"https:\/\/portaltela.pt\/tecnologia\/2026\/04\/13\/governo-cria-rede-de-simplificacao-e-tecnologias-para-acelerar-reforma-digital\/","title":{"rendered":"Governo cria Rede de Simplifica\u00e7\u00e3o e Tecnologias para acelerar reforma digital"},"content":{"rendered":"<p>O Governo aprovou a cria\u00e7\u00e3o da Rede de Simplifica\u00e7\u00e3o e Tecnologias do Estado, destinada a acompanhar a reforma tecnol\u00f3gica da administra\u00e7\u00e3o. A estrutura funcionar\u00e1 sob a depend\u00eancia do ministro adjunto e da moderniza\u00e7\u00e3o administrativa, com foco em servi\u00e7os p\u00fablicos online, IA, cloud soberana, ciberseguran\u00e7a e inova\u00e7\u00e3o transversal.<\/p>\n<p>A nova entidade tem como objetivo tornar a administra\u00e7\u00e3o mais eficiente, transparente e acess\u00edvel a cidad\u00e3os e empresas. Vai mobilizar diversas unidades p\u00fablicas para simplificar processos e desmaterializar servi\u00e7os, promovendo a interoperabilidade entre plataformas digitais.<\/p>\n<p>A Rede integra a Comiss\u00e3o de Coordena\u00e7\u00e3o para a Estrat\u00e9gia Digital, respons\u00e1vel por definir pol\u00edticas e estrat\u00e9gias de transforma\u00e7\u00e3o digital no setor p\u00fablico. A composi\u00e7\u00e3o, planos e metas ser\u00e3o definidos nos pr\u00f3ximos meses.<\/p>\n<p>Entre os objetivos est\u00e3o simplificar procedimentos administrativos, apoiar a ado\u00e7\u00e3o de solu\u00e7\u00f5es digitais e assegurar a prote\u00e7\u00e3o de dados pessoais. O mandato inclui projetos de intelig\u00eancia artificial, cloud soberana e refor\u00e7o da ciberseguran\u00e7a.<\/p>\n<p>O acompanhamento do Programa de Moderniza\u00e7\u00e3o Administrativa e Digital, que visa acelerar a transforma\u00e7\u00e3o digital, \u00e9 o fio condutor da iniciativa. A coordena\u00e7\u00e3o garantir\u00e1 articula\u00e7\u00e3o entre entidades envolvidas na reforma.<\/p>\n<p>O governo espera que a rede aumente a qualidade dos servi\u00e7os p\u00fablicos prestados e melhore a experi\u00eancia de utilizadores. A implementa\u00e7\u00e3o dever\u00e1 avan\u00e7ar com planos de a\u00e7\u00e3o para cada \u00e1rea, anunciados em breve.<\/p>\n","protected":false},"excerpt":{"rendered":"<ul>\n<li>O Governo aprovou a cria\u00e7\u00e3o da Rede de Simplifica\u00e7\u00e3o e Tecnologias do Estado para acompanhar a reforma tecnol\u00f3gica e modernizar os servi\u00e7os p\u00fablicos.<\/li>\n<li>A rede ficar\u00e1 sob a depend\u00eancia do ministro adjunto e da moderniza\u00e7\u00e3o administrativa, com foco em servi\u00e7os p\u00fablicos online, intelig\u00eancia artificial, cloud soberana, ciberseguran\u00e7a e moderniza\u00e7\u00e3o tecnol\u00f3gica transversal.<\/li>\n<li>Objetivos principais: simplificar processos, desmaterializar servi\u00e7os, promover inova\u00e7\u00e3o tecnol\u00f3gica, garantir a prote\u00e7\u00e3o de dados e apoiar projetos de IA, cloud soberana e interoperabilidade.<\/li>\n<li>A rede incluir\u00e1 a Comiss\u00e3o de Coordena\u00e7\u00e3o para a Estrat\u00e9gia Digital e outras unidades, com um coordenador que assegurar\u00e1 a articula\u00e7\u00e3o entre entidades envolvidas na reforma digital.<\/li>\n<li>A implementa\u00e7\u00e3o ocorrer\u00e1 nos pr\u00f3ximos meses, com planos de a\u00e7\u00e3o e metas espec\u00edficas, contando com o apoio do Governo e do Parlamento no \u00e2mbito do Programa de Moderniza\u00e7\u00e3o Administrativa e Digital.<\/li>\n<\/ul>\n","protected":false},"author":2,"featured_media":442391,"comment_status":"closed","ping_status":"closed","sticky":false,"template":"","format":"standard","meta":{"footnotes":""},"categories":[6716],"tags":[7927,2086,51,1322,6641,759],"class_list":["post-442390","post","type-post","status-publish","format-standard","has-post-thumbnail","hentry","category-tecnologia","tag-_administracao-publica","tag-cloud-soberana","tag-inteligencia-artificial","tag-interoperabilidade","tag-protecao-de-dados","tag-transformacao-digital"],"yoast_head":"<!-- This site is optimized with the Yoast SEO plugin v27.2 - https:\/\/yoast.com\/product\/yoast-seo-wordpress\/ -->\n<title>Governo cria Rede de Simplifica\u00e7\u00e3o e Tecnologias para acelerar reforma digital - Portal Tela Portugal<\/title>\n<meta name=\"robots\" content=\"index, follow, max-snippet:-1, max-image-preview:large, max-video-preview:-1\" \/>\n<meta property=\"og:locale\" content=\"pt_PT\" \/>\n<meta property=\"og:type\" content=\"article\" \/>\n<meta property=\"og:title\" content=\"Governo cria Rede de Simplifica\u00e7\u00e3o e Tecnologias para acelerar reforma digital - Portal Tela Portugal\" \/>\n<meta property=\"og:description\" content=\"O Governo aprovou a cria\u00e7\u00e3o da Rede de Simplifica\u00e7\u00e3o e Tecnologias do Estado para acompanhar a reforma tecnol\u00f3gica e modernizar os servi\u00e7os p\u00fablicos. A rede ficar\u00e1 sob a depend\u00eancia do ministro adjunto e da moderniza\u00e7\u00e3o administrativa, com foco em servi\u00e7os p\u00fablicos online, intelig\u00eancia artificial, cloud soberana, ciberseguran\u00e7a e moderniza\u00e7\u00e3o tecnol\u00f3gica transversal. Objetivos principais: simplificar processos, desmaterializar servi\u00e7os, promover inova\u00e7\u00e3o tecnol\u00f3gica, garantir a prote\u00e7\u00e3o de dados e apoiar projetos de IA, cloud soberana e interoperabilidade. A rede incluir\u00e1 a Comiss\u00e3o de Coordena\u00e7\u00e3o para a Estrat\u00e9gia Digital e outras unidades, com um coordenador que assegurar\u00e1 a articula\u00e7\u00e3o entre entidades envolvidas na reforma digital. A implementa\u00e7\u00e3o ocorrer\u00e1 nos pr\u00f3ximos meses, com planos de a\u00e7\u00e3o e metas espec\u00edficas, contando com o apoio do Governo e do Parlamento no \u00e2mbito do Programa de Moderniza\u00e7\u00e3o Administrativa e Digital.\" \/>\n<meta property=\"og:url\" content=\"https:\/\/portaltela.pt\/noticias\/2026\/04\/13\/governo-cria-rede-de-simplificacao-e-tecnologias-para-acelerar-reforma-digital\/\" \/>\n<meta property=\"og:site_name\" content=\"Portal Tela Portugal\" \/>\n<meta property=\"article:published_time\" content=\"2026-04-13T13:01:59+00:00\" \/>\n<meta name=\"author\" content=\"Telinha\" \/>\n<meta name=\"twitter:card\" content=\"summary_large_image\" \/>\n<meta name=\"twitter:label1\" content=\"Escrito por\" \/>\n\t<meta name=\"twitter:data1\" content=\"Telinha\" \/>\n\t<meta name=\"twitter:label2\" content=\"Tempo estimado de leitura\" \/>\n\t<meta name=\"twitter:data2\" content=\"1 minuto\" \/>\n<script type=\"application\/ld+json\" class=\"yoast-schema-graph\">{\"@context\":\"https:\/\/schema.org\",\"@graph\":[{\"@type\":\"Article\",\"@id\":\"https:\/\/portaltela.pt\/noticias\/2026\/04\/13\/governo-cria-rede-de-simplificacao-e-tecnologias-para-acelerar-reforma-digital\/#article\",\"isPartOf\":{\"@id\":\"https:\/\/portaltela.pt\/noticias\/2026\/04\/13\/governo-cria-rede-de-simplificacao-e-tecnologias-para-acelerar-reforma-digital\/\"},\"author\":{\"name\":\"Telinha\",\"@id\":\"https:\/\/portaltela.pt\/#\/schema\/person\/c4278d4a6028830caff9ee44b42d32ed\"},\"headline\":\"Governo cria Rede de Simplifica\u00e7\u00e3o e Tecnologias para acelerar reforma digital\",\"datePublished\":\"2026-04-13T13:01:59+00:00\",\"mainEntityOfPage\":{\"@id\":\"https:\/\/portaltela.pt\/noticias\/2026\/04\/13\/governo-cria-rede-de-simplificacao-e-tecnologias-para-acelerar-reforma-digital\/\"},\"wordCount\":265,\"image\":{\"@id\":\"https:\/\/portaltela.pt\/noticias\/2026\/04\/13\/governo-cria-rede-de-simplificacao-e-tecnologias-para-acelerar-reforma-digital\/#primaryimage\"},\"thumbnailUrl\":\"https:\/\/portaltela.pt\/s.01k8rhncp4jt1\/2026\/04\/dn2F2026-02-252F0aljv7rz2FWhatsApp-Image-2026-02-25-at-10.11.11.jpeg\",\"keywords\":[\"_administra\u00e7\u00e3o p\u00fablica\",\"cloud soberana\",\"intelig\u00eancia artificial\",\"interoperabilidade\",\"prote\u00e7\u00e3o de dados\",\"transforma\u00e7\u00e3o digital\"],\"articleSection\":[\"Tecnologia\"],\"inLanguage\":\"pt-PT\"},{\"@type\":\"WebPage\",\"@id\":\"https:\/\/portaltela.pt\/noticias\/2026\/04\/13\/governo-cria-rede-de-simplificacao-e-tecnologias-para-acelerar-reforma-digital\/\",\"url\":\"https:\/\/portaltela.pt\/noticias\/2026\/04\/13\/governo-cria-rede-de-simplificacao-e-tecnologias-para-acelerar-reforma-digital\/\",\"name\":\"Governo cria Rede de Simplifica\u00e7\u00e3o e Tecnologias para acelerar reforma digital - Portal Tela Portugal\",\"isPartOf\":{\"@id\":\"https:\/\/portaltela.pt\/#website\"},\"primaryImageOfPage\":{\"@id\":\"https:\/\/portaltela.pt\/noticias\/2026\/04\/13\/governo-cria-rede-de-simplificacao-e-tecnologias-para-acelerar-reforma-digital\/#primaryimage\"},\"image\":{\"@id\":\"https:\/\/portaltela.pt\/noticias\/2026\/04\/13\/governo-cria-rede-de-simplificacao-e-tecnologias-para-acelerar-reforma-digital\/#primaryimage\"},\"thumbnailUrl\":\"https:\/\/portaltela.pt\/s.01k8rhncp4jt1\/2026\/04\/dn2F2026-02-252F0aljv7rz2FWhatsApp-Image-2026-02-25-at-10.11.11.jpeg\",\"datePublished\":\"2026-04-13T13:01:59+00:00\",\"author\":{\"@id\":\"https:\/\/portaltela.pt\/#\/schema\/person\/c4278d4a6028830caff9ee44b42d32ed\"},\"breadcrumb\":{\"@id\":\"https:\/\/portaltela.pt\/noticias\/2026\/04\/13\/governo-cria-rede-de-simplificacao-e-tecnologias-para-acelerar-reforma-digital\/#breadcrumb\"},\"inLanguage\":\"pt-PT\",\"potentialAction\":[{\"@type\":\"ReadAction\",\"target\":[\"https:\/\/portaltela.pt\/noticias\/2026\/04\/13\/governo-cria-rede-de-simplificacao-e-tecnologias-para-acelerar-reforma-digital\/\"]}]},{\"@type\":\"ImageObject\",\"inLanguage\":\"pt-PT\",\"@id\":\"https:\/\/portaltela.pt\/noticias\/2026\/04\/13\/governo-cria-rede-de-simplificacao-e-tecnologias-para-acelerar-reforma-digital\/#primaryimage\",\"url\":\"https:\/\/portaltela.pt\/s.01k8rhncp4jt1\/2026\/04\/dn2F2026-02-252F0aljv7rz2FWhatsApp-Image-2026-02-25-at-10.11.11.jpeg\",\"contentUrl\":\"https:\/\/portaltela.pt\/s.01k8rhncp4jt1\/2026\/04\/dn2F2026-02-252F0aljv7rz2FWhatsApp-Image-2026-02-25-at-10.11.11.jpeg\",\"width\":1200,\"height\":675,\"caption\":\"Foto: Reinaldo Rodrigues\"},{\"@type\":\"BreadcrumbList\",\"@id\":\"https:\/\/portaltela.pt\/noticias\/2026\/04\/13\/governo-cria-rede-de-simplificacao-e-tecnologias-para-acelerar-reforma-digital\/#breadcrumb\",\"itemListElement\":[{\"@type\":\"ListItem\",\"position\":1,\"name\":\"In\u00edcio\",\"item\":\"https:\/\/portaltela.pt\/\"},{\"@type\":\"ListItem\",\"position\":2,\"name\":\"Governo cria Rede de Simplifica\u00e7\u00e3o e Tecnologias para acelerar reforma digital\"}]},{\"@type\":\"WebSite\",\"@id\":\"https:\/\/portaltela.pt\/#website\",\"url\":\"https:\/\/portaltela.pt\/\",\"name\":\"Portal Tela Portugal\",\"description\":\"\",\"potentialAction\":[{\"@type\":\"SearchAction\",\"target\":{\"@type\":\"EntryPoint\",\"urlTemplate\":\"https:\/\/portaltela.pt\/?s={search_term_string}\"},\"query-input\":{\"@type\":\"PropertyValueSpecification\",\"valueRequired\":true,\"valueName\":\"search_term_string\"}}],\"inLanguage\":\"pt-PT\"},{\"@type\":\"Person\",\"@id\":\"https:\/\/portaltela.pt\/#\/schema\/person\/c4278d4a6028830caff9ee44b42d32ed\",\"name\":\"Telinha\",\"image\":{\"@type\":\"ImageObject\",\"inLanguage\":\"pt-PT\",\"@id\":\"https:\/\/portaltela.pt\/s.01k8rhncp4jt1\/2025\/11\/talking-bot-125x125.png\",\"url\":\"https:\/\/portaltela.pt\/s.01k8rhncp4jt1\/2025\/11\/talking-bot-125x125.png\",\"contentUrl\":\"https:\/\/portaltela.pt\/s.01k8rhncp4jt1\/2025\/11\/talking-bot-125x125.png\",\"caption\":\"Telinha\"},\"sameAs\":[\"https:\/\/portaltela.pt\/\"],\"url\":\"https:\/\/portaltela.pt\/por\/367410592786\/\"}]}<\/script>\n<!-- \/ Yoast SEO plugin. -->","yoast_head_json":{"title":"Governo cria Rede de Simplifica\u00e7\u00e3o e Tecnologias para acelerar reforma digital - Portal Tela Portugal","robots":{"index":"index","follow":"follow","max-snippet":"max-snippet:-1","max-image-preview":"max-image-preview:large","max-video-preview":"max-video-preview:-1"},"og_locale":"pt_PT","og_type":"article","og_title":"Governo cria Rede de Simplifica\u00e7\u00e3o e Tecnologias para acelerar reforma digital - Portal Tela Portugal","og_description":"O Governo aprovou a cria\u00e7\u00e3o da Rede de Simplifica\u00e7\u00e3o e Tecnologias do Estado para acompanhar a reforma tecnol\u00f3gica e modernizar os servi\u00e7os p\u00fablicos. A rede ficar\u00e1 sob a depend\u00eancia do ministro adjunto e da moderniza\u00e7\u00e3o administrativa, com foco em servi\u00e7os p\u00fablicos online, intelig\u00eancia artificial, cloud soberana, ciberseguran\u00e7a e moderniza\u00e7\u00e3o tecnol\u00f3gica transversal. Objetivos principais: simplificar processos, desmaterializar servi\u00e7os, promover inova\u00e7\u00e3o tecnol\u00f3gica, garantir a prote\u00e7\u00e3o de dados e apoiar projetos de IA, cloud soberana e interoperabilidade. A rede incluir\u00e1 a Comiss\u00e3o de Coordena\u00e7\u00e3o para a Estrat\u00e9gia Digital e outras unidades, com um coordenador que assegurar\u00e1 a articula\u00e7\u00e3o entre entidades envolvidas na reforma digital. A implementa\u00e7\u00e3o ocorrer\u00e1 nos pr\u00f3ximos meses, com planos de a\u00e7\u00e3o e metas espec\u00edficas, contando com o apoio do Governo e do Parlamento no \u00e2mbito do Programa de Moderniza\u00e7\u00e3o Administrativa e Digital.","og_url":"https:\/\/portaltela.pt\/noticias\/2026\/04\/13\/governo-cria-rede-de-simplificacao-e-tecnologias-para-acelerar-reforma-digital\/","og_site_name":"Portal Tela Portugal","article_published_time":"2026-04-13T13:01:59+00:00","author":"Telinha","twitter_card":"summary_large_image","twitter_misc":{"Escrito por":"Telinha","Tempo estimado de leitura":"1 minuto"},"schema":{"@context":"https:\/\/schema.org","@graph":[{"@type":"Article","@id":"https:\/\/portaltela.pt\/noticias\/2026\/04\/13\/governo-cria-rede-de-simplificacao-e-tecnologias-para-acelerar-reforma-digital\/#article","isPartOf":{"@id":"https:\/\/portaltela.pt\/noticias\/2026\/04\/13\/governo-cria-rede-de-simplificacao-e-tecnologias-para-acelerar-reforma-digital\/"},"author":{"name":"Telinha","@id":"https:\/\/portaltela.pt\/#\/schema\/person\/c4278d4a6028830caff9ee44b42d32ed"},"headline":"Governo cria Rede de Simplifica\u00e7\u00e3o e Tecnologias para acelerar reforma digital","datePublished":"2026-04-13T13:01:59+00:00","mainEntityOfPage":{"@id":"https:\/\/portaltela.pt\/noticias\/2026\/04\/13\/governo-cria-rede-de-simplificacao-e-tecnologias-para-acelerar-reforma-digital\/"},"wordCount":265,"image":{"@id":"https:\/\/portaltela.pt\/noticias\/2026\/04\/13\/governo-cria-rede-de-simplificacao-e-tecnologias-para-acelerar-reforma-digital\/#primaryimage"},"thumbnailUrl":"https:\/\/portaltela.pt\/s.01k8rhncp4jt1\/2026\/04\/dn2F2026-02-252F0aljv7rz2FWhatsApp-Image-2026-02-25-at-10.11.11.jpeg","keywords":["_administra\u00e7\u00e3o p\u00fablica","cloud soberana","intelig\u00eancia artificial","interoperabilidade","prote\u00e7\u00e3o de dados","transforma\u00e7\u00e3o digital"],"articleSection":["Tecnologia"],"inLanguage":"pt-PT"},{"@type":"WebPage","@id":"https:\/\/portaltela.pt\/noticias\/2026\/04\/13\/governo-cria-rede-de-simplificacao-e-tecnologias-para-acelerar-reforma-digital\/","url":"https:\/\/portaltela.pt\/noticias\/2026\/04\/13\/governo-cria-rede-de-simplificacao-e-tecnologias-para-acelerar-reforma-digital\/","name":"Governo cria Rede de Simplifica\u00e7\u00e3o e Tecnologias para acelerar reforma digital - Portal Tela Portugal","isPartOf":{"@id":"https:\/\/portaltela.pt\/#website"},"primaryImageOfPage":{"@id":"https:\/\/portaltela.pt\/noticias\/2026\/04\/13\/governo-cria-rede-de-simplificacao-e-tecnologias-para-acelerar-reforma-digital\/#primaryimage"},"image":{"@id":"https:\/\/portaltela.pt\/noticias\/2026\/04\/13\/governo-cria-rede-de-simplificacao-e-tecnologias-para-acelerar-reforma-digital\/#primaryimage"},"thumbnailUrl":"https:\/\/portaltela.pt\/s.01k8rhncp4jt1\/2026\/04\/dn2F2026-02-252F0aljv7rz2FWhatsApp-Image-2026-02-25-at-10.11.11.jpeg","datePublished":"2026-04-13T13:01:59+00:00","author":{"@id":"https:\/\/portaltela.pt\/#\/schema\/person\/c4278d4a6028830caff9ee44b42d32ed"},"breadcrumb":{"@id":"https:\/\/portaltela.pt\/noticias\/2026\/04\/13\/governo-cria-rede-de-simplificacao-e-tecnologias-para-acelerar-reforma-digital\/#breadcrumb"},"inLanguage":"pt-PT","potentialAction":[{"@type":"ReadAction","target":["https:\/\/portaltela.pt\/noticias\/2026\/04\/13\/governo-cria-rede-de-simplificacao-e-tecnologias-para-acelerar-reforma-digital\/"]}]},{"@type":"ImageObject","inLanguage":"pt-PT","@id":"https:\/\/portaltela.pt\/noticias\/2026\/04\/13\/governo-cria-rede-de-simplificacao-e-tecnologias-para-acelerar-reforma-digital\/#primaryimage","url":"https:\/\/portaltela.pt\/s.01k8rhncp4jt1\/2026\/04\/dn2F2026-02-252F0aljv7rz2FWhatsApp-Image-2026-02-25-at-10.11.11.jpeg","contentUrl":"https:\/\/portaltela.pt\/s.01k8rhncp4jt1\/2026\/04\/dn2F2026-02-252F0aljv7rz2FWhatsApp-Image-2026-02-25-at-10.11.11.jpeg","width":1200,"height":675,"caption":"Foto: Reinaldo Rodrigues"},{"@type":"BreadcrumbList","@id":"https:\/\/portaltela.pt\/noticias\/2026\/04\/13\/governo-cria-rede-de-simplificacao-e-tecnologias-para-acelerar-reforma-digital\/#breadcrumb","itemListElement":[{"@type":"ListItem","position":1,"name":"In\u00edcio","item":"https:\/\/portaltela.pt\/"},{"@type":"ListItem","position":2,"name":"Governo cria Rede de Simplifica\u00e7\u00e3o e Tecnologias para acelerar reforma digital"}]},{"@type":"WebSite","@id":"https:\/\/portaltela.pt\/#website","url":"https:\/\/portaltela.pt\/","name":"Portal Tela Portugal","description":"","potentialAction":[{"@type":"SearchAction","target":{"@type":"EntryPoint","urlTemplate":"https:\/\/portaltela.pt\/?s={search_term_string}"},"query-input":{"@type":"PropertyValueSpecification","valueRequired":true,"valueName":"search_term_string"}}],"inLanguage":"pt-PT"},{"@type":"Person","@id":"https:\/\/portaltela.pt\/#\/schema\/person\/c4278d4a6028830caff9ee44b42d32ed","name":"Telinha","image":{"@type":"ImageObject","inLanguage":"pt-PT","@id":"https:\/\/portaltela.pt\/s.01k8rhncp4jt1\/2025\/11\/talking-bot-125x125.png","url":"https:\/\/portaltela.pt\/s.01k8rhncp4jt1\/2025\/11\/talking-bot-125x125.png","contentUrl":"https:\/\/portaltela.pt\/s.01k8rhncp4jt1\/2025\/11\/talking-bot-125x125.png","caption":"Telinha"},"sameAs":["https:\/\/portaltela.pt\/"],"url":"https:\/\/portaltela.pt\/por\/367410592786\/"}]}},"_links":{"self":[{"href":"https:\/\/portaltela.pt\/api\/wp\/v2\/posts\/442390","targetHints":{"allow":["GET"]}}],"collection":[{"href":"https:\/\/portaltela.pt\/api\/wp\/v2\/posts"}],"about":[{"href":"https:\/\/portaltela.pt\/api\/wp\/v2\/types\/post"}],"author":[{"embeddable":true,"href":"https:\/\/portaltela.pt\/api\/wp\/v2\/users\/2"}],"replies":[{"embeddable":true,"href":"https:\/\/portaltela.pt\/api\/wp\/v2\/comments?post=442390"}],"version-history":[{"count":0,"href":"https:\/\/portaltela.pt\/api\/wp\/v2\/posts\/442390\/revisions"}],"wp:featuredmedia":[{"embeddable":true,"href":"https:\/\/portaltela.pt\/api\/wp\/v2\/media\/442391"}],"wp:attachment":[{"href":"https:\/\/portaltela.pt\/api\/wp\/v2\/media?parent=442390"}],"wp:term":[{"taxonomy":"category","embeddable":true,"href":"https:\/\/portaltela.pt\/api\/wp\/v2\/categories?post=442390"},{"taxonomy":"post_tag","embeddable":true,"href":"https:\/\/portaltela.pt\/api\/wp\/v2\/tags?post=442390"}],"curies":[{"name":"wp","href":"https:\/\/api.w.org\/{rel}","templated":true}]}}