{"id":442376,"date":"2026-04-13T09:32:31","date_gmt":"2026-04-13T12:32:31","guid":{"rendered":"https:\/\/portaltela.pt\/noticias\/2026\/04\/13\/satelites-impulsionam-cooperacao-regional-para-alem-da-asia-central\/"},"modified":"2026-04-13T09:32:31","modified_gmt":"2026-04-13T12:32:31","slug":"satelites-impulsionam-cooperacao-regional-para-alem-da-asia-central","status":"publish","type":"post","link":"https:\/\/portaltela.pt\/tecnologia\/2026\/04\/13\/satelites-impulsionam-cooperacao-regional-para-alem-da-asia-central\/","title":{"rendered":"Sat\u00e9lites impulsionam coopera\u00e7\u00e3o regional para al\u00e9m da \u00c1sia Central"},"content":{"rendered":"<p>O evento aconteceu esta semana no Uzbequist\u00e3o, com mais de 500 delegados de 32 pa\u00edses a discutir aplica\u00e7\u00f5es de sat\u00e9lites na agricultura, gest\u00e3o da \u00e1gua e monitoriza\u00e7\u00e3o ambiental. O encontro destacou a coopera\u00e7\u00e3o regional na Eur\u00e1sia Central.<\/p>\n<p>A corrida econ\u00f3mica na \u00e1rea espacial aproxima-se de um valor projetado de 1 bili\u00e3o de d\u00f3lares at\u00e9 2030, o que tem levado os pa\u00edses da regi\u00e3o a encarar o espa\u00e7o como ferramenta de coopera\u00e7\u00e3o em vez de dom\u00ednio de competi\u00e7\u00e3o. As tecnologias j\u00e1 ajudam a responder a desafios comuns.<\/p>\n<p>Tecnologias de observa\u00e7\u00e3o da Terra, comunica\u00e7\u00f5es por sat\u00e9lite e sistemas geoespaciais estiveram no cerne das discuss\u00f5es, bem como encontros bilaterais para refor\u00e7ar coopera\u00e7\u00e3o regional e oportunidades de neg\u00f3cio.<\/p>\n<h3>De ambi\u00e7\u00f5es nacionais a infraestruturas partilhadas<\/h3>\n<p>O Uzbequist\u00e3o pretende integrar a monitoriza\u00e7\u00e3o por sat\u00e9lite na agricultura, prote\u00e7\u00e3o ambiental e geologia, segundo a UzCosmos. O pa\u00eds aponta para o acolhimento do Congresso Astron\u00e1utico Internacional em 2028, a soon desenvolver a primeira miss\u00e3o tripulada e uma constela\u00e7\u00e3o nacional de sat\u00e9lites.<\/p>\n<p>O Cazaquist\u00e3o expande capacidades de observa\u00e7\u00e3o da Terra e de comunica\u00e7\u00f5es, com base em institui\u00e7\u00f5es nacionais e parcerias internacionais, incluindo projetos conjuntos e forma\u00e7\u00e3o de especialistas. O cosm\u00f3dromo de Baikonur ganha relev\u00e2ncia na vigil\u00e2ncia do espa\u00e7o.<\/p>\n<p>O Azerbaij\u00e3o, via Azercosmos, posiciona-se como fornecedor regional de conectividade, oferecendo servi\u00e7os de telecomunica\u00e7\u00f5es e participando em iniciativas sobre acesso digital e desenvolvimento econ\u00f3mico stal dos recursos espaciais.<\/p>\n<p>Respons\u00e1veis de ambos os pa\u00edses destacaram que o crescimento futuro depende da integra\u00e7\u00e3o das tecnologias espaciais em setores reais, desde comunica\u00e7\u00f5es at\u00e9 monitoriza\u00e7\u00e3o ambiental e servi\u00e7os de dados.<\/p>\n<h3>Educa\u00e7\u00e3o e capacidades a longo prazo<\/h3>\n<p>Especialistas destacam que os progressos no Uzbequist\u00e3o s\u00e3o not\u00e1veis e que realizar grandes eventos espaciais aumenta a visibilidade regional e favorece parcerias. A aposta na educa\u00e7\u00e3o superior tem atra\u00eddo interesse de universidades e formadores de futuros profissionais.<\/p>\n<p>O primeiro astronauta turco, mencionado por participantes, enfatiza a import\u00e2ncia de programas educativos para formar jovens t\u00e9cnicos e investigadores, considerados cruciais para o aproveitamento pleno do potencial espacial.<\/p>\n<h3>Setor privado impulsiona dados e servi\u00e7os<\/h3>\n<p>Empresas privadas desempenham papel cada vez mais relevante. A Planet Labs fornece imagens di\u00e1rias para monitoriza\u00e7\u00e3o de culturas, gest\u00e3o h\u00eddrica e gest\u00e3o de riscos ambientais, enquanto a Capella Space oferece radar de alta resolu\u00e7\u00e3o sob quaisquer condi\u00e7\u00f5es.<\/p>\n<p>A Hydrosat utiliza imagens t\u00e9rmicas para medir stresse h\u00eddrico na agricultura, tema de grande relev\u00e2ncia na regi\u00e3o. A Axiom Space trabalha em esta\u00e7\u00f5es espaciais comerciais para ampliar o acesso \u00e0 \u00f3rbita baixa para miss\u00f5es privadas.<\/p>\n<p>Respons\u00e1veis e representantes do setor destacam que a coopera\u00e7\u00e3o e o uso de dados transfronteiri\u00e7os continuam a crescer, com aplica\u00e7\u00f5es pr\u00e1ticas que v\u00e3o da conectividade \u00e0 monitoriza\u00e7\u00e3o ambiental.<\/p>\n","protected":false},"excerpt":{"rendered":"<ul>\n<li>Mais de quinhentos delegados de trinta e dois pa\u00edses reuniram-se no Uzbequist\u00e3o, na Confer\u00eancia de Tecnologias Espaciais da Eur\u00e1sia Central (STC 2026), para falar sobre aplica\u00e7\u00f5es de sat\u00e9lite na agricultura, gest\u00e3o da \u00e1gua e monitoriza\u00e7\u00e3o ambiental.<\/li>\n<li>As tecnologias espaciais s\u00e3o usadas para enfrentar desafios regionais como seguran\u00e7a alimentar, gest\u00e3o de recursos h\u00eddricos, monitoriza\u00e7\u00e3o ambiental e conectividade digital.<\/li>\n<li>O Uzbequist\u00e3o quer acolher o Congresso Astron\u00e1utico Internacional em 2028, enviar o primeiro astronauta do pa\u00eds e desenvolver uma constela\u00e7\u00e3o nacional de sat\u00e9lites, incluindo ensino espacial nas escolas.<\/li>\n<li>O Cazaquist\u00e3o est\u00e1 a ampliar capacidades de observa\u00e7\u00e3o da Terra, comunica\u00e7\u00f5es por sat\u00e9lite e investiga\u00e7\u00e3o cient\u00edfica, incluindo monitoriza\u00e7\u00e3o do espa\u00e7o e parcerias internacionais.<\/li>\n<li>O setor privado, com empresas como Planet Labs, Capella Space, Hydrosat e Axiom Space, est\u00e1 a impulsionar dados, infraestruturas e servi\u00e7os comerciais na regi\u00e3o.<\/li>\n<\/ul>\n","protected":false},"author":2,"featured_media":442378,"comment_status":"closed","ping_status":"closed","sticky":false,"template":"","format":"standard","meta":{"footnotes":""},"categories":[6716],"tags":[179,1090,256,2487,2429,153],"class_list":["post-442376","post","type-post","status-publish","format-standard","has-post-thumbnail","hentry","category-tecnologia","tag-agricultura","tag-agua","tag-cooperacao-internacional","tag-europa","tag-observacao-da-terra","tag-tecnologia"],"yoast_head":"<!-- This site is optimized with the Yoast SEO plugin v27.2 - https:\/\/yoast.com\/product\/yoast-seo-wordpress\/ -->\n<title>Sat\u00e9lites impulsionam coopera\u00e7\u00e3o regional para al\u00e9m da \u00c1sia Central - Portal Tela Portugal<\/title>\n<meta name=\"robots\" content=\"index, follow, max-snippet:-1, max-image-preview:large, max-video-preview:-1\" \/>\n<meta property=\"og:locale\" content=\"pt_PT\" \/>\n<meta property=\"og:type\" content=\"article\" \/>\n<meta property=\"og:title\" content=\"Sat\u00e9lites impulsionam coopera\u00e7\u00e3o regional para al\u00e9m da \u00c1sia Central - Portal Tela Portugal\" \/>\n<meta property=\"og:description\" content=\"Mais de quinhentos delegados de trinta e dois pa\u00edses reuniram-se no Uzbequist\u00e3o, na Confer\u00eancia de Tecnologias Espaciais da Eur\u00e1sia Central (STC 2026), para falar sobre aplica\u00e7\u00f5es de sat\u00e9lite na agricultura, gest\u00e3o da \u00e1gua e monitoriza\u00e7\u00e3o ambiental. As tecnologias espaciais s\u00e3o usadas para enfrentar desafios regionais como seguran\u00e7a alimentar, gest\u00e3o de recursos h\u00eddricos, monitoriza\u00e7\u00e3o ambiental e conectividade digital. O Uzbequist\u00e3o quer acolher o Congresso Astron\u00e1utico Internacional em 2028, enviar o primeiro astronauta do pa\u00eds e desenvolver uma constela\u00e7\u00e3o nacional de sat\u00e9lites, incluindo ensino espacial nas escolas. O Cazaquist\u00e3o est\u00e1 a ampliar capacidades de observa\u00e7\u00e3o da Terra, comunica\u00e7\u00f5es por sat\u00e9lite e investiga\u00e7\u00e3o cient\u00edfica, incluindo monitoriza\u00e7\u00e3o do espa\u00e7o e parcerias internacionais. O setor privado, com empresas como Planet Labs, Capella Space, Hydrosat e Axiom Space, est\u00e1 a impulsionar dados, infraestruturas e servi\u00e7os comerciais na regi\u00e3o.\" \/>\n<meta property=\"og:url\" content=\"https:\/\/portaltela.pt\/noticias\/2026\/04\/13\/satelites-impulsionam-cooperacao-regional-para-alem-da-asia-central\/\" \/>\n<meta property=\"og:site_name\" content=\"Portal Tela Portugal\" \/>\n<meta property=\"article:published_time\" content=\"2026-04-13T12:32:31+00:00\" \/>\n<meta name=\"author\" content=\"Telinha\" \/>\n<meta name=\"twitter:card\" content=\"summary_large_image\" \/>\n<meta name=\"twitter:label1\" content=\"Escrito por\" \/>\n\t<meta name=\"twitter:data1\" content=\"Telinha\" \/>\n\t<meta name=\"twitter:label2\" content=\"Tempo estimado de leitura\" \/>\n\t<meta name=\"twitter:data2\" content=\"3 minutos\" \/>\n<script type=\"application\/ld+json\" class=\"yoast-schema-graph\">{\"@context\":\"https:\/\/schema.org\",\"@graph\":[{\"@type\":\"Article\",\"@id\":\"https:\/\/portaltela.pt\/noticias\/2026\/04\/13\/satelites-impulsionam-cooperacao-regional-para-alem-da-asia-central\/#article\",\"isPartOf\":{\"@id\":\"https:\/\/portaltela.pt\/noticias\/2026\/04\/13\/satelites-impulsionam-cooperacao-regional-para-alem-da-asia-central\/\"},\"author\":{\"name\":\"Telinha\",\"@id\":\"https:\/\/portaltela.pt\/#\/schema\/person\/c4278d4a6028830caff9ee44b42d32ed\"},\"headline\":\"Sat\u00e9lites impulsionam coopera\u00e7\u00e3o regional para al\u00e9m da \u00c1sia Central\",\"datePublished\":\"2026-04-13T12:32:31+00:00\",\"mainEntityOfPage\":{\"@id\":\"https:\/\/portaltela.pt\/noticias\/2026\/04\/13\/satelites-impulsionam-cooperacao-regional-para-alem-da-asia-central\/\"},\"wordCount\":518,\"image\":{\"@id\":\"https:\/\/portaltela.pt\/noticias\/2026\/04\/13\/satelites-impulsionam-cooperacao-regional-para-alem-da-asia-central\/#primaryimage\"},\"thumbnailUrl\":\"https:\/\/portaltela.pt\/s.01k8rhncp4jt1\/2026\/04\/1536x864_cmsv2_c7759843-5c3d-5686-bb57-76db0f361d13-9705599.jpg\",\"keywords\":[\"agricultura\",\"\u00e1gua\",\"coopera\u00e7\u00e3o internacional\",\"Europa\",\"observa\u00e7\u00e3o da Terra\",\"tecnologia\"],\"articleSection\":[\"Tecnologia\"],\"inLanguage\":\"pt-PT\"},{\"@type\":\"WebPage\",\"@id\":\"https:\/\/portaltela.pt\/noticias\/2026\/04\/13\/satelites-impulsionam-cooperacao-regional-para-alem-da-asia-central\/\",\"url\":\"https:\/\/portaltela.pt\/noticias\/2026\/04\/13\/satelites-impulsionam-cooperacao-regional-para-alem-da-asia-central\/\",\"name\":\"Sat\u00e9lites impulsionam coopera\u00e7\u00e3o regional para al\u00e9m da \u00c1sia Central - Portal Tela Portugal\",\"isPartOf\":{\"@id\":\"https:\/\/portaltela.pt\/#website\"},\"primaryImageOfPage\":{\"@id\":\"https:\/\/portaltela.pt\/noticias\/2026\/04\/13\/satelites-impulsionam-cooperacao-regional-para-alem-da-asia-central\/#primaryimage\"},\"image\":{\"@id\":\"https:\/\/portaltela.pt\/noticias\/2026\/04\/13\/satelites-impulsionam-cooperacao-regional-para-alem-da-asia-central\/#primaryimage\"},\"thumbnailUrl\":\"https:\/\/portaltela.pt\/s.01k8rhncp4jt1\/2026\/04\/1536x864_cmsv2_c7759843-5c3d-5686-bb57-76db0f361d13-9705599.jpg\",\"datePublished\":\"2026-04-13T12:32:31+00:00\",\"author\":{\"@id\":\"https:\/\/portaltela.pt\/#\/schema\/person\/c4278d4a6028830caff9ee44b42d32ed\"},\"breadcrumb\":{\"@id\":\"https:\/\/portaltela.pt\/noticias\/2026\/04\/13\/satelites-impulsionam-cooperacao-regional-para-alem-da-asia-central\/#breadcrumb\"},\"inLanguage\":\"pt-PT\",\"potentialAction\":[{\"@type\":\"ReadAction\",\"target\":[\"https:\/\/portaltela.pt\/noticias\/2026\/04\/13\/satelites-impulsionam-cooperacao-regional-para-alem-da-asia-central\/\"]}]},{\"@type\":\"ImageObject\",\"inLanguage\":\"pt-PT\",\"@id\":\"https:\/\/portaltela.pt\/noticias\/2026\/04\/13\/satelites-impulsionam-cooperacao-regional-para-alem-da-asia-central\/#primaryimage\",\"url\":\"https:\/\/portaltela.pt\/s.01k8rhncp4jt1\/2026\/04\/1536x864_cmsv2_c7759843-5c3d-5686-bb57-76db0f361d13-9705599.jpg\",\"contentUrl\":\"https:\/\/portaltela.pt\/s.01k8rhncp4jt1\/2026\/04\/1536x864_cmsv2_c7759843-5c3d-5686-bb57-76db0f361d13-9705599.jpg\",\"width\":796,\"height\":448,\"caption\":\"Apresentam sat\u00e9lites na confer\u00eancia STC\"},{\"@type\":\"BreadcrumbList\",\"@id\":\"https:\/\/portaltela.pt\/noticias\/2026\/04\/13\/satelites-impulsionam-cooperacao-regional-para-alem-da-asia-central\/#breadcrumb\",\"itemListElement\":[{\"@type\":\"ListItem\",\"position\":1,\"name\":\"In\u00edcio\",\"item\":\"https:\/\/portaltela.pt\/\"},{\"@type\":\"ListItem\",\"position\":2,\"name\":\"Sat\u00e9lites impulsionam coopera\u00e7\u00e3o regional para al\u00e9m da \u00c1sia Central\"}]},{\"@type\":\"WebSite\",\"@id\":\"https:\/\/portaltela.pt\/#website\",\"url\":\"https:\/\/portaltela.pt\/\",\"name\":\"Portal Tela Portugal\",\"description\":\"\",\"potentialAction\":[{\"@type\":\"SearchAction\",\"target\":{\"@type\":\"EntryPoint\",\"urlTemplate\":\"https:\/\/portaltela.pt\/?s={search_term_string}\"},\"query-input\":{\"@type\":\"PropertyValueSpecification\",\"valueRequired\":true,\"valueName\":\"search_term_string\"}}],\"inLanguage\":\"pt-PT\"},{\"@type\":\"Person\",\"@id\":\"https:\/\/portaltela.pt\/#\/schema\/person\/c4278d4a6028830caff9ee44b42d32ed\",\"name\":\"Telinha\",\"image\":{\"@type\":\"ImageObject\",\"inLanguage\":\"pt-PT\",\"@id\":\"https:\/\/portaltela.pt\/s.01k8rhncp4jt1\/2025\/11\/talking-bot-125x125.png\",\"url\":\"https:\/\/portaltela.pt\/s.01k8rhncp4jt1\/2025\/11\/talking-bot-125x125.png\",\"contentUrl\":\"https:\/\/portaltela.pt\/s.01k8rhncp4jt1\/2025\/11\/talking-bot-125x125.png\",\"caption\":\"Telinha\"},\"sameAs\":[\"https:\/\/portaltela.pt\/\"],\"url\":\"https:\/\/portaltela.pt\/por\/367410592786\/\"}]}<\/script>\n<!-- \/ Yoast SEO plugin. -->","yoast_head_json":{"title":"Sat\u00e9lites impulsionam coopera\u00e7\u00e3o regional para al\u00e9m da \u00c1sia Central - Portal Tela Portugal","robots":{"index":"index","follow":"follow","max-snippet":"max-snippet:-1","max-image-preview":"max-image-preview:large","max-video-preview":"max-video-preview:-1"},"og_locale":"pt_PT","og_type":"article","og_title":"Sat\u00e9lites impulsionam coopera\u00e7\u00e3o regional para al\u00e9m da \u00c1sia Central - Portal Tela Portugal","og_description":"Mais de quinhentos delegados de trinta e dois pa\u00edses reuniram-se no Uzbequist\u00e3o, na Confer\u00eancia de Tecnologias Espaciais da Eur\u00e1sia Central (STC 2026), para falar sobre aplica\u00e7\u00f5es de sat\u00e9lite na agricultura, gest\u00e3o da \u00e1gua e monitoriza\u00e7\u00e3o ambiental. As tecnologias espaciais s\u00e3o usadas para enfrentar desafios regionais como seguran\u00e7a alimentar, gest\u00e3o de recursos h\u00eddricos, monitoriza\u00e7\u00e3o ambiental e conectividade digital. O Uzbequist\u00e3o quer acolher o Congresso Astron\u00e1utico Internacional em 2028, enviar o primeiro astronauta do pa\u00eds e desenvolver uma constela\u00e7\u00e3o nacional de sat\u00e9lites, incluindo ensino espacial nas escolas. O Cazaquist\u00e3o est\u00e1 a ampliar capacidades de observa\u00e7\u00e3o da Terra, comunica\u00e7\u00f5es por sat\u00e9lite e investiga\u00e7\u00e3o cient\u00edfica, incluindo monitoriza\u00e7\u00e3o do espa\u00e7o e parcerias internacionais. O setor privado, com empresas como Planet Labs, Capella Space, Hydrosat e Axiom Space, est\u00e1 a impulsionar dados, infraestruturas e servi\u00e7os comerciais na regi\u00e3o.","og_url":"https:\/\/portaltela.pt\/noticias\/2026\/04\/13\/satelites-impulsionam-cooperacao-regional-para-alem-da-asia-central\/","og_site_name":"Portal Tela Portugal","article_published_time":"2026-04-13T12:32:31+00:00","author":"Telinha","twitter_card":"summary_large_image","twitter_misc":{"Escrito por":"Telinha","Tempo estimado de leitura":"3 minutos"},"schema":{"@context":"https:\/\/schema.org","@graph":[{"@type":"Article","@id":"https:\/\/portaltela.pt\/noticias\/2026\/04\/13\/satelites-impulsionam-cooperacao-regional-para-alem-da-asia-central\/#article","isPartOf":{"@id":"https:\/\/portaltela.pt\/noticias\/2026\/04\/13\/satelites-impulsionam-cooperacao-regional-para-alem-da-asia-central\/"},"author":{"name":"Telinha","@id":"https:\/\/portaltela.pt\/#\/schema\/person\/c4278d4a6028830caff9ee44b42d32ed"},"headline":"Sat\u00e9lites impulsionam coopera\u00e7\u00e3o regional para al\u00e9m da \u00c1sia Central","datePublished":"2026-04-13T12:32:31+00:00","mainEntityOfPage":{"@id":"https:\/\/portaltela.pt\/noticias\/2026\/04\/13\/satelites-impulsionam-cooperacao-regional-para-alem-da-asia-central\/"},"wordCount":518,"image":{"@id":"https:\/\/portaltela.pt\/noticias\/2026\/04\/13\/satelites-impulsionam-cooperacao-regional-para-alem-da-asia-central\/#primaryimage"},"thumbnailUrl":"https:\/\/portaltela.pt\/s.01k8rhncp4jt1\/2026\/04\/1536x864_cmsv2_c7759843-5c3d-5686-bb57-76db0f361d13-9705599.jpg","keywords":["agricultura","\u00e1gua","coopera\u00e7\u00e3o internacional","Europa","observa\u00e7\u00e3o da Terra","tecnologia"],"articleSection":["Tecnologia"],"inLanguage":"pt-PT"},{"@type":"WebPage","@id":"https:\/\/portaltela.pt\/noticias\/2026\/04\/13\/satelites-impulsionam-cooperacao-regional-para-alem-da-asia-central\/","url":"https:\/\/portaltela.pt\/noticias\/2026\/04\/13\/satelites-impulsionam-cooperacao-regional-para-alem-da-asia-central\/","name":"Sat\u00e9lites impulsionam coopera\u00e7\u00e3o regional para al\u00e9m da \u00c1sia Central - Portal Tela Portugal","isPartOf":{"@id":"https:\/\/portaltela.pt\/#website"},"primaryImageOfPage":{"@id":"https:\/\/portaltela.pt\/noticias\/2026\/04\/13\/satelites-impulsionam-cooperacao-regional-para-alem-da-asia-central\/#primaryimage"},"image":{"@id":"https:\/\/portaltela.pt\/noticias\/2026\/04\/13\/satelites-impulsionam-cooperacao-regional-para-alem-da-asia-central\/#primaryimage"},"thumbnailUrl":"https:\/\/portaltela.pt\/s.01k8rhncp4jt1\/2026\/04\/1536x864_cmsv2_c7759843-5c3d-5686-bb57-76db0f361d13-9705599.jpg","datePublished":"2026-04-13T12:32:31+00:00","author":{"@id":"https:\/\/portaltela.pt\/#\/schema\/person\/c4278d4a6028830caff9ee44b42d32ed"},"breadcrumb":{"@id":"https:\/\/portaltela.pt\/noticias\/2026\/04\/13\/satelites-impulsionam-cooperacao-regional-para-alem-da-asia-central\/#breadcrumb"},"inLanguage":"pt-PT","potentialAction":[{"@type":"ReadAction","target":["https:\/\/portaltela.pt\/noticias\/2026\/04\/13\/satelites-impulsionam-cooperacao-regional-para-alem-da-asia-central\/"]}]},{"@type":"ImageObject","inLanguage":"pt-PT","@id":"https:\/\/portaltela.pt\/noticias\/2026\/04\/13\/satelites-impulsionam-cooperacao-regional-para-alem-da-asia-central\/#primaryimage","url":"https:\/\/portaltela.pt\/s.01k8rhncp4jt1\/2026\/04\/1536x864_cmsv2_c7759843-5c3d-5686-bb57-76db0f361d13-9705599.jpg","contentUrl":"https:\/\/portaltela.pt\/s.01k8rhncp4jt1\/2026\/04\/1536x864_cmsv2_c7759843-5c3d-5686-bb57-76db0f361d13-9705599.jpg","width":796,"height":448,"caption":"Apresentam sat\u00e9lites na confer\u00eancia STC"},{"@type":"BreadcrumbList","@id":"https:\/\/portaltela.pt\/noticias\/2026\/04\/13\/satelites-impulsionam-cooperacao-regional-para-alem-da-asia-central\/#breadcrumb","itemListElement":[{"@type":"ListItem","position":1,"name":"In\u00edcio","item":"https:\/\/portaltela.pt\/"},{"@type":"ListItem","position":2,"name":"Sat\u00e9lites impulsionam coopera\u00e7\u00e3o regional para al\u00e9m da \u00c1sia Central"}]},{"@type":"WebSite","@id":"https:\/\/portaltela.pt\/#website","url":"https:\/\/portaltela.pt\/","name":"Portal Tela Portugal","description":"","potentialAction":[{"@type":"SearchAction","target":{"@type":"EntryPoint","urlTemplate":"https:\/\/portaltela.pt\/?s={search_term_string}"},"query-input":{"@type":"PropertyValueSpecification","valueRequired":true,"valueName":"search_term_string"}}],"inLanguage":"pt-PT"},{"@type":"Person","@id":"https:\/\/portaltela.pt\/#\/schema\/person\/c4278d4a6028830caff9ee44b42d32ed","name":"Telinha","image":{"@type":"ImageObject","inLanguage":"pt-PT","@id":"https:\/\/portaltela.pt\/s.01k8rhncp4jt1\/2025\/11\/talking-bot-125x125.png","url":"https:\/\/portaltela.pt\/s.01k8rhncp4jt1\/2025\/11\/talking-bot-125x125.png","contentUrl":"https:\/\/portaltela.pt\/s.01k8rhncp4jt1\/2025\/11\/talking-bot-125x125.png","caption":"Telinha"},"sameAs":["https:\/\/portaltela.pt\/"],"url":"https:\/\/portaltela.pt\/por\/367410592786\/"}]}},"_links":{"self":[{"href":"https:\/\/portaltela.pt\/api\/wp\/v2\/posts\/442376","targetHints":{"allow":["GET"]}}],"collection":[{"href":"https:\/\/portaltela.pt\/api\/wp\/v2\/posts"}],"about":[{"href":"https:\/\/portaltela.pt\/api\/wp\/v2\/types\/post"}],"author":[{"embeddable":true,"href":"https:\/\/portaltela.pt\/api\/wp\/v2\/users\/2"}],"replies":[{"embeddable":true,"href":"https:\/\/portaltela.pt\/api\/wp\/v2\/comments?post=442376"}],"version-history":[{"count":0,"href":"https:\/\/portaltela.pt\/api\/wp\/v2\/posts\/442376\/revisions"}],"wp:featuredmedia":[{"embeddable":true,"href":"https:\/\/portaltela.pt\/api\/wp\/v2\/media\/442378"}],"wp:attachment":[{"href":"https:\/\/portaltela.pt\/api\/wp\/v2\/media?parent=442376"}],"wp:term":[{"taxonomy":"category","embeddable":true,"href":"https:\/\/portaltela.pt\/api\/wp\/v2\/categories?post=442376"},{"taxonomy":"post_tag","embeddable":true,"href":"https:\/\/portaltela.pt\/api\/wp\/v2\/tags?post=442376"}],"curies":[{"name":"wp","href":"https:\/\/api.w.org\/{rel}","templated":true}]}}