{"id":442362,"date":"2026-04-13T09:32:16","date_gmt":"2026-04-13T12:32:16","guid":{"rendered":"https:\/\/portaltela.pt\/noticias\/2026\/04\/13\/lufthansa-assegura-cerca-de-75-dos-voos-durante-greve-hoje-e-terca-feira-2\/"},"modified":"2026-04-13T09:32:16","modified_gmt":"2026-04-13T12:32:16","slug":"lufthansa-assegura-cerca-de-75-dos-voos-durante-greve-hoje-e-terca-feira-2","status":"publish","type":"post","link":"https:\/\/portaltela.pt\/noticias\/economia\/2026\/04\/13\/lufthansa-assegura-cerca-de-75-dos-voos-durante-greve-hoje-e-terca-feira-2\/","title":{"rendered":"Lufthansa assegura cerca de 75% dos voos durante greve hoje e ter\u00e7a-feira"},"content":{"rendered":"<p>O grupo Lufthansa prev\u00ea manter cerca de 75% dos seus voos durante a greve convocada pelo sindicato de pilotos Vereinigung Cockpit (VC), em princ\u00edpio nesta segunda e ter\u00e7a-feira. A informa\u00e7\u00e3o foi confirmada \u00e0 AFP pela pr\u00f3pria Lufthansa.<\/p>\n<p>A porcentagem de voos assegurados varia entre marcas do grupo: aproximadamente um ter\u00e7o dos voos de curta dist\u00e2ncia e metade dos voos de longa dist\u00e2ncia devem seguir operando sob a marca Lufthansa. A greve incide sobre a Lufthansa e as filiais CityLine e Eurowings, bem como sobre a divis\u00e3o de carga Lufthansa Cargo.<\/p>\n<p>Na Eurowings, onde o VC convocou uma greve de apenas um dia, a taxa de voos mantidos dever\u00e1 situar-se em cerca de 60%. Ao todo, a paralisa\u00e7\u00e3o afeta opera\u00e7\u00f5es das marcas do grupo e, tamb\u00e9m, a rede de voos da transportadora de carga.<\/p>\n<p>Citado pela AFP, o VC ainda n\u00e3o divulgou n\u00fameros pr\u00f3prios sobre a greve. No Aeroporto de Frankfurt, o maior da Alemanha, foram cancelados cerca de 570 voos nesta segunda-feira, o que representa perto de 43% do tr\u00e1fego.<\/p>\n<p>A Lufthansa descreveu a greve como uma escalada sem precedentes e afirmou que a reivindica\u00e7\u00e3o do sindicato, no que diz respeito ao sistema de pens\u00f5es, \u00e9 considerada inating\u00edvel pela empresa.<\/p>\n<p>O presidente do VC, Andreas Pinheiro, afirmou que n\u00e3o houve abertura suficiente para negocia\u00e7\u00f5es, mas manteve a possibilidade de di\u00e1logo caso haja propostas negoci\u00e1veis por parte dos empregadores.<\/p>\n<p>A \u00faltima greve dos pilotos da Lufthansa e das suas filiais ocorreu em 12 e 13 de mar\u00e7o deste ano.<\/p>\n","protected":false},"excerpt":{"rendered":"<ul>\n<li>A Lufthansa prev\u00ea manter cerca de 75% dos voos durante a greve dos pilotos, hoje e ter\u00e7a-feira, segundo informa\u00e7\u00e3o \u00e0 AFP.<\/li>\n<li>Aproximadamente um ter\u00e7o dos voos de curta dist\u00e2ncia e metade dos voos de longa dist\u00e2ncia devem manter-se pela Lufthansa; a filial Eurowings atinge cerca de 60% de voos assegurados.<\/li>\n<li>A greve afecta a Lufthansa, CityLine, Eurowings e a divis\u00e3o de carga Lufthansa Cargo; o sindicato Vereinigung Cockpit ainda n\u00e3o divulgou os seus n\u00fameros oficiais.<\/li>\n<li>No aeroporto de Frankfurt, cerca de 570 voos foram cancelados hoje, representando aproximadamente 43% do tr\u00e1fego a\u00e9reo.<\/li>\n<li>A \u00faltima greve dos pilotos ocorreu a 12 e 13 de mar\u00e7o; o sindicato disse estar aberto ao di\u00e1logo se surgirem propostas negoci\u00e1veis.<\/li>\n<\/ul>\n","protected":false},"author":2,"featured_media":442373,"comment_status":"closed","ping_status":"closed","sticky":false,"template":"","format":"standard","meta":{"footnotes":""},"categories":[2,1],"tags":[2625,3302,1603,7183,2487,1164],"class_list":["post-442362","post","type-post","status-publish","format-standard","has-post-thumbnail","hentry","category-economia","category-noticias","tag-aeronautica","tag-aeroportos","tag-alemanha","tag-aviacao","tag-europa","tag-greve"],"yoast_head":"<!-- This site is optimized with the Yoast SEO plugin v27.2 - https:\/\/yoast.com\/product\/yoast-seo-wordpress\/ -->\n<title>Lufthansa assegura cerca de 75% dos voos durante greve hoje e ter\u00e7a-feira - Portal Tela Portugal<\/title>\n<meta name=\"robots\" content=\"index, follow, max-snippet:-1, max-image-preview:large, max-video-preview:-1\" \/>\n<meta property=\"og:locale\" content=\"pt_PT\" \/>\n<meta property=\"og:type\" content=\"article\" \/>\n<meta property=\"og:title\" content=\"Lufthansa assegura cerca de 75% dos voos durante greve hoje e ter\u00e7a-feira - Portal Tela Portugal\" \/>\n<meta property=\"og:description\" content=\"A Lufthansa prev\u00ea manter cerca de 75% dos voos durante a greve dos pilotos, hoje e ter\u00e7a-feira, segundo informa\u00e7\u00e3o \u00e0 AFP. Aproximadamente um ter\u00e7o dos voos de curta dist\u00e2ncia e metade dos voos de longa dist\u00e2ncia devem manter-se pela Lufthansa; a filial Eurowings atinge cerca de 60% de voos assegurados. A greve afecta a Lufthansa, CityLine, Eurowings e a divis\u00e3o de carga Lufthansa Cargo; o sindicato Vereinigung Cockpit ainda n\u00e3o divulgou os seus n\u00fameros oficiais. No aeroporto de Frankfurt, cerca de 570 voos foram cancelados hoje, representando aproximadamente 43% do tr\u00e1fego a\u00e9reo. A \u00faltima greve dos pilotos ocorreu a 12 e 13 de mar\u00e7o; o sindicato disse estar aberto ao di\u00e1logo se surgirem propostas negoci\u00e1veis.\" \/>\n<meta property=\"og:url\" content=\"https:\/\/portaltela.pt\/noticias\/2026\/04\/13\/lufthansa-assegura-cerca-de-75-dos-voos-durante-greve-hoje-e-terca-feira-2\/\" \/>\n<meta property=\"og:site_name\" content=\"Portal Tela Portugal\" \/>\n<meta property=\"article:published_time\" content=\"2026-04-13T12:32:16+00:00\" \/>\n<meta name=\"author\" content=\"Telinha\" \/>\n<meta name=\"twitter:card\" content=\"summary_large_image\" \/>\n<meta name=\"twitter:label1\" content=\"Escrito por\" \/>\n\t<meta name=\"twitter:data1\" content=\"Telinha\" \/>\n\t<meta name=\"twitter:label2\" content=\"Tempo estimado de leitura\" \/>\n\t<meta name=\"twitter:data2\" content=\"1 minuto\" \/>\n<script type=\"application\/ld+json\" class=\"yoast-schema-graph\">{\"@context\":\"https:\/\/schema.org\",\"@graph\":[{\"@type\":\"Article\",\"@id\":\"https:\/\/portaltela.pt\/noticias\/2026\/04\/13\/lufthansa-assegura-cerca-de-75-dos-voos-durante-greve-hoje-e-terca-feira-2\/#article\",\"isPartOf\":{\"@id\":\"https:\/\/portaltela.pt\/noticias\/2026\/04\/13\/lufthansa-assegura-cerca-de-75-dos-voos-durante-greve-hoje-e-terca-feira-2\/\"},\"author\":{\"name\":\"Telinha\",\"@id\":\"https:\/\/portaltela.pt\/#\/schema\/person\/c4278d4a6028830caff9ee44b42d32ed\"},\"headline\":\"Lufthansa assegura cerca de 75% dos voos durante greve hoje e ter\u00e7a-feira\",\"datePublished\":\"2026-04-13T12:32:16+00:00\",\"mainEntityOfPage\":{\"@id\":\"https:\/\/portaltela.pt\/noticias\/2026\/04\/13\/lufthansa-assegura-cerca-de-75-dos-voos-durante-greve-hoje-e-terca-feira-2\/\"},\"wordCount\":275,\"image\":{\"@id\":\"https:\/\/portaltela.pt\/noticias\/2026\/04\/13\/lufthansa-assegura-cerca-de-75-dos-voos-durante-greve-hoje-e-terca-feira-2\/#primaryimage\"},\"thumbnailUrl\":\"https:\/\/portaltela.pt\/s.01k8rhncp4jt1\/2026\/04\/img_1500x1000uu2024-08-26-16-59-40-1733949.jpg\",\"keywords\":[\"aeron\u00e1utica\",\"aeroportos\",\"Alemanha\",\"avia\u00e7\u00e3o\",\"Europa\",\"greve\"],\"articleSection\":[\"Economia\",\"Not\u00edcias\"],\"inLanguage\":\"pt-PT\"},{\"@type\":\"WebPage\",\"@id\":\"https:\/\/portaltela.pt\/noticias\/2026\/04\/13\/lufthansa-assegura-cerca-de-75-dos-voos-durante-greve-hoje-e-terca-feira-2\/\",\"url\":\"https:\/\/portaltela.pt\/noticias\/2026\/04\/13\/lufthansa-assegura-cerca-de-75-dos-voos-durante-greve-hoje-e-terca-feira-2\/\",\"name\":\"Lufthansa assegura cerca de 75% dos voos durante greve hoje e ter\u00e7a-feira - Portal Tela Portugal\",\"isPartOf\":{\"@id\":\"https:\/\/portaltela.pt\/#website\"},\"primaryImageOfPage\":{\"@id\":\"https:\/\/portaltela.pt\/noticias\/2026\/04\/13\/lufthansa-assegura-cerca-de-75-dos-voos-durante-greve-hoje-e-terca-feira-2\/#primaryimage\"},\"image\":{\"@id\":\"https:\/\/portaltela.pt\/noticias\/2026\/04\/13\/lufthansa-assegura-cerca-de-75-dos-voos-durante-greve-hoje-e-terca-feira-2\/#primaryimage\"},\"thumbnailUrl\":\"https:\/\/portaltela.pt\/s.01k8rhncp4jt1\/2026\/04\/img_1500x1000uu2024-08-26-16-59-40-1733949.jpg\",\"datePublished\":\"2026-04-13T12:32:16+00:00\",\"author\":{\"@id\":\"https:\/\/portaltela.pt\/#\/schema\/person\/c4278d4a6028830caff9ee44b42d32ed\"},\"breadcrumb\":{\"@id\":\"https:\/\/portaltela.pt\/noticias\/2026\/04\/13\/lufthansa-assegura-cerca-de-75-dos-voos-durante-greve-hoje-e-terca-feira-2\/#breadcrumb\"},\"inLanguage\":\"pt-PT\",\"potentialAction\":[{\"@type\":\"ReadAction\",\"target\":[\"https:\/\/portaltela.pt\/noticias\/2026\/04\/13\/lufthansa-assegura-cerca-de-75-dos-voos-durante-greve-hoje-e-terca-feira-2\/\"]}]},{\"@type\":\"ImageObject\",\"inLanguage\":\"pt-PT\",\"@id\":\"https:\/\/portaltela.pt\/noticias\/2026\/04\/13\/lufthansa-assegura-cerca-de-75-dos-voos-durante-greve-hoje-e-terca-feira-2\/#primaryimage\",\"url\":\"https:\/\/portaltela.pt\/s.01k8rhncp4jt1\/2026\/04\/img_1500x1000uu2024-08-26-16-59-40-1733949.jpg\",\"contentUrl\":\"https:\/\/portaltela.pt\/s.01k8rhncp4jt1\/2026\/04\/img_1500x1000uu2024-08-26-16-59-40-1733949.jpg\",\"width\":796,\"height\":448,\"caption\":\"Avi\u00e3o da Lufthansa\"},{\"@type\":\"BreadcrumbList\",\"@id\":\"https:\/\/portaltela.pt\/noticias\/2026\/04\/13\/lufthansa-assegura-cerca-de-75-dos-voos-durante-greve-hoje-e-terca-feira-2\/#breadcrumb\",\"itemListElement\":[{\"@type\":\"ListItem\",\"position\":1,\"name\":\"In\u00edcio\",\"item\":\"https:\/\/portaltela.pt\/\"},{\"@type\":\"ListItem\",\"position\":2,\"name\":\"Lufthansa assegura cerca de 75% dos voos durante greve hoje e ter\u00e7a-feira\"}]},{\"@type\":\"WebSite\",\"@id\":\"https:\/\/portaltela.pt\/#website\",\"url\":\"https:\/\/portaltela.pt\/\",\"name\":\"Portal Tela Portugal\",\"description\":\"\",\"potentialAction\":[{\"@type\":\"SearchAction\",\"target\":{\"@type\":\"EntryPoint\",\"urlTemplate\":\"https:\/\/portaltela.pt\/?s={search_term_string}\"},\"query-input\":{\"@type\":\"PropertyValueSpecification\",\"valueRequired\":true,\"valueName\":\"search_term_string\"}}],\"inLanguage\":\"pt-PT\"},{\"@type\":\"Person\",\"@id\":\"https:\/\/portaltela.pt\/#\/schema\/person\/c4278d4a6028830caff9ee44b42d32ed\",\"name\":\"Telinha\",\"image\":{\"@type\":\"ImageObject\",\"inLanguage\":\"pt-PT\",\"@id\":\"https:\/\/portaltela.pt\/s.01k8rhncp4jt1\/2025\/11\/talking-bot-125x125.png\",\"url\":\"https:\/\/portaltela.pt\/s.01k8rhncp4jt1\/2025\/11\/talking-bot-125x125.png\",\"contentUrl\":\"https:\/\/portaltela.pt\/s.01k8rhncp4jt1\/2025\/11\/talking-bot-125x125.png\",\"caption\":\"Telinha\"},\"sameAs\":[\"https:\/\/portaltela.pt\/\"],\"url\":\"https:\/\/portaltela.pt\/por\/367410592786\/\"}]}<\/script>\n<!-- \/ Yoast SEO plugin. -->","yoast_head_json":{"title":"Lufthansa assegura cerca de 75% dos voos durante greve hoje e ter\u00e7a-feira - Portal Tela Portugal","robots":{"index":"index","follow":"follow","max-snippet":"max-snippet:-1","max-image-preview":"max-image-preview:large","max-video-preview":"max-video-preview:-1"},"og_locale":"pt_PT","og_type":"article","og_title":"Lufthansa assegura cerca de 75% dos voos durante greve hoje e ter\u00e7a-feira - Portal Tela Portugal","og_description":"A Lufthansa prev\u00ea manter cerca de 75% dos voos durante a greve dos pilotos, hoje e ter\u00e7a-feira, segundo informa\u00e7\u00e3o \u00e0 AFP. Aproximadamente um ter\u00e7o dos voos de curta dist\u00e2ncia e metade dos voos de longa dist\u00e2ncia devem manter-se pela Lufthansa; a filial Eurowings atinge cerca de 60% de voos assegurados. A greve afecta a Lufthansa, CityLine, Eurowings e a divis\u00e3o de carga Lufthansa Cargo; o sindicato Vereinigung Cockpit ainda n\u00e3o divulgou os seus n\u00fameros oficiais. No aeroporto de Frankfurt, cerca de 570 voos foram cancelados hoje, representando aproximadamente 43% do tr\u00e1fego a\u00e9reo. A \u00faltima greve dos pilotos ocorreu a 12 e 13 de mar\u00e7o; o sindicato disse estar aberto ao di\u00e1logo se surgirem propostas negoci\u00e1veis.","og_url":"https:\/\/portaltela.pt\/noticias\/2026\/04\/13\/lufthansa-assegura-cerca-de-75-dos-voos-durante-greve-hoje-e-terca-feira-2\/","og_site_name":"Portal Tela Portugal","article_published_time":"2026-04-13T12:32:16+00:00","author":"Telinha","twitter_card":"summary_large_image","twitter_misc":{"Escrito por":"Telinha","Tempo estimado de leitura":"1 minuto"},"schema":{"@context":"https:\/\/schema.org","@graph":[{"@type":"Article","@id":"https:\/\/portaltela.pt\/noticias\/2026\/04\/13\/lufthansa-assegura-cerca-de-75-dos-voos-durante-greve-hoje-e-terca-feira-2\/#article","isPartOf":{"@id":"https:\/\/portaltela.pt\/noticias\/2026\/04\/13\/lufthansa-assegura-cerca-de-75-dos-voos-durante-greve-hoje-e-terca-feira-2\/"},"author":{"name":"Telinha","@id":"https:\/\/portaltela.pt\/#\/schema\/person\/c4278d4a6028830caff9ee44b42d32ed"},"headline":"Lufthansa assegura cerca de 75% dos voos durante greve hoje e ter\u00e7a-feira","datePublished":"2026-04-13T12:32:16+00:00","mainEntityOfPage":{"@id":"https:\/\/portaltela.pt\/noticias\/2026\/04\/13\/lufthansa-assegura-cerca-de-75-dos-voos-durante-greve-hoje-e-terca-feira-2\/"},"wordCount":275,"image":{"@id":"https:\/\/portaltela.pt\/noticias\/2026\/04\/13\/lufthansa-assegura-cerca-de-75-dos-voos-durante-greve-hoje-e-terca-feira-2\/#primaryimage"},"thumbnailUrl":"https:\/\/portaltela.pt\/s.01k8rhncp4jt1\/2026\/04\/img_1500x1000uu2024-08-26-16-59-40-1733949.jpg","keywords":["aeron\u00e1utica","aeroportos","Alemanha","avia\u00e7\u00e3o","Europa","greve"],"articleSection":["Economia","Not\u00edcias"],"inLanguage":"pt-PT"},{"@type":"WebPage","@id":"https:\/\/portaltela.pt\/noticias\/2026\/04\/13\/lufthansa-assegura-cerca-de-75-dos-voos-durante-greve-hoje-e-terca-feira-2\/","url":"https:\/\/portaltela.pt\/noticias\/2026\/04\/13\/lufthansa-assegura-cerca-de-75-dos-voos-durante-greve-hoje-e-terca-feira-2\/","name":"Lufthansa assegura cerca de 75% dos voos durante greve hoje e ter\u00e7a-feira - Portal Tela Portugal","isPartOf":{"@id":"https:\/\/portaltela.pt\/#website"},"primaryImageOfPage":{"@id":"https:\/\/portaltela.pt\/noticias\/2026\/04\/13\/lufthansa-assegura-cerca-de-75-dos-voos-durante-greve-hoje-e-terca-feira-2\/#primaryimage"},"image":{"@id":"https:\/\/portaltela.pt\/noticias\/2026\/04\/13\/lufthansa-assegura-cerca-de-75-dos-voos-durante-greve-hoje-e-terca-feira-2\/#primaryimage"},"thumbnailUrl":"https:\/\/portaltela.pt\/s.01k8rhncp4jt1\/2026\/04\/img_1500x1000uu2024-08-26-16-59-40-1733949.jpg","datePublished":"2026-04-13T12:32:16+00:00","author":{"@id":"https:\/\/portaltela.pt\/#\/schema\/person\/c4278d4a6028830caff9ee44b42d32ed"},"breadcrumb":{"@id":"https:\/\/portaltela.pt\/noticias\/2026\/04\/13\/lufthansa-assegura-cerca-de-75-dos-voos-durante-greve-hoje-e-terca-feira-2\/#breadcrumb"},"inLanguage":"pt-PT","potentialAction":[{"@type":"ReadAction","target":["https:\/\/portaltela.pt\/noticias\/2026\/04\/13\/lufthansa-assegura-cerca-de-75-dos-voos-durante-greve-hoje-e-terca-feira-2\/"]}]},{"@type":"ImageObject","inLanguage":"pt-PT","@id":"https:\/\/portaltela.pt\/noticias\/2026\/04\/13\/lufthansa-assegura-cerca-de-75-dos-voos-durante-greve-hoje-e-terca-feira-2\/#primaryimage","url":"https:\/\/portaltela.pt\/s.01k8rhncp4jt1\/2026\/04\/img_1500x1000uu2024-08-26-16-59-40-1733949.jpg","contentUrl":"https:\/\/portaltela.pt\/s.01k8rhncp4jt1\/2026\/04\/img_1500x1000uu2024-08-26-16-59-40-1733949.jpg","width":796,"height":448,"caption":"Avi\u00e3o da Lufthansa"},{"@type":"BreadcrumbList","@id":"https:\/\/portaltela.pt\/noticias\/2026\/04\/13\/lufthansa-assegura-cerca-de-75-dos-voos-durante-greve-hoje-e-terca-feira-2\/#breadcrumb","itemListElement":[{"@type":"ListItem","position":1,"name":"In\u00edcio","item":"https:\/\/portaltela.pt\/"},{"@type":"ListItem","position":2,"name":"Lufthansa assegura cerca de 75% dos voos durante greve hoje e ter\u00e7a-feira"}]},{"@type":"WebSite","@id":"https:\/\/portaltela.pt\/#website","url":"https:\/\/portaltela.pt\/","name":"Portal Tela Portugal","description":"","potentialAction":[{"@type":"SearchAction","target":{"@type":"EntryPoint","urlTemplate":"https:\/\/portaltela.pt\/?s={search_term_string}"},"query-input":{"@type":"PropertyValueSpecification","valueRequired":true,"valueName":"search_term_string"}}],"inLanguage":"pt-PT"},{"@type":"Person","@id":"https:\/\/portaltela.pt\/#\/schema\/person\/c4278d4a6028830caff9ee44b42d32ed","name":"Telinha","image":{"@type":"ImageObject","inLanguage":"pt-PT","@id":"https:\/\/portaltela.pt\/s.01k8rhncp4jt1\/2025\/11\/talking-bot-125x125.png","url":"https:\/\/portaltela.pt\/s.01k8rhncp4jt1\/2025\/11\/talking-bot-125x125.png","contentUrl":"https:\/\/portaltela.pt\/s.01k8rhncp4jt1\/2025\/11\/talking-bot-125x125.png","caption":"Telinha"},"sameAs":["https:\/\/portaltela.pt\/"],"url":"https:\/\/portaltela.pt\/por\/367410592786\/"}]}},"_links":{"self":[{"href":"https:\/\/portaltela.pt\/api\/wp\/v2\/posts\/442362","targetHints":{"allow":["GET"]}}],"collection":[{"href":"https:\/\/portaltela.pt\/api\/wp\/v2\/posts"}],"about":[{"href":"https:\/\/portaltela.pt\/api\/wp\/v2\/types\/post"}],"author":[{"embeddable":true,"href":"https:\/\/portaltela.pt\/api\/wp\/v2\/users\/2"}],"replies":[{"embeddable":true,"href":"https:\/\/portaltela.pt\/api\/wp\/v2\/comments?post=442362"}],"version-history":[{"count":0,"href":"https:\/\/portaltela.pt\/api\/wp\/v2\/posts\/442362\/revisions"}],"wp:featuredmedia":[{"embeddable":true,"href":"https:\/\/portaltela.pt\/api\/wp\/v2\/media\/442373"}],"wp:attachment":[{"href":"https:\/\/portaltela.pt\/api\/wp\/v2\/media?parent=442362"}],"wp:term":[{"taxonomy":"category","embeddable":true,"href":"https:\/\/portaltela.pt\/api\/wp\/v2\/categories?post=442362"},{"taxonomy":"post_tag","embeddable":true,"href":"https:\/\/portaltela.pt\/api\/wp\/v2\/tags?post=442362"}],"curies":[{"name":"wp","href":"https:\/\/api.w.org\/{rel}","templated":true}]}}