{"id":442347,"date":"2026-04-13T09:17:22","date_gmt":"2026-04-13T12:17:22","guid":{"rendered":"https:\/\/portaltela.pt\/noticias\/2026\/04\/13\/digressao-de-16-concertos-de-celine-dion-impulsiona-turismo-em-paris\/"},"modified":"2026-04-13T09:17:22","modified_gmt":"2026-04-13T12:17:22","slug":"digressao-de-16-concertos-de-celine-dion-impulsiona-turismo-em-paris","status":"publish","type":"post","link":"https:\/\/portaltela.pt\/noticias\/economia\/2026\/04\/13\/digressao-de-16-concertos-de-celine-dion-impulsiona-turismo-em-paris\/","title":{"rendered":"Digress\u00e3o de 16 concertos de C\u00e9line Dion impulsiona turismo em Paris"},"content":{"rendered":"<p>C\u00e9line Dion est\u00e1 a preparar o regresso aos palcos em Paris com uma digress\u00e3o de 16 concertos na La D\u00e9fense Arena, programada para setembro e outubro. Acompanhando o an\u00fancio, analistas apontam um impulso relevante para a economia local, especialmente no turismo.<\/p>\n<p>Dados preliminares indicam que o conjunto de espet\u00e1culos pode acrescentar entre 300 a 500 milh\u00f5es de euros \u00e0 economia parisiense, segundo Alexandra Dublanche, presidente da Choose Paris Region. A estimativa abrange venda de bilhetes, reservas de hotel e de restaurantes, bem como compras por visitantes internacionais.<\/p>\n<p>O aumento de interesse j\u00e1 se faz sentir na atividade hoteleira e tur\u00edstica da regi\u00e3o. A cadeia Adagio registou um crescimento de reservas de 400% no bairro de La D\u00e9fense, enquanto a Booking.com registrou um salto de 49% nas pesquisas pela palavra Paris \u00e0 medida que as datas se aproximam. Didier Arino, da Protourisme, aponta que a ocupa\u00e7\u00e3o hoteleira est\u00e1 a enfraquecer devido a fatores internacionais, o que torna o efeito da digress\u00e3o ainda mais relevante para a cidade.<\/p>\n<h3>Datas e contexto<\/h3>\n<p>A digress\u00e3o de regresso decorre de 12 de setembro a 17 de outubro, com 16 concertos marcados em Paris. Initially, estavam previstos 10 concertos, mas foram acrescentadas mais seis datas face \u00e0 elevada procura que a equipa de Dion registou para a digress\u00e3o.<\/p>\n<p>C\u00e9line Dion tem 58 anos e afastou-se dos palcos por um per\u00edodo de seis anos ap\u00f3s ter sido diagnosticada com uma s\u00edndrome pouco comum que provoca espasmos musculares dolorosos. A cantora tem presen\u00e7a marcada na ind\u00fastria desde meados dos anos 1980 e j\u00e1 recebeu m\u00faltiplos Grammys ao longo da carreira.<\/p>\n<p>A confirma\u00e7\u00e3o da digress\u00e3o ocorreu em mar\u00e7o, com Dion a agradecer publicamente aos f\u00e3s por contribu\u00edrem para a celebra\u00e7\u00e3o do seu regresso. A artista tem apresentado sucessos em v\u00e1rias l\u00ednguas, incluindo temas em franc\u00eas e em ingl\u00eas.<\/p>\n<h3>Perspetivas econ\u00f3micas<\/h3>\n<p>Especialistas consideram que o fen\u00f3meno pode ter impacto superior ao esperado para o turismo de Paris, ultrapassando a fasquia de mil milh\u00f5es de euros quando se incluem transportes, log\u00edstica da equipa e despesas associadas de f\u00e3s. O contexto internacional inst\u00e1vel \u00e9 apontado como uma raz\u00e3o para quedas pontuais de ocupa\u00e7\u00e3o, tornando a digress\u00e3o uma valoriza\u00e7\u00e3o significativa para a cidade.<\/p>\n<p>A digress\u00e3o em Fran\u00e7a sucede \u00e0 atua\u00e7\u00e3o de Dion nos Jogos Ol\u00edmpicos de Paris, dois anos antes, quando encerrou a cerim\u00f3nia de abertura com uma interpreta\u00e7\u00e3o a partir da Torre Eiffel. Paris continua a atrair nomes de grande express\u00e3o, com impacto direto na procura tur\u00edstica durante per\u00edodos de evento.<\/p>\n","protected":false},"excerpt":{"rendered":"<ul>\n<li>C\u00e9line Dion vai apresentar 16 concertos em setembro e outubro na La D\u00e9fense Arena, em Paris, com impacto econ\u00f3mico estimado entre 300 e 500 milh\u00f5es de euros para a cidade.<\/li>\n<li>A estimativa inclui venda de bilhetes, reservas de hotel e restaurantes, com visitantes internacionais a gastar mais do que os locais.<\/li>\n<li>A cadeia hoteleira Adagio registou um aumento de 400% nas reservas e a Booking.com publicou um salto de 49% nas pesquisas por \u201cParis\u201d \u00e0 medida que se aproximam os espet\u00e1culos.<\/li>\n<li>A digress\u00e3o decorre de 12 de setembro a 17 de outubro, tendo inicialmente sido anunciados 10 concertos e depois acrescidas mais seis datas.<\/li>\n<li>Especialistas apontam que o efeito econ\u00f3mico pode superar o mil milh\u00f5es de euros, com impactos associados a transportes, log\u00edstica da equipa e turismo de f\u00e3s.<\/li>\n<\/ul>\n","protected":false},"author":2,"featured_media":442351,"comment_status":"closed","ping_status":"closed","sticky":false,"template":"","format":"standard","meta":{"footnotes":""},"categories":[2,6735],"tags":[4892,28,1856,122,169,71],"class_list":["post-442347","post","type-post","status-publish","format-standard","has-post-thumbnail","hentry","category-economia","category-negocios","tag-conciertos","tag-economia","tag-franca","tag-musica","tag-turismo","tag-viagens"],"yoast_head":"<!-- This site is optimized with the Yoast SEO plugin v27.2 - https:\/\/yoast.com\/product\/yoast-seo-wordpress\/ -->\n<title>Digress\u00e3o de 16 concertos de C\u00e9line Dion impulsiona turismo em Paris - Portal Tela Portugal<\/title>\n<meta name=\"robots\" content=\"index, follow, max-snippet:-1, max-image-preview:large, max-video-preview:-1\" \/>\n<meta property=\"og:locale\" content=\"pt_PT\" \/>\n<meta property=\"og:type\" content=\"article\" \/>\n<meta property=\"og:title\" content=\"Digress\u00e3o de 16 concertos de C\u00e9line Dion impulsiona turismo em Paris - Portal Tela Portugal\" \/>\n<meta property=\"og:description\" content=\"C\u00e9line Dion vai apresentar 16 concertos em setembro e outubro na La D\u00e9fense Arena, em Paris, com impacto econ\u00f3mico estimado entre 300 e 500 milh\u00f5es de euros para a cidade. A estimativa inclui venda de bilhetes, reservas de hotel e restaurantes, com visitantes internacionais a gastar mais do que os locais. A cadeia hoteleira Adagio registou um aumento de 400% nas reservas e a Booking.com publicou um salto de 49% nas pesquisas por \u201cParis\u201d \u00e0 medida que se aproximam os espet\u00e1culos. A digress\u00e3o decorre de 12 de setembro a 17 de outubro, tendo inicialmente sido anunciados 10 concertos e depois acrescidas mais seis datas. Especialistas apontam que o efeito econ\u00f3mico pode superar o mil milh\u00f5es de euros, com impactos associados a transportes, log\u00edstica da equipa e turismo de f\u00e3s.\" \/>\n<meta property=\"og:url\" content=\"https:\/\/portaltela.pt\/noticias\/2026\/04\/13\/digressao-de-16-concertos-de-celine-dion-impulsiona-turismo-em-paris\/\" \/>\n<meta property=\"og:site_name\" content=\"Portal Tela Portugal\" \/>\n<meta property=\"article:published_time\" content=\"2026-04-13T12:17:22+00:00\" \/>\n<meta name=\"author\" content=\"Telinha\" \/>\n<meta name=\"twitter:card\" content=\"summary_large_image\" \/>\n<meta name=\"twitter:label1\" content=\"Escrito por\" \/>\n\t<meta name=\"twitter:data1\" content=\"Telinha\" \/>\n\t<meta name=\"twitter:label2\" content=\"Tempo estimado de leitura\" \/>\n\t<meta name=\"twitter:data2\" content=\"2 minutos\" \/>\n<script type=\"application\/ld+json\" class=\"yoast-schema-graph\">{\"@context\":\"https:\/\/schema.org\",\"@graph\":[{\"@type\":\"Article\",\"@id\":\"https:\/\/portaltela.pt\/noticias\/2026\/04\/13\/digressao-de-16-concertos-de-celine-dion-impulsiona-turismo-em-paris\/#article\",\"isPartOf\":{\"@id\":\"https:\/\/portaltela.pt\/noticias\/2026\/04\/13\/digressao-de-16-concertos-de-celine-dion-impulsiona-turismo-em-paris\/\"},\"author\":{\"name\":\"Telinha\",\"@id\":\"https:\/\/portaltela.pt\/#\/schema\/person\/c4278d4a6028830caff9ee44b42d32ed\"},\"headline\":\"Digress\u00e3o de 16 concertos de C\u00e9line Dion impulsiona turismo em Paris\",\"datePublished\":\"2026-04-13T12:17:22+00:00\",\"mainEntityOfPage\":{\"@id\":\"https:\/\/portaltela.pt\/noticias\/2026\/04\/13\/digressao-de-16-concertos-de-celine-dion-impulsiona-turismo-em-paris\/\"},\"wordCount\":455,\"image\":{\"@id\":\"https:\/\/portaltela.pt\/noticias\/2026\/04\/13\/digressao-de-16-concertos-de-celine-dion-impulsiona-turismo-em-paris\/#primaryimage\"},\"thumbnailUrl\":\"https:\/\/portaltela.pt\/s.01k8rhncp4jt1\/2026\/04\/1536x864_cmsv2_c1955d87-5e11-50a8-8289-03cd4d279628-9719737.jpg\",\"keywords\":[\"conciertos\",\"economia\",\"Fran\u00e7a\",\"m\u00fasica\",\"turismo\",\"viagens\"],\"articleSection\":[\"Economia\",\"Neg\u00f3cios\"],\"inLanguage\":\"pt-PT\"},{\"@type\":\"WebPage\",\"@id\":\"https:\/\/portaltela.pt\/noticias\/2026\/04\/13\/digressao-de-16-concertos-de-celine-dion-impulsiona-turismo-em-paris\/\",\"url\":\"https:\/\/portaltela.pt\/noticias\/2026\/04\/13\/digressao-de-16-concertos-de-celine-dion-impulsiona-turismo-em-paris\/\",\"name\":\"Digress\u00e3o de 16 concertos de C\u00e9line Dion impulsiona turismo em Paris - Portal Tela Portugal\",\"isPartOf\":{\"@id\":\"https:\/\/portaltela.pt\/#website\"},\"primaryImageOfPage\":{\"@id\":\"https:\/\/portaltela.pt\/noticias\/2026\/04\/13\/digressao-de-16-concertos-de-celine-dion-impulsiona-turismo-em-paris\/#primaryimage\"},\"image\":{\"@id\":\"https:\/\/portaltela.pt\/noticias\/2026\/04\/13\/digressao-de-16-concertos-de-celine-dion-impulsiona-turismo-em-paris\/#primaryimage\"},\"thumbnailUrl\":\"https:\/\/portaltela.pt\/s.01k8rhncp4jt1\/2026\/04\/1536x864_cmsv2_c1955d87-5e11-50a8-8289-03cd4d279628-9719737.jpg\",\"datePublished\":\"2026-04-13T12:17:22+00:00\",\"author\":{\"@id\":\"https:\/\/portaltela.pt\/#\/schema\/person\/c4278d4a6028830caff9ee44b42d32ed\"},\"breadcrumb\":{\"@id\":\"https:\/\/portaltela.pt\/noticias\/2026\/04\/13\/digressao-de-16-concertos-de-celine-dion-impulsiona-turismo-em-paris\/#breadcrumb\"},\"inLanguage\":\"pt-PT\",\"potentialAction\":[{\"@type\":\"ReadAction\",\"target\":[\"https:\/\/portaltela.pt\/noticias\/2026\/04\/13\/digressao-de-16-concertos-de-celine-dion-impulsiona-turismo-em-paris\/\"]}]},{\"@type\":\"ImageObject\",\"inLanguage\":\"pt-PT\",\"@id\":\"https:\/\/portaltela.pt\/noticias\/2026\/04\/13\/digressao-de-16-concertos-de-celine-dion-impulsiona-turismo-em-paris\/#primaryimage\",\"url\":\"https:\/\/portaltela.pt\/s.01k8rhncp4jt1\/2026\/04\/1536x864_cmsv2_c1955d87-5e11-50a8-8289-03cd4d279628-9719737.jpg\",\"contentUrl\":\"https:\/\/portaltela.pt\/s.01k8rhncp4jt1\/2026\/04\/1536x864_cmsv2_c1955d87-5e11-50a8-8289-03cd4d279628-9719737.jpg\",\"width\":796,\"height\":448,\"caption\":\"'So that you'll love me again': centenas de cartazes publicit\u00e1rios invadem a capital francesa com t\u00edtulos de can\u00e7\u00f5es da cantora canadiana\"},{\"@type\":\"BreadcrumbList\",\"@id\":\"https:\/\/portaltela.pt\/noticias\/2026\/04\/13\/digressao-de-16-concertos-de-celine-dion-impulsiona-turismo-em-paris\/#breadcrumb\",\"itemListElement\":[{\"@type\":\"ListItem\",\"position\":1,\"name\":\"In\u00edcio\",\"item\":\"https:\/\/portaltela.pt\/\"},{\"@type\":\"ListItem\",\"position\":2,\"name\":\"Digress\u00e3o de 16 concertos de C\u00e9line Dion impulsiona turismo em Paris\"}]},{\"@type\":\"WebSite\",\"@id\":\"https:\/\/portaltela.pt\/#website\",\"url\":\"https:\/\/portaltela.pt\/\",\"name\":\"Portal Tela Portugal\",\"description\":\"\",\"potentialAction\":[{\"@type\":\"SearchAction\",\"target\":{\"@type\":\"EntryPoint\",\"urlTemplate\":\"https:\/\/portaltela.pt\/?s={search_term_string}\"},\"query-input\":{\"@type\":\"PropertyValueSpecification\",\"valueRequired\":true,\"valueName\":\"search_term_string\"}}],\"inLanguage\":\"pt-PT\"},{\"@type\":\"Person\",\"@id\":\"https:\/\/portaltela.pt\/#\/schema\/person\/c4278d4a6028830caff9ee44b42d32ed\",\"name\":\"Telinha\",\"image\":{\"@type\":\"ImageObject\",\"inLanguage\":\"pt-PT\",\"@id\":\"https:\/\/portaltela.pt\/s.01k8rhncp4jt1\/2025\/11\/talking-bot-125x125.png\",\"url\":\"https:\/\/portaltela.pt\/s.01k8rhncp4jt1\/2025\/11\/talking-bot-125x125.png\",\"contentUrl\":\"https:\/\/portaltela.pt\/s.01k8rhncp4jt1\/2025\/11\/talking-bot-125x125.png\",\"caption\":\"Telinha\"},\"sameAs\":[\"https:\/\/portaltela.pt\/\"],\"url\":\"https:\/\/portaltela.pt\/por\/367410592786\/\"}]}<\/script>\n<!-- \/ Yoast SEO plugin. -->","yoast_head_json":{"title":"Digress\u00e3o de 16 concertos de C\u00e9line Dion impulsiona turismo em Paris - Portal Tela Portugal","robots":{"index":"index","follow":"follow","max-snippet":"max-snippet:-1","max-image-preview":"max-image-preview:large","max-video-preview":"max-video-preview:-1"},"og_locale":"pt_PT","og_type":"article","og_title":"Digress\u00e3o de 16 concertos de C\u00e9line Dion impulsiona turismo em Paris - Portal Tela Portugal","og_description":"C\u00e9line Dion vai apresentar 16 concertos em setembro e outubro na La D\u00e9fense Arena, em Paris, com impacto econ\u00f3mico estimado entre 300 e 500 milh\u00f5es de euros para a cidade. A estimativa inclui venda de bilhetes, reservas de hotel e restaurantes, com visitantes internacionais a gastar mais do que os locais. A cadeia hoteleira Adagio registou um aumento de 400% nas reservas e a Booking.com publicou um salto de 49% nas pesquisas por \u201cParis\u201d \u00e0 medida que se aproximam os espet\u00e1culos. A digress\u00e3o decorre de 12 de setembro a 17 de outubro, tendo inicialmente sido anunciados 10 concertos e depois acrescidas mais seis datas. Especialistas apontam que o efeito econ\u00f3mico pode superar o mil milh\u00f5es de euros, com impactos associados a transportes, log\u00edstica da equipa e turismo de f\u00e3s.","og_url":"https:\/\/portaltela.pt\/noticias\/2026\/04\/13\/digressao-de-16-concertos-de-celine-dion-impulsiona-turismo-em-paris\/","og_site_name":"Portal Tela Portugal","article_published_time":"2026-04-13T12:17:22+00:00","author":"Telinha","twitter_card":"summary_large_image","twitter_misc":{"Escrito por":"Telinha","Tempo estimado de leitura":"2 minutos"},"schema":{"@context":"https:\/\/schema.org","@graph":[{"@type":"Article","@id":"https:\/\/portaltela.pt\/noticias\/2026\/04\/13\/digressao-de-16-concertos-de-celine-dion-impulsiona-turismo-em-paris\/#article","isPartOf":{"@id":"https:\/\/portaltela.pt\/noticias\/2026\/04\/13\/digressao-de-16-concertos-de-celine-dion-impulsiona-turismo-em-paris\/"},"author":{"name":"Telinha","@id":"https:\/\/portaltela.pt\/#\/schema\/person\/c4278d4a6028830caff9ee44b42d32ed"},"headline":"Digress\u00e3o de 16 concertos de C\u00e9line Dion impulsiona turismo em Paris","datePublished":"2026-04-13T12:17:22+00:00","mainEntityOfPage":{"@id":"https:\/\/portaltela.pt\/noticias\/2026\/04\/13\/digressao-de-16-concertos-de-celine-dion-impulsiona-turismo-em-paris\/"},"wordCount":455,"image":{"@id":"https:\/\/portaltela.pt\/noticias\/2026\/04\/13\/digressao-de-16-concertos-de-celine-dion-impulsiona-turismo-em-paris\/#primaryimage"},"thumbnailUrl":"https:\/\/portaltela.pt\/s.01k8rhncp4jt1\/2026\/04\/1536x864_cmsv2_c1955d87-5e11-50a8-8289-03cd4d279628-9719737.jpg","keywords":["conciertos","economia","Fran\u00e7a","m\u00fasica","turismo","viagens"],"articleSection":["Economia","Neg\u00f3cios"],"inLanguage":"pt-PT"},{"@type":"WebPage","@id":"https:\/\/portaltela.pt\/noticias\/2026\/04\/13\/digressao-de-16-concertos-de-celine-dion-impulsiona-turismo-em-paris\/","url":"https:\/\/portaltela.pt\/noticias\/2026\/04\/13\/digressao-de-16-concertos-de-celine-dion-impulsiona-turismo-em-paris\/","name":"Digress\u00e3o de 16 concertos de C\u00e9line Dion impulsiona turismo em Paris - Portal Tela Portugal","isPartOf":{"@id":"https:\/\/portaltela.pt\/#website"},"primaryImageOfPage":{"@id":"https:\/\/portaltela.pt\/noticias\/2026\/04\/13\/digressao-de-16-concertos-de-celine-dion-impulsiona-turismo-em-paris\/#primaryimage"},"image":{"@id":"https:\/\/portaltela.pt\/noticias\/2026\/04\/13\/digressao-de-16-concertos-de-celine-dion-impulsiona-turismo-em-paris\/#primaryimage"},"thumbnailUrl":"https:\/\/portaltela.pt\/s.01k8rhncp4jt1\/2026\/04\/1536x864_cmsv2_c1955d87-5e11-50a8-8289-03cd4d279628-9719737.jpg","datePublished":"2026-04-13T12:17:22+00:00","author":{"@id":"https:\/\/portaltela.pt\/#\/schema\/person\/c4278d4a6028830caff9ee44b42d32ed"},"breadcrumb":{"@id":"https:\/\/portaltela.pt\/noticias\/2026\/04\/13\/digressao-de-16-concertos-de-celine-dion-impulsiona-turismo-em-paris\/#breadcrumb"},"inLanguage":"pt-PT","potentialAction":[{"@type":"ReadAction","target":["https:\/\/portaltela.pt\/noticias\/2026\/04\/13\/digressao-de-16-concertos-de-celine-dion-impulsiona-turismo-em-paris\/"]}]},{"@type":"ImageObject","inLanguage":"pt-PT","@id":"https:\/\/portaltela.pt\/noticias\/2026\/04\/13\/digressao-de-16-concertos-de-celine-dion-impulsiona-turismo-em-paris\/#primaryimage","url":"https:\/\/portaltela.pt\/s.01k8rhncp4jt1\/2026\/04\/1536x864_cmsv2_c1955d87-5e11-50a8-8289-03cd4d279628-9719737.jpg","contentUrl":"https:\/\/portaltela.pt\/s.01k8rhncp4jt1\/2026\/04\/1536x864_cmsv2_c1955d87-5e11-50a8-8289-03cd4d279628-9719737.jpg","width":796,"height":448,"caption":"'So that you'll love me again': centenas de cartazes publicit\u00e1rios invadem a capital francesa com t\u00edtulos de can\u00e7\u00f5es da cantora canadiana"},{"@type":"BreadcrumbList","@id":"https:\/\/portaltela.pt\/noticias\/2026\/04\/13\/digressao-de-16-concertos-de-celine-dion-impulsiona-turismo-em-paris\/#breadcrumb","itemListElement":[{"@type":"ListItem","position":1,"name":"In\u00edcio","item":"https:\/\/portaltela.pt\/"},{"@type":"ListItem","position":2,"name":"Digress\u00e3o de 16 concertos de C\u00e9line Dion impulsiona turismo em Paris"}]},{"@type":"WebSite","@id":"https:\/\/portaltela.pt\/#website","url":"https:\/\/portaltela.pt\/","name":"Portal Tela Portugal","description":"","potentialAction":[{"@type":"SearchAction","target":{"@type":"EntryPoint","urlTemplate":"https:\/\/portaltela.pt\/?s={search_term_string}"},"query-input":{"@type":"PropertyValueSpecification","valueRequired":true,"valueName":"search_term_string"}}],"inLanguage":"pt-PT"},{"@type":"Person","@id":"https:\/\/portaltela.pt\/#\/schema\/person\/c4278d4a6028830caff9ee44b42d32ed","name":"Telinha","image":{"@type":"ImageObject","inLanguage":"pt-PT","@id":"https:\/\/portaltela.pt\/s.01k8rhncp4jt1\/2025\/11\/talking-bot-125x125.png","url":"https:\/\/portaltela.pt\/s.01k8rhncp4jt1\/2025\/11\/talking-bot-125x125.png","contentUrl":"https:\/\/portaltela.pt\/s.01k8rhncp4jt1\/2025\/11\/talking-bot-125x125.png","caption":"Telinha"},"sameAs":["https:\/\/portaltela.pt\/"],"url":"https:\/\/portaltela.pt\/por\/367410592786\/"}]}},"_links":{"self":[{"href":"https:\/\/portaltela.pt\/api\/wp\/v2\/posts\/442347","targetHints":{"allow":["GET"]}}],"collection":[{"href":"https:\/\/portaltela.pt\/api\/wp\/v2\/posts"}],"about":[{"href":"https:\/\/portaltela.pt\/api\/wp\/v2\/types\/post"}],"author":[{"embeddable":true,"href":"https:\/\/portaltela.pt\/api\/wp\/v2\/users\/2"}],"replies":[{"embeddable":true,"href":"https:\/\/portaltela.pt\/api\/wp\/v2\/comments?post=442347"}],"version-history":[{"count":0,"href":"https:\/\/portaltela.pt\/api\/wp\/v2\/posts\/442347\/revisions"}],"wp:featuredmedia":[{"embeddable":true,"href":"https:\/\/portaltela.pt\/api\/wp\/v2\/media\/442351"}],"wp:attachment":[{"href":"https:\/\/portaltela.pt\/api\/wp\/v2\/media?parent=442347"}],"wp:term":[{"taxonomy":"category","embeddable":true,"href":"https:\/\/portaltela.pt\/api\/wp\/v2\/categories?post=442347"},{"taxonomy":"post_tag","embeddable":true,"href":"https:\/\/portaltela.pt\/api\/wp\/v2\/tags?post=442347"}],"curies":[{"name":"wp","href":"https:\/\/api.w.org\/{rel}","templated":true}]}}