{"id":442340,"date":"2026-04-13T07:48:00","date_gmt":"2026-04-13T10:48:00","guid":{"rendered":"https:\/\/portaltela.pt\/noticias\/2026\/04\/13\/tap-vende-cateringpor-ao-grupo-suico-gate-gourmet\/"},"modified":"2026-04-13T07:48:00","modified_gmt":"2026-04-13T10:48:00","slug":"tap-vende-cateringpor-ao-grupo-suico-gate-gourmet","status":"publish","type":"post","link":"https:\/\/portaltela.pt\/noticias\/economia\/2026\/04\/13\/tap-vende-cateringpor-ao-grupo-suico-gate-gourmet\/","title":{"rendered":"TAP vende Cateringpor ao grupo su\u00ed\u00e7o Gate Gourmet"},"content":{"rendered":"<p>A TAP Air Portugal informou a venda da unidade Cateringpor ao grupo Gate Gourmet, empresa su\u00ed\u00e7a especializada em catering de aeronaves. A comunica\u00e7\u00e3o oficial n\u00e3o divulga detalhes sobre o montante nem as condi\u00e7\u00f5es da opera\u00e7\u00e3o.<\/p>\n<p>Gate Gourmet, com base na Su\u00ed\u00e7a, passa a ficar respons\u00e1vel pela unidade de catering ligada \u00e0 TAP. A opera\u00e7\u00e3o envolve a transfer\u00eancia de ativos e contratos existentes, segundo informa\u00e7\u00f5es fornecidas pela companhia portuguesa.<\/p>\n<p>N\u00e3o foram disponibilizados prazos ou motiva\u00e7\u00f5es espec\u00edficas para a venda. A TAP n\u00e3o divulgou dados sobre impactos para clientes, colaboradores ou para as opera\u00e7\u00f5es de voo. Mais detalhes devem ser anunciados \u00e0 medida que a negocia\u00e7\u00e3o avance.<\/p>\n","protected":false},"excerpt":{"rendered":"<ul>\n<li>TAP vendeu o catering ao Gate Gourmet, grupo su\u00ed\u00e7o.<\/li>\n<li>Gate Gourmet passa a ficar respons\u00e1vel pelo catering da TAP.<\/li>\n<li>O conte\u00fado completo da not\u00edcia est\u00e1 dispon\u00edvel apenas para subscritores.<\/li>\n<\/ul>\n","protected":false},"author":2,"featured_media":442344,"comment_status":"closed","ping_status":"closed","sticky":false,"template":"","format":"standard","meta":{"footnotes":""},"categories":[2,6735],"tags":[7891,7915,7860,2697,1014,2552],"class_list":["post-442340","post","type-post","status-publish","format-standard","has-post-thumbnail","hentry","category-economia","category-negocios","tag-_aeronautica","tag-_comercio-internacional","tag-companhias","tag-empresas","tag-portugal","tag-transacoes-internacionais"],"yoast_head":"<!-- This site is optimized with the Yoast SEO plugin v27.2 - https:\/\/yoast.com\/product\/yoast-seo-wordpress\/ -->\n<title>TAP vende Cateringpor ao grupo su\u00ed\u00e7o Gate Gourmet - Portal Tela Portugal<\/title>\n<meta name=\"robots\" content=\"index, follow, max-snippet:-1, max-image-preview:large, max-video-preview:-1\" \/>\n<meta property=\"og:locale\" content=\"pt_PT\" \/>\n<meta property=\"og:type\" content=\"article\" \/>\n<meta property=\"og:title\" content=\"TAP vende Cateringpor ao grupo su\u00ed\u00e7o Gate Gourmet - Portal Tela Portugal\" \/>\n<meta property=\"og:description\" content=\"TAP vendeu o catering ao Gate Gourmet, grupo su\u00ed\u00e7o. Gate Gourmet passa a ficar respons\u00e1vel pelo catering da TAP. O conte\u00fado completo da not\u00edcia est\u00e1 dispon\u00edvel apenas para subscritores.\" \/>\n<meta property=\"og:url\" content=\"https:\/\/portaltela.pt\/noticias\/2026\/04\/13\/tap-vende-cateringpor-ao-grupo-suico-gate-gourmet\/\" \/>\n<meta property=\"og:site_name\" content=\"Portal Tela Portugal\" \/>\n<meta property=\"article:published_time\" content=\"2026-04-13T10:48:00+00:00\" \/>\n<meta name=\"author\" content=\"Telinha\" \/>\n<meta name=\"twitter:card\" content=\"summary_large_image\" \/>\n<meta name=\"twitter:label1\" content=\"Escrito por\" \/>\n\t<meta name=\"twitter:data1\" content=\"Telinha\" \/>\n\t<meta name=\"twitter:label2\" content=\"Tempo estimado de leitura\" \/>\n\t<meta name=\"twitter:data2\" content=\"1 minuto\" \/>\n<script type=\"application\/ld+json\" class=\"yoast-schema-graph\">{\"@context\":\"https:\/\/schema.org\",\"@graph\":[{\"@type\":\"Article\",\"@id\":\"https:\/\/portaltela.pt\/noticias\/2026\/04\/13\/tap-vende-cateringpor-ao-grupo-suico-gate-gourmet\/#article\",\"isPartOf\":{\"@id\":\"https:\/\/portaltela.pt\/noticias\/2026\/04\/13\/tap-vende-cateringpor-ao-grupo-suico-gate-gourmet\/\"},\"author\":{\"name\":\"Telinha\",\"@id\":\"https:\/\/portaltela.pt\/#\/schema\/person\/c4278d4a6028830caff9ee44b42d32ed\"},\"headline\":\"TAP vende Cateringpor ao grupo su\u00ed\u00e7o Gate Gourmet\",\"datePublished\":\"2026-04-13T10:48:00+00:00\",\"mainEntityOfPage\":{\"@id\":\"https:\/\/portaltela.pt\/noticias\/2026\/04\/13\/tap-vende-cateringpor-ao-grupo-suico-gate-gourmet\/\"},\"wordCount\":128,\"image\":{\"@id\":\"https:\/\/portaltela.pt\/noticias\/2026\/04\/13\/tap-vende-cateringpor-ao-grupo-suico-gate-gourmet\/#primaryimage\"},\"thumbnailUrl\":\"https:\/\/portaltela.pt\/s.01k8rhncp4jt1\/2026\/04\/CACHE_780X1200_ANALOG_WATERMARKED_15457418_1248051_30072020055127.jpg\",\"keywords\":[\"_aeron\u00e1utica\",\"_com\u00e9rcio internacional\",\"companhias\",\"empresas\",\"Portugal\",\"transa\u00e7\u00f5es internacionais\"],\"articleSection\":[\"Economia\",\"Neg\u00f3cios\"],\"inLanguage\":\"pt-PT\"},{\"@type\":\"WebPage\",\"@id\":\"https:\/\/portaltela.pt\/noticias\/2026\/04\/13\/tap-vende-cateringpor-ao-grupo-suico-gate-gourmet\/\",\"url\":\"https:\/\/portaltela.pt\/noticias\/2026\/04\/13\/tap-vende-cateringpor-ao-grupo-suico-gate-gourmet\/\",\"name\":\"TAP vende Cateringpor ao grupo su\u00ed\u00e7o Gate Gourmet - Portal Tela Portugal\",\"isPartOf\":{\"@id\":\"https:\/\/portaltela.pt\/#website\"},\"primaryImageOfPage\":{\"@id\":\"https:\/\/portaltela.pt\/noticias\/2026\/04\/13\/tap-vende-cateringpor-ao-grupo-suico-gate-gourmet\/#primaryimage\"},\"image\":{\"@id\":\"https:\/\/portaltela.pt\/noticias\/2026\/04\/13\/tap-vende-cateringpor-ao-grupo-suico-gate-gourmet\/#primaryimage\"},\"thumbnailUrl\":\"https:\/\/portaltela.pt\/s.01k8rhncp4jt1\/2026\/04\/CACHE_780X1200_ANALOG_WATERMARKED_15457418_1248051_30072020055127.jpg\",\"datePublished\":\"2026-04-13T10:48:00+00:00\",\"author\":{\"@id\":\"https:\/\/portaltela.pt\/#\/schema\/person\/c4278d4a6028830caff9ee44b42d32ed\"},\"breadcrumb\":{\"@id\":\"https:\/\/portaltela.pt\/noticias\/2026\/04\/13\/tap-vende-cateringpor-ao-grupo-suico-gate-gourmet\/#breadcrumb\"},\"inLanguage\":\"pt-PT\",\"potentialAction\":[{\"@type\":\"ReadAction\",\"target\":[\"https:\/\/portaltela.pt\/noticias\/2026\/04\/13\/tap-vende-cateringpor-ao-grupo-suico-gate-gourmet\/\"]}]},{\"@type\":\"ImageObject\",\"inLanguage\":\"pt-PT\",\"@id\":\"https:\/\/portaltela.pt\/noticias\/2026\/04\/13\/tap-vende-cateringpor-ao-grupo-suico-gate-gourmet\/#primaryimage\",\"url\":\"https:\/\/portaltela.pt\/s.01k8rhncp4jt1\/2026\/04\/CACHE_780X1200_ANALOG_WATERMARKED_15457418_1248051_30072020055127.jpg\",\"contentUrl\":\"https:\/\/portaltela.pt\/s.01k8rhncp4jt1\/2026\/04\/CACHE_780X1200_ANALOG_WATERMARKED_15457418_1248051_30072020055127.jpg\",\"width\":796,\"height\":448,\"caption\":\"Photo\"},{\"@type\":\"BreadcrumbList\",\"@id\":\"https:\/\/portaltela.pt\/noticias\/2026\/04\/13\/tap-vende-cateringpor-ao-grupo-suico-gate-gourmet\/#breadcrumb\",\"itemListElement\":[{\"@type\":\"ListItem\",\"position\":1,\"name\":\"In\u00edcio\",\"item\":\"https:\/\/portaltela.pt\/\"},{\"@type\":\"ListItem\",\"position\":2,\"name\":\"TAP vende Cateringpor ao grupo su\u00ed\u00e7o Gate Gourmet\"}]},{\"@type\":\"WebSite\",\"@id\":\"https:\/\/portaltela.pt\/#website\",\"url\":\"https:\/\/portaltela.pt\/\",\"name\":\"Portal Tela Portugal\",\"description\":\"\",\"potentialAction\":[{\"@type\":\"SearchAction\",\"target\":{\"@type\":\"EntryPoint\",\"urlTemplate\":\"https:\/\/portaltela.pt\/?s={search_term_string}\"},\"query-input\":{\"@type\":\"PropertyValueSpecification\",\"valueRequired\":true,\"valueName\":\"search_term_string\"}}],\"inLanguage\":\"pt-PT\"},{\"@type\":\"Person\",\"@id\":\"https:\/\/portaltela.pt\/#\/schema\/person\/c4278d4a6028830caff9ee44b42d32ed\",\"name\":\"Telinha\",\"image\":{\"@type\":\"ImageObject\",\"inLanguage\":\"pt-PT\",\"@id\":\"https:\/\/portaltela.pt\/s.01k8rhncp4jt1\/2025\/11\/talking-bot-125x125.png\",\"url\":\"https:\/\/portaltela.pt\/s.01k8rhncp4jt1\/2025\/11\/talking-bot-125x125.png\",\"contentUrl\":\"https:\/\/portaltela.pt\/s.01k8rhncp4jt1\/2025\/11\/talking-bot-125x125.png\",\"caption\":\"Telinha\"},\"sameAs\":[\"https:\/\/portaltela.pt\/\"],\"url\":\"https:\/\/portaltela.pt\/por\/367410592786\/\"}]}<\/script>\n<!-- \/ Yoast SEO plugin. -->","yoast_head_json":{"title":"TAP vende Cateringpor ao grupo su\u00ed\u00e7o Gate Gourmet - Portal Tela Portugal","robots":{"index":"index","follow":"follow","max-snippet":"max-snippet:-1","max-image-preview":"max-image-preview:large","max-video-preview":"max-video-preview:-1"},"og_locale":"pt_PT","og_type":"article","og_title":"TAP vende Cateringpor ao grupo su\u00ed\u00e7o Gate Gourmet - Portal Tela Portugal","og_description":"TAP vendeu o catering ao Gate Gourmet, grupo su\u00ed\u00e7o. Gate Gourmet passa a ficar respons\u00e1vel pelo catering da TAP. O conte\u00fado completo da not\u00edcia est\u00e1 dispon\u00edvel apenas para subscritores.","og_url":"https:\/\/portaltela.pt\/noticias\/2026\/04\/13\/tap-vende-cateringpor-ao-grupo-suico-gate-gourmet\/","og_site_name":"Portal Tela Portugal","article_published_time":"2026-04-13T10:48:00+00:00","author":"Telinha","twitter_card":"summary_large_image","twitter_misc":{"Escrito por":"Telinha","Tempo estimado de leitura":"1 minuto"},"schema":{"@context":"https:\/\/schema.org","@graph":[{"@type":"Article","@id":"https:\/\/portaltela.pt\/noticias\/2026\/04\/13\/tap-vende-cateringpor-ao-grupo-suico-gate-gourmet\/#article","isPartOf":{"@id":"https:\/\/portaltela.pt\/noticias\/2026\/04\/13\/tap-vende-cateringpor-ao-grupo-suico-gate-gourmet\/"},"author":{"name":"Telinha","@id":"https:\/\/portaltela.pt\/#\/schema\/person\/c4278d4a6028830caff9ee44b42d32ed"},"headline":"TAP vende Cateringpor ao grupo su\u00ed\u00e7o Gate Gourmet","datePublished":"2026-04-13T10:48:00+00:00","mainEntityOfPage":{"@id":"https:\/\/portaltela.pt\/noticias\/2026\/04\/13\/tap-vende-cateringpor-ao-grupo-suico-gate-gourmet\/"},"wordCount":128,"image":{"@id":"https:\/\/portaltela.pt\/noticias\/2026\/04\/13\/tap-vende-cateringpor-ao-grupo-suico-gate-gourmet\/#primaryimage"},"thumbnailUrl":"https:\/\/portaltela.pt\/s.01k8rhncp4jt1\/2026\/04\/CACHE_780X1200_ANALOG_WATERMARKED_15457418_1248051_30072020055127.jpg","keywords":["_aeron\u00e1utica","_com\u00e9rcio internacional","companhias","empresas","Portugal","transa\u00e7\u00f5es internacionais"],"articleSection":["Economia","Neg\u00f3cios"],"inLanguage":"pt-PT"},{"@type":"WebPage","@id":"https:\/\/portaltela.pt\/noticias\/2026\/04\/13\/tap-vende-cateringpor-ao-grupo-suico-gate-gourmet\/","url":"https:\/\/portaltela.pt\/noticias\/2026\/04\/13\/tap-vende-cateringpor-ao-grupo-suico-gate-gourmet\/","name":"TAP vende Cateringpor ao grupo su\u00ed\u00e7o Gate Gourmet - Portal Tela Portugal","isPartOf":{"@id":"https:\/\/portaltela.pt\/#website"},"primaryImageOfPage":{"@id":"https:\/\/portaltela.pt\/noticias\/2026\/04\/13\/tap-vende-cateringpor-ao-grupo-suico-gate-gourmet\/#primaryimage"},"image":{"@id":"https:\/\/portaltela.pt\/noticias\/2026\/04\/13\/tap-vende-cateringpor-ao-grupo-suico-gate-gourmet\/#primaryimage"},"thumbnailUrl":"https:\/\/portaltela.pt\/s.01k8rhncp4jt1\/2026\/04\/CACHE_780X1200_ANALOG_WATERMARKED_15457418_1248051_30072020055127.jpg","datePublished":"2026-04-13T10:48:00+00:00","author":{"@id":"https:\/\/portaltela.pt\/#\/schema\/person\/c4278d4a6028830caff9ee44b42d32ed"},"breadcrumb":{"@id":"https:\/\/portaltela.pt\/noticias\/2026\/04\/13\/tap-vende-cateringpor-ao-grupo-suico-gate-gourmet\/#breadcrumb"},"inLanguage":"pt-PT","potentialAction":[{"@type":"ReadAction","target":["https:\/\/portaltela.pt\/noticias\/2026\/04\/13\/tap-vende-cateringpor-ao-grupo-suico-gate-gourmet\/"]}]},{"@type":"ImageObject","inLanguage":"pt-PT","@id":"https:\/\/portaltela.pt\/noticias\/2026\/04\/13\/tap-vende-cateringpor-ao-grupo-suico-gate-gourmet\/#primaryimage","url":"https:\/\/portaltela.pt\/s.01k8rhncp4jt1\/2026\/04\/CACHE_780X1200_ANALOG_WATERMARKED_15457418_1248051_30072020055127.jpg","contentUrl":"https:\/\/portaltela.pt\/s.01k8rhncp4jt1\/2026\/04\/CACHE_780X1200_ANALOG_WATERMARKED_15457418_1248051_30072020055127.jpg","width":796,"height":448,"caption":"Photo"},{"@type":"BreadcrumbList","@id":"https:\/\/portaltela.pt\/noticias\/2026\/04\/13\/tap-vende-cateringpor-ao-grupo-suico-gate-gourmet\/#breadcrumb","itemListElement":[{"@type":"ListItem","position":1,"name":"In\u00edcio","item":"https:\/\/portaltela.pt\/"},{"@type":"ListItem","position":2,"name":"TAP vende Cateringpor ao grupo su\u00ed\u00e7o Gate Gourmet"}]},{"@type":"WebSite","@id":"https:\/\/portaltela.pt\/#website","url":"https:\/\/portaltela.pt\/","name":"Portal Tela Portugal","description":"","potentialAction":[{"@type":"SearchAction","target":{"@type":"EntryPoint","urlTemplate":"https:\/\/portaltela.pt\/?s={search_term_string}"},"query-input":{"@type":"PropertyValueSpecification","valueRequired":true,"valueName":"search_term_string"}}],"inLanguage":"pt-PT"},{"@type":"Person","@id":"https:\/\/portaltela.pt\/#\/schema\/person\/c4278d4a6028830caff9ee44b42d32ed","name":"Telinha","image":{"@type":"ImageObject","inLanguage":"pt-PT","@id":"https:\/\/portaltela.pt\/s.01k8rhncp4jt1\/2025\/11\/talking-bot-125x125.png","url":"https:\/\/portaltela.pt\/s.01k8rhncp4jt1\/2025\/11\/talking-bot-125x125.png","contentUrl":"https:\/\/portaltela.pt\/s.01k8rhncp4jt1\/2025\/11\/talking-bot-125x125.png","caption":"Telinha"},"sameAs":["https:\/\/portaltela.pt\/"],"url":"https:\/\/portaltela.pt\/por\/367410592786\/"}]}},"_links":{"self":[{"href":"https:\/\/portaltela.pt\/api\/wp\/v2\/posts\/442340","targetHints":{"allow":["GET"]}}],"collection":[{"href":"https:\/\/portaltela.pt\/api\/wp\/v2\/posts"}],"about":[{"href":"https:\/\/portaltela.pt\/api\/wp\/v2\/types\/post"}],"author":[{"embeddable":true,"href":"https:\/\/portaltela.pt\/api\/wp\/v2\/users\/2"}],"replies":[{"embeddable":true,"href":"https:\/\/portaltela.pt\/api\/wp\/v2\/comments?post=442340"}],"version-history":[{"count":0,"href":"https:\/\/portaltela.pt\/api\/wp\/v2\/posts\/442340\/revisions"}],"wp:featuredmedia":[{"embeddable":true,"href":"https:\/\/portaltela.pt\/api\/wp\/v2\/media\/442344"}],"wp:attachment":[{"href":"https:\/\/portaltela.pt\/api\/wp\/v2\/media?parent=442340"}],"wp:term":[{"taxonomy":"category","embeddable":true,"href":"https:\/\/portaltela.pt\/api\/wp\/v2\/categories?post=442340"},{"taxonomy":"post_tag","embeddable":true,"href":"https:\/\/portaltela.pt\/api\/wp\/v2\/tags?post=442340"}],"curies":[{"name":"wp","href":"https:\/\/api.w.org\/{rel}","templated":true}]}}