{"id":442308,"date":"2026-04-13T09:02:21","date_gmt":"2026-04-13T12:02:21","guid":{"rendered":"https:\/\/portaltela.pt\/noticias\/2026\/04\/13\/tribunal-europeu-pede-esclarecimentos-a-portugal-sobre-o-caso-marques\/"},"modified":"2026-04-13T09:02:21","modified_gmt":"2026-04-13T12:02:21","slug":"tribunal-europeu-pede-esclarecimentos-a-portugal-sobre-o-caso-marques","status":"publish","type":"post","link":"https:\/\/portaltela.pt\/noticias\/2026\/04\/13\/tribunal-europeu-pede-esclarecimentos-a-portugal-sobre-o-caso-marques\/","title":{"rendered":"Tribunal europeu pede esclarecimentos a Portugal sobre o caso Marqu\u00eas"},"content":{"rendered":"<p>O Tribunal Europeu dos Direitos Humanos (TEDH) pediu esclarecimentos a Portugal no \u00e2mbito do processo Marqu\u00eas, ap\u00f3s Jos\u00e9 S\u00f3crates apresentar uma queixa em julho de 2025, contestando suposta viola\u00e7\u00e3o do direito a julgamento equitativo. O pedido de informa\u00e7\u00f5es surge para avaliar a dura\u00e7\u00e3o do processo e as alegadas fugas de informa\u00e7\u00e3o para a comunica\u00e7\u00e3o social.<\/p>\n<p>O TEDH questiona se o andamento do processo ocorreu dentro de um prazo razo\u00e1vel e se houve viola\u00e7\u00e3o da Conven\u00e7\u00e3o Europeia dos Direitos Humanos por fuga de elementos do inqu\u00e9rito para a imprensa. O tribunal tamb\u00e9m quer saber se houve garantia suficiente do direito a um recurso efetivo.<\/p>\n<p>Em Bruxelas, Jos\u00e9 S\u00f3crates afirmou que a decis\u00e3o de o TEDH pedir esclarecimentos representa uma vit\u00f3ria jur\u00eddica, destacando que a maioria das queixas costuma ser rejeitada pelo tribunal. O advogado de S\u00f3crates, Christophe Marchand, afirmou que o di\u00e1logo poder\u00e1 servir para identificar rem\u00e9dios perante eventuais viola\u00e7\u00e3o dos direitos.<\/p>\n<p>Segundo a defesa, o Estado portugu\u00eas tem at\u00e9 23 de julho para responder, ap\u00f3s o que S\u00f3crates ter\u00e1 cerca de seis semanas para contra-argumentar. Se as partes negociarem, o TEDH pode decidir manter ou arquivar o caso num prazo estimado de um ano.<\/p>\n<p>A equipa de defesa indicou que \u00e9 raro o TEDH pedir esclarecimentos a um Estado sobre um processo ainda em curso. Pretende-se abrir um canal de di\u00e1logo entre S\u00f3crates, o tribunal e as autoridades portuguesas para definir caminhos de repara\u00e7\u00e3o, caso existam viola\u00e7\u00f5es constatadas.<\/p>\n<p>Questionado sobre a repara\u00e7\u00e3o, o advogado salientou que o objetivo principal \u00e9 encerrar o processo criminal. O resultado depende de etapas sucessivas de resposta, contra-argumenta\u00e7\u00e3o e poss\u00edvel decis\u00e3o final do TEDH.<\/p>\n","protected":false},"excerpt":{"rendered":"<ul>\n<li>O Tribunal Europeu dos Direitos Humanos (TEDH) pediu esclarecimentos a Portugal sobre o processo relacionado com Jos\u00e9 S\u00f3crates, principal arguido, queixa-se de viola\u00e7\u00e3o do direito a um julgamento equitativo.<\/li>\n<li>O TEDH questiona se a dura\u00e7\u00e3o do processo constitui um julgamento em \u201cprazo razo\u00e1vel\u201d e se houve viola\u00e7\u00e3o da Conven\u00e7\u00e3o Europeia dos Direitos Humanos por fugas de informa\u00e7\u00e3o para os media.<\/li>\n<li>O tribunal pergunta ainda se o Estado cumpriu as obriga\u00e7\u00f5es para evitar as fugas e garantir o direito do requerente ao respeito pela vida privada, e se houve recurso efetivo para apresentar queixas junto do TEDH.<\/li>\n<li>Jos\u00e9 S\u00f3crates afirmou, em confer\u00eancia de imprensa em Bruxelas, que a decis\u00e3o de o TEDH solicitar esclarecimentos \u00e9 uma \u201cvit\u00f3ria judicial\u201d e que o caso ser\u00e1 analisado internacionalmente.<\/li>\n<li>O Estado portugu\u00eas tem at\u00e9 23 de julho para responder; depois h\u00e1 cerca de seis semanas para contrarautes, com possibilidade de negocia\u00e7\u00e3o, e, se n\u00e3o houver acordo, o TEDH pode decidir dentro de cerca de um ano.<\/li>\n<\/ul>\n","protected":false},"author":2,"featured_media":442310,"comment_status":"closed","ping_status":"closed","sticky":false,"template":"","format":"standard","meta":{"footnotes":""},"categories":[6815,1],"tags":[7937,7914,7913,637,6208],"class_list":["post-442308","post","type-post","status-publish","format-standard","has-post-thumbnail","hentry","category-justica","category-noticias","tag-_direito-internacional","tag-_direitos-humanos","tag-_politica","tag-assuntos-internacionais","tag-tribunais"],"yoast_head":"<!-- This site is optimized with the Yoast SEO plugin v27.2 - https:\/\/yoast.com\/product\/yoast-seo-wordpress\/ -->\n<title>Tribunal europeu pede esclarecimentos a Portugal sobre o caso Marqu\u00eas - Portal Tela Portugal<\/title>\n<meta name=\"robots\" content=\"index, follow, max-snippet:-1, max-image-preview:large, max-video-preview:-1\" \/>\n<meta property=\"og:locale\" content=\"pt_PT\" \/>\n<meta property=\"og:type\" content=\"article\" \/>\n<meta property=\"og:title\" content=\"Tribunal europeu pede esclarecimentos a Portugal sobre o caso Marqu\u00eas - Portal Tela Portugal\" \/>\n<meta property=\"og:description\" content=\"O Tribunal Europeu dos Direitos Humanos (TEDH) pediu esclarecimentos a Portugal sobre o processo relacionado com Jos\u00e9 S\u00f3crates, principal arguido, queixa-se de viola\u00e7\u00e3o do direito a um julgamento equitativo. O TEDH questiona se a dura\u00e7\u00e3o do processo constitui um julgamento em \u201cprazo razo\u00e1vel\u201d e se houve viola\u00e7\u00e3o da Conven\u00e7\u00e3o Europeia dos Direitos Humanos por fugas de informa\u00e7\u00e3o para os media. O tribunal pergunta ainda se o Estado cumpriu as obriga\u00e7\u00f5es para evitar as fugas e garantir o direito do requerente ao respeito pela vida privada, e se houve recurso efetivo para apresentar queixas junto do TEDH. Jos\u00e9 S\u00f3crates afirmou, em confer\u00eancia de imprensa em Bruxelas, que a decis\u00e3o de o TEDH solicitar esclarecimentos \u00e9 uma \u201cvit\u00f3ria judicial\u201d e que o caso ser\u00e1 analisado internacionalmente. O Estado portugu\u00eas tem at\u00e9 23 de julho para responder; depois h\u00e1 cerca de seis semanas para contrarautes, com possibilidade de negocia\u00e7\u00e3o, e, se n\u00e3o houver acordo, o TEDH pode decidir dentro de cerca de um ano.\" \/>\n<meta property=\"og:url\" content=\"https:\/\/portaltela.pt\/noticias\/2026\/04\/13\/tribunal-europeu-pede-esclarecimentos-a-portugal-sobre-o-caso-marques\/\" \/>\n<meta property=\"og:site_name\" content=\"Portal Tela Portugal\" \/>\n<meta property=\"article:published_time\" content=\"2026-04-13T12:02:21+00:00\" \/>\n<meta name=\"author\" content=\"Telinha\" \/>\n<meta name=\"twitter:card\" content=\"summary_large_image\" \/>\n<meta name=\"twitter:label1\" content=\"Escrito por\" \/>\n\t<meta name=\"twitter:data1\" content=\"Telinha\" \/>\n\t<meta name=\"twitter:label2\" content=\"Tempo estimado de leitura\" \/>\n\t<meta name=\"twitter:data2\" content=\"1 minuto\" \/>\n<script type=\"application\/ld+json\" class=\"yoast-schema-graph\">{\"@context\":\"https:\/\/schema.org\",\"@graph\":[{\"@type\":\"Article\",\"@id\":\"https:\/\/portaltela.pt\/noticias\/2026\/04\/13\/tribunal-europeu-pede-esclarecimentos-a-portugal-sobre-o-caso-marques\/#article\",\"isPartOf\":{\"@id\":\"https:\/\/portaltela.pt\/noticias\/2026\/04\/13\/tribunal-europeu-pede-esclarecimentos-a-portugal-sobre-o-caso-marques\/\"},\"author\":{\"name\":\"Telinha\",\"@id\":\"https:\/\/portaltela.pt\/#\/schema\/person\/c4278d4a6028830caff9ee44b42d32ed\"},\"headline\":\"Tribunal europeu pede esclarecimentos a Portugal sobre o caso Marqu\u00eas\",\"datePublished\":\"2026-04-13T12:02:21+00:00\",\"mainEntityOfPage\":{\"@id\":\"https:\/\/portaltela.pt\/noticias\/2026\/04\/13\/tribunal-europeu-pede-esclarecimentos-a-portugal-sobre-o-caso-marques\/\"},\"wordCount\":308,\"image\":{\"@id\":\"https:\/\/portaltela.pt\/noticias\/2026\/04\/13\/tribunal-europeu-pede-esclarecimentos-a-portugal-sobre-o-caso-marques\/#primaryimage\"},\"thumbnailUrl\":\"https:\/\/portaltela.pt\/s.01k8rhncp4jt1\/2026\/04\/image-767.jpg\",\"keywords\":[\"_direito internacional\",\"_direitos humanos\",\"_pol\u00edtica\",\"assuntos internacionais\",\"Tribunais\"],\"articleSection\":[\"Justi\u00e7a\",\"Not\u00edcias\"],\"inLanguage\":\"pt-PT\"},{\"@type\":\"WebPage\",\"@id\":\"https:\/\/portaltela.pt\/noticias\/2026\/04\/13\/tribunal-europeu-pede-esclarecimentos-a-portugal-sobre-o-caso-marques\/\",\"url\":\"https:\/\/portaltela.pt\/noticias\/2026\/04\/13\/tribunal-europeu-pede-esclarecimentos-a-portugal-sobre-o-caso-marques\/\",\"name\":\"Tribunal europeu pede esclarecimentos a Portugal sobre o caso Marqu\u00eas - Portal Tela Portugal\",\"isPartOf\":{\"@id\":\"https:\/\/portaltela.pt\/#website\"},\"primaryImageOfPage\":{\"@id\":\"https:\/\/portaltela.pt\/noticias\/2026\/04\/13\/tribunal-europeu-pede-esclarecimentos-a-portugal-sobre-o-caso-marques\/#primaryimage\"},\"image\":{\"@id\":\"https:\/\/portaltela.pt\/noticias\/2026\/04\/13\/tribunal-europeu-pede-esclarecimentos-a-portugal-sobre-o-caso-marques\/#primaryimage\"},\"thumbnailUrl\":\"https:\/\/portaltela.pt\/s.01k8rhncp4jt1\/2026\/04\/image-767.jpg\",\"datePublished\":\"2026-04-13T12:02:21+00:00\",\"author\":{\"@id\":\"https:\/\/portaltela.pt\/#\/schema\/person\/c4278d4a6028830caff9ee44b42d32ed\"},\"breadcrumb\":{\"@id\":\"https:\/\/portaltela.pt\/noticias\/2026\/04\/13\/tribunal-europeu-pede-esclarecimentos-a-portugal-sobre-o-caso-marques\/#breadcrumb\"},\"inLanguage\":\"pt-PT\",\"potentialAction\":[{\"@type\":\"ReadAction\",\"target\":[\"https:\/\/portaltela.pt\/noticias\/2026\/04\/13\/tribunal-europeu-pede-esclarecimentos-a-portugal-sobre-o-caso-marques\/\"]}]},{\"@type\":\"ImageObject\",\"inLanguage\":\"pt-PT\",\"@id\":\"https:\/\/portaltela.pt\/noticias\/2026\/04\/13\/tribunal-europeu-pede-esclarecimentos-a-portugal-sobre-o-caso-marques\/#primaryimage\",\"url\":\"https:\/\/portaltela.pt\/s.01k8rhncp4jt1\/2026\/04\/image-767.jpg\",\"contentUrl\":\"https:\/\/portaltela.pt\/s.01k8rhncp4jt1\/2026\/04\/image-767.jpg\",\"width\":796,\"height\":448,\"caption\":\"Imagem de contexto do artigo Tribunal europeu pede esclarecimentos a Portugal sobre o processo Marqu\u00eas\"},{\"@type\":\"BreadcrumbList\",\"@id\":\"https:\/\/portaltela.pt\/noticias\/2026\/04\/13\/tribunal-europeu-pede-esclarecimentos-a-portugal-sobre-o-caso-marques\/#breadcrumb\",\"itemListElement\":[{\"@type\":\"ListItem\",\"position\":1,\"name\":\"In\u00edcio\",\"item\":\"https:\/\/portaltela.pt\/\"},{\"@type\":\"ListItem\",\"position\":2,\"name\":\"Tribunal europeu pede esclarecimentos a Portugal sobre o caso Marqu\u00eas\"}]},{\"@type\":\"WebSite\",\"@id\":\"https:\/\/portaltela.pt\/#website\",\"url\":\"https:\/\/portaltela.pt\/\",\"name\":\"Portal Tela Portugal\",\"description\":\"\",\"potentialAction\":[{\"@type\":\"SearchAction\",\"target\":{\"@type\":\"EntryPoint\",\"urlTemplate\":\"https:\/\/portaltela.pt\/?s={search_term_string}\"},\"query-input\":{\"@type\":\"PropertyValueSpecification\",\"valueRequired\":true,\"valueName\":\"search_term_string\"}}],\"inLanguage\":\"pt-PT\"},{\"@type\":\"Person\",\"@id\":\"https:\/\/portaltela.pt\/#\/schema\/person\/c4278d4a6028830caff9ee44b42d32ed\",\"name\":\"Telinha\",\"image\":{\"@type\":\"ImageObject\",\"inLanguage\":\"pt-PT\",\"@id\":\"https:\/\/portaltela.pt\/s.01k8rhncp4jt1\/2025\/11\/talking-bot-125x125.png\",\"url\":\"https:\/\/portaltela.pt\/s.01k8rhncp4jt1\/2025\/11\/talking-bot-125x125.png\",\"contentUrl\":\"https:\/\/portaltela.pt\/s.01k8rhncp4jt1\/2025\/11\/talking-bot-125x125.png\",\"caption\":\"Telinha\"},\"sameAs\":[\"https:\/\/portaltela.pt\/\"],\"url\":\"https:\/\/portaltela.pt\/por\/367410592786\/\"}]}<\/script>\n<!-- \/ Yoast SEO plugin. -->","yoast_head_json":{"title":"Tribunal europeu pede esclarecimentos a Portugal sobre o caso Marqu\u00eas - Portal Tela Portugal","robots":{"index":"index","follow":"follow","max-snippet":"max-snippet:-1","max-image-preview":"max-image-preview:large","max-video-preview":"max-video-preview:-1"},"og_locale":"pt_PT","og_type":"article","og_title":"Tribunal europeu pede esclarecimentos a Portugal sobre o caso Marqu\u00eas - Portal Tela Portugal","og_description":"O Tribunal Europeu dos Direitos Humanos (TEDH) pediu esclarecimentos a Portugal sobre o processo relacionado com Jos\u00e9 S\u00f3crates, principal arguido, queixa-se de viola\u00e7\u00e3o do direito a um julgamento equitativo. O TEDH questiona se a dura\u00e7\u00e3o do processo constitui um julgamento em \u201cprazo razo\u00e1vel\u201d e se houve viola\u00e7\u00e3o da Conven\u00e7\u00e3o Europeia dos Direitos Humanos por fugas de informa\u00e7\u00e3o para os media. O tribunal pergunta ainda se o Estado cumpriu as obriga\u00e7\u00f5es para evitar as fugas e garantir o direito do requerente ao respeito pela vida privada, e se houve recurso efetivo para apresentar queixas junto do TEDH. Jos\u00e9 S\u00f3crates afirmou, em confer\u00eancia de imprensa em Bruxelas, que a decis\u00e3o de o TEDH solicitar esclarecimentos \u00e9 uma \u201cvit\u00f3ria judicial\u201d e que o caso ser\u00e1 analisado internacionalmente. O Estado portugu\u00eas tem at\u00e9 23 de julho para responder; depois h\u00e1 cerca de seis semanas para contrarautes, com possibilidade de negocia\u00e7\u00e3o, e, se n\u00e3o houver acordo, o TEDH pode decidir dentro de cerca de um ano.","og_url":"https:\/\/portaltela.pt\/noticias\/2026\/04\/13\/tribunal-europeu-pede-esclarecimentos-a-portugal-sobre-o-caso-marques\/","og_site_name":"Portal Tela Portugal","article_published_time":"2026-04-13T12:02:21+00:00","author":"Telinha","twitter_card":"summary_large_image","twitter_misc":{"Escrito por":"Telinha","Tempo estimado de leitura":"1 minuto"},"schema":{"@context":"https:\/\/schema.org","@graph":[{"@type":"Article","@id":"https:\/\/portaltela.pt\/noticias\/2026\/04\/13\/tribunal-europeu-pede-esclarecimentos-a-portugal-sobre-o-caso-marques\/#article","isPartOf":{"@id":"https:\/\/portaltela.pt\/noticias\/2026\/04\/13\/tribunal-europeu-pede-esclarecimentos-a-portugal-sobre-o-caso-marques\/"},"author":{"name":"Telinha","@id":"https:\/\/portaltela.pt\/#\/schema\/person\/c4278d4a6028830caff9ee44b42d32ed"},"headline":"Tribunal europeu pede esclarecimentos a Portugal sobre o caso Marqu\u00eas","datePublished":"2026-04-13T12:02:21+00:00","mainEntityOfPage":{"@id":"https:\/\/portaltela.pt\/noticias\/2026\/04\/13\/tribunal-europeu-pede-esclarecimentos-a-portugal-sobre-o-caso-marques\/"},"wordCount":308,"image":{"@id":"https:\/\/portaltela.pt\/noticias\/2026\/04\/13\/tribunal-europeu-pede-esclarecimentos-a-portugal-sobre-o-caso-marques\/#primaryimage"},"thumbnailUrl":"https:\/\/portaltela.pt\/s.01k8rhncp4jt1\/2026\/04\/image-767.jpg","keywords":["_direito internacional","_direitos humanos","_pol\u00edtica","assuntos internacionais","Tribunais"],"articleSection":["Justi\u00e7a","Not\u00edcias"],"inLanguage":"pt-PT"},{"@type":"WebPage","@id":"https:\/\/portaltela.pt\/noticias\/2026\/04\/13\/tribunal-europeu-pede-esclarecimentos-a-portugal-sobre-o-caso-marques\/","url":"https:\/\/portaltela.pt\/noticias\/2026\/04\/13\/tribunal-europeu-pede-esclarecimentos-a-portugal-sobre-o-caso-marques\/","name":"Tribunal europeu pede esclarecimentos a Portugal sobre o caso Marqu\u00eas - Portal Tela Portugal","isPartOf":{"@id":"https:\/\/portaltela.pt\/#website"},"primaryImageOfPage":{"@id":"https:\/\/portaltela.pt\/noticias\/2026\/04\/13\/tribunal-europeu-pede-esclarecimentos-a-portugal-sobre-o-caso-marques\/#primaryimage"},"image":{"@id":"https:\/\/portaltela.pt\/noticias\/2026\/04\/13\/tribunal-europeu-pede-esclarecimentos-a-portugal-sobre-o-caso-marques\/#primaryimage"},"thumbnailUrl":"https:\/\/portaltela.pt\/s.01k8rhncp4jt1\/2026\/04\/image-767.jpg","datePublished":"2026-04-13T12:02:21+00:00","author":{"@id":"https:\/\/portaltela.pt\/#\/schema\/person\/c4278d4a6028830caff9ee44b42d32ed"},"breadcrumb":{"@id":"https:\/\/portaltela.pt\/noticias\/2026\/04\/13\/tribunal-europeu-pede-esclarecimentos-a-portugal-sobre-o-caso-marques\/#breadcrumb"},"inLanguage":"pt-PT","potentialAction":[{"@type":"ReadAction","target":["https:\/\/portaltela.pt\/noticias\/2026\/04\/13\/tribunal-europeu-pede-esclarecimentos-a-portugal-sobre-o-caso-marques\/"]}]},{"@type":"ImageObject","inLanguage":"pt-PT","@id":"https:\/\/portaltela.pt\/noticias\/2026\/04\/13\/tribunal-europeu-pede-esclarecimentos-a-portugal-sobre-o-caso-marques\/#primaryimage","url":"https:\/\/portaltela.pt\/s.01k8rhncp4jt1\/2026\/04\/image-767.jpg","contentUrl":"https:\/\/portaltela.pt\/s.01k8rhncp4jt1\/2026\/04\/image-767.jpg","width":796,"height":448,"caption":"Imagem de contexto do artigo Tribunal europeu pede esclarecimentos a Portugal sobre o processo Marqu\u00eas"},{"@type":"BreadcrumbList","@id":"https:\/\/portaltela.pt\/noticias\/2026\/04\/13\/tribunal-europeu-pede-esclarecimentos-a-portugal-sobre-o-caso-marques\/#breadcrumb","itemListElement":[{"@type":"ListItem","position":1,"name":"In\u00edcio","item":"https:\/\/portaltela.pt\/"},{"@type":"ListItem","position":2,"name":"Tribunal europeu pede esclarecimentos a Portugal sobre o caso Marqu\u00eas"}]},{"@type":"WebSite","@id":"https:\/\/portaltela.pt\/#website","url":"https:\/\/portaltela.pt\/","name":"Portal Tela Portugal","description":"","potentialAction":[{"@type":"SearchAction","target":{"@type":"EntryPoint","urlTemplate":"https:\/\/portaltela.pt\/?s={search_term_string}"},"query-input":{"@type":"PropertyValueSpecification","valueRequired":true,"valueName":"search_term_string"}}],"inLanguage":"pt-PT"},{"@type":"Person","@id":"https:\/\/portaltela.pt\/#\/schema\/person\/c4278d4a6028830caff9ee44b42d32ed","name":"Telinha","image":{"@type":"ImageObject","inLanguage":"pt-PT","@id":"https:\/\/portaltela.pt\/s.01k8rhncp4jt1\/2025\/11\/talking-bot-125x125.png","url":"https:\/\/portaltela.pt\/s.01k8rhncp4jt1\/2025\/11\/talking-bot-125x125.png","contentUrl":"https:\/\/portaltela.pt\/s.01k8rhncp4jt1\/2025\/11\/talking-bot-125x125.png","caption":"Telinha"},"sameAs":["https:\/\/portaltela.pt\/"],"url":"https:\/\/portaltela.pt\/por\/367410592786\/"}]}},"_links":{"self":[{"href":"https:\/\/portaltela.pt\/api\/wp\/v2\/posts\/442308","targetHints":{"allow":["GET"]}}],"collection":[{"href":"https:\/\/portaltela.pt\/api\/wp\/v2\/posts"}],"about":[{"href":"https:\/\/portaltela.pt\/api\/wp\/v2\/types\/post"}],"author":[{"embeddable":true,"href":"https:\/\/portaltela.pt\/api\/wp\/v2\/users\/2"}],"replies":[{"embeddable":true,"href":"https:\/\/portaltela.pt\/api\/wp\/v2\/comments?post=442308"}],"version-history":[{"count":0,"href":"https:\/\/portaltela.pt\/api\/wp\/v2\/posts\/442308\/revisions"}],"wp:featuredmedia":[{"embeddable":true,"href":"https:\/\/portaltela.pt\/api\/wp\/v2\/media\/442310"}],"wp:attachment":[{"href":"https:\/\/portaltela.pt\/api\/wp\/v2\/media?parent=442308"}],"wp:term":[{"taxonomy":"category","embeddable":true,"href":"https:\/\/portaltela.pt\/api\/wp\/v2\/categories?post=442308"},{"taxonomy":"post_tag","embeddable":true,"href":"https:\/\/portaltela.pt\/api\/wp\/v2\/tags?post=442308"}],"curies":[{"name":"wp","href":"https:\/\/api.w.org\/{rel}","templated":true}]}}