{"id":442300,"date":"2026-04-13T08:35:00","date_gmt":"2026-04-13T11:35:00","guid":{"rendered":"https:\/\/portaltela.pt\/noticias\/2026\/04\/13\/detidos-em-castelo-de-vide-com-bastoes-algemas-e-carteiras-do-fbi\/"},"modified":"2026-04-13T08:35:00","modified_gmt":"2026-04-13T11:35:00","slug":"detidos-em-castelo-de-vide-com-bastoes-algemas-e-carteiras-do-fbi","status":"publish","type":"post","link":"https:\/\/portaltela.pt\/policia\/2026\/04\/13\/detidos-em-castelo-de-vide-com-bastoes-algemas-e-carteiras-do-fbi\/","title":{"rendered":"Detidos em Castelo de Vide com bast\u00f5es, algemas e carteiras do FBI"},"content":{"rendered":"<p>Dois homens, com 27 e 28 anos, foram detidos pela Guarda Nacional Republicana (GNR) em Castelo de Vide, na sexta-feira, por posse de armas proibidas e uso de documentos de identifica\u00e7\u00e3o falsos. A fiscaliza\u00e7\u00e3o resultou na apreens\u00e3o de duas carteiras de identifica\u00e7\u00e3o alegadamente associadas ao FBI, bem como de outros itens considerados proibidos.<\/p>\n<p>A a\u00e7\u00e3o teve origem numa den\u00fancia sobre uma viatura suspeita junto ao Centro Diocesano da localidade. No local, os militares identificaram os dois homens e apreenderam materiais que inclu\u00edam dois bast\u00f5es extens\u00edveis, dois pares de algemas e um telem\u00f3vel, al\u00e9m das carteiras de identifica\u00e7\u00e3o falsas.<\/p>\n<p>Os suspeitos ficaram constitu\u00eddos arguidos e sujeitaram-se a Termo de Identidade e Resid\u00eancia, com os factos a serem comunicados ao Minist\u00e9rio P\u00fablico do Tribunal Judicial da Comarca de Nisa. A opera\u00e7\u00e3o contou com o apoio do N\u00facleo de Investiga\u00e7\u00e3o e Apoio a V\u00edtimas Espec\u00edficas e do N\u00facleo de Apoio Operativo do Comando Territorial de Portalegre.<\/p>\n","protected":false},"excerpt":{"rendered":"<ul>\n<li>Dois homens de 27 e 28 anos foram detidos pela GNR em Castelo de Vide por posse de armas proibidas e uso de documentos de identifica\u00e7\u00e3o falsos, incluindo duas carteiras de identifica\u00e7\u00e3o do FBI.<\/li>\n<li>A opera\u00e7\u00e3o come\u00e7ou ap\u00f3s uma den\u00fancia sobre uma viatura suspeita perto do Centro Diocesano da localidade.<\/li>\n<li>Al\u00e9m das carteiras do FBI, foram apreendidos dois bast\u00f5es extens\u00edveis, dois pares de algemas e um telem\u00f3vel.<\/li>\n<li>Os suspeitos foram constitu\u00eddos arguidos e ficam sujeitos a Termo de Identidade e Resid\u00eancia; o caso foi comunicado ao Minist\u00e9rio P\u00fablico do Tribunal Judicial da Comarca de Nisa.<\/li>\n<li>A a\u00e7\u00e3o contou com o apoio do N\u00facleo de Investiga\u00e7\u00e3o e Apoio a V\u00edtimas Espec\u00edficas e do N\u00facleo de Apoio Operativo do Comando Territorial de Portalegre.<\/li>\n<\/ul>\n","protected":false},"author":2,"featured_media":442305,"comment_status":"closed","ping_status":"closed","sticky":false,"template":"","format":"standard","meta":{"footnotes":""},"categories":[6907,6781],"tags":[3665,182,147,2605,260,1075],"class_list":["post-442300","post","type-post","status-publish","format-standard","has-post-thumbnail","hentry","category-crime","category-policia","tag-algemas","tag-armas","tag-crime","tag-documentos","tag-falsificacao-de-documentos","tag-portalegre"],"yoast_head":"<!-- This site is optimized with the Yoast SEO plugin v27.2 - https:\/\/yoast.com\/product\/yoast-seo-wordpress\/ -->\n<title>Detidos em Castelo de Vide com bast\u00f5es, algemas e carteiras do FBI - Portal Tela Portugal<\/title>\n<meta name=\"robots\" content=\"index, follow, max-snippet:-1, max-image-preview:large, max-video-preview:-1\" \/>\n<meta property=\"og:locale\" content=\"pt_PT\" \/>\n<meta property=\"og:type\" content=\"article\" \/>\n<meta property=\"og:title\" content=\"Detidos em Castelo de Vide com bast\u00f5es, algemas e carteiras do FBI - Portal Tela Portugal\" \/>\n<meta property=\"og:description\" content=\"Dois homens de 27 e 28 anos foram detidos pela GNR em Castelo de Vide por posse de armas proibidas e uso de documentos de identifica\u00e7\u00e3o falsos, incluindo duas carteiras de identifica\u00e7\u00e3o do FBI. A opera\u00e7\u00e3o come\u00e7ou ap\u00f3s uma den\u00fancia sobre uma viatura suspeita perto do Centro Diocesano da localidade. Al\u00e9m das carteiras do FBI, foram apreendidos dois bast\u00f5es extens\u00edveis, dois pares de algemas e um telem\u00f3vel. Os suspeitos foram constitu\u00eddos arguidos e ficam sujeitos a Termo de Identidade e Resid\u00eancia; o caso foi comunicado ao Minist\u00e9rio P\u00fablico do Tribunal Judicial da Comarca de Nisa. A a\u00e7\u00e3o contou com o apoio do N\u00facleo de Investiga\u00e7\u00e3o e Apoio a V\u00edtimas Espec\u00edficas e do N\u00facleo de Apoio Operativo do Comando Territorial de Portalegre.\" \/>\n<meta property=\"og:url\" content=\"https:\/\/portaltela.pt\/noticias\/2026\/04\/13\/detidos-em-castelo-de-vide-com-bastoes-algemas-e-carteiras-do-fbi\/\" \/>\n<meta property=\"og:site_name\" content=\"Portal Tela Portugal\" \/>\n<meta property=\"article:published_time\" content=\"2026-04-13T11:35:00+00:00\" \/>\n<meta name=\"author\" content=\"Telinha\" \/>\n<meta name=\"twitter:card\" content=\"summary_large_image\" \/>\n<meta name=\"twitter:label1\" content=\"Escrito por\" \/>\n\t<meta name=\"twitter:data1\" content=\"Telinha\" \/>\n\t<meta name=\"twitter:label2\" content=\"Tempo estimado de leitura\" \/>\n\t<meta name=\"twitter:data2\" content=\"1 minuto\" \/>\n<script type=\"application\/ld+json\" class=\"yoast-schema-graph\">{\"@context\":\"https:\/\/schema.org\",\"@graph\":[{\"@type\":\"Article\",\"@id\":\"https:\/\/portaltela.pt\/noticias\/2026\/04\/13\/detidos-em-castelo-de-vide-com-bastoes-algemas-e-carteiras-do-fbi\/#article\",\"isPartOf\":{\"@id\":\"https:\/\/portaltela.pt\/noticias\/2026\/04\/13\/detidos-em-castelo-de-vide-com-bastoes-algemas-e-carteiras-do-fbi\/\"},\"author\":{\"name\":\"Telinha\",\"@id\":\"https:\/\/portaltela.pt\/#\/schema\/person\/c4278d4a6028830caff9ee44b42d32ed\"},\"headline\":\"Detidos em Castelo de Vide com bast\u00f5es, algemas e carteiras do FBI\",\"datePublished\":\"2026-04-13T11:35:00+00:00\",\"mainEntityOfPage\":{\"@id\":\"https:\/\/portaltela.pt\/noticias\/2026\/04\/13\/detidos-em-castelo-de-vide-com-bastoes-algemas-e-carteiras-do-fbi\/\"},\"wordCount\":186,\"image\":{\"@id\":\"https:\/\/portaltela.pt\/noticias\/2026\/04\/13\/detidos-em-castelo-de-vide-com-bastoes-algemas-e-carteiras-do-fbi\/#primaryimage\"},\"thumbnailUrl\":\"https:\/\/portaltela.pt\/s.01k8rhncp4jt1\/2026\/04\/image-765.jpg\",\"keywords\":[\"Algemas\",\"armas\",\"crime\",\"documentos\",\"falsifica\u00e7\u00e3o de documentos\",\"Portalegre\"],\"articleSection\":[\"Crime\",\"Pol\u00edcia\"],\"inLanguage\":\"pt-PT\"},{\"@type\":\"WebPage\",\"@id\":\"https:\/\/portaltela.pt\/noticias\/2026\/04\/13\/detidos-em-castelo-de-vide-com-bastoes-algemas-e-carteiras-do-fbi\/\",\"url\":\"https:\/\/portaltela.pt\/noticias\/2026\/04\/13\/detidos-em-castelo-de-vide-com-bastoes-algemas-e-carteiras-do-fbi\/\",\"name\":\"Detidos em Castelo de Vide com bast\u00f5es, algemas e carteiras do FBI - Portal Tela Portugal\",\"isPartOf\":{\"@id\":\"https:\/\/portaltela.pt\/#website\"},\"primaryImageOfPage\":{\"@id\":\"https:\/\/portaltela.pt\/noticias\/2026\/04\/13\/detidos-em-castelo-de-vide-com-bastoes-algemas-e-carteiras-do-fbi\/#primaryimage\"},\"image\":{\"@id\":\"https:\/\/portaltela.pt\/noticias\/2026\/04\/13\/detidos-em-castelo-de-vide-com-bastoes-algemas-e-carteiras-do-fbi\/#primaryimage\"},\"thumbnailUrl\":\"https:\/\/portaltela.pt\/s.01k8rhncp4jt1\/2026\/04\/image-765.jpg\",\"datePublished\":\"2026-04-13T11:35:00+00:00\",\"author\":{\"@id\":\"https:\/\/portaltela.pt\/#\/schema\/person\/c4278d4a6028830caff9ee44b42d32ed\"},\"breadcrumb\":{\"@id\":\"https:\/\/portaltela.pt\/noticias\/2026\/04\/13\/detidos-em-castelo-de-vide-com-bastoes-algemas-e-carteiras-do-fbi\/#breadcrumb\"},\"inLanguage\":\"pt-PT\",\"potentialAction\":[{\"@type\":\"ReadAction\",\"target\":[\"https:\/\/portaltela.pt\/noticias\/2026\/04\/13\/detidos-em-castelo-de-vide-com-bastoes-algemas-e-carteiras-do-fbi\/\"]}]},{\"@type\":\"ImageObject\",\"inLanguage\":\"pt-PT\",\"@id\":\"https:\/\/portaltela.pt\/noticias\/2026\/04\/13\/detidos-em-castelo-de-vide-com-bastoes-algemas-e-carteiras-do-fbi\/#primaryimage\",\"url\":\"https:\/\/portaltela.pt\/s.01k8rhncp4jt1\/2026\/04\/image-765.jpg\",\"contentUrl\":\"https:\/\/portaltela.pt\/s.01k8rhncp4jt1\/2026\/04\/image-765.jpg\",\"width\":796,\"height\":448,\"caption\":\"GNR apreendeu cart\u00e3o falso do FBI e bast\u00e3o extens\u00edvel\"},{\"@type\":\"BreadcrumbList\",\"@id\":\"https:\/\/portaltela.pt\/noticias\/2026\/04\/13\/detidos-em-castelo-de-vide-com-bastoes-algemas-e-carteiras-do-fbi\/#breadcrumb\",\"itemListElement\":[{\"@type\":\"ListItem\",\"position\":1,\"name\":\"In\u00edcio\",\"item\":\"https:\/\/portaltela.pt\/\"},{\"@type\":\"ListItem\",\"position\":2,\"name\":\"Detidos em Castelo de Vide com bast\u00f5es, algemas e carteiras do FBI\"}]},{\"@type\":\"WebSite\",\"@id\":\"https:\/\/portaltela.pt\/#website\",\"url\":\"https:\/\/portaltela.pt\/\",\"name\":\"Portal Tela Portugal\",\"description\":\"\",\"potentialAction\":[{\"@type\":\"SearchAction\",\"target\":{\"@type\":\"EntryPoint\",\"urlTemplate\":\"https:\/\/portaltela.pt\/?s={search_term_string}\"},\"query-input\":{\"@type\":\"PropertyValueSpecification\",\"valueRequired\":true,\"valueName\":\"search_term_string\"}}],\"inLanguage\":\"pt-PT\"},{\"@type\":\"Person\",\"@id\":\"https:\/\/portaltela.pt\/#\/schema\/person\/c4278d4a6028830caff9ee44b42d32ed\",\"name\":\"Telinha\",\"image\":{\"@type\":\"ImageObject\",\"inLanguage\":\"pt-PT\",\"@id\":\"https:\/\/portaltela.pt\/s.01k8rhncp4jt1\/2025\/11\/talking-bot-125x125.png\",\"url\":\"https:\/\/portaltela.pt\/s.01k8rhncp4jt1\/2025\/11\/talking-bot-125x125.png\",\"contentUrl\":\"https:\/\/portaltela.pt\/s.01k8rhncp4jt1\/2025\/11\/talking-bot-125x125.png\",\"caption\":\"Telinha\"},\"sameAs\":[\"https:\/\/portaltela.pt\/\"],\"url\":\"https:\/\/portaltela.pt\/por\/367410592786\/\"}]}<\/script>\n<!-- \/ Yoast SEO plugin. -->","yoast_head_json":{"title":"Detidos em Castelo de Vide com bast\u00f5es, algemas e carteiras do FBI - Portal Tela Portugal","robots":{"index":"index","follow":"follow","max-snippet":"max-snippet:-1","max-image-preview":"max-image-preview:large","max-video-preview":"max-video-preview:-1"},"og_locale":"pt_PT","og_type":"article","og_title":"Detidos em Castelo de Vide com bast\u00f5es, algemas e carteiras do FBI - Portal Tela Portugal","og_description":"Dois homens de 27 e 28 anos foram detidos pela GNR em Castelo de Vide por posse de armas proibidas e uso de documentos de identifica\u00e7\u00e3o falsos, incluindo duas carteiras de identifica\u00e7\u00e3o do FBI. A opera\u00e7\u00e3o come\u00e7ou ap\u00f3s uma den\u00fancia sobre uma viatura suspeita perto do Centro Diocesano da localidade. Al\u00e9m das carteiras do FBI, foram apreendidos dois bast\u00f5es extens\u00edveis, dois pares de algemas e um telem\u00f3vel. Os suspeitos foram constitu\u00eddos arguidos e ficam sujeitos a Termo de Identidade e Resid\u00eancia; o caso foi comunicado ao Minist\u00e9rio P\u00fablico do Tribunal Judicial da Comarca de Nisa. A a\u00e7\u00e3o contou com o apoio do N\u00facleo de Investiga\u00e7\u00e3o e Apoio a V\u00edtimas Espec\u00edficas e do N\u00facleo de Apoio Operativo do Comando Territorial de Portalegre.","og_url":"https:\/\/portaltela.pt\/noticias\/2026\/04\/13\/detidos-em-castelo-de-vide-com-bastoes-algemas-e-carteiras-do-fbi\/","og_site_name":"Portal Tela Portugal","article_published_time":"2026-04-13T11:35:00+00:00","author":"Telinha","twitter_card":"summary_large_image","twitter_misc":{"Escrito por":"Telinha","Tempo estimado de leitura":"1 minuto"},"schema":{"@context":"https:\/\/schema.org","@graph":[{"@type":"Article","@id":"https:\/\/portaltela.pt\/noticias\/2026\/04\/13\/detidos-em-castelo-de-vide-com-bastoes-algemas-e-carteiras-do-fbi\/#article","isPartOf":{"@id":"https:\/\/portaltela.pt\/noticias\/2026\/04\/13\/detidos-em-castelo-de-vide-com-bastoes-algemas-e-carteiras-do-fbi\/"},"author":{"name":"Telinha","@id":"https:\/\/portaltela.pt\/#\/schema\/person\/c4278d4a6028830caff9ee44b42d32ed"},"headline":"Detidos em Castelo de Vide com bast\u00f5es, algemas e carteiras do FBI","datePublished":"2026-04-13T11:35:00+00:00","mainEntityOfPage":{"@id":"https:\/\/portaltela.pt\/noticias\/2026\/04\/13\/detidos-em-castelo-de-vide-com-bastoes-algemas-e-carteiras-do-fbi\/"},"wordCount":186,"image":{"@id":"https:\/\/portaltela.pt\/noticias\/2026\/04\/13\/detidos-em-castelo-de-vide-com-bastoes-algemas-e-carteiras-do-fbi\/#primaryimage"},"thumbnailUrl":"https:\/\/portaltela.pt\/s.01k8rhncp4jt1\/2026\/04\/image-765.jpg","keywords":["Algemas","armas","crime","documentos","falsifica\u00e7\u00e3o de documentos","Portalegre"],"articleSection":["Crime","Pol\u00edcia"],"inLanguage":"pt-PT"},{"@type":"WebPage","@id":"https:\/\/portaltela.pt\/noticias\/2026\/04\/13\/detidos-em-castelo-de-vide-com-bastoes-algemas-e-carteiras-do-fbi\/","url":"https:\/\/portaltela.pt\/noticias\/2026\/04\/13\/detidos-em-castelo-de-vide-com-bastoes-algemas-e-carteiras-do-fbi\/","name":"Detidos em Castelo de Vide com bast\u00f5es, algemas e carteiras do FBI - Portal Tela Portugal","isPartOf":{"@id":"https:\/\/portaltela.pt\/#website"},"primaryImageOfPage":{"@id":"https:\/\/portaltela.pt\/noticias\/2026\/04\/13\/detidos-em-castelo-de-vide-com-bastoes-algemas-e-carteiras-do-fbi\/#primaryimage"},"image":{"@id":"https:\/\/portaltela.pt\/noticias\/2026\/04\/13\/detidos-em-castelo-de-vide-com-bastoes-algemas-e-carteiras-do-fbi\/#primaryimage"},"thumbnailUrl":"https:\/\/portaltela.pt\/s.01k8rhncp4jt1\/2026\/04\/image-765.jpg","datePublished":"2026-04-13T11:35:00+00:00","author":{"@id":"https:\/\/portaltela.pt\/#\/schema\/person\/c4278d4a6028830caff9ee44b42d32ed"},"breadcrumb":{"@id":"https:\/\/portaltela.pt\/noticias\/2026\/04\/13\/detidos-em-castelo-de-vide-com-bastoes-algemas-e-carteiras-do-fbi\/#breadcrumb"},"inLanguage":"pt-PT","potentialAction":[{"@type":"ReadAction","target":["https:\/\/portaltela.pt\/noticias\/2026\/04\/13\/detidos-em-castelo-de-vide-com-bastoes-algemas-e-carteiras-do-fbi\/"]}]},{"@type":"ImageObject","inLanguage":"pt-PT","@id":"https:\/\/portaltela.pt\/noticias\/2026\/04\/13\/detidos-em-castelo-de-vide-com-bastoes-algemas-e-carteiras-do-fbi\/#primaryimage","url":"https:\/\/portaltela.pt\/s.01k8rhncp4jt1\/2026\/04\/image-765.jpg","contentUrl":"https:\/\/portaltela.pt\/s.01k8rhncp4jt1\/2026\/04\/image-765.jpg","width":796,"height":448,"caption":"GNR apreendeu cart\u00e3o falso do FBI e bast\u00e3o extens\u00edvel"},{"@type":"BreadcrumbList","@id":"https:\/\/portaltela.pt\/noticias\/2026\/04\/13\/detidos-em-castelo-de-vide-com-bastoes-algemas-e-carteiras-do-fbi\/#breadcrumb","itemListElement":[{"@type":"ListItem","position":1,"name":"In\u00edcio","item":"https:\/\/portaltela.pt\/"},{"@type":"ListItem","position":2,"name":"Detidos em Castelo de Vide com bast\u00f5es, algemas e carteiras do FBI"}]},{"@type":"WebSite","@id":"https:\/\/portaltela.pt\/#website","url":"https:\/\/portaltela.pt\/","name":"Portal Tela Portugal","description":"","potentialAction":[{"@type":"SearchAction","target":{"@type":"EntryPoint","urlTemplate":"https:\/\/portaltela.pt\/?s={search_term_string}"},"query-input":{"@type":"PropertyValueSpecification","valueRequired":true,"valueName":"search_term_string"}}],"inLanguage":"pt-PT"},{"@type":"Person","@id":"https:\/\/portaltela.pt\/#\/schema\/person\/c4278d4a6028830caff9ee44b42d32ed","name":"Telinha","image":{"@type":"ImageObject","inLanguage":"pt-PT","@id":"https:\/\/portaltela.pt\/s.01k8rhncp4jt1\/2025\/11\/talking-bot-125x125.png","url":"https:\/\/portaltela.pt\/s.01k8rhncp4jt1\/2025\/11\/talking-bot-125x125.png","contentUrl":"https:\/\/portaltela.pt\/s.01k8rhncp4jt1\/2025\/11\/talking-bot-125x125.png","caption":"Telinha"},"sameAs":["https:\/\/portaltela.pt\/"],"url":"https:\/\/portaltela.pt\/por\/367410592786\/"}]}},"_links":{"self":[{"href":"https:\/\/portaltela.pt\/api\/wp\/v2\/posts\/442300","targetHints":{"allow":["GET"]}}],"collection":[{"href":"https:\/\/portaltela.pt\/api\/wp\/v2\/posts"}],"about":[{"href":"https:\/\/portaltela.pt\/api\/wp\/v2\/types\/post"}],"author":[{"embeddable":true,"href":"https:\/\/portaltela.pt\/api\/wp\/v2\/users\/2"}],"replies":[{"embeddable":true,"href":"https:\/\/portaltela.pt\/api\/wp\/v2\/comments?post=442300"}],"version-history":[{"count":0,"href":"https:\/\/portaltela.pt\/api\/wp\/v2\/posts\/442300\/revisions"}],"wp:featuredmedia":[{"embeddable":true,"href":"https:\/\/portaltela.pt\/api\/wp\/v2\/media\/442305"}],"wp:attachment":[{"href":"https:\/\/portaltela.pt\/api\/wp\/v2\/media?parent=442300"}],"wp:term":[{"taxonomy":"category","embeddable":true,"href":"https:\/\/portaltela.pt\/api\/wp\/v2\/categories?post=442300"},{"taxonomy":"post_tag","embeddable":true,"href":"https:\/\/portaltela.pt\/api\/wp\/v2\/tags?post=442300"}],"curies":[{"name":"wp","href":"https:\/\/api.w.org\/{rel}","templated":true}]}}