{"id":442294,"date":"2026-04-13T07:43:00","date_gmt":"2026-04-13T10:43:00","guid":{"rendered":"https:\/\/portaltela.pt\/noticias\/2026\/04\/13\/candidaturas-dos-herois-betano-abrem-se-com-historias-que-inspiram-o-pais\/"},"modified":"2026-04-13T07:43:00","modified_gmt":"2026-04-13T10:43:00","slug":"candidaturas-dos-herois-betano-abrem-se-com-historias-que-inspiram-o-pais","status":"publish","type":"post","link":"https:\/\/portaltela.pt\/desporto\/futebol\/2026\/04\/13\/candidaturas-dos-herois-betano-abrem-se-com-historias-que-inspiram-o-pais\/","title":{"rendered":"Candidaturas dos Her\u00f3is Betano abrem-se com hist\u00f3rias que inspiram o pa\u00eds"},"content":{"rendered":"<p>O programa Her\u00f3is Betano regressa \u00e0 ribalta com a quinta edi\u00e7\u00e3o, procurando atletas cujas hist\u00f3rias v\u00e3o al\u00e9m dos resultados desportivos. O objetivo \u00e9 revelar trajet\u00f3rias de resili\u00eancia, esfor\u00e7o di\u00e1rio e capacidade de inspirar comunidades.<\/p>\n<p>As candidaturas est\u00e3o abertas at\u00e9 3 de maio, atrav\u00e9s da plataforma oficial herois.pt, para atletas com mais de 18 anos de todas as modalidades. O foco est\u00e1 em talentos que usam o desporto como ferramenta de transforma\u00e7\u00e3o pessoal e social.<\/p>\n<h3>O que \u00e9 diferente nesta edi\u00e7\u00e3o<\/h3>\n<p>Desde o seu lan\u00e7amento em 2021, o programa oferece apoio financeiro, visibilidade e condi\u00e7\u00f5es para evoluir nas carreiras desportivas. A Betano e a Kaizen Gaming pretendem potenciar o desporto como motor de inclus\u00e3o e inspira\u00e7\u00e3o.<\/p>\n<p>Liderado pela Betano Portugal, o projecto destaca que ser Her\u00f3i envolve dedica\u00e7\u00e3o, supera\u00e7\u00e3o e influ\u00eancia positiva junto das comunidades. O objetivo \u00e9 criar oportunidades reais para pr\u00e1tica desportiva acess\u00edvel e inclusiva em Portugal.<\/p>\n<h3>Como funciona o processo de sele\u00e7\u00e3o<\/h3>\n<p>As candidaturas ser\u00e3o avaliadas por um painel da Betano Portugal, que escolher\u00e1 os projetos que v\u00e3o integrar a nova temporada. O foco \u00e9 identificar hist\u00f3rias aut\u00eanticas com impacto e capacidade de motivar outras pessoas a seguir caminhos semelhantes.<\/p>\n<p>O programa valoriza atletas de diversas modalidades, independentemente da exposi\u00e7\u00e3o medi\u00e1tica. A ideia \u00e9 ampliar a representatividade e criar um ecossistema desportivo mais sustent\u00e1vel e inclusivo.<\/p>\n<h3>Hist\u00f3rias que marcaram edi\u00e7\u00f5es anteriores<\/h3>\n<p>Entre os exemplos j\u00e1 conhecidos est\u00e3o nomes como H\u00e9lio Fumo, Norberto Mour\u00e3o, Vicente Pereira, Hugo Ribeiro e o Projeto Sexto Sentido. Tamb\u00e9m destacam-se as duplas Anna Carvalho e In\u00eas Dubini, que viram o apoio impulsionar o crescimento.<\/p>\n<p>Relatos dos atletas apontam que o programa abriu portas, ofereceu novas experi\u00eancias competitivas e refor\u00e7ou a confian\u00e7a no pr\u00f3prio potencial. Em muitos casos, o apoio ajudou a transformar esfor\u00e7o em reconhecimento e ambi\u00e7\u00e3o em realidade.<\/p>\n<h3>Porqu\u00ea participar<\/h3>\n<p>Para quem conhece uma hist\u00f3ria que merece divulga\u00e7\u00e3o, este \u00e9 o momento de se candidatar. O programa procura dar voz a exemplos de dedica\u00e7\u00e3o e supera\u00e7\u00e3o, contribuindo para um desporto mais acess\u00edvel e representativo em Portugal.<\/p>\n<p>As candidaturas podem ser feitas em herois.pt, onde est\u00e3o reunidas todas as informa\u00e7\u00f5es sobre o programa Her\u00f3is Betano. A iniciativa \u00e9 promovida pela Betano, marca da Kaizen Gaming, uma das maiores empresas de GameTech mundial, dedicada a valorizar os verdadeiros her\u00f3is do desporto nacional.<\/p>\n","protected":false},"excerpt":{"rendered":"<ul>\n<li>Her\u00f3is Betano regressa \u00e0 quinta edi\u00e7\u00e3o, procurando hist\u00f3rias que v\u00e3o al\u00e9m da competi\u00e7\u00e3o e inspiram o pa\u00eds.<\/li>\n<li>As candidaturas, at\u00e9 3 de maio, s\u00e3o para atletas maiores de 18 anos de todas as modalidades.<\/li>\n<li>O programa oferece apoio financeiro, log\u00edstico e de visibilidade para tornar o desporto mais acess\u00edvel e inclusivo.<\/li>\n<li>Um painel da Betano Portugal ir\u00e1 avaliar os projetos e escolher os atletas que integrar\u00e3o a nova temporada.<\/li>\n<li>Hist\u00f3rias j\u00e1 destacadas incluem nomes como H\u00e9lio Fumo, Norberto Mour\u00e3o, Vicente Pereira, Hugo Ribeiro e atletas Anna Carvalho e In\u00eas Dubini.<\/li>\n<\/ul>\n","protected":false},"author":2,"featured_media":442295,"comment_status":"closed","ping_status":"closed","sticky":false,"template":"","format":"standard","meta":{"footnotes":""},"categories":[21,24],"tags":[7936,7928,7902,370,4074,1014],"class_list":["post-442294","post","type-post","status-publish","format-standard","has-post-thumbnail","hentry","category-desporto","category-futebol","tag-_acao-social","tag-_desenvolvimento-sustentavel","tag-_desporto","tag-cidadania","tag-inclusao-social","tag-portugal"],"yoast_head":"<!-- This site is optimized with the Yoast SEO plugin v27.2 - https:\/\/yoast.com\/product\/yoast-seo-wordpress\/ -->\n<title>Candidaturas dos Her\u00f3is Betano abrem-se com hist\u00f3rias que inspiram o pa\u00eds - Portal Tela Portugal<\/title>\n<meta name=\"robots\" content=\"index, follow, max-snippet:-1, max-image-preview:large, max-video-preview:-1\" \/>\n<meta property=\"og:locale\" content=\"pt_PT\" \/>\n<meta property=\"og:type\" content=\"article\" \/>\n<meta property=\"og:title\" content=\"Candidaturas dos Her\u00f3is Betano abrem-se com hist\u00f3rias que inspiram o pa\u00eds - Portal Tela Portugal\" \/>\n<meta property=\"og:description\" content=\"Her\u00f3is Betano regressa \u00e0 quinta edi\u00e7\u00e3o, procurando hist\u00f3rias que v\u00e3o al\u00e9m da competi\u00e7\u00e3o e inspiram o pa\u00eds. As candidaturas, at\u00e9 3 de maio, s\u00e3o para atletas maiores de 18 anos de todas as modalidades. O programa oferece apoio financeiro, log\u00edstico e de visibilidade para tornar o desporto mais acess\u00edvel e inclusivo. Um painel da Betano Portugal ir\u00e1 avaliar os projetos e escolher os atletas que integrar\u00e3o a nova temporada. Hist\u00f3rias j\u00e1 destacadas incluem nomes como H\u00e9lio Fumo, Norberto Mour\u00e3o, Vicente Pereira, Hugo Ribeiro e atletas Anna Carvalho e In\u00eas Dubini.\" \/>\n<meta property=\"og:url\" content=\"https:\/\/portaltela.pt\/noticias\/2026\/04\/13\/candidaturas-dos-herois-betano-abrem-se-com-historias-que-inspiram-o-pais\/\" \/>\n<meta property=\"og:site_name\" content=\"Portal Tela Portugal\" \/>\n<meta property=\"article:published_time\" content=\"2026-04-13T10:43:00+00:00\" \/>\n<meta name=\"author\" content=\"Telinha\" \/>\n<meta name=\"twitter:card\" content=\"summary_large_image\" \/>\n<meta name=\"twitter:label1\" content=\"Escrito por\" \/>\n\t<meta name=\"twitter:data1\" content=\"Telinha\" \/>\n\t<meta name=\"twitter:label2\" content=\"Tempo estimado de leitura\" \/>\n\t<meta name=\"twitter:data2\" content=\"2 minutos\" \/>\n<script type=\"application\/ld+json\" class=\"yoast-schema-graph\">{\"@context\":\"https:\/\/schema.org\",\"@graph\":[{\"@type\":\"Article\",\"@id\":\"https:\/\/portaltela.pt\/noticias\/2026\/04\/13\/candidaturas-dos-herois-betano-abrem-se-com-historias-que-inspiram-o-pais\/#article\",\"isPartOf\":{\"@id\":\"https:\/\/portaltela.pt\/noticias\/2026\/04\/13\/candidaturas-dos-herois-betano-abrem-se-com-historias-que-inspiram-o-pais\/\"},\"author\":{\"name\":\"Telinha\",\"@id\":\"https:\/\/portaltela.pt\/#\/schema\/person\/c4278d4a6028830caff9ee44b42d32ed\"},\"headline\":\"Candidaturas dos Her\u00f3is Betano abrem-se com hist\u00f3rias que inspiram o pa\u00eds\",\"datePublished\":\"2026-04-13T10:43:00+00:00\",\"mainEntityOfPage\":{\"@id\":\"https:\/\/portaltela.pt\/noticias\/2026\/04\/13\/candidaturas-dos-herois-betano-abrem-se-com-historias-que-inspiram-o-pais\/\"},\"wordCount\":435,\"image\":{\"@id\":\"https:\/\/portaltela.pt\/noticias\/2026\/04\/13\/candidaturas-dos-herois-betano-abrem-se-com-historias-que-inspiram-o-pais\/#primaryimage\"},\"thumbnailUrl\":\"https:\/\/portaltela.pt\/s.01k8rhncp4jt1\/2026\/04\/img_1500x1000uu2026-04-09-16-38-50-2277523-im-639113495768788072.jpg\",\"keywords\":[\"_a\u00e7\u00e3o social\",\"_desenvolvimento sustent\u00e1vel\",\"_desporto\",\"cidadania\",\"inclus\u00e3o social\",\"Portugal\"],\"articleSection\":[\"Desporto\",\"Futebol\"],\"inLanguage\":\"pt-PT\"},{\"@type\":\"WebPage\",\"@id\":\"https:\/\/portaltela.pt\/noticias\/2026\/04\/13\/candidaturas-dos-herois-betano-abrem-se-com-historias-que-inspiram-o-pais\/\",\"url\":\"https:\/\/portaltela.pt\/noticias\/2026\/04\/13\/candidaturas-dos-herois-betano-abrem-se-com-historias-que-inspiram-o-pais\/\",\"name\":\"Candidaturas dos Her\u00f3is Betano abrem-se com hist\u00f3rias que inspiram o pa\u00eds - Portal Tela Portugal\",\"isPartOf\":{\"@id\":\"https:\/\/portaltela.pt\/#website\"},\"primaryImageOfPage\":{\"@id\":\"https:\/\/portaltela.pt\/noticias\/2026\/04\/13\/candidaturas-dos-herois-betano-abrem-se-com-historias-que-inspiram-o-pais\/#primaryimage\"},\"image\":{\"@id\":\"https:\/\/portaltela.pt\/noticias\/2026\/04\/13\/candidaturas-dos-herois-betano-abrem-se-com-historias-que-inspiram-o-pais\/#primaryimage\"},\"thumbnailUrl\":\"https:\/\/portaltela.pt\/s.01k8rhncp4jt1\/2026\/04\/img_1500x1000uu2026-04-09-16-38-50-2277523-im-639113495768788072.jpg\",\"datePublished\":\"2026-04-13T10:43:00+00:00\",\"author\":{\"@id\":\"https:\/\/portaltela.pt\/#\/schema\/person\/c4278d4a6028830caff9ee44b42d32ed\"},\"breadcrumb\":{\"@id\":\"https:\/\/portaltela.pt\/noticias\/2026\/04\/13\/candidaturas-dos-herois-betano-abrem-se-com-historias-que-inspiram-o-pais\/#breadcrumb\"},\"inLanguage\":\"pt-PT\",\"potentialAction\":[{\"@type\":\"ReadAction\",\"target\":[\"https:\/\/portaltela.pt\/noticias\/2026\/04\/13\/candidaturas-dos-herois-betano-abrem-se-com-historias-que-inspiram-o-pais\/\"]}]},{\"@type\":\"ImageObject\",\"inLanguage\":\"pt-PT\",\"@id\":\"https:\/\/portaltela.pt\/noticias\/2026\/04\/13\/candidaturas-dos-herois-betano-abrem-se-com-historias-que-inspiram-o-pais\/#primaryimage\",\"url\":\"https:\/\/portaltela.pt\/s.01k8rhncp4jt1\/2026\/04\/img_1500x1000uu2026-04-09-16-38-50-2277523-im-639113495768788072.jpg\",\"contentUrl\":\"https:\/\/portaltela.pt\/s.01k8rhncp4jt1\/2026\/04\/img_1500x1000uu2026-04-09-16-38-50-2277523-im-639113495768788072.jpg\",\"width\":796,\"height\":448,\"caption\":\"C-Studio 237A8478.jpg\"},{\"@type\":\"BreadcrumbList\",\"@id\":\"https:\/\/portaltela.pt\/noticias\/2026\/04\/13\/candidaturas-dos-herois-betano-abrem-se-com-historias-que-inspiram-o-pais\/#breadcrumb\",\"itemListElement\":[{\"@type\":\"ListItem\",\"position\":1,\"name\":\"In\u00edcio\",\"item\":\"https:\/\/portaltela.pt\/\"},{\"@type\":\"ListItem\",\"position\":2,\"name\":\"Candidaturas dos Her\u00f3is Betano abrem-se com hist\u00f3rias que inspiram o pa\u00eds\"}]},{\"@type\":\"WebSite\",\"@id\":\"https:\/\/portaltela.pt\/#website\",\"url\":\"https:\/\/portaltela.pt\/\",\"name\":\"Portal Tela Portugal\",\"description\":\"\",\"potentialAction\":[{\"@type\":\"SearchAction\",\"target\":{\"@type\":\"EntryPoint\",\"urlTemplate\":\"https:\/\/portaltela.pt\/?s={search_term_string}\"},\"query-input\":{\"@type\":\"PropertyValueSpecification\",\"valueRequired\":true,\"valueName\":\"search_term_string\"}}],\"inLanguage\":\"pt-PT\"},{\"@type\":\"Person\",\"@id\":\"https:\/\/portaltela.pt\/#\/schema\/person\/c4278d4a6028830caff9ee44b42d32ed\",\"name\":\"Telinha\",\"image\":{\"@type\":\"ImageObject\",\"inLanguage\":\"pt-PT\",\"@id\":\"https:\/\/portaltela.pt\/s.01k8rhncp4jt1\/2025\/11\/talking-bot-125x125.png\",\"url\":\"https:\/\/portaltela.pt\/s.01k8rhncp4jt1\/2025\/11\/talking-bot-125x125.png\",\"contentUrl\":\"https:\/\/portaltela.pt\/s.01k8rhncp4jt1\/2025\/11\/talking-bot-125x125.png\",\"caption\":\"Telinha\"},\"sameAs\":[\"https:\/\/portaltela.pt\/\"],\"url\":\"https:\/\/portaltela.pt\/por\/367410592786\/\"}]}<\/script>\n<!-- \/ Yoast SEO plugin. -->","yoast_head_json":{"title":"Candidaturas dos Her\u00f3is Betano abrem-se com hist\u00f3rias que inspiram o pa\u00eds - Portal Tela Portugal","robots":{"index":"index","follow":"follow","max-snippet":"max-snippet:-1","max-image-preview":"max-image-preview:large","max-video-preview":"max-video-preview:-1"},"og_locale":"pt_PT","og_type":"article","og_title":"Candidaturas dos Her\u00f3is Betano abrem-se com hist\u00f3rias que inspiram o pa\u00eds - Portal Tela Portugal","og_description":"Her\u00f3is Betano regressa \u00e0 quinta edi\u00e7\u00e3o, procurando hist\u00f3rias que v\u00e3o al\u00e9m da competi\u00e7\u00e3o e inspiram o pa\u00eds. As candidaturas, at\u00e9 3 de maio, s\u00e3o para atletas maiores de 18 anos de todas as modalidades. O programa oferece apoio financeiro, log\u00edstico e de visibilidade para tornar o desporto mais acess\u00edvel e inclusivo. Um painel da Betano Portugal ir\u00e1 avaliar os projetos e escolher os atletas que integrar\u00e3o a nova temporada. Hist\u00f3rias j\u00e1 destacadas incluem nomes como H\u00e9lio Fumo, Norberto Mour\u00e3o, Vicente Pereira, Hugo Ribeiro e atletas Anna Carvalho e In\u00eas Dubini.","og_url":"https:\/\/portaltela.pt\/noticias\/2026\/04\/13\/candidaturas-dos-herois-betano-abrem-se-com-historias-que-inspiram-o-pais\/","og_site_name":"Portal Tela Portugal","article_published_time":"2026-04-13T10:43:00+00:00","author":"Telinha","twitter_card":"summary_large_image","twitter_misc":{"Escrito por":"Telinha","Tempo estimado de leitura":"2 minutos"},"schema":{"@context":"https:\/\/schema.org","@graph":[{"@type":"Article","@id":"https:\/\/portaltela.pt\/noticias\/2026\/04\/13\/candidaturas-dos-herois-betano-abrem-se-com-historias-que-inspiram-o-pais\/#article","isPartOf":{"@id":"https:\/\/portaltela.pt\/noticias\/2026\/04\/13\/candidaturas-dos-herois-betano-abrem-se-com-historias-que-inspiram-o-pais\/"},"author":{"name":"Telinha","@id":"https:\/\/portaltela.pt\/#\/schema\/person\/c4278d4a6028830caff9ee44b42d32ed"},"headline":"Candidaturas dos Her\u00f3is Betano abrem-se com hist\u00f3rias que inspiram o pa\u00eds","datePublished":"2026-04-13T10:43:00+00:00","mainEntityOfPage":{"@id":"https:\/\/portaltela.pt\/noticias\/2026\/04\/13\/candidaturas-dos-herois-betano-abrem-se-com-historias-que-inspiram-o-pais\/"},"wordCount":435,"image":{"@id":"https:\/\/portaltela.pt\/noticias\/2026\/04\/13\/candidaturas-dos-herois-betano-abrem-se-com-historias-que-inspiram-o-pais\/#primaryimage"},"thumbnailUrl":"https:\/\/portaltela.pt\/s.01k8rhncp4jt1\/2026\/04\/img_1500x1000uu2026-04-09-16-38-50-2277523-im-639113495768788072.jpg","keywords":["_a\u00e7\u00e3o social","_desenvolvimento sustent\u00e1vel","_desporto","cidadania","inclus\u00e3o social","Portugal"],"articleSection":["Desporto","Futebol"],"inLanguage":"pt-PT"},{"@type":"WebPage","@id":"https:\/\/portaltela.pt\/noticias\/2026\/04\/13\/candidaturas-dos-herois-betano-abrem-se-com-historias-que-inspiram-o-pais\/","url":"https:\/\/portaltela.pt\/noticias\/2026\/04\/13\/candidaturas-dos-herois-betano-abrem-se-com-historias-que-inspiram-o-pais\/","name":"Candidaturas dos Her\u00f3is Betano abrem-se com hist\u00f3rias que inspiram o pa\u00eds - Portal Tela Portugal","isPartOf":{"@id":"https:\/\/portaltela.pt\/#website"},"primaryImageOfPage":{"@id":"https:\/\/portaltela.pt\/noticias\/2026\/04\/13\/candidaturas-dos-herois-betano-abrem-se-com-historias-que-inspiram-o-pais\/#primaryimage"},"image":{"@id":"https:\/\/portaltela.pt\/noticias\/2026\/04\/13\/candidaturas-dos-herois-betano-abrem-se-com-historias-que-inspiram-o-pais\/#primaryimage"},"thumbnailUrl":"https:\/\/portaltela.pt\/s.01k8rhncp4jt1\/2026\/04\/img_1500x1000uu2026-04-09-16-38-50-2277523-im-639113495768788072.jpg","datePublished":"2026-04-13T10:43:00+00:00","author":{"@id":"https:\/\/portaltela.pt\/#\/schema\/person\/c4278d4a6028830caff9ee44b42d32ed"},"breadcrumb":{"@id":"https:\/\/portaltela.pt\/noticias\/2026\/04\/13\/candidaturas-dos-herois-betano-abrem-se-com-historias-que-inspiram-o-pais\/#breadcrumb"},"inLanguage":"pt-PT","potentialAction":[{"@type":"ReadAction","target":["https:\/\/portaltela.pt\/noticias\/2026\/04\/13\/candidaturas-dos-herois-betano-abrem-se-com-historias-que-inspiram-o-pais\/"]}]},{"@type":"ImageObject","inLanguage":"pt-PT","@id":"https:\/\/portaltela.pt\/noticias\/2026\/04\/13\/candidaturas-dos-herois-betano-abrem-se-com-historias-que-inspiram-o-pais\/#primaryimage","url":"https:\/\/portaltela.pt\/s.01k8rhncp4jt1\/2026\/04\/img_1500x1000uu2026-04-09-16-38-50-2277523-im-639113495768788072.jpg","contentUrl":"https:\/\/portaltela.pt\/s.01k8rhncp4jt1\/2026\/04\/img_1500x1000uu2026-04-09-16-38-50-2277523-im-639113495768788072.jpg","width":796,"height":448,"caption":"C-Studio 237A8478.jpg"},{"@type":"BreadcrumbList","@id":"https:\/\/portaltela.pt\/noticias\/2026\/04\/13\/candidaturas-dos-herois-betano-abrem-se-com-historias-que-inspiram-o-pais\/#breadcrumb","itemListElement":[{"@type":"ListItem","position":1,"name":"In\u00edcio","item":"https:\/\/portaltela.pt\/"},{"@type":"ListItem","position":2,"name":"Candidaturas dos Her\u00f3is Betano abrem-se com hist\u00f3rias que inspiram o pa\u00eds"}]},{"@type":"WebSite","@id":"https:\/\/portaltela.pt\/#website","url":"https:\/\/portaltela.pt\/","name":"Portal Tela Portugal","description":"","potentialAction":[{"@type":"SearchAction","target":{"@type":"EntryPoint","urlTemplate":"https:\/\/portaltela.pt\/?s={search_term_string}"},"query-input":{"@type":"PropertyValueSpecification","valueRequired":true,"valueName":"search_term_string"}}],"inLanguage":"pt-PT"},{"@type":"Person","@id":"https:\/\/portaltela.pt\/#\/schema\/person\/c4278d4a6028830caff9ee44b42d32ed","name":"Telinha","image":{"@type":"ImageObject","inLanguage":"pt-PT","@id":"https:\/\/portaltela.pt\/s.01k8rhncp4jt1\/2025\/11\/talking-bot-125x125.png","url":"https:\/\/portaltela.pt\/s.01k8rhncp4jt1\/2025\/11\/talking-bot-125x125.png","contentUrl":"https:\/\/portaltela.pt\/s.01k8rhncp4jt1\/2025\/11\/talking-bot-125x125.png","caption":"Telinha"},"sameAs":["https:\/\/portaltela.pt\/"],"url":"https:\/\/portaltela.pt\/por\/367410592786\/"}]}},"_links":{"self":[{"href":"https:\/\/portaltela.pt\/api\/wp\/v2\/posts\/442294","targetHints":{"allow":["GET"]}}],"collection":[{"href":"https:\/\/portaltela.pt\/api\/wp\/v2\/posts"}],"about":[{"href":"https:\/\/portaltela.pt\/api\/wp\/v2\/types\/post"}],"author":[{"embeddable":true,"href":"https:\/\/portaltela.pt\/api\/wp\/v2\/users\/2"}],"replies":[{"embeddable":true,"href":"https:\/\/portaltela.pt\/api\/wp\/v2\/comments?post=442294"}],"version-history":[{"count":0,"href":"https:\/\/portaltela.pt\/api\/wp\/v2\/posts\/442294\/revisions"}],"wp:featuredmedia":[{"embeddable":true,"href":"https:\/\/portaltela.pt\/api\/wp\/v2\/media\/442295"}],"wp:attachment":[{"href":"https:\/\/portaltela.pt\/api\/wp\/v2\/media?parent=442294"}],"wp:term":[{"taxonomy":"category","embeddable":true,"href":"https:\/\/portaltela.pt\/api\/wp\/v2\/categories?post=442294"},{"taxonomy":"post_tag","embeddable":true,"href":"https:\/\/portaltela.pt\/api\/wp\/v2\/tags?post=442294"}],"curies":[{"name":"wp","href":"https:\/\/api.w.org\/{rel}","templated":true}]}}