{"id":442138,"date":"2026-04-13T06:32:22","date_gmt":"2026-04-13T09:32:22","guid":{"rendered":"https:\/\/portaltela.pt\/noticias\/2026\/04\/13\/neemias-queta-no-podio-da-nba-em-lancamentos-de-campo\/"},"modified":"2026-04-13T06:32:22","modified_gmt":"2026-04-13T09:32:22","slug":"neemias-queta-no-podio-da-nba-em-lancamentos-de-campo","status":"publish","type":"post","link":"https:\/\/portaltela.pt\/desporto\/futebol\/2026\/04\/13\/neemias-queta-no-podio-da-nba-em-lancamentos-de-campo\/","title":{"rendered":"Neemias Queta no p\u00f3dio da NBA em lan\u00e7amentos de campo"},"content":{"rendered":"<p>Neemias Queta fechou a \u00e9poca regular da NBA no top 3 dos lan\u00e7amentos de campo, na primeira \u00e9poca como titular dos Boston Celtics. O pivot luso destacou-se ainda na defesa, em pleno 2025\/26.<\/p>\n<p>O portugu\u00eas, de 26 anos, soma 65,3% de acerto nos lan\u00e7amentos, posi\u00e7\u00e3o atr\u00e1s de Rudy Gobert e Deandre Ayton. Registo que supera as suas marcas anteriores, com mais lan\u00e7amentos para sustentar o ranking.<\/p>\n<p>Ao longo da temporada, Queta terminou com 326 lan\u00e7amentos convertidos, superando os 222 de fases passadas. Registou ainda um total de 499 tentativas, bem acima das 354 de 2024\/25.<\/p>\n<h3>Desarmes de Lan\u00e7amento e Ressaltos<\/h3>\n<p>Entre os destaques, Queta aparece no top 20 em desarmes de lan\u00e7amento (14.\u00ba, com 1,3 por jogo) e em ressaltos (18.\u00ba, com 8,4 por jogo). O jogador soma ainda 3,0 ressaltos ofensivos de m\u00e9dia.<\/p>\n<p>Nos Celtics, o atleta contribuiu tamb\u00e9m no total de pontos, onde ficou fora do top 100 da liga, com 10,2 pontos por jogo. No conjunto da equipa, Anfernee Simons liderou com 14,2 pontos por encontro.<\/p>\n","protected":false},"excerpt":{"rendered":"<ul>\n<li>Neemias Queta terminou a temporada regular da NBA em terceiro nos lan\u00e7amentos de campo, com 65,3%, na sua primeira \u00e9poca como titular dos Boston Celtics em 2025\/26.<\/li>\n<li>Est\u00e1 atr\u00e1s apenas de Rudy Gobert (68,2%) e Deandre Ayton (67,1%), com 326 lan\u00e7amentos convertidos em 491 tentados.<\/li>\n<li>Os seus 326 acertos superam bastante o total das quatro primeiras \u00e9pocas (222) e os 499 lan\u00e7amentos tentados, face a 354 na temporada anterior.<\/li>\n<li>Tamb\u00e9m se destacou nos ressaltos ofensivos, sendo nono no conjunto da liga com 3,0 por jogo; est\u00e1 ainda entre os top 20 em desarmes (14.\u00ba, 1,3 por jogo) e em ressaltos totais (18.\u00ba, 8,4 por jogo).<\/li>\n<li>Em pontos marcados, n\u00e3o aparece no top 100, com 10,2 pontos por jogo, sendo o sexto melhor dos Celtics, atr\u00e1s de Anfernee Simons (14,2).<\/li>\n<\/ul>\n","protected":false},"author":2,"featured_media":442140,"comment_status":"closed","ping_status":"closed","sticky":false,"template":"","format":"standard","meta":{"footnotes":""},"categories":[21,24],"tags":[392,6574,152,2619,242,1014],"class_list":["post-442138","post","type-post","status-publish","format-standard","has-post-thumbnail","hentry","category-desporto","category-futebol","tag-basquetebol","tag-defesa","tag-desporto","tag-desportos-internacionais","tag-jogadores","tag-portugal"],"yoast_head":"<!-- This site is optimized with the Yoast SEO plugin v27.2 - https:\/\/yoast.com\/product\/yoast-seo-wordpress\/ -->\n<title>Neemias Queta no p\u00f3dio da NBA em lan\u00e7amentos de campo - Portal Tela Portugal<\/title>\n<meta name=\"robots\" content=\"index, follow, max-snippet:-1, max-image-preview:large, max-video-preview:-1\" \/>\n<meta property=\"og:locale\" content=\"pt_PT\" \/>\n<meta property=\"og:type\" content=\"article\" \/>\n<meta property=\"og:title\" content=\"Neemias Queta no p\u00f3dio da NBA em lan\u00e7amentos de campo - Portal Tela Portugal\" \/>\n<meta property=\"og:description\" content=\"Neemias Queta terminou a temporada regular da NBA em terceiro nos lan\u00e7amentos de campo, com 65,3%, na sua primeira \u00e9poca como titular dos Boston Celtics em 2025\/26. Est\u00e1 atr\u00e1s apenas de Rudy Gobert (68,2%) e Deandre Ayton (67,1%), com 326 lan\u00e7amentos convertidos em 491 tentados. Os seus 326 acertos superam bastante o total das quatro primeiras \u00e9pocas (222) e os 499 lan\u00e7amentos tentados, face a 354 na temporada anterior. Tamb\u00e9m se destacou nos ressaltos ofensivos, sendo nono no conjunto da liga com 3,0 por jogo; est\u00e1 ainda entre os top 20 em desarmes (14.\u00ba, 1,3 por jogo) e em ressaltos totais (18.\u00ba, 8,4 por jogo). Em pontos marcados, n\u00e3o aparece no top 100, com 10,2 pontos por jogo, sendo o sexto melhor dos Celtics, atr\u00e1s de Anfernee Simons (14,2).\" \/>\n<meta property=\"og:url\" content=\"https:\/\/portaltela.pt\/noticias\/2026\/04\/13\/neemias-queta-no-podio-da-nba-em-lancamentos-de-campo\/\" \/>\n<meta property=\"og:site_name\" content=\"Portal Tela Portugal\" \/>\n<meta property=\"article:published_time\" content=\"2026-04-13T09:32:22+00:00\" \/>\n<meta name=\"author\" content=\"Telinha\" \/>\n<meta name=\"twitter:card\" content=\"summary_large_image\" \/>\n<meta name=\"twitter:label1\" content=\"Escrito por\" \/>\n\t<meta name=\"twitter:data1\" content=\"Telinha\" \/>\n\t<meta name=\"twitter:label2\" content=\"Tempo estimado de leitura\" \/>\n\t<meta name=\"twitter:data2\" content=\"1 minuto\" \/>\n<script type=\"application\/ld+json\" class=\"yoast-schema-graph\">{\"@context\":\"https:\/\/schema.org\",\"@graph\":[{\"@type\":\"Article\",\"@id\":\"https:\/\/portaltela.pt\/noticias\/2026\/04\/13\/neemias-queta-no-podio-da-nba-em-lancamentos-de-campo\/#article\",\"isPartOf\":{\"@id\":\"https:\/\/portaltela.pt\/noticias\/2026\/04\/13\/neemias-queta-no-podio-da-nba-em-lancamentos-de-campo\/\"},\"author\":{\"name\":\"Telinha\",\"@id\":\"https:\/\/portaltela.pt\/#\/schema\/person\/c4278d4a6028830caff9ee44b42d32ed\"},\"headline\":\"Neemias Queta no p\u00f3dio da NBA em lan\u00e7amentos de campo\",\"datePublished\":\"2026-04-13T09:32:22+00:00\",\"mainEntityOfPage\":{\"@id\":\"https:\/\/portaltela.pt\/noticias\/2026\/04\/13\/neemias-queta-no-podio-da-nba-em-lancamentos-de-campo\/\"},\"wordCount\":174,\"image\":{\"@id\":\"https:\/\/portaltela.pt\/noticias\/2026\/04\/13\/neemias-queta-no-podio-da-nba-em-lancamentos-de-campo\/#primaryimage\"},\"thumbnailUrl\":\"https:\/\/portaltela.pt\/s.01k8rhncp4jt1\/2026\/04\/img_920x518uu2026-01-11-10-44-02-2414102-im-639116722977852430.jpg\",\"keywords\":[\"basquetebol\",\"defesa\",\"desporto\",\"desportos internacionais\",\"jogadores\",\"Portugal\"],\"articleSection\":[\"Desporto\",\"Futebol\"],\"inLanguage\":\"pt-PT\"},{\"@type\":\"WebPage\",\"@id\":\"https:\/\/portaltela.pt\/noticias\/2026\/04\/13\/neemias-queta-no-podio-da-nba-em-lancamentos-de-campo\/\",\"url\":\"https:\/\/portaltela.pt\/noticias\/2026\/04\/13\/neemias-queta-no-podio-da-nba-em-lancamentos-de-campo\/\",\"name\":\"Neemias Queta no p\u00f3dio da NBA em lan\u00e7amentos de campo - Portal Tela Portugal\",\"isPartOf\":{\"@id\":\"https:\/\/portaltela.pt\/#website\"},\"primaryImageOfPage\":{\"@id\":\"https:\/\/portaltela.pt\/noticias\/2026\/04\/13\/neemias-queta-no-podio-da-nba-em-lancamentos-de-campo\/#primaryimage\"},\"image\":{\"@id\":\"https:\/\/portaltela.pt\/noticias\/2026\/04\/13\/neemias-queta-no-podio-da-nba-em-lancamentos-de-campo\/#primaryimage\"},\"thumbnailUrl\":\"https:\/\/portaltela.pt\/s.01k8rhncp4jt1\/2026\/04\/img_920x518uu2026-01-11-10-44-02-2414102-im-639116722977852430.jpg\",\"datePublished\":\"2026-04-13T09:32:22+00:00\",\"author\":{\"@id\":\"https:\/\/portaltela.pt\/#\/schema\/person\/c4278d4a6028830caff9ee44b42d32ed\"},\"breadcrumb\":{\"@id\":\"https:\/\/portaltela.pt\/noticias\/2026\/04\/13\/neemias-queta-no-podio-da-nba-em-lancamentos-de-campo\/#breadcrumb\"},\"inLanguage\":\"pt-PT\",\"potentialAction\":[{\"@type\":\"ReadAction\",\"target\":[\"https:\/\/portaltela.pt\/noticias\/2026\/04\/13\/neemias-queta-no-podio-da-nba-em-lancamentos-de-campo\/\"]}]},{\"@type\":\"ImageObject\",\"inLanguage\":\"pt-PT\",\"@id\":\"https:\/\/portaltela.pt\/noticias\/2026\/04\/13\/neemias-queta-no-podio-da-nba-em-lancamentos-de-campo\/#primaryimage\",\"url\":\"https:\/\/portaltela.pt\/s.01k8rhncp4jt1\/2026\/04\/img_920x518uu2026-01-11-10-44-02-2414102-im-639116722977852430.jpg\",\"contentUrl\":\"https:\/\/portaltela.pt\/s.01k8rhncp4jt1\/2026\/04\/img_920x518uu2026-01-11-10-44-02-2414102-im-639116722977852430.jpg\",\"width\":796,\"height\":448,\"caption\":\"Neemias Queta em destaque nos Boston Celtic\"},{\"@type\":\"BreadcrumbList\",\"@id\":\"https:\/\/portaltela.pt\/noticias\/2026\/04\/13\/neemias-queta-no-podio-da-nba-em-lancamentos-de-campo\/#breadcrumb\",\"itemListElement\":[{\"@type\":\"ListItem\",\"position\":1,\"name\":\"In\u00edcio\",\"item\":\"https:\/\/portaltela.pt\/\"},{\"@type\":\"ListItem\",\"position\":2,\"name\":\"Neemias Queta no p\u00f3dio da NBA em lan\u00e7amentos de campo\"}]},{\"@type\":\"WebSite\",\"@id\":\"https:\/\/portaltela.pt\/#website\",\"url\":\"https:\/\/portaltela.pt\/\",\"name\":\"Portal Tela Portugal\",\"description\":\"\",\"potentialAction\":[{\"@type\":\"SearchAction\",\"target\":{\"@type\":\"EntryPoint\",\"urlTemplate\":\"https:\/\/portaltela.pt\/?s={search_term_string}\"},\"query-input\":{\"@type\":\"PropertyValueSpecification\",\"valueRequired\":true,\"valueName\":\"search_term_string\"}}],\"inLanguage\":\"pt-PT\"},{\"@type\":\"Person\",\"@id\":\"https:\/\/portaltela.pt\/#\/schema\/person\/c4278d4a6028830caff9ee44b42d32ed\",\"name\":\"Telinha\",\"image\":{\"@type\":\"ImageObject\",\"inLanguage\":\"pt-PT\",\"@id\":\"https:\/\/portaltela.pt\/s.01k8rhncp4jt1\/2025\/11\/talking-bot-125x125.png\",\"url\":\"https:\/\/portaltela.pt\/s.01k8rhncp4jt1\/2025\/11\/talking-bot-125x125.png\",\"contentUrl\":\"https:\/\/portaltela.pt\/s.01k8rhncp4jt1\/2025\/11\/talking-bot-125x125.png\",\"caption\":\"Telinha\"},\"sameAs\":[\"https:\/\/portaltela.pt\/\"],\"url\":\"https:\/\/portaltela.pt\/por\/367410592786\/\"}]}<\/script>\n<!-- \/ Yoast SEO plugin. -->","yoast_head_json":{"title":"Neemias Queta no p\u00f3dio da NBA em lan\u00e7amentos de campo - Portal Tela Portugal","robots":{"index":"index","follow":"follow","max-snippet":"max-snippet:-1","max-image-preview":"max-image-preview:large","max-video-preview":"max-video-preview:-1"},"og_locale":"pt_PT","og_type":"article","og_title":"Neemias Queta no p\u00f3dio da NBA em lan\u00e7amentos de campo - Portal Tela Portugal","og_description":"Neemias Queta terminou a temporada regular da NBA em terceiro nos lan\u00e7amentos de campo, com 65,3%, na sua primeira \u00e9poca como titular dos Boston Celtics em 2025\/26. Est\u00e1 atr\u00e1s apenas de Rudy Gobert (68,2%) e Deandre Ayton (67,1%), com 326 lan\u00e7amentos convertidos em 491 tentados. Os seus 326 acertos superam bastante o total das quatro primeiras \u00e9pocas (222) e os 499 lan\u00e7amentos tentados, face a 354 na temporada anterior. Tamb\u00e9m se destacou nos ressaltos ofensivos, sendo nono no conjunto da liga com 3,0 por jogo; est\u00e1 ainda entre os top 20 em desarmes (14.\u00ba, 1,3 por jogo) e em ressaltos totais (18.\u00ba, 8,4 por jogo). Em pontos marcados, n\u00e3o aparece no top 100, com 10,2 pontos por jogo, sendo o sexto melhor dos Celtics, atr\u00e1s de Anfernee Simons (14,2).","og_url":"https:\/\/portaltela.pt\/noticias\/2026\/04\/13\/neemias-queta-no-podio-da-nba-em-lancamentos-de-campo\/","og_site_name":"Portal Tela Portugal","article_published_time":"2026-04-13T09:32:22+00:00","author":"Telinha","twitter_card":"summary_large_image","twitter_misc":{"Escrito por":"Telinha","Tempo estimado de leitura":"1 minuto"},"schema":{"@context":"https:\/\/schema.org","@graph":[{"@type":"Article","@id":"https:\/\/portaltela.pt\/noticias\/2026\/04\/13\/neemias-queta-no-podio-da-nba-em-lancamentos-de-campo\/#article","isPartOf":{"@id":"https:\/\/portaltela.pt\/noticias\/2026\/04\/13\/neemias-queta-no-podio-da-nba-em-lancamentos-de-campo\/"},"author":{"name":"Telinha","@id":"https:\/\/portaltela.pt\/#\/schema\/person\/c4278d4a6028830caff9ee44b42d32ed"},"headline":"Neemias Queta no p\u00f3dio da NBA em lan\u00e7amentos de campo","datePublished":"2026-04-13T09:32:22+00:00","mainEntityOfPage":{"@id":"https:\/\/portaltela.pt\/noticias\/2026\/04\/13\/neemias-queta-no-podio-da-nba-em-lancamentos-de-campo\/"},"wordCount":174,"image":{"@id":"https:\/\/portaltela.pt\/noticias\/2026\/04\/13\/neemias-queta-no-podio-da-nba-em-lancamentos-de-campo\/#primaryimage"},"thumbnailUrl":"https:\/\/portaltela.pt\/s.01k8rhncp4jt1\/2026\/04\/img_920x518uu2026-01-11-10-44-02-2414102-im-639116722977852430.jpg","keywords":["basquetebol","defesa","desporto","desportos internacionais","jogadores","Portugal"],"articleSection":["Desporto","Futebol"],"inLanguage":"pt-PT"},{"@type":"WebPage","@id":"https:\/\/portaltela.pt\/noticias\/2026\/04\/13\/neemias-queta-no-podio-da-nba-em-lancamentos-de-campo\/","url":"https:\/\/portaltela.pt\/noticias\/2026\/04\/13\/neemias-queta-no-podio-da-nba-em-lancamentos-de-campo\/","name":"Neemias Queta no p\u00f3dio da NBA em lan\u00e7amentos de campo - Portal Tela Portugal","isPartOf":{"@id":"https:\/\/portaltela.pt\/#website"},"primaryImageOfPage":{"@id":"https:\/\/portaltela.pt\/noticias\/2026\/04\/13\/neemias-queta-no-podio-da-nba-em-lancamentos-de-campo\/#primaryimage"},"image":{"@id":"https:\/\/portaltela.pt\/noticias\/2026\/04\/13\/neemias-queta-no-podio-da-nba-em-lancamentos-de-campo\/#primaryimage"},"thumbnailUrl":"https:\/\/portaltela.pt\/s.01k8rhncp4jt1\/2026\/04\/img_920x518uu2026-01-11-10-44-02-2414102-im-639116722977852430.jpg","datePublished":"2026-04-13T09:32:22+00:00","author":{"@id":"https:\/\/portaltela.pt\/#\/schema\/person\/c4278d4a6028830caff9ee44b42d32ed"},"breadcrumb":{"@id":"https:\/\/portaltela.pt\/noticias\/2026\/04\/13\/neemias-queta-no-podio-da-nba-em-lancamentos-de-campo\/#breadcrumb"},"inLanguage":"pt-PT","potentialAction":[{"@type":"ReadAction","target":["https:\/\/portaltela.pt\/noticias\/2026\/04\/13\/neemias-queta-no-podio-da-nba-em-lancamentos-de-campo\/"]}]},{"@type":"ImageObject","inLanguage":"pt-PT","@id":"https:\/\/portaltela.pt\/noticias\/2026\/04\/13\/neemias-queta-no-podio-da-nba-em-lancamentos-de-campo\/#primaryimage","url":"https:\/\/portaltela.pt\/s.01k8rhncp4jt1\/2026\/04\/img_920x518uu2026-01-11-10-44-02-2414102-im-639116722977852430.jpg","contentUrl":"https:\/\/portaltela.pt\/s.01k8rhncp4jt1\/2026\/04\/img_920x518uu2026-01-11-10-44-02-2414102-im-639116722977852430.jpg","width":796,"height":448,"caption":"Neemias Queta em destaque nos Boston Celtic"},{"@type":"BreadcrumbList","@id":"https:\/\/portaltela.pt\/noticias\/2026\/04\/13\/neemias-queta-no-podio-da-nba-em-lancamentos-de-campo\/#breadcrumb","itemListElement":[{"@type":"ListItem","position":1,"name":"In\u00edcio","item":"https:\/\/portaltela.pt\/"},{"@type":"ListItem","position":2,"name":"Neemias Queta no p\u00f3dio da NBA em lan\u00e7amentos de campo"}]},{"@type":"WebSite","@id":"https:\/\/portaltela.pt\/#website","url":"https:\/\/portaltela.pt\/","name":"Portal Tela Portugal","description":"","potentialAction":[{"@type":"SearchAction","target":{"@type":"EntryPoint","urlTemplate":"https:\/\/portaltela.pt\/?s={search_term_string}"},"query-input":{"@type":"PropertyValueSpecification","valueRequired":true,"valueName":"search_term_string"}}],"inLanguage":"pt-PT"},{"@type":"Person","@id":"https:\/\/portaltela.pt\/#\/schema\/person\/c4278d4a6028830caff9ee44b42d32ed","name":"Telinha","image":{"@type":"ImageObject","inLanguage":"pt-PT","@id":"https:\/\/portaltela.pt\/s.01k8rhncp4jt1\/2025\/11\/talking-bot-125x125.png","url":"https:\/\/portaltela.pt\/s.01k8rhncp4jt1\/2025\/11\/talking-bot-125x125.png","contentUrl":"https:\/\/portaltela.pt\/s.01k8rhncp4jt1\/2025\/11\/talking-bot-125x125.png","caption":"Telinha"},"sameAs":["https:\/\/portaltela.pt\/"],"url":"https:\/\/portaltela.pt\/por\/367410592786\/"}]}},"_links":{"self":[{"href":"https:\/\/portaltela.pt\/api\/wp\/v2\/posts\/442138","targetHints":{"allow":["GET"]}}],"collection":[{"href":"https:\/\/portaltela.pt\/api\/wp\/v2\/posts"}],"about":[{"href":"https:\/\/portaltela.pt\/api\/wp\/v2\/types\/post"}],"author":[{"embeddable":true,"href":"https:\/\/portaltela.pt\/api\/wp\/v2\/users\/2"}],"replies":[{"embeddable":true,"href":"https:\/\/portaltela.pt\/api\/wp\/v2\/comments?post=442138"}],"version-history":[{"count":0,"href":"https:\/\/portaltela.pt\/api\/wp\/v2\/posts\/442138\/revisions"}],"wp:featuredmedia":[{"embeddable":true,"href":"https:\/\/portaltela.pt\/api\/wp\/v2\/media\/442140"}],"wp:attachment":[{"href":"https:\/\/portaltela.pt\/api\/wp\/v2\/media?parent=442138"}],"wp:term":[{"taxonomy":"category","embeddable":true,"href":"https:\/\/portaltela.pt\/api\/wp\/v2\/categories?post=442138"},{"taxonomy":"post_tag","embeddable":true,"href":"https:\/\/portaltela.pt\/api\/wp\/v2\/tags?post=442138"}],"curies":[{"name":"wp","href":"https:\/\/api.w.org\/{rel}","templated":true}]}}