{"id":442101,"date":"2026-04-13T06:02:33","date_gmt":"2026-04-13T09:02:33","guid":{"rendered":"https:\/\/portaltela.pt\/noticias\/2026\/04\/13\/os-teen-titans-retornam-com-novos-episodios\/"},"modified":"2026-04-13T06:02:33","modified_gmt":"2026-04-13T09:02:33","slug":"os-teen-titans-retornam-com-novos-episodios","status":"publish","type":"post","link":"https:\/\/portaltela.pt\/lazer\/2026\/04\/13\/os-teen-titans-retornam-com-novos-episodios\/","title":{"rendered":"Os Teen Titans retornam com novos epis\u00f3dios"},"content":{"rendered":"<p>Os Teen Titans regressam com novos epis\u00f3dios, prometendo misturar a\u00e7\u00e3o com humor. Robin, Starfire, Raven, Beast Boy e Cyborg escolhem entre fazer as coisas bem ou faz\u00ea-las de forma divertida, e a decis\u00e3o tende a ser divertida.<\/p>\n<p>No enredo, os cinco adolescentes transformam cada miss\u00e3o num epis\u00f3dio ca\u00f3tico, sem perder o foco em aventuras de super-her\u00f3is. O tom \u00e9 de com\u00e9dia, com os vil\u00f5es a servir de pretexto para situa\u00e7\u00f5es inesperadas.<\/p>\n<p>Esta temporada acompanha os Titans a explorar uma progress\u00e3o na carreira de super-her\u00f3is. Eles pretendem integrar a lend\u00e1ria For\u00e7a de Combate X, ap\u00f3s falarem com uma figura relevante do sector.<\/p>\n<p>Entre outras perip\u00e9cias, a equipa encara uma miss\u00e3o que envolve fazer rir o Joker, sob a \u00e9gide da chamada Liga das Pernas. A hist\u00f3ria enfatiza disciplina corporal e higiene dos membros inferiores.<\/p>\n<p>As viagens incluem uma visita a Filad\u00e9lfia, onde alinham for\u00e7as com os Bacon Brothers, uma feira medieval singular e uma viagem no tempo. Estas etapas prometem encontros improv\u00e1veis e situa\u00e7\u00f5es ca\u00f3ticas.<\/p>\n<p>Em Portugal, os novos epis\u00f3dios v\u00e3o para o Cartoon Network a partir desta segunda-feira, 13 de abril. A grelha estabelece uma emiss\u00e3o cont\u00ednua para apresentar as aventuras dos Teen Titans aos f\u00e3s nacionais.<\/p>\n","protected":false},"excerpt":{"rendered":"<ul>\n<li>Os Teen Titans voltam com novos epis\u00f3dios, onde o caos \u00e9 a op\u00e7\u00e3o preferida para as aventuras dos cinco super-her\u00f3is adolescentes.<\/li>\n<li>No in\u00edcio destes novos cap\u00edtulos, os Titans procuram avan\u00e7ar na carreira de super-her\u00f3is e visitam a personagem Amanda Waller para propor a integra\u00e7\u00e3o na lend\u00e1ria For\u00e7a de Combate X.<\/li>\n<li>Inclui-se a miss\u00e3o arriscada de fazer rir o Joker, com a Liga das Pernas de volta para demonstrar a higiene dos membros inferiores.<\/li>\n<li>As aventuras incluem uma viagem a Filad\u00e9lfia, encontros com os Bacon Brothers, uma feira medieval pouco comum e uma viagem no tempo.<\/li>\n<li>Em Portugal, os novos epis\u00f3dios v\u00e3o para o Cartoon Network a partir de segunda-feira, 13 de abril.<\/li>\n<\/ul>\n","protected":false},"author":2,"featured_media":442113,"comment_status":"closed","ping_status":"closed","sticky":false,"template":"","format":"standard","meta":{"footnotes":""},"categories":[12,7381],"tags":[7933,7756,5812,70,112,7409],"class_list":["post-442101","post","type-post","status-publish","format-standard","has-post-thumbnail","hentry","category-entretenimento","category-lazer","tag-_comunicacao-social","tag-_cultura","tag-animacao","tag-arte","tag-cinema","tag-televisoes"],"yoast_head":"<!-- This site is optimized with the Yoast SEO plugin v27.2 - https:\/\/yoast.com\/product\/yoast-seo-wordpress\/ -->\n<title>Os Teen Titans retornam com novos epis\u00f3dios - Portal Tela Portugal<\/title>\n<meta name=\"robots\" content=\"index, follow, max-snippet:-1, max-image-preview:large, max-video-preview:-1\" \/>\n<meta property=\"og:locale\" content=\"pt_PT\" \/>\n<meta property=\"og:type\" content=\"article\" \/>\n<meta property=\"og:title\" content=\"Os Teen Titans retornam com novos epis\u00f3dios - Portal Tela Portugal\" \/>\n<meta property=\"og:description\" content=\"Os Teen Titans voltam com novos epis\u00f3dios, onde o caos \u00e9 a op\u00e7\u00e3o preferida para as aventuras dos cinco super-her\u00f3is adolescentes. No in\u00edcio destes novos cap\u00edtulos, os Titans procuram avan\u00e7ar na carreira de super-her\u00f3is e visitam a personagem Amanda Waller para propor a integra\u00e7\u00e3o na lend\u00e1ria For\u00e7a de Combate X. Inclui-se a miss\u00e3o arriscada de fazer rir o Joker, com a Liga das Pernas de volta para demonstrar a higiene dos membros inferiores. As aventuras incluem uma viagem a Filad\u00e9lfia, encontros com os Bacon Brothers, uma feira medieval pouco comum e uma viagem no tempo. Em Portugal, os novos epis\u00f3dios v\u00e3o para o Cartoon Network a partir de segunda-feira, 13 de abril.\" \/>\n<meta property=\"og:url\" content=\"https:\/\/portaltela.pt\/noticias\/2026\/04\/13\/os-teen-titans-retornam-com-novos-episodios\/\" \/>\n<meta property=\"og:site_name\" content=\"Portal Tela Portugal\" \/>\n<meta property=\"article:published_time\" content=\"2026-04-13T09:02:33+00:00\" \/>\n<meta name=\"author\" content=\"Telinha\" \/>\n<meta name=\"twitter:card\" content=\"summary_large_image\" \/>\n<meta name=\"twitter:label1\" content=\"Escrito por\" \/>\n\t<meta name=\"twitter:data1\" content=\"Telinha\" \/>\n\t<meta name=\"twitter:label2\" content=\"Tempo estimado de leitura\" \/>\n\t<meta name=\"twitter:data2\" content=\"1 minuto\" \/>\n<script type=\"application\/ld+json\" class=\"yoast-schema-graph\">{\"@context\":\"https:\/\/schema.org\",\"@graph\":[{\"@type\":\"Article\",\"@id\":\"https:\/\/portaltela.pt\/noticias\/2026\/04\/13\/os-teen-titans-retornam-com-novos-episodios\/#article\",\"isPartOf\":{\"@id\":\"https:\/\/portaltela.pt\/noticias\/2026\/04\/13\/os-teen-titans-retornam-com-novos-episodios\/\"},\"author\":{\"name\":\"Telinha\",\"@id\":\"https:\/\/portaltela.pt\/#\/schema\/person\/c4278d4a6028830caff9ee44b42d32ed\"},\"headline\":\"Os Teen Titans retornam com novos epis\u00f3dios\",\"datePublished\":\"2026-04-13T09:02:33+00:00\",\"mainEntityOfPage\":{\"@id\":\"https:\/\/portaltela.pt\/noticias\/2026\/04\/13\/os-teen-titans-retornam-com-novos-episodios\/\"},\"wordCount\":232,\"image\":{\"@id\":\"https:\/\/portaltela.pt\/noticias\/2026\/04\/13\/os-teen-titans-retornam-com-novos-episodios\/#primaryimage\"},\"thumbnailUrl\":\"https:\/\/portaltela.pt\/s.01k8rhncp4jt1\/2026\/04\/image-748.jpg\",\"keywords\":[\"_comunica\u00e7\u00e3o social\",\"_cultura\",\"anima\u00e7\u00e3o\",\"arte\",\"cinema\",\"televis\u00f5es\"],\"articleSection\":[\"Entretenimento\",\"Lazer\"],\"inLanguage\":\"pt-PT\"},{\"@type\":\"WebPage\",\"@id\":\"https:\/\/portaltela.pt\/noticias\/2026\/04\/13\/os-teen-titans-retornam-com-novos-episodios\/\",\"url\":\"https:\/\/portaltela.pt\/noticias\/2026\/04\/13\/os-teen-titans-retornam-com-novos-episodios\/\",\"name\":\"Os Teen Titans retornam com novos epis\u00f3dios - Portal Tela Portugal\",\"isPartOf\":{\"@id\":\"https:\/\/portaltela.pt\/#website\"},\"primaryImageOfPage\":{\"@id\":\"https:\/\/portaltela.pt\/noticias\/2026\/04\/13\/os-teen-titans-retornam-com-novos-episodios\/#primaryimage\"},\"image\":{\"@id\":\"https:\/\/portaltela.pt\/noticias\/2026\/04\/13\/os-teen-titans-retornam-com-novos-episodios\/#primaryimage\"},\"thumbnailUrl\":\"https:\/\/portaltela.pt\/s.01k8rhncp4jt1\/2026\/04\/image-748.jpg\",\"datePublished\":\"2026-04-13T09:02:33+00:00\",\"author\":{\"@id\":\"https:\/\/portaltela.pt\/#\/schema\/person\/c4278d4a6028830caff9ee44b42d32ed\"},\"breadcrumb\":{\"@id\":\"https:\/\/portaltela.pt\/noticias\/2026\/04\/13\/os-teen-titans-retornam-com-novos-episodios\/#breadcrumb\"},\"inLanguage\":\"pt-PT\",\"potentialAction\":[{\"@type\":\"ReadAction\",\"target\":[\"https:\/\/portaltela.pt\/noticias\/2026\/04\/13\/os-teen-titans-retornam-com-novos-episodios\/\"]}]},{\"@type\":\"ImageObject\",\"inLanguage\":\"pt-PT\",\"@id\":\"https:\/\/portaltela.pt\/noticias\/2026\/04\/13\/os-teen-titans-retornam-com-novos-episodios\/#primaryimage\",\"url\":\"https:\/\/portaltela.pt\/s.01k8rhncp4jt1\/2026\/04\/image-748.jpg\",\"contentUrl\":\"https:\/\/portaltela.pt\/s.01k8rhncp4jt1\/2026\/04\/image-748.jpg\",\"width\":796,\"height\":448,\"caption\":\"Imagem de contexto do artigo Os Teen Titans est\u00e3o de volta com novos epis\u00f3dios\"},{\"@type\":\"BreadcrumbList\",\"@id\":\"https:\/\/portaltela.pt\/noticias\/2026\/04\/13\/os-teen-titans-retornam-com-novos-episodios\/#breadcrumb\",\"itemListElement\":[{\"@type\":\"ListItem\",\"position\":1,\"name\":\"In\u00edcio\",\"item\":\"https:\/\/portaltela.pt\/\"},{\"@type\":\"ListItem\",\"position\":2,\"name\":\"Os Teen Titans retornam com novos epis\u00f3dios\"}]},{\"@type\":\"WebSite\",\"@id\":\"https:\/\/portaltela.pt\/#website\",\"url\":\"https:\/\/portaltela.pt\/\",\"name\":\"Portal Tela Portugal\",\"description\":\"\",\"potentialAction\":[{\"@type\":\"SearchAction\",\"target\":{\"@type\":\"EntryPoint\",\"urlTemplate\":\"https:\/\/portaltela.pt\/?s={search_term_string}\"},\"query-input\":{\"@type\":\"PropertyValueSpecification\",\"valueRequired\":true,\"valueName\":\"search_term_string\"}}],\"inLanguage\":\"pt-PT\"},{\"@type\":\"Person\",\"@id\":\"https:\/\/portaltela.pt\/#\/schema\/person\/c4278d4a6028830caff9ee44b42d32ed\",\"name\":\"Telinha\",\"image\":{\"@type\":\"ImageObject\",\"inLanguage\":\"pt-PT\",\"@id\":\"https:\/\/portaltela.pt\/s.01k8rhncp4jt1\/2025\/11\/talking-bot-125x125.png\",\"url\":\"https:\/\/portaltela.pt\/s.01k8rhncp4jt1\/2025\/11\/talking-bot-125x125.png\",\"contentUrl\":\"https:\/\/portaltela.pt\/s.01k8rhncp4jt1\/2025\/11\/talking-bot-125x125.png\",\"caption\":\"Telinha\"},\"sameAs\":[\"https:\/\/portaltela.pt\/\"],\"url\":\"https:\/\/portaltela.pt\/por\/367410592786\/\"}]}<\/script>\n<!-- \/ Yoast SEO plugin. -->","yoast_head_json":{"title":"Os Teen Titans retornam com novos epis\u00f3dios - Portal Tela Portugal","robots":{"index":"index","follow":"follow","max-snippet":"max-snippet:-1","max-image-preview":"max-image-preview:large","max-video-preview":"max-video-preview:-1"},"og_locale":"pt_PT","og_type":"article","og_title":"Os Teen Titans retornam com novos epis\u00f3dios - Portal Tela Portugal","og_description":"Os Teen Titans voltam com novos epis\u00f3dios, onde o caos \u00e9 a op\u00e7\u00e3o preferida para as aventuras dos cinco super-her\u00f3is adolescentes. No in\u00edcio destes novos cap\u00edtulos, os Titans procuram avan\u00e7ar na carreira de super-her\u00f3is e visitam a personagem Amanda Waller para propor a integra\u00e7\u00e3o na lend\u00e1ria For\u00e7a de Combate X. Inclui-se a miss\u00e3o arriscada de fazer rir o Joker, com a Liga das Pernas de volta para demonstrar a higiene dos membros inferiores. As aventuras incluem uma viagem a Filad\u00e9lfia, encontros com os Bacon Brothers, uma feira medieval pouco comum e uma viagem no tempo. Em Portugal, os novos epis\u00f3dios v\u00e3o para o Cartoon Network a partir de segunda-feira, 13 de abril.","og_url":"https:\/\/portaltela.pt\/noticias\/2026\/04\/13\/os-teen-titans-retornam-com-novos-episodios\/","og_site_name":"Portal Tela Portugal","article_published_time":"2026-04-13T09:02:33+00:00","author":"Telinha","twitter_card":"summary_large_image","twitter_misc":{"Escrito por":"Telinha","Tempo estimado de leitura":"1 minuto"},"schema":{"@context":"https:\/\/schema.org","@graph":[{"@type":"Article","@id":"https:\/\/portaltela.pt\/noticias\/2026\/04\/13\/os-teen-titans-retornam-com-novos-episodios\/#article","isPartOf":{"@id":"https:\/\/portaltela.pt\/noticias\/2026\/04\/13\/os-teen-titans-retornam-com-novos-episodios\/"},"author":{"name":"Telinha","@id":"https:\/\/portaltela.pt\/#\/schema\/person\/c4278d4a6028830caff9ee44b42d32ed"},"headline":"Os Teen Titans retornam com novos epis\u00f3dios","datePublished":"2026-04-13T09:02:33+00:00","mainEntityOfPage":{"@id":"https:\/\/portaltela.pt\/noticias\/2026\/04\/13\/os-teen-titans-retornam-com-novos-episodios\/"},"wordCount":232,"image":{"@id":"https:\/\/portaltela.pt\/noticias\/2026\/04\/13\/os-teen-titans-retornam-com-novos-episodios\/#primaryimage"},"thumbnailUrl":"https:\/\/portaltela.pt\/s.01k8rhncp4jt1\/2026\/04\/image-748.jpg","keywords":["_comunica\u00e7\u00e3o social","_cultura","anima\u00e7\u00e3o","arte","cinema","televis\u00f5es"],"articleSection":["Entretenimento","Lazer"],"inLanguage":"pt-PT"},{"@type":"WebPage","@id":"https:\/\/portaltela.pt\/noticias\/2026\/04\/13\/os-teen-titans-retornam-com-novos-episodios\/","url":"https:\/\/portaltela.pt\/noticias\/2026\/04\/13\/os-teen-titans-retornam-com-novos-episodios\/","name":"Os Teen Titans retornam com novos epis\u00f3dios - Portal Tela Portugal","isPartOf":{"@id":"https:\/\/portaltela.pt\/#website"},"primaryImageOfPage":{"@id":"https:\/\/portaltela.pt\/noticias\/2026\/04\/13\/os-teen-titans-retornam-com-novos-episodios\/#primaryimage"},"image":{"@id":"https:\/\/portaltela.pt\/noticias\/2026\/04\/13\/os-teen-titans-retornam-com-novos-episodios\/#primaryimage"},"thumbnailUrl":"https:\/\/portaltela.pt\/s.01k8rhncp4jt1\/2026\/04\/image-748.jpg","datePublished":"2026-04-13T09:02:33+00:00","author":{"@id":"https:\/\/portaltela.pt\/#\/schema\/person\/c4278d4a6028830caff9ee44b42d32ed"},"breadcrumb":{"@id":"https:\/\/portaltela.pt\/noticias\/2026\/04\/13\/os-teen-titans-retornam-com-novos-episodios\/#breadcrumb"},"inLanguage":"pt-PT","potentialAction":[{"@type":"ReadAction","target":["https:\/\/portaltela.pt\/noticias\/2026\/04\/13\/os-teen-titans-retornam-com-novos-episodios\/"]}]},{"@type":"ImageObject","inLanguage":"pt-PT","@id":"https:\/\/portaltela.pt\/noticias\/2026\/04\/13\/os-teen-titans-retornam-com-novos-episodios\/#primaryimage","url":"https:\/\/portaltela.pt\/s.01k8rhncp4jt1\/2026\/04\/image-748.jpg","contentUrl":"https:\/\/portaltela.pt\/s.01k8rhncp4jt1\/2026\/04\/image-748.jpg","width":796,"height":448,"caption":"Imagem de contexto do artigo Os Teen Titans est\u00e3o de volta com novos epis\u00f3dios"},{"@type":"BreadcrumbList","@id":"https:\/\/portaltela.pt\/noticias\/2026\/04\/13\/os-teen-titans-retornam-com-novos-episodios\/#breadcrumb","itemListElement":[{"@type":"ListItem","position":1,"name":"In\u00edcio","item":"https:\/\/portaltela.pt\/"},{"@type":"ListItem","position":2,"name":"Os Teen Titans retornam com novos epis\u00f3dios"}]},{"@type":"WebSite","@id":"https:\/\/portaltela.pt\/#website","url":"https:\/\/portaltela.pt\/","name":"Portal Tela Portugal","description":"","potentialAction":[{"@type":"SearchAction","target":{"@type":"EntryPoint","urlTemplate":"https:\/\/portaltela.pt\/?s={search_term_string}"},"query-input":{"@type":"PropertyValueSpecification","valueRequired":true,"valueName":"search_term_string"}}],"inLanguage":"pt-PT"},{"@type":"Person","@id":"https:\/\/portaltela.pt\/#\/schema\/person\/c4278d4a6028830caff9ee44b42d32ed","name":"Telinha","image":{"@type":"ImageObject","inLanguage":"pt-PT","@id":"https:\/\/portaltela.pt\/s.01k8rhncp4jt1\/2025\/11\/talking-bot-125x125.png","url":"https:\/\/portaltela.pt\/s.01k8rhncp4jt1\/2025\/11\/talking-bot-125x125.png","contentUrl":"https:\/\/portaltela.pt\/s.01k8rhncp4jt1\/2025\/11\/talking-bot-125x125.png","caption":"Telinha"},"sameAs":["https:\/\/portaltela.pt\/"],"url":"https:\/\/portaltela.pt\/por\/367410592786\/"}]}},"_links":{"self":[{"href":"https:\/\/portaltela.pt\/api\/wp\/v2\/posts\/442101","targetHints":{"allow":["GET"]}}],"collection":[{"href":"https:\/\/portaltela.pt\/api\/wp\/v2\/posts"}],"about":[{"href":"https:\/\/portaltela.pt\/api\/wp\/v2\/types\/post"}],"author":[{"embeddable":true,"href":"https:\/\/portaltela.pt\/api\/wp\/v2\/users\/2"}],"replies":[{"embeddable":true,"href":"https:\/\/portaltela.pt\/api\/wp\/v2\/comments?post=442101"}],"version-history":[{"count":0,"href":"https:\/\/portaltela.pt\/api\/wp\/v2\/posts\/442101\/revisions"}],"wp:featuredmedia":[{"embeddable":true,"href":"https:\/\/portaltela.pt\/api\/wp\/v2\/media\/442113"}],"wp:attachment":[{"href":"https:\/\/portaltela.pt\/api\/wp\/v2\/media?parent=442101"}],"wp:term":[{"taxonomy":"category","embeddable":true,"href":"https:\/\/portaltela.pt\/api\/wp\/v2\/categories?post=442101"},{"taxonomy":"post_tag","embeddable":true,"href":"https:\/\/portaltela.pt\/api\/wp\/v2\/tags?post=442101"}],"curies":[{"name":"wp","href":"https:\/\/api.w.org\/{rel}","templated":true}]}}