{"id":442080,"date":"2026-04-13T05:47:08","date_gmt":"2026-04-13T08:47:08","guid":{"rendered":"https:\/\/portaltela.pt\/noticias\/2026\/04\/13\/portugal-em-destaque-na-noruega-e-azerbaijao-deus-pedro-perry-e-gustavo-nunes\/"},"modified":"2026-04-13T05:47:08","modified_gmt":"2026-04-13T08:47:08","slug":"portugal-em-destaque-na-noruega-e-azerbaijao-deus-pedro-perry-e-gustavo-nunes","status":"publish","type":"post","link":"https:\/\/portaltela.pt\/desporto\/copa-do-mundo\/2026\/04\/13\/portugal-em-destaque-na-noruega-e-azerbaijao-deus-pedro-perry-e-gustavo-nunes\/","title":{"rendered":"Portugal em destaque na Noruega e Azerbaij\u00e3o: Deus\/Pedro Perry e Gustavo Nunes"},"content":{"rendered":"<p>O padel portugu\u00eas voltou a registar resultados de relevo no circuito Cupra FIP Tour, com provas no FIP Bronze S4 Sport Open, na Noruega, e no FIP Bronze Baku, no Azerbaij\u00e3o. Os feitos evidenciam o crescimento internacional do pa\u00eds no desporto.<\/p>\n<p>Em Oslo, Nuno Deus e Pedro Perry venceram o t\u00edtulo na primeira participa\u00e7\u00e3o conjunta, tornando-se os segundos cabe\u00e7as de s\u00e9rie. A dupla n\u00e3o cedeu qualquer set na prova. Na final, triunfaram sobre Pau Mi\u00f1ano e Sten Richters por 6-1 e 6-4, confirmando o desempenho do torneio.<\/p>\n<p>Para Deus, trata-se do regresso aos t\u00edtulos ap\u00f3s um in\u00edcio de temporada exigente, enquanto Perry soma o primeiro trof\u00e9u de 2026. O triunfo noruegu\u00eas refor\u00e7a o bom momento do padel portugu\u00eas al\u00e9m-fronteiras.<\/p>\n<h3>Azerbaij\u00e3o<\/h3>\n<p>No Azerbaij\u00e3o, Gustavo Nunes chegou \u00e0 final do FIP Bronze Baku ao lado do espanhol Ant\u00f3n Sans. A dupla venceu o primeiro set da final por 6-3 e tinha posi\u00e7\u00e3o favor\u00e1vel no segundo.<\/p>\n<p>No entanto, Dani Luna e Albert Trillas deram a volta no placar, vencendo os dois \u00faltimos parciais por 3-6 e 0-6. Mesmo assim, Nunes soma mais uma final internacional \u00e0 carreira.<\/p>\n<p>Com o desfecho, Nunes soma 22 pontos ao ranking da Federa\u00e7\u00e3o Internacional de Padel, aumentando a consist\u00eancia demonstrada no circuito. Os resultados refletem a afirma\u00e7\u00e3o do padel portugu\u00eas no cen\u00e1rio global.<\/p>\n","protected":false},"excerpt":{"rendered":"<ul>\n<li>No FIP Bronze S4 Sport Open, na Noruega, Nuno Deus e Pedro Perry conquistaram o t\u00edtulo na primeira participa\u00e7\u00e3o como dupla, vencendo todos os encontros sem ceder qualquer set, com triunfo na final por 6-1 e 6-4 sobre Pau Mi\u00f1ano e Sten Richters.<\/li>\n<li>A dupla foi a segunda cabe\u00e7a de s\u00e9rie.<\/li>\n<li>Para Nuno Deus, \u00e9 um regresso aos t\u00edtulos ap\u00f3s um in\u00edcio de temporada exigente; Pedro Perry soma o primeiro trof\u00e9u de 2026.<\/li>\n<li>No FIP Bronze Baku, Azerbaij\u00e3o, Gustavo Nunes chegou \u00e0 final ao lado de Ant\u00f3n Sans, vencendo o 1\u00ba set da final por 6-3.<\/li>\n<li>A dupla acabou por perder a final para Dani Luna e Albert Trillas, com 3-6 e 0-6, mas Nunes soma 22 pontos ao ranking da Federa\u00e7\u00e3o Internacional de Padel.<\/li>\n<\/ul>\n","protected":false},"author":2,"featured_media":442085,"comment_status":"closed","ping_status":"closed","sticky":false,"template":"","format":"standard","meta":{"footnotes":""},"categories":[6695,21],"tags":[7902,6476,81,1014],"class_list":["post-442080","post","type-post","status-publish","format-standard","has-post-thumbnail","hentry","category-copa-do-mundo","category-desporto","tag-_desporto","tag-azerbaijao","tag-internacionais","tag-portugal"],"yoast_head":"<!-- This site is optimized with the Yoast SEO plugin v27.2 - https:\/\/yoast.com\/product\/yoast-seo-wordpress\/ -->\n<title>Portugal em destaque na Noruega e Azerbaij\u00e3o: Deus\/Pedro Perry e Gustavo Nunes - Portal Tela Portugal<\/title>\n<meta name=\"robots\" content=\"index, follow, max-snippet:-1, max-image-preview:large, max-video-preview:-1\" \/>\n<meta property=\"og:locale\" content=\"pt_PT\" \/>\n<meta property=\"og:type\" content=\"article\" \/>\n<meta property=\"og:title\" content=\"Portugal em destaque na Noruega e Azerbaij\u00e3o: Deus\/Pedro Perry e Gustavo Nunes - Portal Tela Portugal\" \/>\n<meta property=\"og:description\" content=\"No FIP Bronze S4 Sport Open, na Noruega, Nuno Deus e Pedro Perry conquistaram o t\u00edtulo na primeira participa\u00e7\u00e3o como dupla, vencendo todos os encontros sem ceder qualquer set, com triunfo na final por 6-1 e 6-4 sobre Pau Mi\u00f1ano e Sten Richters. A dupla foi a segunda cabe\u00e7a de s\u00e9rie. Para Nuno Deus, \u00e9 um regresso aos t\u00edtulos ap\u00f3s um in\u00edcio de temporada exigente; Pedro Perry soma o primeiro trof\u00e9u de 2026. No FIP Bronze Baku, Azerbaij\u00e3o, Gustavo Nunes chegou \u00e0 final ao lado de Ant\u00f3n Sans, vencendo o 1\u00ba set da final por 6-3. A dupla acabou por perder a final para Dani Luna e Albert Trillas, com 3-6 e 0-6, mas Nunes soma 22 pontos ao ranking da Federa\u00e7\u00e3o Internacional de Padel.\" \/>\n<meta property=\"og:url\" content=\"https:\/\/portaltela.pt\/noticias\/2026\/04\/13\/portugal-em-destaque-na-noruega-e-azerbaijao-deus-pedro-perry-e-gustavo-nunes\/\" \/>\n<meta property=\"og:site_name\" content=\"Portal Tela Portugal\" \/>\n<meta property=\"article:published_time\" content=\"2026-04-13T08:47:08+00:00\" \/>\n<meta name=\"author\" content=\"Telinha\" \/>\n<meta name=\"twitter:card\" content=\"summary_large_image\" \/>\n<meta name=\"twitter:label1\" content=\"Escrito por\" \/>\n\t<meta name=\"twitter:data1\" content=\"Telinha\" \/>\n\t<meta name=\"twitter:label2\" content=\"Tempo estimado de leitura\" \/>\n\t<meta name=\"twitter:data2\" content=\"1 minuto\" \/>\n<script type=\"application\/ld+json\" class=\"yoast-schema-graph\">{\"@context\":\"https:\/\/schema.org\",\"@graph\":[{\"@type\":\"Article\",\"@id\":\"https:\/\/portaltela.pt\/noticias\/2026\/04\/13\/portugal-em-destaque-na-noruega-e-azerbaijao-deus-pedro-perry-e-gustavo-nunes\/#article\",\"isPartOf\":{\"@id\":\"https:\/\/portaltela.pt\/noticias\/2026\/04\/13\/portugal-em-destaque-na-noruega-e-azerbaijao-deus-pedro-perry-e-gustavo-nunes\/\"},\"author\":{\"name\":\"Telinha\",\"@id\":\"https:\/\/portaltela.pt\/#\/schema\/person\/c4278d4a6028830caff9ee44b42d32ed\"},\"headline\":\"Portugal em destaque na Noruega e Azerbaij\u00e3o: Deus\/Pedro Perry e Gustavo Nunes\",\"datePublished\":\"2026-04-13T08:47:08+00:00\",\"mainEntityOfPage\":{\"@id\":\"https:\/\/portaltela.pt\/noticias\/2026\/04\/13\/portugal-em-destaque-na-noruega-e-azerbaijao-deus-pedro-perry-e-gustavo-nunes\/\"},\"wordCount\":252,\"image\":{\"@id\":\"https:\/\/portaltela.pt\/noticias\/2026\/04\/13\/portugal-em-destaque-na-noruega-e-azerbaijao-deus-pedro-perry-e-gustavo-nunes\/#primaryimage\"},\"thumbnailUrl\":\"https:\/\/portaltela.pt\/s.01k8rhncp4jt1\/2026\/04\/img_1200x721uu2026-04-13-09-36-44-2432744-im-639116698290290616.jpg\",\"keywords\":[\"_desporto\",\"Azerbaij\u00e3o\",\"internacionais\",\"Portugal\"],\"articleSection\":[\"Copa do Mundo\",\"Desporto\"],\"inLanguage\":\"pt-PT\"},{\"@type\":\"WebPage\",\"@id\":\"https:\/\/portaltela.pt\/noticias\/2026\/04\/13\/portugal-em-destaque-na-noruega-e-azerbaijao-deus-pedro-perry-e-gustavo-nunes\/\",\"url\":\"https:\/\/portaltela.pt\/noticias\/2026\/04\/13\/portugal-em-destaque-na-noruega-e-azerbaijao-deus-pedro-perry-e-gustavo-nunes\/\",\"name\":\"Portugal em destaque na Noruega e Azerbaij\u00e3o: Deus\/Pedro Perry e Gustavo Nunes - Portal Tela Portugal\",\"isPartOf\":{\"@id\":\"https:\/\/portaltela.pt\/#website\"},\"primaryImageOfPage\":{\"@id\":\"https:\/\/portaltela.pt\/noticias\/2026\/04\/13\/portugal-em-destaque-na-noruega-e-azerbaijao-deus-pedro-perry-e-gustavo-nunes\/#primaryimage\"},\"image\":{\"@id\":\"https:\/\/portaltela.pt\/noticias\/2026\/04\/13\/portugal-em-destaque-na-noruega-e-azerbaijao-deus-pedro-perry-e-gustavo-nunes\/#primaryimage\"},\"thumbnailUrl\":\"https:\/\/portaltela.pt\/s.01k8rhncp4jt1\/2026\/04\/img_1200x721uu2026-04-13-09-36-44-2432744-im-639116698290290616.jpg\",\"datePublished\":\"2026-04-13T08:47:08+00:00\",\"author\":{\"@id\":\"https:\/\/portaltela.pt\/#\/schema\/person\/c4278d4a6028830caff9ee44b42d32ed\"},\"breadcrumb\":{\"@id\":\"https:\/\/portaltela.pt\/noticias\/2026\/04\/13\/portugal-em-destaque-na-noruega-e-azerbaijao-deus-pedro-perry-e-gustavo-nunes\/#breadcrumb\"},\"inLanguage\":\"pt-PT\",\"potentialAction\":[{\"@type\":\"ReadAction\",\"target\":[\"https:\/\/portaltela.pt\/noticias\/2026\/04\/13\/portugal-em-destaque-na-noruega-e-azerbaijao-deus-pedro-perry-e-gustavo-nunes\/\"]}]},{\"@type\":\"ImageObject\",\"inLanguage\":\"pt-PT\",\"@id\":\"https:\/\/portaltela.pt\/noticias\/2026\/04\/13\/portugal-em-destaque-na-noruega-e-azerbaijao-deus-pedro-perry-e-gustavo-nunes\/#primaryimage\",\"url\":\"https:\/\/portaltela.pt\/s.01k8rhncp4jt1\/2026\/04\/img_1200x721uu2026-04-13-09-36-44-2432744-im-639116698290290616.jpg\",\"contentUrl\":\"https:\/\/portaltela.pt\/s.01k8rhncp4jt1\/2026\/04\/img_1200x721uu2026-04-13-09-36-44-2432744-im-639116698290290616.jpg\",\"width\":796,\"height\":448,\"caption\":\"Nuno Deus e Pedro Perry vencem o FIP Bronze Baku; Gustavo Nunes finalista\"},{\"@type\":\"BreadcrumbList\",\"@id\":\"https:\/\/portaltela.pt\/noticias\/2026\/04\/13\/portugal-em-destaque-na-noruega-e-azerbaijao-deus-pedro-perry-e-gustavo-nunes\/#breadcrumb\",\"itemListElement\":[{\"@type\":\"ListItem\",\"position\":1,\"name\":\"In\u00edcio\",\"item\":\"https:\/\/portaltela.pt\/\"},{\"@type\":\"ListItem\",\"position\":2,\"name\":\"Portugal em destaque na Noruega e Azerbaij\u00e3o: Deus\/Pedro Perry e Gustavo Nunes\"}]},{\"@type\":\"WebSite\",\"@id\":\"https:\/\/portaltela.pt\/#website\",\"url\":\"https:\/\/portaltela.pt\/\",\"name\":\"Portal Tela Portugal\",\"description\":\"\",\"potentialAction\":[{\"@type\":\"SearchAction\",\"target\":{\"@type\":\"EntryPoint\",\"urlTemplate\":\"https:\/\/portaltela.pt\/?s={search_term_string}\"},\"query-input\":{\"@type\":\"PropertyValueSpecification\",\"valueRequired\":true,\"valueName\":\"search_term_string\"}}],\"inLanguage\":\"pt-PT\"},{\"@type\":\"Person\",\"@id\":\"https:\/\/portaltela.pt\/#\/schema\/person\/c4278d4a6028830caff9ee44b42d32ed\",\"name\":\"Telinha\",\"image\":{\"@type\":\"ImageObject\",\"inLanguage\":\"pt-PT\",\"@id\":\"https:\/\/portaltela.pt\/s.01k8rhncp4jt1\/2025\/11\/talking-bot-125x125.png\",\"url\":\"https:\/\/portaltela.pt\/s.01k8rhncp4jt1\/2025\/11\/talking-bot-125x125.png\",\"contentUrl\":\"https:\/\/portaltela.pt\/s.01k8rhncp4jt1\/2025\/11\/talking-bot-125x125.png\",\"caption\":\"Telinha\"},\"sameAs\":[\"https:\/\/portaltela.pt\/\"],\"url\":\"https:\/\/portaltela.pt\/por\/367410592786\/\"}]}<\/script>\n<!-- \/ Yoast SEO plugin. -->","yoast_head_json":{"title":"Portugal em destaque na Noruega e Azerbaij\u00e3o: Deus\/Pedro Perry e Gustavo Nunes - Portal Tela Portugal","robots":{"index":"index","follow":"follow","max-snippet":"max-snippet:-1","max-image-preview":"max-image-preview:large","max-video-preview":"max-video-preview:-1"},"og_locale":"pt_PT","og_type":"article","og_title":"Portugal em destaque na Noruega e Azerbaij\u00e3o: Deus\/Pedro Perry e Gustavo Nunes - Portal Tela Portugal","og_description":"No FIP Bronze S4 Sport Open, na Noruega, Nuno Deus e Pedro Perry conquistaram o t\u00edtulo na primeira participa\u00e7\u00e3o como dupla, vencendo todos os encontros sem ceder qualquer set, com triunfo na final por 6-1 e 6-4 sobre Pau Mi\u00f1ano e Sten Richters. A dupla foi a segunda cabe\u00e7a de s\u00e9rie. Para Nuno Deus, \u00e9 um regresso aos t\u00edtulos ap\u00f3s um in\u00edcio de temporada exigente; Pedro Perry soma o primeiro trof\u00e9u de 2026. No FIP Bronze Baku, Azerbaij\u00e3o, Gustavo Nunes chegou \u00e0 final ao lado de Ant\u00f3n Sans, vencendo o 1\u00ba set da final por 6-3. A dupla acabou por perder a final para Dani Luna e Albert Trillas, com 3-6 e 0-6, mas Nunes soma 22 pontos ao ranking da Federa\u00e7\u00e3o Internacional de Padel.","og_url":"https:\/\/portaltela.pt\/noticias\/2026\/04\/13\/portugal-em-destaque-na-noruega-e-azerbaijao-deus-pedro-perry-e-gustavo-nunes\/","og_site_name":"Portal Tela Portugal","article_published_time":"2026-04-13T08:47:08+00:00","author":"Telinha","twitter_card":"summary_large_image","twitter_misc":{"Escrito por":"Telinha","Tempo estimado de leitura":"1 minuto"},"schema":{"@context":"https:\/\/schema.org","@graph":[{"@type":"Article","@id":"https:\/\/portaltela.pt\/noticias\/2026\/04\/13\/portugal-em-destaque-na-noruega-e-azerbaijao-deus-pedro-perry-e-gustavo-nunes\/#article","isPartOf":{"@id":"https:\/\/portaltela.pt\/noticias\/2026\/04\/13\/portugal-em-destaque-na-noruega-e-azerbaijao-deus-pedro-perry-e-gustavo-nunes\/"},"author":{"name":"Telinha","@id":"https:\/\/portaltela.pt\/#\/schema\/person\/c4278d4a6028830caff9ee44b42d32ed"},"headline":"Portugal em destaque na Noruega e Azerbaij\u00e3o: Deus\/Pedro Perry e Gustavo Nunes","datePublished":"2026-04-13T08:47:08+00:00","mainEntityOfPage":{"@id":"https:\/\/portaltela.pt\/noticias\/2026\/04\/13\/portugal-em-destaque-na-noruega-e-azerbaijao-deus-pedro-perry-e-gustavo-nunes\/"},"wordCount":252,"image":{"@id":"https:\/\/portaltela.pt\/noticias\/2026\/04\/13\/portugal-em-destaque-na-noruega-e-azerbaijao-deus-pedro-perry-e-gustavo-nunes\/#primaryimage"},"thumbnailUrl":"https:\/\/portaltela.pt\/s.01k8rhncp4jt1\/2026\/04\/img_1200x721uu2026-04-13-09-36-44-2432744-im-639116698290290616.jpg","keywords":["_desporto","Azerbaij\u00e3o","internacionais","Portugal"],"articleSection":["Copa do Mundo","Desporto"],"inLanguage":"pt-PT"},{"@type":"WebPage","@id":"https:\/\/portaltela.pt\/noticias\/2026\/04\/13\/portugal-em-destaque-na-noruega-e-azerbaijao-deus-pedro-perry-e-gustavo-nunes\/","url":"https:\/\/portaltela.pt\/noticias\/2026\/04\/13\/portugal-em-destaque-na-noruega-e-azerbaijao-deus-pedro-perry-e-gustavo-nunes\/","name":"Portugal em destaque na Noruega e Azerbaij\u00e3o: Deus\/Pedro Perry e Gustavo Nunes - Portal Tela Portugal","isPartOf":{"@id":"https:\/\/portaltela.pt\/#website"},"primaryImageOfPage":{"@id":"https:\/\/portaltela.pt\/noticias\/2026\/04\/13\/portugal-em-destaque-na-noruega-e-azerbaijao-deus-pedro-perry-e-gustavo-nunes\/#primaryimage"},"image":{"@id":"https:\/\/portaltela.pt\/noticias\/2026\/04\/13\/portugal-em-destaque-na-noruega-e-azerbaijao-deus-pedro-perry-e-gustavo-nunes\/#primaryimage"},"thumbnailUrl":"https:\/\/portaltela.pt\/s.01k8rhncp4jt1\/2026\/04\/img_1200x721uu2026-04-13-09-36-44-2432744-im-639116698290290616.jpg","datePublished":"2026-04-13T08:47:08+00:00","author":{"@id":"https:\/\/portaltela.pt\/#\/schema\/person\/c4278d4a6028830caff9ee44b42d32ed"},"breadcrumb":{"@id":"https:\/\/portaltela.pt\/noticias\/2026\/04\/13\/portugal-em-destaque-na-noruega-e-azerbaijao-deus-pedro-perry-e-gustavo-nunes\/#breadcrumb"},"inLanguage":"pt-PT","potentialAction":[{"@type":"ReadAction","target":["https:\/\/portaltela.pt\/noticias\/2026\/04\/13\/portugal-em-destaque-na-noruega-e-azerbaijao-deus-pedro-perry-e-gustavo-nunes\/"]}]},{"@type":"ImageObject","inLanguage":"pt-PT","@id":"https:\/\/portaltela.pt\/noticias\/2026\/04\/13\/portugal-em-destaque-na-noruega-e-azerbaijao-deus-pedro-perry-e-gustavo-nunes\/#primaryimage","url":"https:\/\/portaltela.pt\/s.01k8rhncp4jt1\/2026\/04\/img_1200x721uu2026-04-13-09-36-44-2432744-im-639116698290290616.jpg","contentUrl":"https:\/\/portaltela.pt\/s.01k8rhncp4jt1\/2026\/04\/img_1200x721uu2026-04-13-09-36-44-2432744-im-639116698290290616.jpg","width":796,"height":448,"caption":"Nuno Deus e Pedro Perry vencem o FIP Bronze Baku; Gustavo Nunes finalista"},{"@type":"BreadcrumbList","@id":"https:\/\/portaltela.pt\/noticias\/2026\/04\/13\/portugal-em-destaque-na-noruega-e-azerbaijao-deus-pedro-perry-e-gustavo-nunes\/#breadcrumb","itemListElement":[{"@type":"ListItem","position":1,"name":"In\u00edcio","item":"https:\/\/portaltela.pt\/"},{"@type":"ListItem","position":2,"name":"Portugal em destaque na Noruega e Azerbaij\u00e3o: Deus\/Pedro Perry e Gustavo Nunes"}]},{"@type":"WebSite","@id":"https:\/\/portaltela.pt\/#website","url":"https:\/\/portaltela.pt\/","name":"Portal Tela Portugal","description":"","potentialAction":[{"@type":"SearchAction","target":{"@type":"EntryPoint","urlTemplate":"https:\/\/portaltela.pt\/?s={search_term_string}"},"query-input":{"@type":"PropertyValueSpecification","valueRequired":true,"valueName":"search_term_string"}}],"inLanguage":"pt-PT"},{"@type":"Person","@id":"https:\/\/portaltela.pt\/#\/schema\/person\/c4278d4a6028830caff9ee44b42d32ed","name":"Telinha","image":{"@type":"ImageObject","inLanguage":"pt-PT","@id":"https:\/\/portaltela.pt\/s.01k8rhncp4jt1\/2025\/11\/talking-bot-125x125.png","url":"https:\/\/portaltela.pt\/s.01k8rhncp4jt1\/2025\/11\/talking-bot-125x125.png","contentUrl":"https:\/\/portaltela.pt\/s.01k8rhncp4jt1\/2025\/11\/talking-bot-125x125.png","caption":"Telinha"},"sameAs":["https:\/\/portaltela.pt\/"],"url":"https:\/\/portaltela.pt\/por\/367410592786\/"}]}},"_links":{"self":[{"href":"https:\/\/portaltela.pt\/api\/wp\/v2\/posts\/442080","targetHints":{"allow":["GET"]}}],"collection":[{"href":"https:\/\/portaltela.pt\/api\/wp\/v2\/posts"}],"about":[{"href":"https:\/\/portaltela.pt\/api\/wp\/v2\/types\/post"}],"author":[{"embeddable":true,"href":"https:\/\/portaltela.pt\/api\/wp\/v2\/users\/2"}],"replies":[{"embeddable":true,"href":"https:\/\/portaltela.pt\/api\/wp\/v2\/comments?post=442080"}],"version-history":[{"count":0,"href":"https:\/\/portaltela.pt\/api\/wp\/v2\/posts\/442080\/revisions"}],"wp:featuredmedia":[{"embeddable":true,"href":"https:\/\/portaltela.pt\/api\/wp\/v2\/media\/442085"}],"wp:attachment":[{"href":"https:\/\/portaltela.pt\/api\/wp\/v2\/media?parent=442080"}],"wp:term":[{"taxonomy":"category","embeddable":true,"href":"https:\/\/portaltela.pt\/api\/wp\/v2\/categories?post=442080"},{"taxonomy":"post_tag","embeddable":true,"href":"https:\/\/portaltela.pt\/api\/wp\/v2\/tags?post=442080"}],"curies":[{"name":"wp","href":"https:\/\/api.w.org\/{rel}","templated":true}]}}