{"id":442072,"date":"2026-04-13T05:46:42","date_gmt":"2026-04-13T08:46:42","guid":{"rendered":"https:\/\/portaltela.pt\/noticias\/2026\/04\/13\/granada-sem-carga-explosiva-atirada-para-dentro-de-carro-em-olhao-3\/"},"modified":"2026-04-13T05:46:42","modified_gmt":"2026-04-13T08:46:42","slug":"granada-sem-carga-explosiva-atirada-para-dentro-de-carro-em-olhao-3","status":"publish","type":"post","link":"https:\/\/portaltela.pt\/policia\/2026\/04\/13\/granada-sem-carga-explosiva-atirada-para-dentro-de-carro-em-olhao-3\/","title":{"rendered":"Granada sem carga explosiva atirada para dentro de carro em Olh\u00e3o"},"content":{"rendered":"<p>O alerta chegou \u00e0 PSP pouco antes das 10h00, quando uma granada sem carga explosiva foi detetada dentro de uma viatura com o vidro partido, estacionada junto \u00e0 linha f\u00e9rrea de Olh\u00e3o. Aissa\u00e7\u00e3o de per\u00edmetro imediato n\u00e3o foi confirmada pela fonte oficial, mas a zona foi preparada para avalia\u00e7\u00e3o do objeto.<\/p>\n<p>N\u00e3o houve feridos, segundo as autoridades. A viatura permaneceu no local sob vigil\u00e2ncia enquanto uma equipa especializada avaliava o artefacto para confirmar a inexist\u00eancia de amea\u00e7a.<\/p>\n<p>A ocorr\u00eancia, ocorrida junto \u00e0 linha f\u00e9rrea de Olh\u00e3o, est\u00e1 a ser investigada pelas autoridades competentes, sem informa\u00e7\u00f5es sobre autores ou motiva\u00e7\u00e3o neste momento.<\/p>\n<h3>Investiga\u00e7\u00e3o em curso<\/h3>\n<p>As autoridades est\u00e3o a proceder \u00e0 avalia\u00e7\u00e3o t\u00e9cnica do objeto e a recolher evid\u00eancias no local. N\u00e3o houve pedidos de interven\u00e7\u00e3o de emerg\u00eancia adicionais nem impacto no tr\u00e1fego ferrovi\u00e1rio confirmado pelas autoridades.<\/p>\n","protected":false},"excerpt":{"rendered":"<ul>\n<li>O alerta chegou \u00e0 Pol\u00edcia de Seguran\u00e7a P\u00fablica pouco antes das 10h00, sobre uma granada sem carga explosiva detetada dentro de uma viatura em Olh\u00e3o.<\/li>\n<li>A viatura apresentava o vidro partido e estava estacionada junto \u00e0 linha f\u00e9rrea.<\/li>\n<li>As autoridades confirmaram que o objeto n\u00e3o tinha carga explosiva e foi entregue para per\u00edcia.<\/li>\n<li>A investiga\u00e7\u00e3o procura apurar a origem e o motivo do incidente.<\/li>\n<\/ul>\n","protected":false},"author":2,"featured_media":442073,"comment_status":"closed","ping_status":"closed","sticky":false,"template":"","format":"standard","meta":{"footnotes":""},"categories":[6907,6781],"tags":[124,3443,217,250,6699],"class_list":["post-442072","post","type-post","status-publish","format-standard","has-post-thumbnail","hentry","category-crime","category-policia","tag-arma-de-fogo","tag-granada","tag-investigacao-criminal","tag-seguranca-publica","tag-viaturas"],"yoast_head":"<!-- This site is optimized with the Yoast SEO plugin v27.2 - https:\/\/yoast.com\/product\/yoast-seo-wordpress\/ -->\n<title>Granada sem carga explosiva atirada para dentro de carro em Olh\u00e3o - Portal Tela Portugal<\/title>\n<meta name=\"robots\" content=\"index, follow, max-snippet:-1, max-image-preview:large, max-video-preview:-1\" \/>\n<meta property=\"og:locale\" content=\"pt_PT\" \/>\n<meta property=\"og:type\" content=\"article\" \/>\n<meta property=\"og:title\" content=\"Granada sem carga explosiva atirada para dentro de carro em Olh\u00e3o - Portal Tela Portugal\" \/>\n<meta property=\"og:description\" content=\"O alerta chegou \u00e0 Pol\u00edcia de Seguran\u00e7a P\u00fablica pouco antes das 10h00, sobre uma granada sem carga explosiva detetada dentro de uma viatura em Olh\u00e3o. A viatura apresentava o vidro partido e estava estacionada junto \u00e0 linha f\u00e9rrea. As autoridades confirmaram que o objeto n\u00e3o tinha carga explosiva e foi entregue para per\u00edcia. A investiga\u00e7\u00e3o procura apurar a origem e o motivo do incidente.\" \/>\n<meta property=\"og:url\" content=\"https:\/\/portaltela.pt\/noticias\/2026\/04\/13\/granada-sem-carga-explosiva-atirada-para-dentro-de-carro-em-olhao-3\/\" \/>\n<meta property=\"og:site_name\" content=\"Portal Tela Portugal\" \/>\n<meta property=\"article:published_time\" content=\"2026-04-13T08:46:42+00:00\" \/>\n<meta name=\"author\" content=\"Telinha\" \/>\n<meta name=\"twitter:card\" content=\"summary_large_image\" \/>\n<meta name=\"twitter:label1\" content=\"Escrito por\" \/>\n\t<meta name=\"twitter:data1\" content=\"Telinha\" \/>\n\t<meta name=\"twitter:label2\" content=\"Tempo estimado de leitura\" \/>\n\t<meta name=\"twitter:data2\" content=\"1 minuto\" \/>\n<script type=\"application\/ld+json\" class=\"yoast-schema-graph\">{\"@context\":\"https:\/\/schema.org\",\"@graph\":[{\"@type\":\"Article\",\"@id\":\"https:\/\/portaltela.pt\/noticias\/2026\/04\/13\/granada-sem-carga-explosiva-atirada-para-dentro-de-carro-em-olhao-3\/#article\",\"isPartOf\":{\"@id\":\"https:\/\/portaltela.pt\/noticias\/2026\/04\/13\/granada-sem-carga-explosiva-atirada-para-dentro-de-carro-em-olhao-3\/\"},\"author\":{\"name\":\"Telinha\",\"@id\":\"https:\/\/portaltela.pt\/#\/schema\/person\/c4278d4a6028830caff9ee44b42d32ed\"},\"headline\":\"Granada sem carga explosiva atirada para dentro de carro em Olh\u00e3o\",\"datePublished\":\"2026-04-13T08:46:42+00:00\",\"mainEntityOfPage\":{\"@id\":\"https:\/\/portaltela.pt\/noticias\/2026\/04\/13\/granada-sem-carga-explosiva-atirada-para-dentro-de-carro-em-olhao-3\/\"},\"wordCount\":169,\"image\":{\"@id\":\"https:\/\/portaltela.pt\/noticias\/2026\/04\/13\/granada-sem-carga-explosiva-atirada-para-dentro-de-carro-em-olhao-3\/#primaryimage\"},\"thumbnailUrl\":\"https:\/\/portaltela.pt\/s.01k8rhncp4jt1\/2026\/04\/img_1280x722uu2026-04-13-09-38-41-2278181.jpg\",\"keywords\":[\"arma de fogo\",\"Granada\",\"investiga\u00e7\u00e3o criminal\",\"seguran\u00e7a p\u00fablica\",\"viaturas\"],\"articleSection\":[\"Crime\",\"Pol\u00edcia\"],\"inLanguage\":\"pt-PT\"},{\"@type\":\"WebPage\",\"@id\":\"https:\/\/portaltela.pt\/noticias\/2026\/04\/13\/granada-sem-carga-explosiva-atirada-para-dentro-de-carro-em-olhao-3\/\",\"url\":\"https:\/\/portaltela.pt\/noticias\/2026\/04\/13\/granada-sem-carga-explosiva-atirada-para-dentro-de-carro-em-olhao-3\/\",\"name\":\"Granada sem carga explosiva atirada para dentro de carro em Olh\u00e3o - Portal Tela Portugal\",\"isPartOf\":{\"@id\":\"https:\/\/portaltela.pt\/#website\"},\"primaryImageOfPage\":{\"@id\":\"https:\/\/portaltela.pt\/noticias\/2026\/04\/13\/granada-sem-carga-explosiva-atirada-para-dentro-de-carro-em-olhao-3\/#primaryimage\"},\"image\":{\"@id\":\"https:\/\/portaltela.pt\/noticias\/2026\/04\/13\/granada-sem-carga-explosiva-atirada-para-dentro-de-carro-em-olhao-3\/#primaryimage\"},\"thumbnailUrl\":\"https:\/\/portaltela.pt\/s.01k8rhncp4jt1\/2026\/04\/img_1280x722uu2026-04-13-09-38-41-2278181.jpg\",\"datePublished\":\"2026-04-13T08:46:42+00:00\",\"author\":{\"@id\":\"https:\/\/portaltela.pt\/#\/schema\/person\/c4278d4a6028830caff9ee44b42d32ed\"},\"breadcrumb\":{\"@id\":\"https:\/\/portaltela.pt\/noticias\/2026\/04\/13\/granada-sem-carga-explosiva-atirada-para-dentro-de-carro-em-olhao-3\/#breadcrumb\"},\"inLanguage\":\"pt-PT\",\"potentialAction\":[{\"@type\":\"ReadAction\",\"target\":[\"https:\/\/portaltela.pt\/noticias\/2026\/04\/13\/granada-sem-carga-explosiva-atirada-para-dentro-de-carro-em-olhao-3\/\"]}]},{\"@type\":\"ImageObject\",\"inLanguage\":\"pt-PT\",\"@id\":\"https:\/\/portaltela.pt\/noticias\/2026\/04\/13\/granada-sem-carga-explosiva-atirada-para-dentro-de-carro-em-olhao-3\/#primaryimage\",\"url\":\"https:\/\/portaltela.pt\/s.01k8rhncp4jt1\/2026\/04\/img_1280x722uu2026-04-13-09-38-41-2278181.jpg\",\"contentUrl\":\"https:\/\/portaltela.pt\/s.01k8rhncp4jt1\/2026\/04\/img_1280x722uu2026-04-13-09-38-41-2278181.jpg\",\"width\":796,\"height\":448,\"caption\":\"Granada sem carga explosiva atirada para dentro de carro em Olh\u00e3o\"},{\"@type\":\"BreadcrumbList\",\"@id\":\"https:\/\/portaltela.pt\/noticias\/2026\/04\/13\/granada-sem-carga-explosiva-atirada-para-dentro-de-carro-em-olhao-3\/#breadcrumb\",\"itemListElement\":[{\"@type\":\"ListItem\",\"position\":1,\"name\":\"In\u00edcio\",\"item\":\"https:\/\/portaltela.pt\/\"},{\"@type\":\"ListItem\",\"position\":2,\"name\":\"Granada sem carga explosiva atirada para dentro de carro em Olh\u00e3o\"}]},{\"@type\":\"WebSite\",\"@id\":\"https:\/\/portaltela.pt\/#website\",\"url\":\"https:\/\/portaltela.pt\/\",\"name\":\"Portal Tela Portugal\",\"description\":\"\",\"potentialAction\":[{\"@type\":\"SearchAction\",\"target\":{\"@type\":\"EntryPoint\",\"urlTemplate\":\"https:\/\/portaltela.pt\/?s={search_term_string}\"},\"query-input\":{\"@type\":\"PropertyValueSpecification\",\"valueRequired\":true,\"valueName\":\"search_term_string\"}}],\"inLanguage\":\"pt-PT\"},{\"@type\":\"Person\",\"@id\":\"https:\/\/portaltela.pt\/#\/schema\/person\/c4278d4a6028830caff9ee44b42d32ed\",\"name\":\"Telinha\",\"image\":{\"@type\":\"ImageObject\",\"inLanguage\":\"pt-PT\",\"@id\":\"https:\/\/portaltela.pt\/s.01k8rhncp4jt1\/2025\/11\/talking-bot-125x125.png\",\"url\":\"https:\/\/portaltela.pt\/s.01k8rhncp4jt1\/2025\/11\/talking-bot-125x125.png\",\"contentUrl\":\"https:\/\/portaltela.pt\/s.01k8rhncp4jt1\/2025\/11\/talking-bot-125x125.png\",\"caption\":\"Telinha\"},\"sameAs\":[\"https:\/\/portaltela.pt\/\"],\"url\":\"https:\/\/portaltela.pt\/por\/367410592786\/\"}]}<\/script>\n<!-- \/ Yoast SEO plugin. -->","yoast_head_json":{"title":"Granada sem carga explosiva atirada para dentro de carro em Olh\u00e3o - Portal Tela Portugal","robots":{"index":"index","follow":"follow","max-snippet":"max-snippet:-1","max-image-preview":"max-image-preview:large","max-video-preview":"max-video-preview:-1"},"og_locale":"pt_PT","og_type":"article","og_title":"Granada sem carga explosiva atirada para dentro de carro em Olh\u00e3o - Portal Tela Portugal","og_description":"O alerta chegou \u00e0 Pol\u00edcia de Seguran\u00e7a P\u00fablica pouco antes das 10h00, sobre uma granada sem carga explosiva detetada dentro de uma viatura em Olh\u00e3o. A viatura apresentava o vidro partido e estava estacionada junto \u00e0 linha f\u00e9rrea. As autoridades confirmaram que o objeto n\u00e3o tinha carga explosiva e foi entregue para per\u00edcia. A investiga\u00e7\u00e3o procura apurar a origem e o motivo do incidente.","og_url":"https:\/\/portaltela.pt\/noticias\/2026\/04\/13\/granada-sem-carga-explosiva-atirada-para-dentro-de-carro-em-olhao-3\/","og_site_name":"Portal Tela Portugal","article_published_time":"2026-04-13T08:46:42+00:00","author":"Telinha","twitter_card":"summary_large_image","twitter_misc":{"Escrito por":"Telinha","Tempo estimado de leitura":"1 minuto"},"schema":{"@context":"https:\/\/schema.org","@graph":[{"@type":"Article","@id":"https:\/\/portaltela.pt\/noticias\/2026\/04\/13\/granada-sem-carga-explosiva-atirada-para-dentro-de-carro-em-olhao-3\/#article","isPartOf":{"@id":"https:\/\/portaltela.pt\/noticias\/2026\/04\/13\/granada-sem-carga-explosiva-atirada-para-dentro-de-carro-em-olhao-3\/"},"author":{"name":"Telinha","@id":"https:\/\/portaltela.pt\/#\/schema\/person\/c4278d4a6028830caff9ee44b42d32ed"},"headline":"Granada sem carga explosiva atirada para dentro de carro em Olh\u00e3o","datePublished":"2026-04-13T08:46:42+00:00","mainEntityOfPage":{"@id":"https:\/\/portaltela.pt\/noticias\/2026\/04\/13\/granada-sem-carga-explosiva-atirada-para-dentro-de-carro-em-olhao-3\/"},"wordCount":169,"image":{"@id":"https:\/\/portaltela.pt\/noticias\/2026\/04\/13\/granada-sem-carga-explosiva-atirada-para-dentro-de-carro-em-olhao-3\/#primaryimage"},"thumbnailUrl":"https:\/\/portaltela.pt\/s.01k8rhncp4jt1\/2026\/04\/img_1280x722uu2026-04-13-09-38-41-2278181.jpg","keywords":["arma de fogo","Granada","investiga\u00e7\u00e3o criminal","seguran\u00e7a p\u00fablica","viaturas"],"articleSection":["Crime","Pol\u00edcia"],"inLanguage":"pt-PT"},{"@type":"WebPage","@id":"https:\/\/portaltela.pt\/noticias\/2026\/04\/13\/granada-sem-carga-explosiva-atirada-para-dentro-de-carro-em-olhao-3\/","url":"https:\/\/portaltela.pt\/noticias\/2026\/04\/13\/granada-sem-carga-explosiva-atirada-para-dentro-de-carro-em-olhao-3\/","name":"Granada sem carga explosiva atirada para dentro de carro em Olh\u00e3o - Portal Tela Portugal","isPartOf":{"@id":"https:\/\/portaltela.pt\/#website"},"primaryImageOfPage":{"@id":"https:\/\/portaltela.pt\/noticias\/2026\/04\/13\/granada-sem-carga-explosiva-atirada-para-dentro-de-carro-em-olhao-3\/#primaryimage"},"image":{"@id":"https:\/\/portaltela.pt\/noticias\/2026\/04\/13\/granada-sem-carga-explosiva-atirada-para-dentro-de-carro-em-olhao-3\/#primaryimage"},"thumbnailUrl":"https:\/\/portaltela.pt\/s.01k8rhncp4jt1\/2026\/04\/img_1280x722uu2026-04-13-09-38-41-2278181.jpg","datePublished":"2026-04-13T08:46:42+00:00","author":{"@id":"https:\/\/portaltela.pt\/#\/schema\/person\/c4278d4a6028830caff9ee44b42d32ed"},"breadcrumb":{"@id":"https:\/\/portaltela.pt\/noticias\/2026\/04\/13\/granada-sem-carga-explosiva-atirada-para-dentro-de-carro-em-olhao-3\/#breadcrumb"},"inLanguage":"pt-PT","potentialAction":[{"@type":"ReadAction","target":["https:\/\/portaltela.pt\/noticias\/2026\/04\/13\/granada-sem-carga-explosiva-atirada-para-dentro-de-carro-em-olhao-3\/"]}]},{"@type":"ImageObject","inLanguage":"pt-PT","@id":"https:\/\/portaltela.pt\/noticias\/2026\/04\/13\/granada-sem-carga-explosiva-atirada-para-dentro-de-carro-em-olhao-3\/#primaryimage","url":"https:\/\/portaltela.pt\/s.01k8rhncp4jt1\/2026\/04\/img_1280x722uu2026-04-13-09-38-41-2278181.jpg","contentUrl":"https:\/\/portaltela.pt\/s.01k8rhncp4jt1\/2026\/04\/img_1280x722uu2026-04-13-09-38-41-2278181.jpg","width":796,"height":448,"caption":"Granada sem carga explosiva atirada para dentro de carro em Olh\u00e3o"},{"@type":"BreadcrumbList","@id":"https:\/\/portaltela.pt\/noticias\/2026\/04\/13\/granada-sem-carga-explosiva-atirada-para-dentro-de-carro-em-olhao-3\/#breadcrumb","itemListElement":[{"@type":"ListItem","position":1,"name":"In\u00edcio","item":"https:\/\/portaltela.pt\/"},{"@type":"ListItem","position":2,"name":"Granada sem carga explosiva atirada para dentro de carro em Olh\u00e3o"}]},{"@type":"WebSite","@id":"https:\/\/portaltela.pt\/#website","url":"https:\/\/portaltela.pt\/","name":"Portal Tela Portugal","description":"","potentialAction":[{"@type":"SearchAction","target":{"@type":"EntryPoint","urlTemplate":"https:\/\/portaltela.pt\/?s={search_term_string}"},"query-input":{"@type":"PropertyValueSpecification","valueRequired":true,"valueName":"search_term_string"}}],"inLanguage":"pt-PT"},{"@type":"Person","@id":"https:\/\/portaltela.pt\/#\/schema\/person\/c4278d4a6028830caff9ee44b42d32ed","name":"Telinha","image":{"@type":"ImageObject","inLanguage":"pt-PT","@id":"https:\/\/portaltela.pt\/s.01k8rhncp4jt1\/2025\/11\/talking-bot-125x125.png","url":"https:\/\/portaltela.pt\/s.01k8rhncp4jt1\/2025\/11\/talking-bot-125x125.png","contentUrl":"https:\/\/portaltela.pt\/s.01k8rhncp4jt1\/2025\/11\/talking-bot-125x125.png","caption":"Telinha"},"sameAs":["https:\/\/portaltela.pt\/"],"url":"https:\/\/portaltela.pt\/por\/367410592786\/"}]}},"_links":{"self":[{"href":"https:\/\/portaltela.pt\/api\/wp\/v2\/posts\/442072","targetHints":{"allow":["GET"]}}],"collection":[{"href":"https:\/\/portaltela.pt\/api\/wp\/v2\/posts"}],"about":[{"href":"https:\/\/portaltela.pt\/api\/wp\/v2\/types\/post"}],"author":[{"embeddable":true,"href":"https:\/\/portaltela.pt\/api\/wp\/v2\/users\/2"}],"replies":[{"embeddable":true,"href":"https:\/\/portaltela.pt\/api\/wp\/v2\/comments?post=442072"}],"version-history":[{"count":0,"href":"https:\/\/portaltela.pt\/api\/wp\/v2\/posts\/442072\/revisions"}],"wp:featuredmedia":[{"embeddable":true,"href":"https:\/\/portaltela.pt\/api\/wp\/v2\/media\/442073"}],"wp:attachment":[{"href":"https:\/\/portaltela.pt\/api\/wp\/v2\/media?parent=442072"}],"wp:term":[{"taxonomy":"category","embeddable":true,"href":"https:\/\/portaltela.pt\/api\/wp\/v2\/categories?post=442072"},{"taxonomy":"post_tag","embeddable":true,"href":"https:\/\/portaltela.pt\/api\/wp\/v2\/tags?post=442072"}],"curies":[{"name":"wp","href":"https:\/\/api.w.org\/{rel}","templated":true}]}}