{"id":442066,"date":"2026-04-13T05:32:30","date_gmt":"2026-04-13T08:32:30","guid":{"rendered":"https:\/\/portaltela.pt\/noticias\/2026\/04\/13\/trump-critica-lider-da-igreja-catolica-alegando-fraqueza-do-papa-leao-e-crime\/"},"modified":"2026-04-13T05:32:30","modified_gmt":"2026-04-13T08:32:30","slug":"trump-critica-lider-da-igreja-catolica-alegando-fraqueza-do-papa-leao-e-crime","status":"publish","type":"post","link":"https:\/\/portaltela.pt\/noticias\/politica\/2026\/04\/13\/trump-critica-lider-da-igreja-catolica-alegando-fraqueza-do-papa-leao-e-crime\/","title":{"rendered":"Trump critica l\u00edder da Igreja Cat\u00f3lica, alegando fraqueza do Papa Le\u00e3o e crime"},"content":{"rendered":"<p>Donald Trump criticou o Papa Le\u00e3o XIV, chamando-o de fraco e terr\u00edvel na pol\u00edtica externa. As declara\u00e7\u00f5es surgiram nas redes sociais e foram repetidas \u00e0 imprensa, na viagem de regresso a Washington.<\/p>\n<p>O presidente afirmou n\u00e3o ser f\u00e3 do Papa e criticou o seu desempenho, alegando que o pont\u00edfice gosta do crime e que \u00e9 uma pessoa muito liberal. A tens\u00e3o aumentou desde a P\u00e1scoa no Vaticano.<\/p>\n<p>A controv\u00e9rsia seguiu uma interven\u00e7\u00e3o do Papa na Bas\u00edlica de S\u00e3o Pedro, onde o l\u00edder cat\u00f3lico comentou a guerra entre os EUA e o Ir\u00e3o, sem mencionar Trump, o que foi interpretado como cr\u00edtica \u00e0 pol\u00edtica externa norte\u2011americana.<\/p>\n<h3>Contexto diplom\u00e1tico<\/h3>\n<p>Trump reagiu, qualificando o Papa de brando com o crime e de posi\u00e7\u00f5es perigosas a n\u00edvel internacional. Em mensagem publicada, afirmou que n\u00e3o quer um Papa que aceite que o Ir\u00e3o tenha arma nuclear.<\/p>\n<p>O presidente insistiu que as cr\u00edticas \u00e0 atua\u00e7\u00e3o dos EUA s\u00e3o injustificadas, assegurando cumprir o mandato eleito com maioria esmagadora. Reiterou que n\u00e3o tolera cr\u00edticas externas ao seu governo.<\/p>\n<p>O empres\u00e1rio insinuou ainda que o Papa foi escolhido por ser americano, sugerindo motiva\u00e7\u00f5es pol\u00edticas na elei\u00e7\u00e3o. Pediu ao Papa para usar o bom senso e afastar-se de press\u00f5es da esquerda radical.<\/p>\n<h3>Foco regional<\/h3>\n<p>Al\u00e9m das cr\u00edticas ao Ir\u00e3, Trump criticou a posi\u00e7\u00e3o do Papa sobre a Am\u00e9rica Latina, em particular a interven\u00e7\u00e3o dos EUA na Venezuela e a destitui\u00e7\u00e3o de Nicol\u00e1s Maduro.<\/p>\n","protected":false},"excerpt":{"rendered":"<ul>\n<li>O presidente dos Estados Unidos, Donald Trump, atacou o l\u00edder da Igreja Cat\u00f3lica, Papa Le\u00e3o XIV, classificando-o como fraco e p\u00e9ssimo na pol\u00edtica externa, numa publica\u00e7\u00e3o nas redes sociais e em declara\u00e7\u00f5es a jornalistas.<\/li>\n<li>Trump afirmou n\u00e3o ser f\u00e3 do Papa Le\u00e3o XIV, descrevendo-o como liberal e dizendo que gosta do crime, enquanto criticava a atua\u00e7\u00e3o do pont\u00edfice na arena internacional.<\/li>\n<li>As cr\u00edticas do Papa, feitas durante a missa de P\u00e1scoa na Bas\u00edlica de S\u00e3o Pedro, foram interpretadas como uma cr\u00edtica indireta \u00e0 pol\u00edtica externa norte\u2011americana, sobretudo no contexto da tens\u00e3o com o Ir\u00e3o.<\/li>\n<li>Em resposta, Trump acusou o Papa de ser brando em rela\u00e7\u00e3o ao crime e de apoiar posi\u00e7\u00f5es perigosas, alegando que n\u00e3o quer um papa que critique o presidente dos Estados Unidos.<\/li>\n<li>O presidente tamb\u00e9m questionou a legitimidade do Papa, sugerindo que teria sido escolhido por ser americano, e dirigiu cr\u00edticas \u00e0 posi\u00e7\u00e3o do Vaticano sobre a Am\u00e9rica Latina, incluindo a Venezuela e Nicol\u00e1s Maduro.<\/li>\n<\/ul>\n","protected":false},"author":2,"featured_media":442067,"comment_status":"closed","ping_status":"closed","sticky":false,"template":"","format":"standard","meta":{"footnotes":""},"categories":[6912,5],"tags":[103,2198,29,102,2832,27],"class_list":["post-442066","post","type-post","status-publish","format-standard","has-post-thumbnail","hentry","category-internacionais","category-politica","tag-catolicismo","tag-conflitos-internacionais","tag-diplomacia","tag-igreja","tag-politica","tag-relacoes-internacionais"],"yoast_head":"<!-- This site is optimized with the Yoast SEO plugin v27.2 - https:\/\/yoast.com\/product\/yoast-seo-wordpress\/ -->\n<title>Trump critica l\u00edder da Igreja Cat\u00f3lica, alegando fraqueza do Papa Le\u00e3o e crime - Portal Tela Portugal<\/title>\n<meta name=\"robots\" content=\"index, follow, max-snippet:-1, max-image-preview:large, max-video-preview:-1\" \/>\n<meta property=\"og:locale\" content=\"pt_PT\" \/>\n<meta property=\"og:type\" content=\"article\" \/>\n<meta property=\"og:title\" content=\"Trump critica l\u00edder da Igreja Cat\u00f3lica, alegando fraqueza do Papa Le\u00e3o e crime - Portal Tela Portugal\" \/>\n<meta property=\"og:description\" content=\"O presidente dos Estados Unidos, Donald Trump, atacou o l\u00edder da Igreja Cat\u00f3lica, Papa Le\u00e3o XIV, classificando-o como fraco e p\u00e9ssimo na pol\u00edtica externa, numa publica\u00e7\u00e3o nas redes sociais e em declara\u00e7\u00f5es a jornalistas. Trump afirmou n\u00e3o ser f\u00e3 do Papa Le\u00e3o XIV, descrevendo-o como liberal e dizendo que gosta do crime, enquanto criticava a atua\u00e7\u00e3o do pont\u00edfice na arena internacional. As cr\u00edticas do Papa, feitas durante a missa de P\u00e1scoa na Bas\u00edlica de S\u00e3o Pedro, foram interpretadas como uma cr\u00edtica indireta \u00e0 pol\u00edtica externa norte\u2011americana, sobretudo no contexto da tens\u00e3o com o Ir\u00e3o. Em resposta, Trump acusou o Papa de ser brando em rela\u00e7\u00e3o ao crime e de apoiar posi\u00e7\u00f5es perigosas, alegando que n\u00e3o quer um papa que critique o presidente dos Estados Unidos. O presidente tamb\u00e9m questionou a legitimidade do Papa, sugerindo que teria sido escolhido por ser americano, e dirigiu cr\u00edticas \u00e0 posi\u00e7\u00e3o do Vaticano sobre a Am\u00e9rica Latina, incluindo a Venezuela e Nicol\u00e1s Maduro.\" \/>\n<meta property=\"og:url\" content=\"https:\/\/portaltela.pt\/noticias\/2026\/04\/13\/trump-critica-lider-da-igreja-catolica-alegando-fraqueza-do-papa-leao-e-crime\/\" \/>\n<meta property=\"og:site_name\" content=\"Portal Tela Portugal\" \/>\n<meta property=\"article:published_time\" content=\"2026-04-13T08:32:30+00:00\" \/>\n<meta name=\"author\" content=\"Telinha\" \/>\n<meta name=\"twitter:card\" content=\"summary_large_image\" \/>\n<meta name=\"twitter:label1\" content=\"Escrito por\" \/>\n\t<meta name=\"twitter:data1\" content=\"Telinha\" \/>\n\t<meta name=\"twitter:label2\" content=\"Tempo estimado de leitura\" \/>\n\t<meta name=\"twitter:data2\" content=\"1 minuto\" \/>\n<script type=\"application\/ld+json\" class=\"yoast-schema-graph\">{\"@context\":\"https:\/\/schema.org\",\"@graph\":[{\"@type\":\"Article\",\"@id\":\"https:\/\/portaltela.pt\/noticias\/2026\/04\/13\/trump-critica-lider-da-igreja-catolica-alegando-fraqueza-do-papa-leao-e-crime\/#article\",\"isPartOf\":{\"@id\":\"https:\/\/portaltela.pt\/noticias\/2026\/04\/13\/trump-critica-lider-da-igreja-catolica-alegando-fraqueza-do-papa-leao-e-crime\/\"},\"author\":{\"name\":\"Telinha\",\"@id\":\"https:\/\/portaltela.pt\/#\/schema\/person\/c4278d4a6028830caff9ee44b42d32ed\"},\"headline\":\"Trump critica l\u00edder da Igreja Cat\u00f3lica, alegando fraqueza do Papa Le\u00e3o e crime\",\"datePublished\":\"2026-04-13T08:32:30+00:00\",\"mainEntityOfPage\":{\"@id\":\"https:\/\/portaltela.pt\/noticias\/2026\/04\/13\/trump-critica-lider-da-igreja-catolica-alegando-fraqueza-do-papa-leao-e-crime\/\"},\"wordCount\":285,\"image\":{\"@id\":\"https:\/\/portaltela.pt\/noticias\/2026\/04\/13\/trump-critica-lider-da-igreja-catolica-alegando-fraqueza-do-papa-leao-e-crime\/#primaryimage\"},\"thumbnailUrl\":\"https:\/\/portaltela.pt\/s.01k8rhncp4jt1\/2026\/04\/img_1200x721uu2026-04-13-09-22-49-2432742.jpg\",\"keywords\":[\"catolicismo\",\"conflitos internacionais\",\"diplomacia\",\"igreja\",\"pol\u00edtica\",\"rela\u00e7\u00f5es internacionais\"],\"articleSection\":[\"Internacionais\",\"Pol\u00edtica\"],\"inLanguage\":\"pt-PT\"},{\"@type\":\"WebPage\",\"@id\":\"https:\/\/portaltela.pt\/noticias\/2026\/04\/13\/trump-critica-lider-da-igreja-catolica-alegando-fraqueza-do-papa-leao-e-crime\/\",\"url\":\"https:\/\/portaltela.pt\/noticias\/2026\/04\/13\/trump-critica-lider-da-igreja-catolica-alegando-fraqueza-do-papa-leao-e-crime\/\",\"name\":\"Trump critica l\u00edder da Igreja Cat\u00f3lica, alegando fraqueza do Papa Le\u00e3o e crime - Portal Tela Portugal\",\"isPartOf\":{\"@id\":\"https:\/\/portaltela.pt\/#website\"},\"primaryImageOfPage\":{\"@id\":\"https:\/\/portaltela.pt\/noticias\/2026\/04\/13\/trump-critica-lider-da-igreja-catolica-alegando-fraqueza-do-papa-leao-e-crime\/#primaryimage\"},\"image\":{\"@id\":\"https:\/\/portaltela.pt\/noticias\/2026\/04\/13\/trump-critica-lider-da-igreja-catolica-alegando-fraqueza-do-papa-leao-e-crime\/#primaryimage\"},\"thumbnailUrl\":\"https:\/\/portaltela.pt\/s.01k8rhncp4jt1\/2026\/04\/img_1200x721uu2026-04-13-09-22-49-2432742.jpg\",\"datePublished\":\"2026-04-13T08:32:30+00:00\",\"author\":{\"@id\":\"https:\/\/portaltela.pt\/#\/schema\/person\/c4278d4a6028830caff9ee44b42d32ed\"},\"breadcrumb\":{\"@id\":\"https:\/\/portaltela.pt\/noticias\/2026\/04\/13\/trump-critica-lider-da-igreja-catolica-alegando-fraqueza-do-papa-leao-e-crime\/#breadcrumb\"},\"inLanguage\":\"pt-PT\",\"potentialAction\":[{\"@type\":\"ReadAction\",\"target\":[\"https:\/\/portaltela.pt\/noticias\/2026\/04\/13\/trump-critica-lider-da-igreja-catolica-alegando-fraqueza-do-papa-leao-e-crime\/\"]}]},{\"@type\":\"ImageObject\",\"inLanguage\":\"pt-PT\",\"@id\":\"https:\/\/portaltela.pt\/noticias\/2026\/04\/13\/trump-critica-lider-da-igreja-catolica-alegando-fraqueza-do-papa-leao-e-crime\/#primaryimage\",\"url\":\"https:\/\/portaltela.pt\/s.01k8rhncp4jt1\/2026\/04\/img_1200x721uu2026-04-13-09-22-49-2432742.jpg\",\"contentUrl\":\"https:\/\/portaltela.pt\/s.01k8rhncp4jt1\/2026\/04\/img_1200x721uu2026-04-13-09-22-49-2432742.jpg\",\"width\":796,\"height\":448,\"caption\":\"Donald Trump, Presidente dos EUA\"},{\"@type\":\"BreadcrumbList\",\"@id\":\"https:\/\/portaltela.pt\/noticias\/2026\/04\/13\/trump-critica-lider-da-igreja-catolica-alegando-fraqueza-do-papa-leao-e-crime\/#breadcrumb\",\"itemListElement\":[{\"@type\":\"ListItem\",\"position\":1,\"name\":\"In\u00edcio\",\"item\":\"https:\/\/portaltela.pt\/\"},{\"@type\":\"ListItem\",\"position\":2,\"name\":\"Trump critica l\u00edder da Igreja Cat\u00f3lica, alegando fraqueza do Papa Le\u00e3o e crime\"}]},{\"@type\":\"WebSite\",\"@id\":\"https:\/\/portaltela.pt\/#website\",\"url\":\"https:\/\/portaltela.pt\/\",\"name\":\"Portal Tela Portugal\",\"description\":\"\",\"potentialAction\":[{\"@type\":\"SearchAction\",\"target\":{\"@type\":\"EntryPoint\",\"urlTemplate\":\"https:\/\/portaltela.pt\/?s={search_term_string}\"},\"query-input\":{\"@type\":\"PropertyValueSpecification\",\"valueRequired\":true,\"valueName\":\"search_term_string\"}}],\"inLanguage\":\"pt-PT\"},{\"@type\":\"Person\",\"@id\":\"https:\/\/portaltela.pt\/#\/schema\/person\/c4278d4a6028830caff9ee44b42d32ed\",\"name\":\"Telinha\",\"image\":{\"@type\":\"ImageObject\",\"inLanguage\":\"pt-PT\",\"@id\":\"https:\/\/portaltela.pt\/s.01k8rhncp4jt1\/2025\/11\/talking-bot-125x125.png\",\"url\":\"https:\/\/portaltela.pt\/s.01k8rhncp4jt1\/2025\/11\/talking-bot-125x125.png\",\"contentUrl\":\"https:\/\/portaltela.pt\/s.01k8rhncp4jt1\/2025\/11\/talking-bot-125x125.png\",\"caption\":\"Telinha\"},\"sameAs\":[\"https:\/\/portaltela.pt\/\"],\"url\":\"https:\/\/portaltela.pt\/por\/367410592786\/\"}]}<\/script>\n<!-- \/ Yoast SEO plugin. -->","yoast_head_json":{"title":"Trump critica l\u00edder da Igreja Cat\u00f3lica, alegando fraqueza do Papa Le\u00e3o e crime - Portal Tela Portugal","robots":{"index":"index","follow":"follow","max-snippet":"max-snippet:-1","max-image-preview":"max-image-preview:large","max-video-preview":"max-video-preview:-1"},"og_locale":"pt_PT","og_type":"article","og_title":"Trump critica l\u00edder da Igreja Cat\u00f3lica, alegando fraqueza do Papa Le\u00e3o e crime - Portal Tela Portugal","og_description":"O presidente dos Estados Unidos, Donald Trump, atacou o l\u00edder da Igreja Cat\u00f3lica, Papa Le\u00e3o XIV, classificando-o como fraco e p\u00e9ssimo na pol\u00edtica externa, numa publica\u00e7\u00e3o nas redes sociais e em declara\u00e7\u00f5es a jornalistas. Trump afirmou n\u00e3o ser f\u00e3 do Papa Le\u00e3o XIV, descrevendo-o como liberal e dizendo que gosta do crime, enquanto criticava a atua\u00e7\u00e3o do pont\u00edfice na arena internacional. As cr\u00edticas do Papa, feitas durante a missa de P\u00e1scoa na Bas\u00edlica de S\u00e3o Pedro, foram interpretadas como uma cr\u00edtica indireta \u00e0 pol\u00edtica externa norte\u2011americana, sobretudo no contexto da tens\u00e3o com o Ir\u00e3o. Em resposta, Trump acusou o Papa de ser brando em rela\u00e7\u00e3o ao crime e de apoiar posi\u00e7\u00f5es perigosas, alegando que n\u00e3o quer um papa que critique o presidente dos Estados Unidos. O presidente tamb\u00e9m questionou a legitimidade do Papa, sugerindo que teria sido escolhido por ser americano, e dirigiu cr\u00edticas \u00e0 posi\u00e7\u00e3o do Vaticano sobre a Am\u00e9rica Latina, incluindo a Venezuela e Nicol\u00e1s Maduro.","og_url":"https:\/\/portaltela.pt\/noticias\/2026\/04\/13\/trump-critica-lider-da-igreja-catolica-alegando-fraqueza-do-papa-leao-e-crime\/","og_site_name":"Portal Tela Portugal","article_published_time":"2026-04-13T08:32:30+00:00","author":"Telinha","twitter_card":"summary_large_image","twitter_misc":{"Escrito por":"Telinha","Tempo estimado de leitura":"1 minuto"},"schema":{"@context":"https:\/\/schema.org","@graph":[{"@type":"Article","@id":"https:\/\/portaltela.pt\/noticias\/2026\/04\/13\/trump-critica-lider-da-igreja-catolica-alegando-fraqueza-do-papa-leao-e-crime\/#article","isPartOf":{"@id":"https:\/\/portaltela.pt\/noticias\/2026\/04\/13\/trump-critica-lider-da-igreja-catolica-alegando-fraqueza-do-papa-leao-e-crime\/"},"author":{"name":"Telinha","@id":"https:\/\/portaltela.pt\/#\/schema\/person\/c4278d4a6028830caff9ee44b42d32ed"},"headline":"Trump critica l\u00edder da Igreja Cat\u00f3lica, alegando fraqueza do Papa Le\u00e3o e crime","datePublished":"2026-04-13T08:32:30+00:00","mainEntityOfPage":{"@id":"https:\/\/portaltela.pt\/noticias\/2026\/04\/13\/trump-critica-lider-da-igreja-catolica-alegando-fraqueza-do-papa-leao-e-crime\/"},"wordCount":285,"image":{"@id":"https:\/\/portaltela.pt\/noticias\/2026\/04\/13\/trump-critica-lider-da-igreja-catolica-alegando-fraqueza-do-papa-leao-e-crime\/#primaryimage"},"thumbnailUrl":"https:\/\/portaltela.pt\/s.01k8rhncp4jt1\/2026\/04\/img_1200x721uu2026-04-13-09-22-49-2432742.jpg","keywords":["catolicismo","conflitos internacionais","diplomacia","igreja","pol\u00edtica","rela\u00e7\u00f5es internacionais"],"articleSection":["Internacionais","Pol\u00edtica"],"inLanguage":"pt-PT"},{"@type":"WebPage","@id":"https:\/\/portaltela.pt\/noticias\/2026\/04\/13\/trump-critica-lider-da-igreja-catolica-alegando-fraqueza-do-papa-leao-e-crime\/","url":"https:\/\/portaltela.pt\/noticias\/2026\/04\/13\/trump-critica-lider-da-igreja-catolica-alegando-fraqueza-do-papa-leao-e-crime\/","name":"Trump critica l\u00edder da Igreja Cat\u00f3lica, alegando fraqueza do Papa Le\u00e3o e crime - Portal Tela Portugal","isPartOf":{"@id":"https:\/\/portaltela.pt\/#website"},"primaryImageOfPage":{"@id":"https:\/\/portaltela.pt\/noticias\/2026\/04\/13\/trump-critica-lider-da-igreja-catolica-alegando-fraqueza-do-papa-leao-e-crime\/#primaryimage"},"image":{"@id":"https:\/\/portaltela.pt\/noticias\/2026\/04\/13\/trump-critica-lider-da-igreja-catolica-alegando-fraqueza-do-papa-leao-e-crime\/#primaryimage"},"thumbnailUrl":"https:\/\/portaltela.pt\/s.01k8rhncp4jt1\/2026\/04\/img_1200x721uu2026-04-13-09-22-49-2432742.jpg","datePublished":"2026-04-13T08:32:30+00:00","author":{"@id":"https:\/\/portaltela.pt\/#\/schema\/person\/c4278d4a6028830caff9ee44b42d32ed"},"breadcrumb":{"@id":"https:\/\/portaltela.pt\/noticias\/2026\/04\/13\/trump-critica-lider-da-igreja-catolica-alegando-fraqueza-do-papa-leao-e-crime\/#breadcrumb"},"inLanguage":"pt-PT","potentialAction":[{"@type":"ReadAction","target":["https:\/\/portaltela.pt\/noticias\/2026\/04\/13\/trump-critica-lider-da-igreja-catolica-alegando-fraqueza-do-papa-leao-e-crime\/"]}]},{"@type":"ImageObject","inLanguage":"pt-PT","@id":"https:\/\/portaltela.pt\/noticias\/2026\/04\/13\/trump-critica-lider-da-igreja-catolica-alegando-fraqueza-do-papa-leao-e-crime\/#primaryimage","url":"https:\/\/portaltela.pt\/s.01k8rhncp4jt1\/2026\/04\/img_1200x721uu2026-04-13-09-22-49-2432742.jpg","contentUrl":"https:\/\/portaltela.pt\/s.01k8rhncp4jt1\/2026\/04\/img_1200x721uu2026-04-13-09-22-49-2432742.jpg","width":796,"height":448,"caption":"Donald Trump, Presidente dos EUA"},{"@type":"BreadcrumbList","@id":"https:\/\/portaltela.pt\/noticias\/2026\/04\/13\/trump-critica-lider-da-igreja-catolica-alegando-fraqueza-do-papa-leao-e-crime\/#breadcrumb","itemListElement":[{"@type":"ListItem","position":1,"name":"In\u00edcio","item":"https:\/\/portaltela.pt\/"},{"@type":"ListItem","position":2,"name":"Trump critica l\u00edder da Igreja Cat\u00f3lica, alegando fraqueza do Papa Le\u00e3o e crime"}]},{"@type":"WebSite","@id":"https:\/\/portaltela.pt\/#website","url":"https:\/\/portaltela.pt\/","name":"Portal Tela Portugal","description":"","potentialAction":[{"@type":"SearchAction","target":{"@type":"EntryPoint","urlTemplate":"https:\/\/portaltela.pt\/?s={search_term_string}"},"query-input":{"@type":"PropertyValueSpecification","valueRequired":true,"valueName":"search_term_string"}}],"inLanguage":"pt-PT"},{"@type":"Person","@id":"https:\/\/portaltela.pt\/#\/schema\/person\/c4278d4a6028830caff9ee44b42d32ed","name":"Telinha","image":{"@type":"ImageObject","inLanguage":"pt-PT","@id":"https:\/\/portaltela.pt\/s.01k8rhncp4jt1\/2025\/11\/talking-bot-125x125.png","url":"https:\/\/portaltela.pt\/s.01k8rhncp4jt1\/2025\/11\/talking-bot-125x125.png","contentUrl":"https:\/\/portaltela.pt\/s.01k8rhncp4jt1\/2025\/11\/talking-bot-125x125.png","caption":"Telinha"},"sameAs":["https:\/\/portaltela.pt\/"],"url":"https:\/\/portaltela.pt\/por\/367410592786\/"}]}},"_links":{"self":[{"href":"https:\/\/portaltela.pt\/api\/wp\/v2\/posts\/442066","targetHints":{"allow":["GET"]}}],"collection":[{"href":"https:\/\/portaltela.pt\/api\/wp\/v2\/posts"}],"about":[{"href":"https:\/\/portaltela.pt\/api\/wp\/v2\/types\/post"}],"author":[{"embeddable":true,"href":"https:\/\/portaltela.pt\/api\/wp\/v2\/users\/2"}],"replies":[{"embeddable":true,"href":"https:\/\/portaltela.pt\/api\/wp\/v2\/comments?post=442066"}],"version-history":[{"count":0,"href":"https:\/\/portaltela.pt\/api\/wp\/v2\/posts\/442066\/revisions"}],"wp:featuredmedia":[{"embeddable":true,"href":"https:\/\/portaltela.pt\/api\/wp\/v2\/media\/442067"}],"wp:attachment":[{"href":"https:\/\/portaltela.pt\/api\/wp\/v2\/media?parent=442066"}],"wp:term":[{"taxonomy":"category","embeddable":true,"href":"https:\/\/portaltela.pt\/api\/wp\/v2\/categories?post=442066"},{"taxonomy":"post_tag","embeddable":true,"href":"https:\/\/portaltela.pt\/api\/wp\/v2\/tags?post=442066"}],"curies":[{"name":"wp","href":"https:\/\/api.w.org\/{rel}","templated":true}]}}