{"id":442008,"date":"2026-04-13T04:16:58","date_gmt":"2026-04-13T07:16:58","guid":{"rendered":"https:\/\/portaltela.pt\/noticias\/2026\/04\/13\/belem-o-que-falta-fechar-entre-casa-civil-conselheiros-e-representantes\/"},"modified":"2026-04-13T04:16:58","modified_gmt":"2026-04-13T07:16:58","slug":"belem-o-que-falta-fechar-entre-casa-civil-conselheiros-e-representantes","status":"publish","type":"post","link":"https:\/\/portaltela.pt\/noticias\/politica\/2026\/04\/13\/belem-o-que-falta-fechar-entre-casa-civil-conselheiros-e-representantes\/","title":{"rendered":"Bel\u00e9m: o que falta fechar entre Casa Civil, conselheiros e representantes"},"content":{"rendered":"<p>O xadrez pol\u00edtico de Bel\u00e9m mant\u00e9m-se por completar, a poucos dias do primeiro Conselho de Estado marcado para 17 de abril. Seguro ainda n\u00e3o fixou os cinco conselheiros de Estado nem os representantes da Rep\u00fablica para Madeira e A\u00e7ores, nem o chefe da Casa Civil. A reuni\u00e3o de sexta-feira poder\u00e1 confirmar nomes que est\u00e3o pendentes.<\/p>\n<p>O Presidente da Rep\u00fablica nomeia os conselheiros de Estado, os representantes para as regi\u00f5es aut\u00f3nomas e pode indicar o chefe da Casa Civil. Ant\u00f3nio Jos\u00e9 Seguro n\u00e3o revelou os nomes antes da vota\u00e7\u00e3o dos conselheiros pela Assembleia, prevista para quinta-feira.<\/p>\n<p>Enquanto o entourage de Bel\u00e9m se prepara, o ritmo de nomea\u00e7\u00f5es permanece em aberto. A Casa Civil continua sem chefia definitiva, com Cl\u00e1udia Ribeiro a desempenhar interinamente o papel, acumulando fun\u00e7\u00f5es, incluindo a Secretaria do Conselho de Estado.<\/p>\n<h3>Casa Civil e representantes regionais<\/h3>\n<p>Fora de Bel\u00e9m, ainda n\u00e3o h\u00e1 confirma\u00e7\u00e3o de quem representar\u00e1 a Rep\u00fablica na Madeira e nos A\u00e7ores. Ireneu Barreto e Pedro Catarino est\u00e3o prestes a terminar mandatos depois de 15 anos, apontados por l\u00edderes anteriores para ambas regi\u00f5es.<\/p>\n<p>Caso se confirme, os nomes escolhidos pela Presid\u00eancia dever\u00e3o indicar o tom pol\u00edtico do mandato. A decis\u00e3o final sobre a estrutura da Casa Civil e os representantes regionais depende da atua\u00e7\u00e3o de Seguro nas pr\u00f3ximas horas.<\/p>\n<p>O conjunto de nomea\u00e7\u00f5es pendentes envolve n\u00e3o s\u00f3 forma\u00e7\u00e3o de equipas, mas tamb\u00e9m a compatibilidade entre a atua\u00e7\u00e3o presidencial e as din\u00e2micas regionais. O objetivo \u00e9 fechar o c\u00edrculo de aconselhamento e coordena\u00e7\u00e3o institucional.<\/p>\n","protected":false},"excerpt":{"rendered":"<ul>\n<li>O Conselho de Estado est\u00e1 marcado para sexta-feira, 17 de abril, e Ant\u00f3nio Jos\u00e9 Seguro ainda n\u00e3o fechou a equipa em Bel\u00e9m, incluindo os cinco conselheiros de Estado e os representantes da Rep\u00fablica para Madeira e A\u00e7ores.<\/li>\n<li>Seguro j\u00e1 disse que os conselheiros de Estado escolhidos por ele ser\u00e3o anunciados ainda nesta semana, mas os nomes podem ficar sujeitos \u00e0 vota\u00e7\u00e3o dos conselheiros propostos pela Assembleia da Rep\u00fablica.<\/li>\n<li>Na Casa Civil, persiste a incerteza sobre a chefia definitiva; j\u00e1 h\u00e1 v\u00e1rios consultores e secret\u00e1rios nomeados, mas Cl\u00e1udia Ribeiro continua a acumular o cargo de chefe da Casa Civil e de secret\u00e1ria do Conselho de Estado, devendo estar presente na reuni\u00e3o de sexta-feira.<\/li>\n<li>Fora de Bel\u00e9m, os representantes da Rep\u00fablica para as regi\u00f5es aut\u00f3nomas da Madeira e dos A\u00e7ores ainda n\u00e3o foram nomeados; caber\u00e1 a eles promulgar diplomas regionais e requerer fiscaliza\u00e7\u00e3o da constitucionalidade de normas aprovadas nas assembleias regionais.<\/li>\n<li>Ireneu Barreto, representante da Madeira, e Pedro Catarino, representante dos A\u00e7ores, est\u00e3o de sa\u00edda ap\u00f3s quinze anos no cargo, tendo sido reconduzidos por dois presidentes anteriores; os nomes por preencher podem definir o tom pol\u00edtico do mandato.<\/li>\n<\/ul>\n","protected":false},"author":2,"featured_media":442011,"comment_status":"closed","ping_status":"closed","sticky":false,"template":"","format":"standard","meta":{"footnotes":""},"categories":[1,5],"tags":[822,285,34,859,2832,30],"class_list":["post-442008","post","type-post","status-publish","format-standard","has-post-thumbnail","hentry","category-noticias","category-politica","tag-acores","tag-casa","tag-governo","tag-madeira","tag-politica","tag-presidente"],"yoast_head":"<!-- This site is optimized with the Yoast SEO plugin v27.2 - https:\/\/yoast.com\/product\/yoast-seo-wordpress\/ -->\n<title>Bel\u00e9m: o que falta fechar entre Casa Civil, conselheiros e representantes - Portal Tela Portugal<\/title>\n<meta name=\"robots\" content=\"index, follow, max-snippet:-1, max-image-preview:large, max-video-preview:-1\" \/>\n<meta property=\"og:locale\" content=\"pt_PT\" \/>\n<meta property=\"og:type\" content=\"article\" \/>\n<meta property=\"og:title\" content=\"Bel\u00e9m: o que falta fechar entre Casa Civil, conselheiros e representantes - Portal Tela Portugal\" \/>\n<meta property=\"og:description\" content=\"O Conselho de Estado est\u00e1 marcado para sexta-feira, 17 de abril, e Ant\u00f3nio Jos\u00e9 Seguro ainda n\u00e3o fechou a equipa em Bel\u00e9m, incluindo os cinco conselheiros de Estado e os representantes da Rep\u00fablica para Madeira e A\u00e7ores. Seguro j\u00e1 disse que os conselheiros de Estado escolhidos por ele ser\u00e3o anunciados ainda nesta semana, mas os nomes podem ficar sujeitos \u00e0 vota\u00e7\u00e3o dos conselheiros propostos pela Assembleia da Rep\u00fablica. Na Casa Civil, persiste a incerteza sobre a chefia definitiva; j\u00e1 h\u00e1 v\u00e1rios consultores e secret\u00e1rios nomeados, mas Cl\u00e1udia Ribeiro continua a acumular o cargo de chefe da Casa Civil e de secret\u00e1ria do Conselho de Estado, devendo estar presente na reuni\u00e3o de sexta-feira. Fora de Bel\u00e9m, os representantes da Rep\u00fablica para as regi\u00f5es aut\u00f3nomas da Madeira e dos A\u00e7ores ainda n\u00e3o foram nomeados; caber\u00e1 a eles promulgar diplomas regionais e requerer fiscaliza\u00e7\u00e3o da constitucionalidade de normas aprovadas nas assembleias regionais. Ireneu Barreto, representante da Madeira, e Pedro Catarino, representante dos A\u00e7ores, est\u00e3o de sa\u00edda ap\u00f3s quinze anos no cargo, tendo sido reconduzidos por dois presidentes anteriores; os nomes por preencher podem definir o tom pol\u00edtico do mandato.\" \/>\n<meta property=\"og:url\" content=\"https:\/\/portaltela.pt\/noticias\/2026\/04\/13\/belem-o-que-falta-fechar-entre-casa-civil-conselheiros-e-representantes\/\" \/>\n<meta property=\"og:site_name\" content=\"Portal Tela Portugal\" \/>\n<meta property=\"article:published_time\" content=\"2026-04-13T07:16:58+00:00\" \/>\n<meta name=\"author\" content=\"Telinha\" \/>\n<meta name=\"twitter:card\" content=\"summary_large_image\" \/>\n<meta name=\"twitter:label1\" content=\"Escrito por\" \/>\n\t<meta name=\"twitter:data1\" content=\"Telinha\" \/>\n\t<meta name=\"twitter:label2\" content=\"Tempo estimado de leitura\" \/>\n\t<meta name=\"twitter:data2\" content=\"1 minuto\" \/>\n<script type=\"application\/ld+json\" class=\"yoast-schema-graph\">{\"@context\":\"https:\/\/schema.org\",\"@graph\":[{\"@type\":\"Article\",\"@id\":\"https:\/\/portaltela.pt\/noticias\/2026\/04\/13\/belem-o-que-falta-fechar-entre-casa-civil-conselheiros-e-representantes\/#article\",\"isPartOf\":{\"@id\":\"https:\/\/portaltela.pt\/noticias\/2026\/04\/13\/belem-o-que-falta-fechar-entre-casa-civil-conselheiros-e-representantes\/\"},\"author\":{\"name\":\"Telinha\",\"@id\":\"https:\/\/portaltela.pt\/#\/schema\/person\/c4278d4a6028830caff9ee44b42d32ed\"},\"headline\":\"Bel\u00e9m: o que falta fechar entre Casa Civil, conselheiros e representantes\",\"datePublished\":\"2026-04-13T07:16:58+00:00\",\"mainEntityOfPage\":{\"@id\":\"https:\/\/portaltela.pt\/noticias\/2026\/04\/13\/belem-o-que-falta-fechar-entre-casa-civil-conselheiros-e-representantes\/\"},\"wordCount\":295,\"image\":{\"@id\":\"https:\/\/portaltela.pt\/noticias\/2026\/04\/13\/belem-o-que-falta-fechar-entre-casa-civil-conselheiros-e-representantes\/#primaryimage\"},\"thumbnailUrl\":\"https:\/\/portaltela.pt\/s.01k8rhncp4jt1\/2026\/04\/2080814.jpg\",\"keywords\":[\"A\u00e7ores\",\"casa\",\"governo\",\"Madeira\",\"pol\u00edtica\",\"presidente\"],\"articleSection\":[\"Not\u00edcias\",\"Pol\u00edtica\"],\"inLanguage\":\"pt-PT\"},{\"@type\":\"WebPage\",\"@id\":\"https:\/\/portaltela.pt\/noticias\/2026\/04\/13\/belem-o-que-falta-fechar-entre-casa-civil-conselheiros-e-representantes\/\",\"url\":\"https:\/\/portaltela.pt\/noticias\/2026\/04\/13\/belem-o-que-falta-fechar-entre-casa-civil-conselheiros-e-representantes\/\",\"name\":\"Bel\u00e9m: o que falta fechar entre Casa Civil, conselheiros e representantes - Portal Tela Portugal\",\"isPartOf\":{\"@id\":\"https:\/\/portaltela.pt\/#website\"},\"primaryImageOfPage\":{\"@id\":\"https:\/\/portaltela.pt\/noticias\/2026\/04\/13\/belem-o-que-falta-fechar-entre-casa-civil-conselheiros-e-representantes\/#primaryimage\"},\"image\":{\"@id\":\"https:\/\/portaltela.pt\/noticias\/2026\/04\/13\/belem-o-que-falta-fechar-entre-casa-civil-conselheiros-e-representantes\/#primaryimage\"},\"thumbnailUrl\":\"https:\/\/portaltela.pt\/s.01k8rhncp4jt1\/2026\/04\/2080814.jpg\",\"datePublished\":\"2026-04-13T07:16:58+00:00\",\"author\":{\"@id\":\"https:\/\/portaltela.pt\/#\/schema\/person\/c4278d4a6028830caff9ee44b42d32ed\"},\"breadcrumb\":{\"@id\":\"https:\/\/portaltela.pt\/noticias\/2026\/04\/13\/belem-o-que-falta-fechar-entre-casa-civil-conselheiros-e-representantes\/#breadcrumb\"},\"inLanguage\":\"pt-PT\",\"potentialAction\":[{\"@type\":\"ReadAction\",\"target\":[\"https:\/\/portaltela.pt\/noticias\/2026\/04\/13\/belem-o-que-falta-fechar-entre-casa-civil-conselheiros-e-representantes\/\"]}]},{\"@type\":\"ImageObject\",\"inLanguage\":\"pt-PT\",\"@id\":\"https:\/\/portaltela.pt\/noticias\/2026\/04\/13\/belem-o-que-falta-fechar-entre-casa-civil-conselheiros-e-representantes\/#primaryimage\",\"url\":\"https:\/\/portaltela.pt\/s.01k8rhncp4jt1\/2026\/04\/2080814.jpg\",\"contentUrl\":\"https:\/\/portaltela.pt\/s.01k8rhncp4jt1\/2026\/04\/2080814.jpg\",\"width\":796,\"height\":448,\"caption\":\"O Presidente da Rep\u00fablica, Ant\u00f3nio Jos\u00e9 Seguro, afirmou que os conselheiros de Estado seriam conhecidos esta semana, mas n\u00e3o revelou em que dia\"},{\"@type\":\"BreadcrumbList\",\"@id\":\"https:\/\/portaltela.pt\/noticias\/2026\/04\/13\/belem-o-que-falta-fechar-entre-casa-civil-conselheiros-e-representantes\/#breadcrumb\",\"itemListElement\":[{\"@type\":\"ListItem\",\"position\":1,\"name\":\"In\u00edcio\",\"item\":\"https:\/\/portaltela.pt\/\"},{\"@type\":\"ListItem\",\"position\":2,\"name\":\"Bel\u00e9m: o que falta fechar entre Casa Civil, conselheiros e representantes\"}]},{\"@type\":\"WebSite\",\"@id\":\"https:\/\/portaltela.pt\/#website\",\"url\":\"https:\/\/portaltela.pt\/\",\"name\":\"Portal Tela Portugal\",\"description\":\"\",\"potentialAction\":[{\"@type\":\"SearchAction\",\"target\":{\"@type\":\"EntryPoint\",\"urlTemplate\":\"https:\/\/portaltela.pt\/?s={search_term_string}\"},\"query-input\":{\"@type\":\"PropertyValueSpecification\",\"valueRequired\":true,\"valueName\":\"search_term_string\"}}],\"inLanguage\":\"pt-PT\"},{\"@type\":\"Person\",\"@id\":\"https:\/\/portaltela.pt\/#\/schema\/person\/c4278d4a6028830caff9ee44b42d32ed\",\"name\":\"Telinha\",\"image\":{\"@type\":\"ImageObject\",\"inLanguage\":\"pt-PT\",\"@id\":\"https:\/\/portaltela.pt\/s.01k8rhncp4jt1\/2025\/11\/talking-bot-125x125.png\",\"url\":\"https:\/\/portaltela.pt\/s.01k8rhncp4jt1\/2025\/11\/talking-bot-125x125.png\",\"contentUrl\":\"https:\/\/portaltela.pt\/s.01k8rhncp4jt1\/2025\/11\/talking-bot-125x125.png\",\"caption\":\"Telinha\"},\"sameAs\":[\"https:\/\/portaltela.pt\/\"],\"url\":\"https:\/\/portaltela.pt\/por\/367410592786\/\"}]}<\/script>\n<!-- \/ Yoast SEO plugin. -->","yoast_head_json":{"title":"Bel\u00e9m: o que falta fechar entre Casa Civil, conselheiros e representantes - Portal Tela Portugal","robots":{"index":"index","follow":"follow","max-snippet":"max-snippet:-1","max-image-preview":"max-image-preview:large","max-video-preview":"max-video-preview:-1"},"og_locale":"pt_PT","og_type":"article","og_title":"Bel\u00e9m: o que falta fechar entre Casa Civil, conselheiros e representantes - Portal Tela Portugal","og_description":"O Conselho de Estado est\u00e1 marcado para sexta-feira, 17 de abril, e Ant\u00f3nio Jos\u00e9 Seguro ainda n\u00e3o fechou a equipa em Bel\u00e9m, incluindo os cinco conselheiros de Estado e os representantes da Rep\u00fablica para Madeira e A\u00e7ores. Seguro j\u00e1 disse que os conselheiros de Estado escolhidos por ele ser\u00e3o anunciados ainda nesta semana, mas os nomes podem ficar sujeitos \u00e0 vota\u00e7\u00e3o dos conselheiros propostos pela Assembleia da Rep\u00fablica. Na Casa Civil, persiste a incerteza sobre a chefia definitiva; j\u00e1 h\u00e1 v\u00e1rios consultores e secret\u00e1rios nomeados, mas Cl\u00e1udia Ribeiro continua a acumular o cargo de chefe da Casa Civil e de secret\u00e1ria do Conselho de Estado, devendo estar presente na reuni\u00e3o de sexta-feira. Fora de Bel\u00e9m, os representantes da Rep\u00fablica para as regi\u00f5es aut\u00f3nomas da Madeira e dos A\u00e7ores ainda n\u00e3o foram nomeados; caber\u00e1 a eles promulgar diplomas regionais e requerer fiscaliza\u00e7\u00e3o da constitucionalidade de normas aprovadas nas assembleias regionais. Ireneu Barreto, representante da Madeira, e Pedro Catarino, representante dos A\u00e7ores, est\u00e3o de sa\u00edda ap\u00f3s quinze anos no cargo, tendo sido reconduzidos por dois presidentes anteriores; os nomes por preencher podem definir o tom pol\u00edtico do mandato.","og_url":"https:\/\/portaltela.pt\/noticias\/2026\/04\/13\/belem-o-que-falta-fechar-entre-casa-civil-conselheiros-e-representantes\/","og_site_name":"Portal Tela Portugal","article_published_time":"2026-04-13T07:16:58+00:00","author":"Telinha","twitter_card":"summary_large_image","twitter_misc":{"Escrito por":"Telinha","Tempo estimado de leitura":"1 minuto"},"schema":{"@context":"https:\/\/schema.org","@graph":[{"@type":"Article","@id":"https:\/\/portaltela.pt\/noticias\/2026\/04\/13\/belem-o-que-falta-fechar-entre-casa-civil-conselheiros-e-representantes\/#article","isPartOf":{"@id":"https:\/\/portaltela.pt\/noticias\/2026\/04\/13\/belem-o-que-falta-fechar-entre-casa-civil-conselheiros-e-representantes\/"},"author":{"name":"Telinha","@id":"https:\/\/portaltela.pt\/#\/schema\/person\/c4278d4a6028830caff9ee44b42d32ed"},"headline":"Bel\u00e9m: o que falta fechar entre Casa Civil, conselheiros e representantes","datePublished":"2026-04-13T07:16:58+00:00","mainEntityOfPage":{"@id":"https:\/\/portaltela.pt\/noticias\/2026\/04\/13\/belem-o-que-falta-fechar-entre-casa-civil-conselheiros-e-representantes\/"},"wordCount":295,"image":{"@id":"https:\/\/portaltela.pt\/noticias\/2026\/04\/13\/belem-o-que-falta-fechar-entre-casa-civil-conselheiros-e-representantes\/#primaryimage"},"thumbnailUrl":"https:\/\/portaltela.pt\/s.01k8rhncp4jt1\/2026\/04\/2080814.jpg","keywords":["A\u00e7ores","casa","governo","Madeira","pol\u00edtica","presidente"],"articleSection":["Not\u00edcias","Pol\u00edtica"],"inLanguage":"pt-PT"},{"@type":"WebPage","@id":"https:\/\/portaltela.pt\/noticias\/2026\/04\/13\/belem-o-que-falta-fechar-entre-casa-civil-conselheiros-e-representantes\/","url":"https:\/\/portaltela.pt\/noticias\/2026\/04\/13\/belem-o-que-falta-fechar-entre-casa-civil-conselheiros-e-representantes\/","name":"Bel\u00e9m: o que falta fechar entre Casa Civil, conselheiros e representantes - Portal Tela Portugal","isPartOf":{"@id":"https:\/\/portaltela.pt\/#website"},"primaryImageOfPage":{"@id":"https:\/\/portaltela.pt\/noticias\/2026\/04\/13\/belem-o-que-falta-fechar-entre-casa-civil-conselheiros-e-representantes\/#primaryimage"},"image":{"@id":"https:\/\/portaltela.pt\/noticias\/2026\/04\/13\/belem-o-que-falta-fechar-entre-casa-civil-conselheiros-e-representantes\/#primaryimage"},"thumbnailUrl":"https:\/\/portaltela.pt\/s.01k8rhncp4jt1\/2026\/04\/2080814.jpg","datePublished":"2026-04-13T07:16:58+00:00","author":{"@id":"https:\/\/portaltela.pt\/#\/schema\/person\/c4278d4a6028830caff9ee44b42d32ed"},"breadcrumb":{"@id":"https:\/\/portaltela.pt\/noticias\/2026\/04\/13\/belem-o-que-falta-fechar-entre-casa-civil-conselheiros-e-representantes\/#breadcrumb"},"inLanguage":"pt-PT","potentialAction":[{"@type":"ReadAction","target":["https:\/\/portaltela.pt\/noticias\/2026\/04\/13\/belem-o-que-falta-fechar-entre-casa-civil-conselheiros-e-representantes\/"]}]},{"@type":"ImageObject","inLanguage":"pt-PT","@id":"https:\/\/portaltela.pt\/noticias\/2026\/04\/13\/belem-o-que-falta-fechar-entre-casa-civil-conselheiros-e-representantes\/#primaryimage","url":"https:\/\/portaltela.pt\/s.01k8rhncp4jt1\/2026\/04\/2080814.jpg","contentUrl":"https:\/\/portaltela.pt\/s.01k8rhncp4jt1\/2026\/04\/2080814.jpg","width":796,"height":448,"caption":"O Presidente da Rep\u00fablica, Ant\u00f3nio Jos\u00e9 Seguro, afirmou que os conselheiros de Estado seriam conhecidos esta semana, mas n\u00e3o revelou em que dia"},{"@type":"BreadcrumbList","@id":"https:\/\/portaltela.pt\/noticias\/2026\/04\/13\/belem-o-que-falta-fechar-entre-casa-civil-conselheiros-e-representantes\/#breadcrumb","itemListElement":[{"@type":"ListItem","position":1,"name":"In\u00edcio","item":"https:\/\/portaltela.pt\/"},{"@type":"ListItem","position":2,"name":"Bel\u00e9m: o que falta fechar entre Casa Civil, conselheiros e representantes"}]},{"@type":"WebSite","@id":"https:\/\/portaltela.pt\/#website","url":"https:\/\/portaltela.pt\/","name":"Portal Tela Portugal","description":"","potentialAction":[{"@type":"SearchAction","target":{"@type":"EntryPoint","urlTemplate":"https:\/\/portaltela.pt\/?s={search_term_string}"},"query-input":{"@type":"PropertyValueSpecification","valueRequired":true,"valueName":"search_term_string"}}],"inLanguage":"pt-PT"},{"@type":"Person","@id":"https:\/\/portaltela.pt\/#\/schema\/person\/c4278d4a6028830caff9ee44b42d32ed","name":"Telinha","image":{"@type":"ImageObject","inLanguage":"pt-PT","@id":"https:\/\/portaltela.pt\/s.01k8rhncp4jt1\/2025\/11\/talking-bot-125x125.png","url":"https:\/\/portaltela.pt\/s.01k8rhncp4jt1\/2025\/11\/talking-bot-125x125.png","contentUrl":"https:\/\/portaltela.pt\/s.01k8rhncp4jt1\/2025\/11\/talking-bot-125x125.png","caption":"Telinha"},"sameAs":["https:\/\/portaltela.pt\/"],"url":"https:\/\/portaltela.pt\/por\/367410592786\/"}]}},"_links":{"self":[{"href":"https:\/\/portaltela.pt\/api\/wp\/v2\/posts\/442008","targetHints":{"allow":["GET"]}}],"collection":[{"href":"https:\/\/portaltela.pt\/api\/wp\/v2\/posts"}],"about":[{"href":"https:\/\/portaltela.pt\/api\/wp\/v2\/types\/post"}],"author":[{"embeddable":true,"href":"https:\/\/portaltela.pt\/api\/wp\/v2\/users\/2"}],"replies":[{"embeddable":true,"href":"https:\/\/portaltela.pt\/api\/wp\/v2\/comments?post=442008"}],"version-history":[{"count":0,"href":"https:\/\/portaltela.pt\/api\/wp\/v2\/posts\/442008\/revisions"}],"wp:featuredmedia":[{"embeddable":true,"href":"https:\/\/portaltela.pt\/api\/wp\/v2\/media\/442011"}],"wp:attachment":[{"href":"https:\/\/portaltela.pt\/api\/wp\/v2\/media?parent=442008"}],"wp:term":[{"taxonomy":"category","embeddable":true,"href":"https:\/\/portaltela.pt\/api\/wp\/v2\/categories?post=442008"},{"taxonomy":"post_tag","embeddable":true,"href":"https:\/\/portaltela.pt\/api\/wp\/v2\/tags?post=442008"}],"curies":[{"name":"wp","href":"https:\/\/api.w.org\/{rel}","templated":true}]}}