{"id":441980,"date":"2026-04-13T03:47:11","date_gmt":"2026-04-13T06:47:11","guid":{"rendered":"https:\/\/portaltela.pt\/noticias\/2026\/04\/13\/vitoria-do-partido-tisza-e-recebida-com-alegria-nas-ruas-de-budapeste\/"},"modified":"2026-04-13T03:47:11","modified_gmt":"2026-04-13T06:47:11","slug":"vitoria-do-partido-tisza-e-recebida-com-alegria-nas-ruas-de-budapeste","status":"publish","type":"post","link":"https:\/\/portaltela.pt\/noticias\/politica\/2026\/04\/13\/vitoria-do-partido-tisza-e-recebida-com-alegria-nas-ruas-de-budapeste\/","title":{"rendered":"Vit\u00f3ria do partido Tisza \u00e9 recebida com alegria nas ruas de Budapeste"},"content":{"rendered":"<p>O partido Tisza venceu Budapeste com dois ter\u00e7os dos votos, anunciando-se no domingo \u00e0 noite. A vit\u00f3ria foi recebida com festa de rua, nos bairros centrais da capital. Acompanharam o momento de celebra\u00e7\u00e3o milhares de pessoas, sobretudo jovens.<\/p>\n<p>A apura\u00e7\u00e3o gerou euforia entre os apoiantes, que aguardavam h\u00e1 dias o desfecho. No centro da cidade, a comemora\u00e7\u00e3o ganhou contornos de festival, com vizinhos a partilhar a alegria do resultado.<\/p>\n<p>Entre os presentes, muitos eleitores de primeira viagem relataram sentimentos de surpresa e emo\u00e7\u00e3o. A vit\u00f3ria parece ter gerado uma sensa\u00e7\u00e3o de al\u00edvio entre o grupo que festejava, com uma parte significativa a indicar que o ambiente era de celebra\u00e7\u00e3o p\u00fablica.<\/p>\n<p>A grande maioria dos jovens entrevistados aproveitou o domingo para faltar \u00e0 segunda-feira, transformando a noite num regresso a um esp\u00edrito festivo comum aos eventos eleitorais. A cobertura foca a rea\u00e7\u00e3o da popula\u00e7\u00e3o e o contexto da celebra\u00e7\u00e3o comunit\u00e1ria.<\/p>\n","protected":false},"excerpt":{"rendered":"<ul>\n<li>O partido Tisza venceu Budapeste com dois ter\u00e7os, gerando celebra\u00e7\u00e3o intensa na capital h\u00fangara.<\/li>\n<li>No centro da cidade, jovens festejaram: uns vivenciaram o momento com entusiasmo, outros ainda contavam os lugares.<\/li>\n<li>Um eleitor que votou pela primeira vez disse que jamais esquecer\u00e1 o instante em que percebeu que a oposi\u00e7\u00e3o tinha vencido.<\/li>\n<li>Um dos relatos descreveu receber mensagens no dia do anivers\u00e1rio, com l\u00e1grimas de alguns presentes e sensa\u00e7\u00e3o de al\u00edvio.<\/li>\n<li>A festa de domingo pareceu um grande festival de rua, com muitos a tirar a segunda-feira de folga.<\/li>\n<\/ul>\n","protected":false},"author":2,"featured_media":441984,"comment_status":"closed","ping_status":"closed","sticky":false,"template":"","format":"standard","meta":{"footnotes":""},"categories":[6912,5],"tags":[7940,7913,3035,2487,2844,27],"class_list":["post-441980","post","type-post","status-publish","format-standard","has-post-thumbnail","hentry","category-internacionais","category-politica","tag-_eleicoes","tag-_politica","tag-comunidade","tag-europa","tag-jovens","tag-relacoes-internacionais"],"yoast_head":"<!-- This site is optimized with the Yoast SEO plugin v27.2 - https:\/\/yoast.com\/product\/yoast-seo-wordpress\/ -->\n<title>Vit\u00f3ria do partido Tisza \u00e9 recebida com alegria nas ruas de Budapeste - Portal Tela Portugal<\/title>\n<meta name=\"robots\" content=\"index, follow, max-snippet:-1, max-image-preview:large, max-video-preview:-1\" \/>\n<meta property=\"og:locale\" content=\"pt_PT\" \/>\n<meta property=\"og:type\" content=\"article\" \/>\n<meta property=\"og:title\" content=\"Vit\u00f3ria do partido Tisza \u00e9 recebida com alegria nas ruas de Budapeste - Portal Tela Portugal\" \/>\n<meta property=\"og:description\" content=\"O partido Tisza venceu Budapeste com dois ter\u00e7os, gerando celebra\u00e7\u00e3o intensa na capital h\u00fangara. No centro da cidade, jovens festejaram: uns vivenciaram o momento com entusiasmo, outros ainda contavam os lugares. Um eleitor que votou pela primeira vez disse que jamais esquecer\u00e1 o instante em que percebeu que a oposi\u00e7\u00e3o tinha vencido. Um dos relatos descreveu receber mensagens no dia do anivers\u00e1rio, com l\u00e1grimas de alguns presentes e sensa\u00e7\u00e3o de al\u00edvio. A festa de domingo pareceu um grande festival de rua, com muitos a tirar a segunda-feira de folga.\" \/>\n<meta property=\"og:url\" content=\"https:\/\/portaltela.pt\/noticias\/2026\/04\/13\/vitoria-do-partido-tisza-e-recebida-com-alegria-nas-ruas-de-budapeste\/\" \/>\n<meta property=\"og:site_name\" content=\"Portal Tela Portugal\" \/>\n<meta property=\"article:published_time\" content=\"2026-04-13T06:47:11+00:00\" \/>\n<meta name=\"author\" content=\"Telinha\" \/>\n<meta name=\"twitter:card\" content=\"summary_large_image\" \/>\n<meta name=\"twitter:label1\" content=\"Escrito por\" \/>\n\t<meta name=\"twitter:data1\" content=\"Telinha\" \/>\n\t<meta name=\"twitter:label2\" content=\"Tempo estimado de leitura\" \/>\n\t<meta name=\"twitter:data2\" content=\"1 minuto\" \/>\n<script type=\"application\/ld+json\" class=\"yoast-schema-graph\">{\"@context\":\"https:\/\/schema.org\",\"@graph\":[{\"@type\":\"Article\",\"@id\":\"https:\/\/portaltela.pt\/noticias\/2026\/04\/13\/vitoria-do-partido-tisza-e-recebida-com-alegria-nas-ruas-de-budapeste\/#article\",\"isPartOf\":{\"@id\":\"https:\/\/portaltela.pt\/noticias\/2026\/04\/13\/vitoria-do-partido-tisza-e-recebida-com-alegria-nas-ruas-de-budapeste\/\"},\"author\":{\"name\":\"Telinha\",\"@id\":\"https:\/\/portaltela.pt\/#\/schema\/person\/c4278d4a6028830caff9ee44b42d32ed\"},\"headline\":\"Vit\u00f3ria do partido Tisza \u00e9 recebida com alegria nas ruas de Budapeste\",\"datePublished\":\"2026-04-13T06:47:11+00:00\",\"mainEntityOfPage\":{\"@id\":\"https:\/\/portaltela.pt\/noticias\/2026\/04\/13\/vitoria-do-partido-tisza-e-recebida-com-alegria-nas-ruas-de-budapeste\/\"},\"wordCount\":175,\"image\":{\"@id\":\"https:\/\/portaltela.pt\/noticias\/2026\/04\/13\/vitoria-do-partido-tisza-e-recebida-com-alegria-nas-ruas-de-budapeste\/#primaryimage\"},\"thumbnailUrl\":\"https:\/\/portaltela.pt\/s.01k8rhncp4jt1\/2026\/04\/1536x864_cmsv2_02550be9-897d-5bf1-affc-dbfab85243cd-9719374.jpg\",\"keywords\":[\"_elei\u00e7\u00f5es\",\"_pol\u00edtica\",\"comunidade\",\"Europa\",\"jovens\",\"rela\u00e7\u00f5es internacionais\"],\"articleSection\":[\"Internacionais\",\"Pol\u00edtica\"],\"inLanguage\":\"pt-PT\"},{\"@type\":\"WebPage\",\"@id\":\"https:\/\/portaltela.pt\/noticias\/2026\/04\/13\/vitoria-do-partido-tisza-e-recebida-com-alegria-nas-ruas-de-budapeste\/\",\"url\":\"https:\/\/portaltela.pt\/noticias\/2026\/04\/13\/vitoria-do-partido-tisza-e-recebida-com-alegria-nas-ruas-de-budapeste\/\",\"name\":\"Vit\u00f3ria do partido Tisza \u00e9 recebida com alegria nas ruas de Budapeste - Portal Tela Portugal\",\"isPartOf\":{\"@id\":\"https:\/\/portaltela.pt\/#website\"},\"primaryImageOfPage\":{\"@id\":\"https:\/\/portaltela.pt\/noticias\/2026\/04\/13\/vitoria-do-partido-tisza-e-recebida-com-alegria-nas-ruas-de-budapeste\/#primaryimage\"},\"image\":{\"@id\":\"https:\/\/portaltela.pt\/noticias\/2026\/04\/13\/vitoria-do-partido-tisza-e-recebida-com-alegria-nas-ruas-de-budapeste\/#primaryimage\"},\"thumbnailUrl\":\"https:\/\/portaltela.pt\/s.01k8rhncp4jt1\/2026\/04\/1536x864_cmsv2_02550be9-897d-5bf1-affc-dbfab85243cd-9719374.jpg\",\"datePublished\":\"2026-04-13T06:47:11+00:00\",\"author\":{\"@id\":\"https:\/\/portaltela.pt\/#\/schema\/person\/c4278d4a6028830caff9ee44b42d32ed\"},\"breadcrumb\":{\"@id\":\"https:\/\/portaltela.pt\/noticias\/2026\/04\/13\/vitoria-do-partido-tisza-e-recebida-com-alegria-nas-ruas-de-budapeste\/#breadcrumb\"},\"inLanguage\":\"pt-PT\",\"potentialAction\":[{\"@type\":\"ReadAction\",\"target\":[\"https:\/\/portaltela.pt\/noticias\/2026\/04\/13\/vitoria-do-partido-tisza-e-recebida-com-alegria-nas-ruas-de-budapeste\/\"]}]},{\"@type\":\"ImageObject\",\"inLanguage\":\"pt-PT\",\"@id\":\"https:\/\/portaltela.pt\/noticias\/2026\/04\/13\/vitoria-do-partido-tisza-e-recebida-com-alegria-nas-ruas-de-budapeste\/#primaryimage\",\"url\":\"https:\/\/portaltela.pt\/s.01k8rhncp4jt1\/2026\/04\/1536x864_cmsv2_02550be9-897d-5bf1-affc-dbfab85243cd-9719374.jpg\",\"contentUrl\":\"https:\/\/portaltela.pt\/s.01k8rhncp4jt1\/2026\/04\/1536x864_cmsv2_02550be9-897d-5bf1-affc-dbfab85243cd-9719374.jpg\",\"width\":796,\"height\":448,\"caption\":\"No Boulevard, a festa de rua j\u00e1 come\u00e7ou.\"},{\"@type\":\"BreadcrumbList\",\"@id\":\"https:\/\/portaltela.pt\/noticias\/2026\/04\/13\/vitoria-do-partido-tisza-e-recebida-com-alegria-nas-ruas-de-budapeste\/#breadcrumb\",\"itemListElement\":[{\"@type\":\"ListItem\",\"position\":1,\"name\":\"In\u00edcio\",\"item\":\"https:\/\/portaltela.pt\/\"},{\"@type\":\"ListItem\",\"position\":2,\"name\":\"Vit\u00f3ria do partido Tisza \u00e9 recebida com alegria nas ruas de Budapeste\"}]},{\"@type\":\"WebSite\",\"@id\":\"https:\/\/portaltela.pt\/#website\",\"url\":\"https:\/\/portaltela.pt\/\",\"name\":\"Portal Tela Portugal\",\"description\":\"\",\"potentialAction\":[{\"@type\":\"SearchAction\",\"target\":{\"@type\":\"EntryPoint\",\"urlTemplate\":\"https:\/\/portaltela.pt\/?s={search_term_string}\"},\"query-input\":{\"@type\":\"PropertyValueSpecification\",\"valueRequired\":true,\"valueName\":\"search_term_string\"}}],\"inLanguage\":\"pt-PT\"},{\"@type\":\"Person\",\"@id\":\"https:\/\/portaltela.pt\/#\/schema\/person\/c4278d4a6028830caff9ee44b42d32ed\",\"name\":\"Telinha\",\"image\":{\"@type\":\"ImageObject\",\"inLanguage\":\"pt-PT\",\"@id\":\"https:\/\/portaltela.pt\/s.01k8rhncp4jt1\/2025\/11\/talking-bot-125x125.png\",\"url\":\"https:\/\/portaltela.pt\/s.01k8rhncp4jt1\/2025\/11\/talking-bot-125x125.png\",\"contentUrl\":\"https:\/\/portaltela.pt\/s.01k8rhncp4jt1\/2025\/11\/talking-bot-125x125.png\",\"caption\":\"Telinha\"},\"sameAs\":[\"https:\/\/portaltela.pt\/\"],\"url\":\"https:\/\/portaltela.pt\/por\/367410592786\/\"}]}<\/script>\n<!-- \/ Yoast SEO plugin. -->","yoast_head_json":{"title":"Vit\u00f3ria do partido Tisza \u00e9 recebida com alegria nas ruas de Budapeste - Portal Tela Portugal","robots":{"index":"index","follow":"follow","max-snippet":"max-snippet:-1","max-image-preview":"max-image-preview:large","max-video-preview":"max-video-preview:-1"},"og_locale":"pt_PT","og_type":"article","og_title":"Vit\u00f3ria do partido Tisza \u00e9 recebida com alegria nas ruas de Budapeste - Portal Tela Portugal","og_description":"O partido Tisza venceu Budapeste com dois ter\u00e7os, gerando celebra\u00e7\u00e3o intensa na capital h\u00fangara. No centro da cidade, jovens festejaram: uns vivenciaram o momento com entusiasmo, outros ainda contavam os lugares. Um eleitor que votou pela primeira vez disse que jamais esquecer\u00e1 o instante em que percebeu que a oposi\u00e7\u00e3o tinha vencido. Um dos relatos descreveu receber mensagens no dia do anivers\u00e1rio, com l\u00e1grimas de alguns presentes e sensa\u00e7\u00e3o de al\u00edvio. A festa de domingo pareceu um grande festival de rua, com muitos a tirar a segunda-feira de folga.","og_url":"https:\/\/portaltela.pt\/noticias\/2026\/04\/13\/vitoria-do-partido-tisza-e-recebida-com-alegria-nas-ruas-de-budapeste\/","og_site_name":"Portal Tela Portugal","article_published_time":"2026-04-13T06:47:11+00:00","author":"Telinha","twitter_card":"summary_large_image","twitter_misc":{"Escrito por":"Telinha","Tempo estimado de leitura":"1 minuto"},"schema":{"@context":"https:\/\/schema.org","@graph":[{"@type":"Article","@id":"https:\/\/portaltela.pt\/noticias\/2026\/04\/13\/vitoria-do-partido-tisza-e-recebida-com-alegria-nas-ruas-de-budapeste\/#article","isPartOf":{"@id":"https:\/\/portaltela.pt\/noticias\/2026\/04\/13\/vitoria-do-partido-tisza-e-recebida-com-alegria-nas-ruas-de-budapeste\/"},"author":{"name":"Telinha","@id":"https:\/\/portaltela.pt\/#\/schema\/person\/c4278d4a6028830caff9ee44b42d32ed"},"headline":"Vit\u00f3ria do partido Tisza \u00e9 recebida com alegria nas ruas de Budapeste","datePublished":"2026-04-13T06:47:11+00:00","mainEntityOfPage":{"@id":"https:\/\/portaltela.pt\/noticias\/2026\/04\/13\/vitoria-do-partido-tisza-e-recebida-com-alegria-nas-ruas-de-budapeste\/"},"wordCount":175,"image":{"@id":"https:\/\/portaltela.pt\/noticias\/2026\/04\/13\/vitoria-do-partido-tisza-e-recebida-com-alegria-nas-ruas-de-budapeste\/#primaryimage"},"thumbnailUrl":"https:\/\/portaltela.pt\/s.01k8rhncp4jt1\/2026\/04\/1536x864_cmsv2_02550be9-897d-5bf1-affc-dbfab85243cd-9719374.jpg","keywords":["_elei\u00e7\u00f5es","_pol\u00edtica","comunidade","Europa","jovens","rela\u00e7\u00f5es internacionais"],"articleSection":["Internacionais","Pol\u00edtica"],"inLanguage":"pt-PT"},{"@type":"WebPage","@id":"https:\/\/portaltela.pt\/noticias\/2026\/04\/13\/vitoria-do-partido-tisza-e-recebida-com-alegria-nas-ruas-de-budapeste\/","url":"https:\/\/portaltela.pt\/noticias\/2026\/04\/13\/vitoria-do-partido-tisza-e-recebida-com-alegria-nas-ruas-de-budapeste\/","name":"Vit\u00f3ria do partido Tisza \u00e9 recebida com alegria nas ruas de Budapeste - Portal Tela Portugal","isPartOf":{"@id":"https:\/\/portaltela.pt\/#website"},"primaryImageOfPage":{"@id":"https:\/\/portaltela.pt\/noticias\/2026\/04\/13\/vitoria-do-partido-tisza-e-recebida-com-alegria-nas-ruas-de-budapeste\/#primaryimage"},"image":{"@id":"https:\/\/portaltela.pt\/noticias\/2026\/04\/13\/vitoria-do-partido-tisza-e-recebida-com-alegria-nas-ruas-de-budapeste\/#primaryimage"},"thumbnailUrl":"https:\/\/portaltela.pt\/s.01k8rhncp4jt1\/2026\/04\/1536x864_cmsv2_02550be9-897d-5bf1-affc-dbfab85243cd-9719374.jpg","datePublished":"2026-04-13T06:47:11+00:00","author":{"@id":"https:\/\/portaltela.pt\/#\/schema\/person\/c4278d4a6028830caff9ee44b42d32ed"},"breadcrumb":{"@id":"https:\/\/portaltela.pt\/noticias\/2026\/04\/13\/vitoria-do-partido-tisza-e-recebida-com-alegria-nas-ruas-de-budapeste\/#breadcrumb"},"inLanguage":"pt-PT","potentialAction":[{"@type":"ReadAction","target":["https:\/\/portaltela.pt\/noticias\/2026\/04\/13\/vitoria-do-partido-tisza-e-recebida-com-alegria-nas-ruas-de-budapeste\/"]}]},{"@type":"ImageObject","inLanguage":"pt-PT","@id":"https:\/\/portaltela.pt\/noticias\/2026\/04\/13\/vitoria-do-partido-tisza-e-recebida-com-alegria-nas-ruas-de-budapeste\/#primaryimage","url":"https:\/\/portaltela.pt\/s.01k8rhncp4jt1\/2026\/04\/1536x864_cmsv2_02550be9-897d-5bf1-affc-dbfab85243cd-9719374.jpg","contentUrl":"https:\/\/portaltela.pt\/s.01k8rhncp4jt1\/2026\/04\/1536x864_cmsv2_02550be9-897d-5bf1-affc-dbfab85243cd-9719374.jpg","width":796,"height":448,"caption":"No Boulevard, a festa de rua j\u00e1 come\u00e7ou."},{"@type":"BreadcrumbList","@id":"https:\/\/portaltela.pt\/noticias\/2026\/04\/13\/vitoria-do-partido-tisza-e-recebida-com-alegria-nas-ruas-de-budapeste\/#breadcrumb","itemListElement":[{"@type":"ListItem","position":1,"name":"In\u00edcio","item":"https:\/\/portaltela.pt\/"},{"@type":"ListItem","position":2,"name":"Vit\u00f3ria do partido Tisza \u00e9 recebida com alegria nas ruas de Budapeste"}]},{"@type":"WebSite","@id":"https:\/\/portaltela.pt\/#website","url":"https:\/\/portaltela.pt\/","name":"Portal Tela Portugal","description":"","potentialAction":[{"@type":"SearchAction","target":{"@type":"EntryPoint","urlTemplate":"https:\/\/portaltela.pt\/?s={search_term_string}"},"query-input":{"@type":"PropertyValueSpecification","valueRequired":true,"valueName":"search_term_string"}}],"inLanguage":"pt-PT"},{"@type":"Person","@id":"https:\/\/portaltela.pt\/#\/schema\/person\/c4278d4a6028830caff9ee44b42d32ed","name":"Telinha","image":{"@type":"ImageObject","inLanguage":"pt-PT","@id":"https:\/\/portaltela.pt\/s.01k8rhncp4jt1\/2025\/11\/talking-bot-125x125.png","url":"https:\/\/portaltela.pt\/s.01k8rhncp4jt1\/2025\/11\/talking-bot-125x125.png","contentUrl":"https:\/\/portaltela.pt\/s.01k8rhncp4jt1\/2025\/11\/talking-bot-125x125.png","caption":"Telinha"},"sameAs":["https:\/\/portaltela.pt\/"],"url":"https:\/\/portaltela.pt\/por\/367410592786\/"}]}},"_links":{"self":[{"href":"https:\/\/portaltela.pt\/api\/wp\/v2\/posts\/441980","targetHints":{"allow":["GET"]}}],"collection":[{"href":"https:\/\/portaltela.pt\/api\/wp\/v2\/posts"}],"about":[{"href":"https:\/\/portaltela.pt\/api\/wp\/v2\/types\/post"}],"author":[{"embeddable":true,"href":"https:\/\/portaltela.pt\/api\/wp\/v2\/users\/2"}],"replies":[{"embeddable":true,"href":"https:\/\/portaltela.pt\/api\/wp\/v2\/comments?post=441980"}],"version-history":[{"count":0,"href":"https:\/\/portaltela.pt\/api\/wp\/v2\/posts\/441980\/revisions"}],"wp:featuredmedia":[{"embeddable":true,"href":"https:\/\/portaltela.pt\/api\/wp\/v2\/media\/441984"}],"wp:attachment":[{"href":"https:\/\/portaltela.pt\/api\/wp\/v2\/media?parent=441980"}],"wp:term":[{"taxonomy":"category","embeddable":true,"href":"https:\/\/portaltela.pt\/api\/wp\/v2\/categories?post=441980"},{"taxonomy":"post_tag","embeddable":true,"href":"https:\/\/portaltela.pt\/api\/wp\/v2\/tags?post=441980"}],"curies":[{"name":"wp","href":"https:\/\/api.w.org\/{rel}","templated":true}]}}