{"id":441957,"date":"2026-04-13T03:17:14","date_gmt":"2026-04-13T06:17:14","guid":{"rendered":"https:\/\/portaltela.pt\/noticias\/2026\/04\/13\/governo-patroes-e-ugt-discutem-alteracoes-a-lei-laboral-hoje\/"},"modified":"2026-04-13T03:17:14","modified_gmt":"2026-04-13T06:17:14","slug":"governo-patroes-e-ugt-discutem-alteracoes-a-lei-laboral-hoje","status":"publish","type":"post","link":"https:\/\/portaltela.pt\/noticias\/politica\/2026\/04\/13\/governo-patroes-e-ugt-discutem-alteracoes-a-lei-laboral-hoje\/","title":{"rendered":"Governo, patr\u00f5es e UGT discutem altera\u00e7\u00f5es \u00e0 lei laboral hoje"},"content":{"rendered":"<p>Um novo encontro entre o Governo, patr\u00f5es e UGT est\u00e1 agendado para hoje, para discutir altera\u00e7\u00f5es \u00e0 lei laboral. O encontro ocorre ap\u00f3s o secretariado nacional da UGT ter votado contra a proposta escrita apresentada pelo executivo no final de mar\u00e7o. A reuni\u00e3o acontece na Concerta\u00e7\u00e3o Social, com a participa\u00e7\u00e3o das quatro confedera\u00e7\u00f5es empresariais e da UGT.<\/p>\n<p>A ministra do Trabalho lidera as negocia\u00e7\u00f5es, procurando avan\u00e7os sobre o anteprojeto de reforma laboral apresentado em julho de 2025, conhecido como Trabalho XXI. O objetivo \u00e9 chegar a um acordo sobre v\u00e1rias linhas de interven\u00e7\u00e3o no C\u00f3digo do Trabalho, incluindo contratos a termo, jornadas e outsourcing.<\/p>\n<p>O secretariado nacional da UGT decidiu manter o processo negocial em curso, apesar de ter rejeitado a proposta escrita do Governo. O executivo afirmou manter a porta aberta para completar a negocia\u00e7\u00e3o. As partes envolvidas continuam a explorar eventuais ajustamentos \u00e0s propostas originais.<\/p>\n<p>Da parte das confedera\u00e7\u00f5es empresariais, a CIP reiterou disponibilidade para continuar as negocia\u00e7\u00f5es. A CAP ainda n\u00e3o revelou uma posi\u00e7\u00e3o definitiva, prometendo anunciar ap\u00f3s a reuni\u00e3o com todos os parceiros. A CCP e a CTP mostraram algumas reservas quanto \u00e0 viabilidade de novas componentes.<\/p>\n<h3>Desenvolvimento e posi\u00e7\u00f5es para o encontro<\/h3>\n<p>A CTP indicou surpresa com a decis\u00e3o da UGT e disse n\u00e3o estar dispon\u00edvel para processos meramente dilat\u00f3rios. J\u00e1 a CCP disse que n\u00e3o v\u00ea como ser\u00e1 vi\u00e1vel prosseguir a negocia\u00e7\u00e3o sem altera\u00e7\u00f5es adicionais. A CIP manteve a disponibilidade para manter o di\u00e1logo t\u00e9cnico.<\/p>\n<p>Segundo fontes presentes, houve negocia\u00e7\u00f5es verbais na reuni\u00e3o de 6 de abril, com algumas ced\u00eancias do Governo em rela\u00e7\u00e3o ao conte\u00fado da proposta de mar\u00e7o. Entre as altera\u00e7\u00f5es discutidas estiveram mudan\u00e7as no \u00e2mbito do outsourcing e nos servi\u00e7os m\u00ednimos em greve.<\/p>\n<p>O Governo tem participado de reuni\u00f5es com a UGT e as confedera\u00e7\u00f5es sem a CGTP, que ficou de fora desde o in\u00edcio do processo, alegando coer\u00eancia com a posi\u00e7\u00e3o de retirar a proposta. A CGTP acusa o Governo de condu\u00e7\u00e3o paralela \u00e0s sess\u00f5es oficiais da Concerta\u00e7\u00e3o Social.<\/p>\n<h3>Contexto pol\u00edtico<\/h3>\n<p>O Presidente da Rep\u00fablica tem acompanhado a evolu\u00e7\u00e3o do processo e anunciou que reuniria todos os parceiros sociais muito em breve. O objetivo \u00e9 assegurar uma leitura est\u00e1vel e equilibrada da reforma laboral, mantendo a fun\u00e7\u00e3o de media\u00e7\u00e3o institucional. O debate p\u00fablico mant\u00e9m-se ativo.<\/p>\n","protected":false},"excerpt":{"rendered":"<ul>\n<li>A ministra do Trabalho re\u00fane-se hoje com as quatro confedera\u00e7\u00f5es empresariais e a UGT para discutir altera\u00e7\u00f5es \u00e0 lei laboral, ap\u00f3s o secretariado nacional da UGT ter votado contra a proposta escrita apresentada pelo Governo em finais de mar\u00e7o.<\/li>\n<li>O Governo reiterou que mant\u00e9m a porta aberta para continuar a negocia\u00e7\u00e3o, apesar do chumbo na UGT.<\/li>\n<li>Entre as confedera\u00e7\u00f5es, CIP disse manter disponibilidade para negocia\u00e7\u00f5es; CAP adiar\u00e1 posi\u00e7\u00e3o para depois da reuni\u00e3o; CTP n\u00e3o est\u00e1 dispon\u00edvel para processos meramente dilat\u00f3rios; CCP questiona a viabilidade de avan\u00e7ar.<\/li>\n<li>O secretariado nacional da UGT decidiu ap\u00f3s a ministra ter indicado que era o momento de cada parceiro consultar os seus \u00f3rg\u00e3os, seguindo uma reuni\u00e3o plen\u00e1ria de Concerta\u00e7\u00e3o Social \u201cem breve\u201d.<\/li>\n<li>O anteprojeto Trabalho XXI, apresentado em julho de dois mil e vinte e cinco, prev\u00ea mais de cem altera\u00e7\u00f5es ao C\u00f3digo do Trabalho, com ajustes ainda a definir em sede de Concerta\u00e7\u00e3o Social.<\/li>\n<\/ul>\n","protected":false},"author":2,"featured_media":441961,"comment_status":"closed","ping_status":"closed","sticky":false,"template":"","format":"standard","meta":{"footnotes":""},"categories":[5,6871],"tags":[168,1125,5539,610,2832,2201],"class_list":["post-441957","post","type-post","status-publish","format-standard","has-post-thumbnail","hentry","category-politica","category-sociedade","tag-administracao-publica","tag-contratos","tag-lei","tag-organizacao-publica","tag-politica","tag-trabalho"],"yoast_head":"<!-- This site is optimized with the Yoast SEO plugin v27.2 - https:\/\/yoast.com\/product\/yoast-seo-wordpress\/ -->\n<title>Governo, patr\u00f5es e UGT discutem altera\u00e7\u00f5es \u00e0 lei laboral hoje - Portal Tela Portugal<\/title>\n<meta name=\"robots\" content=\"index, follow, max-snippet:-1, max-image-preview:large, max-video-preview:-1\" \/>\n<meta property=\"og:locale\" content=\"pt_PT\" \/>\n<meta property=\"og:type\" content=\"article\" \/>\n<meta property=\"og:title\" content=\"Governo, patr\u00f5es e UGT discutem altera\u00e7\u00f5es \u00e0 lei laboral hoje - Portal Tela Portugal\" \/>\n<meta property=\"og:description\" content=\"A ministra do Trabalho re\u00fane-se hoje com as quatro confedera\u00e7\u00f5es empresariais e a UGT para discutir altera\u00e7\u00f5es \u00e0 lei laboral, ap\u00f3s o secretariado nacional da UGT ter votado contra a proposta escrita apresentada pelo Governo em finais de mar\u00e7o. O Governo reiterou que mant\u00e9m a porta aberta para continuar a negocia\u00e7\u00e3o, apesar do chumbo na UGT. Entre as confedera\u00e7\u00f5es, CIP disse manter disponibilidade para negocia\u00e7\u00f5es; CAP adiar\u00e1 posi\u00e7\u00e3o para depois da reuni\u00e3o; CTP n\u00e3o est\u00e1 dispon\u00edvel para processos meramente dilat\u00f3rios; CCP questiona a viabilidade de avan\u00e7ar. O secretariado nacional da UGT decidiu ap\u00f3s a ministra ter indicado que era o momento de cada parceiro consultar os seus \u00f3rg\u00e3os, seguindo uma reuni\u00e3o plen\u00e1ria de Concerta\u00e7\u00e3o Social \u201cem breve\u201d. O anteprojeto Trabalho XXI, apresentado em julho de dois mil e vinte e cinco, prev\u00ea mais de cem altera\u00e7\u00f5es ao C\u00f3digo do Trabalho, com ajustes ainda a definir em sede de Concerta\u00e7\u00e3o Social.\" \/>\n<meta property=\"og:url\" content=\"https:\/\/portaltela.pt\/noticias\/2026\/04\/13\/governo-patroes-e-ugt-discutem-alteracoes-a-lei-laboral-hoje\/\" \/>\n<meta property=\"og:site_name\" content=\"Portal Tela Portugal\" \/>\n<meta property=\"article:published_time\" content=\"2026-04-13T06:17:14+00:00\" \/>\n<meta name=\"author\" content=\"Telinha\" \/>\n<meta name=\"twitter:card\" content=\"summary_large_image\" \/>\n<meta name=\"twitter:label1\" content=\"Escrito por\" \/>\n\t<meta name=\"twitter:data1\" content=\"Telinha\" \/>\n\t<meta name=\"twitter:label2\" content=\"Tempo estimado de leitura\" \/>\n\t<meta name=\"twitter:data2\" content=\"2 minutos\" \/>\n<script type=\"application\/ld+json\" class=\"yoast-schema-graph\">{\"@context\":\"https:\/\/schema.org\",\"@graph\":[{\"@type\":\"Article\",\"@id\":\"https:\/\/portaltela.pt\/noticias\/2026\/04\/13\/governo-patroes-e-ugt-discutem-alteracoes-a-lei-laboral-hoje\/#article\",\"isPartOf\":{\"@id\":\"https:\/\/portaltela.pt\/noticias\/2026\/04\/13\/governo-patroes-e-ugt-discutem-alteracoes-a-lei-laboral-hoje\/\"},\"author\":{\"name\":\"Telinha\",\"@id\":\"https:\/\/portaltela.pt\/#\/schema\/person\/c4278d4a6028830caff9ee44b42d32ed\"},\"headline\":\"Governo, patr\u00f5es e UGT discutem altera\u00e7\u00f5es \u00e0 lei laboral hoje\",\"datePublished\":\"2026-04-13T06:17:14+00:00\",\"mainEntityOfPage\":{\"@id\":\"https:\/\/portaltela.pt\/noticias\/2026\/04\/13\/governo-patroes-e-ugt-discutem-alteracoes-a-lei-laboral-hoje\/\"},\"wordCount\":437,\"image\":{\"@id\":\"https:\/\/portaltela.pt\/noticias\/2026\/04\/13\/governo-patroes-e-ugt-discutem-alteracoes-a-lei-laboral-hoje\/#primaryimage\"},\"thumbnailUrl\":\"https:\/\/portaltela.pt\/s.01k8rhncp4jt1\/2026\/04\/img_1280x721uu2024-10-02-17-33-01-1760740.jpg\",\"keywords\":[\"administra\u00e7\u00e3o p\u00fablica\",\"contratos\",\"lei\",\"organiza\u00e7\u00e3o p\u00fablica\",\"pol\u00edtica\",\"trabalho\"],\"articleSection\":[\"Pol\u00edtica\",\"Sociedade\"],\"inLanguage\":\"pt-PT\"},{\"@type\":\"WebPage\",\"@id\":\"https:\/\/portaltela.pt\/noticias\/2026\/04\/13\/governo-patroes-e-ugt-discutem-alteracoes-a-lei-laboral-hoje\/\",\"url\":\"https:\/\/portaltela.pt\/noticias\/2026\/04\/13\/governo-patroes-e-ugt-discutem-alteracoes-a-lei-laboral-hoje\/\",\"name\":\"Governo, patr\u00f5es e UGT discutem altera\u00e7\u00f5es \u00e0 lei laboral hoje - Portal Tela Portugal\",\"isPartOf\":{\"@id\":\"https:\/\/portaltela.pt\/#website\"},\"primaryImageOfPage\":{\"@id\":\"https:\/\/portaltela.pt\/noticias\/2026\/04\/13\/governo-patroes-e-ugt-discutem-alteracoes-a-lei-laboral-hoje\/#primaryimage\"},\"image\":{\"@id\":\"https:\/\/portaltela.pt\/noticias\/2026\/04\/13\/governo-patroes-e-ugt-discutem-alteracoes-a-lei-laboral-hoje\/#primaryimage\"},\"thumbnailUrl\":\"https:\/\/portaltela.pt\/s.01k8rhncp4jt1\/2026\/04\/img_1280x721uu2024-10-02-17-33-01-1760740.jpg\",\"datePublished\":\"2026-04-13T06:17:14+00:00\",\"author\":{\"@id\":\"https:\/\/portaltela.pt\/#\/schema\/person\/c4278d4a6028830caff9ee44b42d32ed\"},\"breadcrumb\":{\"@id\":\"https:\/\/portaltela.pt\/noticias\/2026\/04\/13\/governo-patroes-e-ugt-discutem-alteracoes-a-lei-laboral-hoje\/#breadcrumb\"},\"inLanguage\":\"pt-PT\",\"potentialAction\":[{\"@type\":\"ReadAction\",\"target\":[\"https:\/\/portaltela.pt\/noticias\/2026\/04\/13\/governo-patroes-e-ugt-discutem-alteracoes-a-lei-laboral-hoje\/\"]}]},{\"@type\":\"ImageObject\",\"inLanguage\":\"pt-PT\",\"@id\":\"https:\/\/portaltela.pt\/noticias\/2026\/04\/13\/governo-patroes-e-ugt-discutem-alteracoes-a-lei-laboral-hoje\/#primaryimage\",\"url\":\"https:\/\/portaltela.pt\/s.01k8rhncp4jt1\/2026\/04\/img_1280x721uu2024-10-02-17-33-01-1760740.jpg\",\"contentUrl\":\"https:\/\/portaltela.pt\/s.01k8rhncp4jt1\/2026\/04\/img_1280x721uu2024-10-02-17-33-01-1760740.jpg\",\"width\":796,\"height\":448,\"caption\":\"Ministra do Trabalho, Ros\u00e1rio Palma Ramalho\"},{\"@type\":\"BreadcrumbList\",\"@id\":\"https:\/\/portaltela.pt\/noticias\/2026\/04\/13\/governo-patroes-e-ugt-discutem-alteracoes-a-lei-laboral-hoje\/#breadcrumb\",\"itemListElement\":[{\"@type\":\"ListItem\",\"position\":1,\"name\":\"In\u00edcio\",\"item\":\"https:\/\/portaltela.pt\/\"},{\"@type\":\"ListItem\",\"position\":2,\"name\":\"Governo, patr\u00f5es e UGT discutem altera\u00e7\u00f5es \u00e0 lei laboral hoje\"}]},{\"@type\":\"WebSite\",\"@id\":\"https:\/\/portaltela.pt\/#website\",\"url\":\"https:\/\/portaltela.pt\/\",\"name\":\"Portal Tela Portugal\",\"description\":\"\",\"potentialAction\":[{\"@type\":\"SearchAction\",\"target\":{\"@type\":\"EntryPoint\",\"urlTemplate\":\"https:\/\/portaltela.pt\/?s={search_term_string}\"},\"query-input\":{\"@type\":\"PropertyValueSpecification\",\"valueRequired\":true,\"valueName\":\"search_term_string\"}}],\"inLanguage\":\"pt-PT\"},{\"@type\":\"Person\",\"@id\":\"https:\/\/portaltela.pt\/#\/schema\/person\/c4278d4a6028830caff9ee44b42d32ed\",\"name\":\"Telinha\",\"image\":{\"@type\":\"ImageObject\",\"inLanguage\":\"pt-PT\",\"@id\":\"https:\/\/portaltela.pt\/s.01k8rhncp4jt1\/2025\/11\/talking-bot-125x125.png\",\"url\":\"https:\/\/portaltela.pt\/s.01k8rhncp4jt1\/2025\/11\/talking-bot-125x125.png\",\"contentUrl\":\"https:\/\/portaltela.pt\/s.01k8rhncp4jt1\/2025\/11\/talking-bot-125x125.png\",\"caption\":\"Telinha\"},\"sameAs\":[\"https:\/\/portaltela.pt\/\"],\"url\":\"https:\/\/portaltela.pt\/por\/367410592786\/\"}]}<\/script>\n<!-- \/ Yoast SEO plugin. -->","yoast_head_json":{"title":"Governo, patr\u00f5es e UGT discutem altera\u00e7\u00f5es \u00e0 lei laboral hoje - Portal Tela Portugal","robots":{"index":"index","follow":"follow","max-snippet":"max-snippet:-1","max-image-preview":"max-image-preview:large","max-video-preview":"max-video-preview:-1"},"og_locale":"pt_PT","og_type":"article","og_title":"Governo, patr\u00f5es e UGT discutem altera\u00e7\u00f5es \u00e0 lei laboral hoje - Portal Tela Portugal","og_description":"A ministra do Trabalho re\u00fane-se hoje com as quatro confedera\u00e7\u00f5es empresariais e a UGT para discutir altera\u00e7\u00f5es \u00e0 lei laboral, ap\u00f3s o secretariado nacional da UGT ter votado contra a proposta escrita apresentada pelo Governo em finais de mar\u00e7o. O Governo reiterou que mant\u00e9m a porta aberta para continuar a negocia\u00e7\u00e3o, apesar do chumbo na UGT. Entre as confedera\u00e7\u00f5es, CIP disse manter disponibilidade para negocia\u00e7\u00f5es; CAP adiar\u00e1 posi\u00e7\u00e3o para depois da reuni\u00e3o; CTP n\u00e3o est\u00e1 dispon\u00edvel para processos meramente dilat\u00f3rios; CCP questiona a viabilidade de avan\u00e7ar. O secretariado nacional da UGT decidiu ap\u00f3s a ministra ter indicado que era o momento de cada parceiro consultar os seus \u00f3rg\u00e3os, seguindo uma reuni\u00e3o plen\u00e1ria de Concerta\u00e7\u00e3o Social \u201cem breve\u201d. O anteprojeto Trabalho XXI, apresentado em julho de dois mil e vinte e cinco, prev\u00ea mais de cem altera\u00e7\u00f5es ao C\u00f3digo do Trabalho, com ajustes ainda a definir em sede de Concerta\u00e7\u00e3o Social.","og_url":"https:\/\/portaltela.pt\/noticias\/2026\/04\/13\/governo-patroes-e-ugt-discutem-alteracoes-a-lei-laboral-hoje\/","og_site_name":"Portal Tela Portugal","article_published_time":"2026-04-13T06:17:14+00:00","author":"Telinha","twitter_card":"summary_large_image","twitter_misc":{"Escrito por":"Telinha","Tempo estimado de leitura":"2 minutos"},"schema":{"@context":"https:\/\/schema.org","@graph":[{"@type":"Article","@id":"https:\/\/portaltela.pt\/noticias\/2026\/04\/13\/governo-patroes-e-ugt-discutem-alteracoes-a-lei-laboral-hoje\/#article","isPartOf":{"@id":"https:\/\/portaltela.pt\/noticias\/2026\/04\/13\/governo-patroes-e-ugt-discutem-alteracoes-a-lei-laboral-hoje\/"},"author":{"name":"Telinha","@id":"https:\/\/portaltela.pt\/#\/schema\/person\/c4278d4a6028830caff9ee44b42d32ed"},"headline":"Governo, patr\u00f5es e UGT discutem altera\u00e7\u00f5es \u00e0 lei laboral hoje","datePublished":"2026-04-13T06:17:14+00:00","mainEntityOfPage":{"@id":"https:\/\/portaltela.pt\/noticias\/2026\/04\/13\/governo-patroes-e-ugt-discutem-alteracoes-a-lei-laboral-hoje\/"},"wordCount":437,"image":{"@id":"https:\/\/portaltela.pt\/noticias\/2026\/04\/13\/governo-patroes-e-ugt-discutem-alteracoes-a-lei-laboral-hoje\/#primaryimage"},"thumbnailUrl":"https:\/\/portaltela.pt\/s.01k8rhncp4jt1\/2026\/04\/img_1280x721uu2024-10-02-17-33-01-1760740.jpg","keywords":["administra\u00e7\u00e3o p\u00fablica","contratos","lei","organiza\u00e7\u00e3o p\u00fablica","pol\u00edtica","trabalho"],"articleSection":["Pol\u00edtica","Sociedade"],"inLanguage":"pt-PT"},{"@type":"WebPage","@id":"https:\/\/portaltela.pt\/noticias\/2026\/04\/13\/governo-patroes-e-ugt-discutem-alteracoes-a-lei-laboral-hoje\/","url":"https:\/\/portaltela.pt\/noticias\/2026\/04\/13\/governo-patroes-e-ugt-discutem-alteracoes-a-lei-laboral-hoje\/","name":"Governo, patr\u00f5es e UGT discutem altera\u00e7\u00f5es \u00e0 lei laboral hoje - Portal Tela Portugal","isPartOf":{"@id":"https:\/\/portaltela.pt\/#website"},"primaryImageOfPage":{"@id":"https:\/\/portaltela.pt\/noticias\/2026\/04\/13\/governo-patroes-e-ugt-discutem-alteracoes-a-lei-laboral-hoje\/#primaryimage"},"image":{"@id":"https:\/\/portaltela.pt\/noticias\/2026\/04\/13\/governo-patroes-e-ugt-discutem-alteracoes-a-lei-laboral-hoje\/#primaryimage"},"thumbnailUrl":"https:\/\/portaltela.pt\/s.01k8rhncp4jt1\/2026\/04\/img_1280x721uu2024-10-02-17-33-01-1760740.jpg","datePublished":"2026-04-13T06:17:14+00:00","author":{"@id":"https:\/\/portaltela.pt\/#\/schema\/person\/c4278d4a6028830caff9ee44b42d32ed"},"breadcrumb":{"@id":"https:\/\/portaltela.pt\/noticias\/2026\/04\/13\/governo-patroes-e-ugt-discutem-alteracoes-a-lei-laboral-hoje\/#breadcrumb"},"inLanguage":"pt-PT","potentialAction":[{"@type":"ReadAction","target":["https:\/\/portaltela.pt\/noticias\/2026\/04\/13\/governo-patroes-e-ugt-discutem-alteracoes-a-lei-laboral-hoje\/"]}]},{"@type":"ImageObject","inLanguage":"pt-PT","@id":"https:\/\/portaltela.pt\/noticias\/2026\/04\/13\/governo-patroes-e-ugt-discutem-alteracoes-a-lei-laboral-hoje\/#primaryimage","url":"https:\/\/portaltela.pt\/s.01k8rhncp4jt1\/2026\/04\/img_1280x721uu2024-10-02-17-33-01-1760740.jpg","contentUrl":"https:\/\/portaltela.pt\/s.01k8rhncp4jt1\/2026\/04\/img_1280x721uu2024-10-02-17-33-01-1760740.jpg","width":796,"height":448,"caption":"Ministra do Trabalho, Ros\u00e1rio Palma Ramalho"},{"@type":"BreadcrumbList","@id":"https:\/\/portaltela.pt\/noticias\/2026\/04\/13\/governo-patroes-e-ugt-discutem-alteracoes-a-lei-laboral-hoje\/#breadcrumb","itemListElement":[{"@type":"ListItem","position":1,"name":"In\u00edcio","item":"https:\/\/portaltela.pt\/"},{"@type":"ListItem","position":2,"name":"Governo, patr\u00f5es e UGT discutem altera\u00e7\u00f5es \u00e0 lei laboral hoje"}]},{"@type":"WebSite","@id":"https:\/\/portaltela.pt\/#website","url":"https:\/\/portaltela.pt\/","name":"Portal Tela Portugal","description":"","potentialAction":[{"@type":"SearchAction","target":{"@type":"EntryPoint","urlTemplate":"https:\/\/portaltela.pt\/?s={search_term_string}"},"query-input":{"@type":"PropertyValueSpecification","valueRequired":true,"valueName":"search_term_string"}}],"inLanguage":"pt-PT"},{"@type":"Person","@id":"https:\/\/portaltela.pt\/#\/schema\/person\/c4278d4a6028830caff9ee44b42d32ed","name":"Telinha","image":{"@type":"ImageObject","inLanguage":"pt-PT","@id":"https:\/\/portaltela.pt\/s.01k8rhncp4jt1\/2025\/11\/talking-bot-125x125.png","url":"https:\/\/portaltela.pt\/s.01k8rhncp4jt1\/2025\/11\/talking-bot-125x125.png","contentUrl":"https:\/\/portaltela.pt\/s.01k8rhncp4jt1\/2025\/11\/talking-bot-125x125.png","caption":"Telinha"},"sameAs":["https:\/\/portaltela.pt\/"],"url":"https:\/\/portaltela.pt\/por\/367410592786\/"}]}},"_links":{"self":[{"href":"https:\/\/portaltela.pt\/api\/wp\/v2\/posts\/441957","targetHints":{"allow":["GET"]}}],"collection":[{"href":"https:\/\/portaltela.pt\/api\/wp\/v2\/posts"}],"about":[{"href":"https:\/\/portaltela.pt\/api\/wp\/v2\/types\/post"}],"author":[{"embeddable":true,"href":"https:\/\/portaltela.pt\/api\/wp\/v2\/users\/2"}],"replies":[{"embeddable":true,"href":"https:\/\/portaltela.pt\/api\/wp\/v2\/comments?post=441957"}],"version-history":[{"count":0,"href":"https:\/\/portaltela.pt\/api\/wp\/v2\/posts\/441957\/revisions"}],"wp:featuredmedia":[{"embeddable":true,"href":"https:\/\/portaltela.pt\/api\/wp\/v2\/media\/441961"}],"wp:attachment":[{"href":"https:\/\/portaltela.pt\/api\/wp\/v2\/media?parent=441957"}],"wp:term":[{"taxonomy":"category","embeddable":true,"href":"https:\/\/portaltela.pt\/api\/wp\/v2\/categories?post=441957"},{"taxonomy":"post_tag","embeddable":true,"href":"https:\/\/portaltela.pt\/api\/wp\/v2\/tags?post=441957"}],"curies":[{"name":"wp","href":"https:\/\/api.w.org\/{rel}","templated":true}]}}