{"id":441940,"date":"2026-04-13T02:47:05","date_gmt":"2026-04-13T05:47:05","guid":{"rendered":"https:\/\/portaltela.pt\/noticias\/2026\/04\/13\/europa-musica-negra-britanica-beef-e-terror-mumificado-em-destaque-nesta-semana\/"},"modified":"2026-04-13T02:47:05","modified_gmt":"2026-04-13T05:47:05","slug":"europa-musica-negra-britanica-beef-e-terror-mumificado-em-destaque-nesta-semana","status":"publish","type":"post","link":"https:\/\/portaltela.pt\/musica\/2026\/04\/13\/europa-musica-negra-britanica-beef-e-terror-mumificado-em-destaque-nesta-semana\/","title":{"rendered":"Europa: m\u00fasica negra brit\u00e2nica, Beef e terror mumificado em destaque nesta semana"},"content":{"rendered":"<p>A Europa recebe esta semana uma mistura de propostas culturais e de entretenimento. A Netflix lan\u00e7a a segunda temporada de Beef, enquanto o V&amp;A East, em Londres, celebra a m\u00fasica negra brit\u00e2nica com uma exposi\u00e7\u00e3o de grande f\u00f4lego. Exposi\u00e7\u00f5es, cinema, s\u00e9ries e m\u00fasica ocupam o radar.<\/p>\n<p>A mostra The Music is Black: A British Story percorre 125 anos de m\u00fasica de comunidades negras no Reino Unido, com mais de 200 pe\u00e7as. O foco vai do piano de Winifred Atwell a itens ic\u00f3nicos de Banksy e Stormzy. Abre no V&amp;A East a 18 de abril.<\/p>\n<p>Helen Frankenthaler chega a Basel, numa grande retrospectiva que mostra a t\u00e9cnica soak-stain e a evolu\u00e7\u00e3o da pintora norte\u2011americana. A exposi\u00e7\u00e3o vai de 18 de abril a 23 de agosto de 2026, no Kunstmuseum Basel.<\/p>\n<h3>Exposi\u00e7\u00f5es<\/h3>\n<p>The Music is Black: A British Story<\/p>\n<p>Quando: 18 de abril<\/p>\n<p>Onde: V&amp;A East, Londres<\/p>\n<p>A curadoria apresenta fotografias, vestu\u00e1rio e instrumentos para evidenciar o papel da m\u00fasica negra na identidade brit\u00e2nica e na mudan\u00e7a social.<\/p>\n<p>Helen Frankenthaler<\/p>\n<p>Quando: 18 de abril a 23 de agosto de 2026<\/p>\n<p>Onde: Kunstmuseum Basel, Su\u00ed\u00e7a<\/p>\n<p>A mostra re\u00fane obras de seis d\u00e9cadas, destacando a influ\u00eancia da artista na pintura abstrata e no di\u00e1logo com a hist\u00f3ria da arte.<\/p>\n<p>Sugest\u00e3o extra: Unicorns! no Mus\u00e9e de Cluny, Paris, at\u00e9 12 de julho de 2026.<\/p>\n<h3>Cinema<\/h3>\n<p>The Mummy, de Lee Cronin<\/p>\n<p>Onde: salas de cinema<\/p>\n<p>Quando: 17 de abril<\/p>\n<p>A nova leitura da saga regressa com sustos e CGI, mantendo o tom de Blumhouse. A hist\u00f3ria acompanha uma rapariga que reaparece ap\u00f3s oito anos, revelando-se amaldi\u00e7oada. Brendan Fraser n\u00e3o participa.<\/p>\n<p>Sugest\u00f5es extra: Yellow Letters, premiado na Berlinale, est\u00e1 em exibi\u00e7\u00e3o em Fran\u00e7a.<\/p>\n<h3>S\u00e9ries<\/h3>\n<p>Beef<\/p>\n<p>Onde: Netflix<\/p>\n<p>Quando: 16 de abril<\/p>\n<p>A segunda temporada aprofunda o confronto entre gera\u00e7\u00f5es com elenco renovado, incluindo Cailee Spaeny e Charles Melton, num casal da gera\u00e7\u00e3o Z, contra os seus chefes mais velhos, interpretados por Carey Mulligan e Oscar Isaac.<\/p>\n<p>Sugest\u00f5es extra: Margo&#8217;s Got Money Troubles, Apple TV+, a 15 de abril; Ronaldinho: The One and Only, Netflix, a 16 de abril.<\/p>\n<h3>M\u00fasica<\/h3>\n<p>Jessie Ware: Superbloom<\/p>\n<p>Quando: 17 de abril<\/p>\n<p>A cantora brit\u00e2nica lan\u00e7a Superbloom, com grooves que fundem funk, disco e pop glam, inspirado no Studio 54, a acompanhar a tourn\u00e9e de promo\u00e7\u00e3o do \u00e1lbum anterior.<\/p>\n<p>Sugest\u00f5es extra: Nightlife, novo \u00e1lbum da DJ Honey Dijon, tamb\u00e9m a 17 de abril.<\/p>\n","protected":false},"excerpt":{"rendered":"<ul>\n<li>A segunda temporada de Beef chega \u00e0 Netflix a partir de 16 de abril, com elenco e foco novos, mantendo o tom tenso entre personagens de gera\u00e7\u00f5es diferentes.<\/li>\n<li>No V&amp;A East, Londres, inaugura-se a exposi\u00e7\u00e3o The Music is Black: A British Story a 18 de abril, com mais de 200 pe\u00e7as que revelam a influ\u00eancia da m\u00fasica negra brit\u00e2nica.<\/li>\n<li>O Kunstmuseum Basel apresenta Helen Frankenthaler, com Riverhead (1963) e outras obras, de 18 de abril a 23 de agosto de 2026, destacando a t\u00e9cnica soak-stain.<\/li>\n<li>The Mummy, de Lee Cronin, estreia nas salas de cinema a 17 de abril, mantendo o ambiente de suspense t\u00edpico da produtora Blumhouse.<\/li>\n<li>Jessie Ware lan\u00e7a o \u00e1lbum Superbloom a 17 de abril, trazendo uma fus\u00e3o de pop, dancehall e groove luminoso.<\/li>\n<\/ul>\n","protected":false},"author":2,"featured_media":441941,"comment_status":"closed","ping_status":"closed","sticky":false,"template":"","format":"standard","meta":{"footnotes":""},"categories":[7375,6676],"tags":[70,112,145,122,2921,2390],"class_list":["post-441940","post","type-post","status-publish","format-standard","has-post-thumbnail","hentry","category-cultura","category-musica","tag-arte","tag-cinema","tag-cultura","tag-musica","tag-netflix","tag-series"],"yoast_head":"<!-- This site is optimized with the Yoast SEO plugin v27.2 - https:\/\/yoast.com\/product\/yoast-seo-wordpress\/ -->\n<title>Europa: m\u00fasica negra brit\u00e2nica, Beef e terror mumificado em destaque nesta semana - Portal Tela Portugal<\/title>\n<meta name=\"robots\" content=\"index, follow, max-snippet:-1, max-image-preview:large, max-video-preview:-1\" \/>\n<meta property=\"og:locale\" content=\"pt_PT\" \/>\n<meta property=\"og:type\" content=\"article\" \/>\n<meta property=\"og:title\" content=\"Europa: m\u00fasica negra brit\u00e2nica, Beef e terror mumificado em destaque nesta semana - Portal Tela Portugal\" \/>\n<meta property=\"og:description\" content=\"A segunda temporada de Beef chega \u00e0 Netflix a partir de 16 de abril, com elenco e foco novos, mantendo o tom tenso entre personagens de gera\u00e7\u00f5es diferentes. No V&amp;A East, Londres, inaugura-se a exposi\u00e7\u00e3o The Music is Black: A British Story a 18 de abril, com mais de 200 pe\u00e7as que revelam a influ\u00eancia da m\u00fasica negra brit\u00e2nica. O Kunstmuseum Basel apresenta Helen Frankenthaler, com Riverhead (1963) e outras obras, de 18 de abril a 23 de agosto de 2026, destacando a t\u00e9cnica soak-stain. The Mummy, de Lee Cronin, estreia nas salas de cinema a 17 de abril, mantendo o ambiente de suspense t\u00edpico da produtora Blumhouse. Jessie Ware lan\u00e7a o \u00e1lbum Superbloom a 17 de abril, trazendo uma fus\u00e3o de pop, dancehall e groove luminoso.\" \/>\n<meta property=\"og:url\" content=\"https:\/\/portaltela.pt\/noticias\/2026\/04\/13\/europa-musica-negra-britanica-beef-e-terror-mumificado-em-destaque-nesta-semana\/\" \/>\n<meta property=\"og:site_name\" content=\"Portal Tela Portugal\" \/>\n<meta property=\"article:published_time\" content=\"2026-04-13T05:47:05+00:00\" \/>\n<meta name=\"author\" content=\"Telinha\" \/>\n<meta name=\"twitter:card\" content=\"summary_large_image\" \/>\n<meta name=\"twitter:label1\" content=\"Escrito por\" \/>\n\t<meta name=\"twitter:data1\" content=\"Telinha\" \/>\n\t<meta name=\"twitter:label2\" content=\"Tempo estimado de leitura\" \/>\n\t<meta name=\"twitter:data2\" content=\"2 minutos\" \/>\n<script type=\"application\/ld+json\" class=\"yoast-schema-graph\">{\"@context\":\"https:\/\/schema.org\",\"@graph\":[{\"@type\":\"Article\",\"@id\":\"https:\/\/portaltela.pt\/noticias\/2026\/04\/13\/europa-musica-negra-britanica-beef-e-terror-mumificado-em-destaque-nesta-semana\/#article\",\"isPartOf\":{\"@id\":\"https:\/\/portaltela.pt\/noticias\/2026\/04\/13\/europa-musica-negra-britanica-beef-e-terror-mumificado-em-destaque-nesta-semana\/\"},\"author\":{\"name\":\"Telinha\",\"@id\":\"https:\/\/portaltela.pt\/#\/schema\/person\/c4278d4a6028830caff9ee44b42d32ed\"},\"headline\":\"Europa: m\u00fasica negra brit\u00e2nica, Beef e terror mumificado em destaque nesta semana\",\"datePublished\":\"2026-04-13T05:47:05+00:00\",\"mainEntityOfPage\":{\"@id\":\"https:\/\/portaltela.pt\/noticias\/2026\/04\/13\/europa-musica-negra-britanica-beef-e-terror-mumificado-em-destaque-nesta-semana\/\"},\"wordCount\":438,\"image\":{\"@id\":\"https:\/\/portaltela.pt\/noticias\/2026\/04\/13\/europa-musica-negra-britanica-beef-e-terror-mumificado-em-destaque-nesta-semana\/#primaryimage\"},\"thumbnailUrl\":\"https:\/\/portaltela.pt\/s.01k8rhncp4jt1\/2026\/04\/1536x864_cmsv2_5e908b56-8ffc-5c0c-be4d-92134b579540-9713629.jpg\",\"keywords\":[\"arte\",\"cinema\",\"cultura\",\"m\u00fasica\",\"Netflix\",\"S\u00c9RIES\"],\"articleSection\":[\"Cultura\",\"M\u00fasica\"],\"inLanguage\":\"pt-PT\"},{\"@type\":\"WebPage\",\"@id\":\"https:\/\/portaltela.pt\/noticias\/2026\/04\/13\/europa-musica-negra-britanica-beef-e-terror-mumificado-em-destaque-nesta-semana\/\",\"url\":\"https:\/\/portaltela.pt\/noticias\/2026\/04\/13\/europa-musica-negra-britanica-beef-e-terror-mumificado-em-destaque-nesta-semana\/\",\"name\":\"Europa: m\u00fasica negra brit\u00e2nica, Beef e terror mumificado em destaque nesta semana - Portal Tela Portugal\",\"isPartOf\":{\"@id\":\"https:\/\/portaltela.pt\/#website\"},\"primaryImageOfPage\":{\"@id\":\"https:\/\/portaltela.pt\/noticias\/2026\/04\/13\/europa-musica-negra-britanica-beef-e-terror-mumificado-em-destaque-nesta-semana\/#primaryimage\"},\"image\":{\"@id\":\"https:\/\/portaltela.pt\/noticias\/2026\/04\/13\/europa-musica-negra-britanica-beef-e-terror-mumificado-em-destaque-nesta-semana\/#primaryimage\"},\"thumbnailUrl\":\"https:\/\/portaltela.pt\/s.01k8rhncp4jt1\/2026\/04\/1536x864_cmsv2_5e908b56-8ffc-5c0c-be4d-92134b579540-9713629.jpg\",\"datePublished\":\"2026-04-13T05:47:05+00:00\",\"author\":{\"@id\":\"https:\/\/portaltela.pt\/#\/schema\/person\/c4278d4a6028830caff9ee44b42d32ed\"},\"breadcrumb\":{\"@id\":\"https:\/\/portaltela.pt\/noticias\/2026\/04\/13\/europa-musica-negra-britanica-beef-e-terror-mumificado-em-destaque-nesta-semana\/#breadcrumb\"},\"inLanguage\":\"pt-PT\",\"potentialAction\":[{\"@type\":\"ReadAction\",\"target\":[\"https:\/\/portaltela.pt\/noticias\/2026\/04\/13\/europa-musica-negra-britanica-beef-e-terror-mumificado-em-destaque-nesta-semana\/\"]}]},{\"@type\":\"ImageObject\",\"inLanguage\":\"pt-PT\",\"@id\":\"https:\/\/portaltela.pt\/noticias\/2026\/04\/13\/europa-musica-negra-britanica-beef-e-terror-mumificado-em-destaque-nesta-semana\/#primaryimage\",\"url\":\"https:\/\/portaltela.pt\/s.01k8rhncp4jt1\/2026\/04\/1536x864_cmsv2_5e908b56-8ffc-5c0c-be4d-92134b579540-9713629.jpg\",\"contentUrl\":\"https:\/\/portaltela.pt\/s.01k8rhncp4jt1\/2026\/04\/1536x864_cmsv2_5e908b56-8ffc-5c0c-be4d-92134b579540-9713629.jpg\",\"width\":796,\"height\":448,\"caption\":\"'Beef' - 'A M\u00famia, de Lee Cronin' - Jim Marshall, Big Mama Thornton para a Arhoolie Records, cerca de 1958\u201370\"},{\"@type\":\"BreadcrumbList\",\"@id\":\"https:\/\/portaltela.pt\/noticias\/2026\/04\/13\/europa-musica-negra-britanica-beef-e-terror-mumificado-em-destaque-nesta-semana\/#breadcrumb\",\"itemListElement\":[{\"@type\":\"ListItem\",\"position\":1,\"name\":\"In\u00edcio\",\"item\":\"https:\/\/portaltela.pt\/\"},{\"@type\":\"ListItem\",\"position\":2,\"name\":\"Europa: m\u00fasica negra brit\u00e2nica, Beef e terror mumificado em destaque nesta semana\"}]},{\"@type\":\"WebSite\",\"@id\":\"https:\/\/portaltela.pt\/#website\",\"url\":\"https:\/\/portaltela.pt\/\",\"name\":\"Portal Tela Portugal\",\"description\":\"\",\"potentialAction\":[{\"@type\":\"SearchAction\",\"target\":{\"@type\":\"EntryPoint\",\"urlTemplate\":\"https:\/\/portaltela.pt\/?s={search_term_string}\"},\"query-input\":{\"@type\":\"PropertyValueSpecification\",\"valueRequired\":true,\"valueName\":\"search_term_string\"}}],\"inLanguage\":\"pt-PT\"},{\"@type\":\"Person\",\"@id\":\"https:\/\/portaltela.pt\/#\/schema\/person\/c4278d4a6028830caff9ee44b42d32ed\",\"name\":\"Telinha\",\"image\":{\"@type\":\"ImageObject\",\"inLanguage\":\"pt-PT\",\"@id\":\"https:\/\/portaltela.pt\/s.01k8rhncp4jt1\/2025\/11\/talking-bot-125x125.png\",\"url\":\"https:\/\/portaltela.pt\/s.01k8rhncp4jt1\/2025\/11\/talking-bot-125x125.png\",\"contentUrl\":\"https:\/\/portaltela.pt\/s.01k8rhncp4jt1\/2025\/11\/talking-bot-125x125.png\",\"caption\":\"Telinha\"},\"sameAs\":[\"https:\/\/portaltela.pt\/\"],\"url\":\"https:\/\/portaltela.pt\/por\/367410592786\/\"}]}<\/script>\n<!-- \/ Yoast SEO plugin. -->","yoast_head_json":{"title":"Europa: m\u00fasica negra brit\u00e2nica, Beef e terror mumificado em destaque nesta semana - Portal Tela Portugal","robots":{"index":"index","follow":"follow","max-snippet":"max-snippet:-1","max-image-preview":"max-image-preview:large","max-video-preview":"max-video-preview:-1"},"og_locale":"pt_PT","og_type":"article","og_title":"Europa: m\u00fasica negra brit\u00e2nica, Beef e terror mumificado em destaque nesta semana - Portal Tela Portugal","og_description":"A segunda temporada de Beef chega \u00e0 Netflix a partir de 16 de abril, com elenco e foco novos, mantendo o tom tenso entre personagens de gera\u00e7\u00f5es diferentes. No V&amp;A East, Londres, inaugura-se a exposi\u00e7\u00e3o The Music is Black: A British Story a 18 de abril, com mais de 200 pe\u00e7as que revelam a influ\u00eancia da m\u00fasica negra brit\u00e2nica. O Kunstmuseum Basel apresenta Helen Frankenthaler, com Riverhead (1963) e outras obras, de 18 de abril a 23 de agosto de 2026, destacando a t\u00e9cnica soak-stain. The Mummy, de Lee Cronin, estreia nas salas de cinema a 17 de abril, mantendo o ambiente de suspense t\u00edpico da produtora Blumhouse. Jessie Ware lan\u00e7a o \u00e1lbum Superbloom a 17 de abril, trazendo uma fus\u00e3o de pop, dancehall e groove luminoso.","og_url":"https:\/\/portaltela.pt\/noticias\/2026\/04\/13\/europa-musica-negra-britanica-beef-e-terror-mumificado-em-destaque-nesta-semana\/","og_site_name":"Portal Tela Portugal","article_published_time":"2026-04-13T05:47:05+00:00","author":"Telinha","twitter_card":"summary_large_image","twitter_misc":{"Escrito por":"Telinha","Tempo estimado de leitura":"2 minutos"},"schema":{"@context":"https:\/\/schema.org","@graph":[{"@type":"Article","@id":"https:\/\/portaltela.pt\/noticias\/2026\/04\/13\/europa-musica-negra-britanica-beef-e-terror-mumificado-em-destaque-nesta-semana\/#article","isPartOf":{"@id":"https:\/\/portaltela.pt\/noticias\/2026\/04\/13\/europa-musica-negra-britanica-beef-e-terror-mumificado-em-destaque-nesta-semana\/"},"author":{"name":"Telinha","@id":"https:\/\/portaltela.pt\/#\/schema\/person\/c4278d4a6028830caff9ee44b42d32ed"},"headline":"Europa: m\u00fasica negra brit\u00e2nica, Beef e terror mumificado em destaque nesta semana","datePublished":"2026-04-13T05:47:05+00:00","mainEntityOfPage":{"@id":"https:\/\/portaltela.pt\/noticias\/2026\/04\/13\/europa-musica-negra-britanica-beef-e-terror-mumificado-em-destaque-nesta-semana\/"},"wordCount":438,"image":{"@id":"https:\/\/portaltela.pt\/noticias\/2026\/04\/13\/europa-musica-negra-britanica-beef-e-terror-mumificado-em-destaque-nesta-semana\/#primaryimage"},"thumbnailUrl":"https:\/\/portaltela.pt\/s.01k8rhncp4jt1\/2026\/04\/1536x864_cmsv2_5e908b56-8ffc-5c0c-be4d-92134b579540-9713629.jpg","keywords":["arte","cinema","cultura","m\u00fasica","Netflix","S\u00c9RIES"],"articleSection":["Cultura","M\u00fasica"],"inLanguage":"pt-PT"},{"@type":"WebPage","@id":"https:\/\/portaltela.pt\/noticias\/2026\/04\/13\/europa-musica-negra-britanica-beef-e-terror-mumificado-em-destaque-nesta-semana\/","url":"https:\/\/portaltela.pt\/noticias\/2026\/04\/13\/europa-musica-negra-britanica-beef-e-terror-mumificado-em-destaque-nesta-semana\/","name":"Europa: m\u00fasica negra brit\u00e2nica, Beef e terror mumificado em destaque nesta semana - Portal Tela Portugal","isPartOf":{"@id":"https:\/\/portaltela.pt\/#website"},"primaryImageOfPage":{"@id":"https:\/\/portaltela.pt\/noticias\/2026\/04\/13\/europa-musica-negra-britanica-beef-e-terror-mumificado-em-destaque-nesta-semana\/#primaryimage"},"image":{"@id":"https:\/\/portaltela.pt\/noticias\/2026\/04\/13\/europa-musica-negra-britanica-beef-e-terror-mumificado-em-destaque-nesta-semana\/#primaryimage"},"thumbnailUrl":"https:\/\/portaltela.pt\/s.01k8rhncp4jt1\/2026\/04\/1536x864_cmsv2_5e908b56-8ffc-5c0c-be4d-92134b579540-9713629.jpg","datePublished":"2026-04-13T05:47:05+00:00","author":{"@id":"https:\/\/portaltela.pt\/#\/schema\/person\/c4278d4a6028830caff9ee44b42d32ed"},"breadcrumb":{"@id":"https:\/\/portaltela.pt\/noticias\/2026\/04\/13\/europa-musica-negra-britanica-beef-e-terror-mumificado-em-destaque-nesta-semana\/#breadcrumb"},"inLanguage":"pt-PT","potentialAction":[{"@type":"ReadAction","target":["https:\/\/portaltela.pt\/noticias\/2026\/04\/13\/europa-musica-negra-britanica-beef-e-terror-mumificado-em-destaque-nesta-semana\/"]}]},{"@type":"ImageObject","inLanguage":"pt-PT","@id":"https:\/\/portaltela.pt\/noticias\/2026\/04\/13\/europa-musica-negra-britanica-beef-e-terror-mumificado-em-destaque-nesta-semana\/#primaryimage","url":"https:\/\/portaltela.pt\/s.01k8rhncp4jt1\/2026\/04\/1536x864_cmsv2_5e908b56-8ffc-5c0c-be4d-92134b579540-9713629.jpg","contentUrl":"https:\/\/portaltela.pt\/s.01k8rhncp4jt1\/2026\/04\/1536x864_cmsv2_5e908b56-8ffc-5c0c-be4d-92134b579540-9713629.jpg","width":796,"height":448,"caption":"'Beef' - 'A M\u00famia, de Lee Cronin' - Jim Marshall, Big Mama Thornton para a Arhoolie Records, cerca de 1958\u201370"},{"@type":"BreadcrumbList","@id":"https:\/\/portaltela.pt\/noticias\/2026\/04\/13\/europa-musica-negra-britanica-beef-e-terror-mumificado-em-destaque-nesta-semana\/#breadcrumb","itemListElement":[{"@type":"ListItem","position":1,"name":"In\u00edcio","item":"https:\/\/portaltela.pt\/"},{"@type":"ListItem","position":2,"name":"Europa: m\u00fasica negra brit\u00e2nica, Beef e terror mumificado em destaque nesta semana"}]},{"@type":"WebSite","@id":"https:\/\/portaltela.pt\/#website","url":"https:\/\/portaltela.pt\/","name":"Portal Tela Portugal","description":"","potentialAction":[{"@type":"SearchAction","target":{"@type":"EntryPoint","urlTemplate":"https:\/\/portaltela.pt\/?s={search_term_string}"},"query-input":{"@type":"PropertyValueSpecification","valueRequired":true,"valueName":"search_term_string"}}],"inLanguage":"pt-PT"},{"@type":"Person","@id":"https:\/\/portaltela.pt\/#\/schema\/person\/c4278d4a6028830caff9ee44b42d32ed","name":"Telinha","image":{"@type":"ImageObject","inLanguage":"pt-PT","@id":"https:\/\/portaltela.pt\/s.01k8rhncp4jt1\/2025\/11\/talking-bot-125x125.png","url":"https:\/\/portaltela.pt\/s.01k8rhncp4jt1\/2025\/11\/talking-bot-125x125.png","contentUrl":"https:\/\/portaltela.pt\/s.01k8rhncp4jt1\/2025\/11\/talking-bot-125x125.png","caption":"Telinha"},"sameAs":["https:\/\/portaltela.pt\/"],"url":"https:\/\/portaltela.pt\/por\/367410592786\/"}]}},"_links":{"self":[{"href":"https:\/\/portaltela.pt\/api\/wp\/v2\/posts\/441940","targetHints":{"allow":["GET"]}}],"collection":[{"href":"https:\/\/portaltela.pt\/api\/wp\/v2\/posts"}],"about":[{"href":"https:\/\/portaltela.pt\/api\/wp\/v2\/types\/post"}],"author":[{"embeddable":true,"href":"https:\/\/portaltela.pt\/api\/wp\/v2\/users\/2"}],"replies":[{"embeddable":true,"href":"https:\/\/portaltela.pt\/api\/wp\/v2\/comments?post=441940"}],"version-history":[{"count":0,"href":"https:\/\/portaltela.pt\/api\/wp\/v2\/posts\/441940\/revisions"}],"wp:featuredmedia":[{"embeddable":true,"href":"https:\/\/portaltela.pt\/api\/wp\/v2\/media\/441941"}],"wp:attachment":[{"href":"https:\/\/portaltela.pt\/api\/wp\/v2\/media?parent=441940"}],"wp:term":[{"taxonomy":"category","embeddable":true,"href":"https:\/\/portaltela.pt\/api\/wp\/v2\/categories?post=441940"},{"taxonomy":"post_tag","embeddable":true,"href":"https:\/\/portaltela.pt\/api\/wp\/v2\/tags?post=441940"}],"curies":[{"name":"wp","href":"https:\/\/api.w.org\/{rel}","templated":true}]}}