{"id":441918,"date":"2026-04-12T22:42:00","date_gmt":"2026-04-13T01:42:00","guid":{"rendered":"https:\/\/portaltela.pt\/noticias\/2026\/04\/12\/urnas-encerradas-no-peru-e-keiko-fujimori-na-lideranca-para-a-segunda-volta\/"},"modified":"2026-04-12T22:42:00","modified_gmt":"2026-04-13T01:42:00","slug":"urnas-encerradas-no-peru-e-keiko-fujimori-na-lideranca-para-a-segunda-volta","status":"publish","type":"post","link":"https:\/\/portaltela.pt\/noticias\/politica\/2026\/04\/12\/urnas-encerradas-no-peru-e-keiko-fujimori-na-lideranca-para-a-segunda-volta\/","title":{"rendered":"Urnas encerradas no Peru e Keiko Fujimori na lideran\u00e7a para a segunda volta"},"content":{"rendered":"<p>As urnas encerraram-se hoje no Peru, encerrando um dia de vota\u00e7\u00e3o de cerca de 10 horas. A divulga\u00e7\u00e3o aponta Keiko Fujimori na lideran\u00e7a, abrindo caminho para uma segunda volta presidencial. A confirma\u00e7\u00e3o depende do escrut\u00ednio final dos votos, ainda em curso.<\/p>\n<p>A vota\u00e7\u00e3o, realizada em mais de 10 mil mesas, decorreu sem incidentes graves reportados at\u00e9 o momento. Os eleitores aguardaram at\u00e9 ao encerramento previsto, mesmo com apelos de alguns candidatos para prolongar o hor\u00e1rio de sufr\u00e1gio.<\/p>\n<p>Segundo fontes oficiais, o escrut\u00ednio continuar\u00e1 a avan\u00e7ar nas pr\u00f3ximas horas para consolidar os resultados parciais. A lideran\u00e7a de <strong>Keiko Fujimori<\/strong> indica que poder\u00e1 haver uma segunda volta, dependendo da contagem total de votos v\u00e1lidos.<\/p>\n<p>As raz\u00f5es para a extens\u00e3o do hor\u00e1rio de vota\u00e7\u00e3o foram discutidas por v\u00e1rios candidatos, mas a organiza\u00e7\u00e3o eleitoral manteve o hor\u00e1rio definido. O objetivo \u00e9 assegurar a contagem precisa de votos emitidos ao longo do dia.<\/p>\n","protected":false},"excerpt":{"rendered":"<ul>\n<li>O Peru encerrou as urnas ao fim de um dia de vota\u00e7\u00e3o de dez horas.<\/li>\n<li>Mais de dez mil mesas de voto fecharam ao final do escrut\u00ednio.<\/li>\n<li>Keiko Fujimori aparece na lideran\u00e7a, com perspetiva de chegar \u00e0 segunda volta presidencial.<\/li>\n<li>Houve apelos de alguns candidatos para alargar o hor\u00e1rio de vota\u00e7\u00e3o.<\/li>\n<li>N\u00e3o h\u00e1 resultados oficiais anunciados ainda; aguardam-se dados oficiais.<\/li>\n<\/ul>\n","protected":false},"author":2,"featured_media":441919,"comment_status":"closed","ping_status":"closed","sticky":false,"template":"","format":"standard","meta":{"footnotes":""},"categories":[6912,5],"tags":[7913,5505,2795,68,3228,7439],"class_list":["post-441918","post","type-post","status-publish","format-standard","has-post-thumbnail","hentry","category-internacionais","category-politica","tag-_politica","tag-america","tag-democracia","tag-eleicoes","tag-eleicoes-internacionais","tag-politica-externa"],"yoast_head":"<!-- This site is optimized with the Yoast SEO plugin v27.2 - https:\/\/yoast.com\/product\/yoast-seo-wordpress\/ -->\n<title>Urnas encerradas no Peru e Keiko Fujimori na lideran\u00e7a para a segunda volta - Portal Tela Portugal<\/title>\n<meta name=\"robots\" content=\"index, follow, max-snippet:-1, max-image-preview:large, max-video-preview:-1\" \/>\n<meta property=\"og:locale\" content=\"pt_PT\" \/>\n<meta property=\"og:type\" content=\"article\" \/>\n<meta property=\"og:title\" content=\"Urnas encerradas no Peru e Keiko Fujimori na lideran\u00e7a para a segunda volta - Portal Tela Portugal\" \/>\n<meta property=\"og:description\" content=\"O Peru encerrou as urnas ao fim de um dia de vota\u00e7\u00e3o de dez horas. Mais de dez mil mesas de voto fecharam ao final do escrut\u00ednio. Keiko Fujimori aparece na lideran\u00e7a, com perspetiva de chegar \u00e0 segunda volta presidencial. Houve apelos de alguns candidatos para alargar o hor\u00e1rio de vota\u00e7\u00e3o. N\u00e3o h\u00e1 resultados oficiais anunciados ainda; aguardam-se dados oficiais.\" \/>\n<meta property=\"og:url\" content=\"https:\/\/portaltela.pt\/noticias\/2026\/04\/12\/urnas-encerradas-no-peru-e-keiko-fujimori-na-lideranca-para-a-segunda-volta\/\" \/>\n<meta property=\"og:site_name\" content=\"Portal Tela Portugal\" \/>\n<meta property=\"article:published_time\" content=\"2026-04-13T01:42:00+00:00\" \/>\n<meta name=\"author\" content=\"Telinha\" \/>\n<meta name=\"twitter:card\" content=\"summary_large_image\" \/>\n<meta name=\"twitter:label1\" content=\"Escrito por\" \/>\n\t<meta name=\"twitter:data1\" content=\"Telinha\" \/>\n\t<meta name=\"twitter:label2\" content=\"Tempo estimado de leitura\" \/>\n\t<meta name=\"twitter:data2\" content=\"1 minuto\" \/>\n<script type=\"application\/ld+json\" class=\"yoast-schema-graph\">{\"@context\":\"https:\/\/schema.org\",\"@graph\":[{\"@type\":\"Article\",\"@id\":\"https:\/\/portaltela.pt\/noticias\/2026\/04\/12\/urnas-encerradas-no-peru-e-keiko-fujimori-na-lideranca-para-a-segunda-volta\/#article\",\"isPartOf\":{\"@id\":\"https:\/\/portaltela.pt\/noticias\/2026\/04\/12\/urnas-encerradas-no-peru-e-keiko-fujimori-na-lideranca-para-a-segunda-volta\/\"},\"author\":{\"name\":\"Telinha\",\"@id\":\"https:\/\/portaltela.pt\/#\/schema\/person\/c4278d4a6028830caff9ee44b42d32ed\"},\"headline\":\"Urnas encerradas no Peru e Keiko Fujimori na lideran\u00e7a para a segunda volta\",\"datePublished\":\"2026-04-13T01:42:00+00:00\",\"mainEntityOfPage\":{\"@id\":\"https:\/\/portaltela.pt\/noticias\/2026\/04\/12\/urnas-encerradas-no-peru-e-keiko-fujimori-na-lideranca-para-a-segunda-volta\/\"},\"wordCount\":179,\"image\":{\"@id\":\"https:\/\/portaltela.pt\/noticias\/2026\/04\/12\/urnas-encerradas-no-peru-e-keiko-fujimori-na-lideranca-para-a-segunda-volta\/#primaryimage\"},\"thumbnailUrl\":\"https:\/\/portaltela.pt\/s.01k8rhncp4jt1\/2026\/04\/CACHE_780X1200_ANALOG_WATERMARKED_46919388_245525018094407.jpg\",\"keywords\":[\"_pol\u00edtica\",\"Am\u00e9rica\",\"democracia\",\"elei\u00e7\u00f5es\",\"elei\u00e7\u00f5es internacionais\",\"pol\u00edtica externa\"],\"articleSection\":[\"Internacionais\",\"Pol\u00edtica\"],\"inLanguage\":\"pt-PT\"},{\"@type\":\"WebPage\",\"@id\":\"https:\/\/portaltela.pt\/noticias\/2026\/04\/12\/urnas-encerradas-no-peru-e-keiko-fujimori-na-lideranca-para-a-segunda-volta\/\",\"url\":\"https:\/\/portaltela.pt\/noticias\/2026\/04\/12\/urnas-encerradas-no-peru-e-keiko-fujimori-na-lideranca-para-a-segunda-volta\/\",\"name\":\"Urnas encerradas no Peru e Keiko Fujimori na lideran\u00e7a para a segunda volta - Portal Tela Portugal\",\"isPartOf\":{\"@id\":\"https:\/\/portaltela.pt\/#website\"},\"primaryImageOfPage\":{\"@id\":\"https:\/\/portaltela.pt\/noticias\/2026\/04\/12\/urnas-encerradas-no-peru-e-keiko-fujimori-na-lideranca-para-a-segunda-volta\/#primaryimage\"},\"image\":{\"@id\":\"https:\/\/portaltela.pt\/noticias\/2026\/04\/12\/urnas-encerradas-no-peru-e-keiko-fujimori-na-lideranca-para-a-segunda-volta\/#primaryimage\"},\"thumbnailUrl\":\"https:\/\/portaltela.pt\/s.01k8rhncp4jt1\/2026\/04\/CACHE_780X1200_ANALOG_WATERMARKED_46919388_245525018094407.jpg\",\"datePublished\":\"2026-04-13T01:42:00+00:00\",\"author\":{\"@id\":\"https:\/\/portaltela.pt\/#\/schema\/person\/c4278d4a6028830caff9ee44b42d32ed\"},\"breadcrumb\":{\"@id\":\"https:\/\/portaltela.pt\/noticias\/2026\/04\/12\/urnas-encerradas-no-peru-e-keiko-fujimori-na-lideranca-para-a-segunda-volta\/#breadcrumb\"},\"inLanguage\":\"pt-PT\",\"potentialAction\":[{\"@type\":\"ReadAction\",\"target\":[\"https:\/\/portaltela.pt\/noticias\/2026\/04\/12\/urnas-encerradas-no-peru-e-keiko-fujimori-na-lideranca-para-a-segunda-volta\/\"]}]},{\"@type\":\"ImageObject\",\"inLanguage\":\"pt-PT\",\"@id\":\"https:\/\/portaltela.pt\/noticias\/2026\/04\/12\/urnas-encerradas-no-peru-e-keiko-fujimori-na-lideranca-para-a-segunda-volta\/#primaryimage\",\"url\":\"https:\/\/portaltela.pt\/s.01k8rhncp4jt1\/2026\/04\/CACHE_780X1200_ANALOG_WATERMARKED_46919388_245525018094407.jpg\",\"contentUrl\":\"https:\/\/portaltela.pt\/s.01k8rhncp4jt1\/2026\/04\/CACHE_780X1200_ANALOG_WATERMARKED_46919388_245525018094407.jpg\",\"width\":796,\"height\":448,\"caption\":\"Urnas encerraram no Peru e Keiko Fujimori \u00e0 frente para segunda volta presidencial\"},{\"@type\":\"BreadcrumbList\",\"@id\":\"https:\/\/portaltela.pt\/noticias\/2026\/04\/12\/urnas-encerradas-no-peru-e-keiko-fujimori-na-lideranca-para-a-segunda-volta\/#breadcrumb\",\"itemListElement\":[{\"@type\":\"ListItem\",\"position\":1,\"name\":\"In\u00edcio\",\"item\":\"https:\/\/portaltela.pt\/\"},{\"@type\":\"ListItem\",\"position\":2,\"name\":\"Urnas encerradas no Peru e Keiko Fujimori na lideran\u00e7a para a segunda volta\"}]},{\"@type\":\"WebSite\",\"@id\":\"https:\/\/portaltela.pt\/#website\",\"url\":\"https:\/\/portaltela.pt\/\",\"name\":\"Portal Tela Portugal\",\"description\":\"\",\"potentialAction\":[{\"@type\":\"SearchAction\",\"target\":{\"@type\":\"EntryPoint\",\"urlTemplate\":\"https:\/\/portaltela.pt\/?s={search_term_string}\"},\"query-input\":{\"@type\":\"PropertyValueSpecification\",\"valueRequired\":true,\"valueName\":\"search_term_string\"}}],\"inLanguage\":\"pt-PT\"},{\"@type\":\"Person\",\"@id\":\"https:\/\/portaltela.pt\/#\/schema\/person\/c4278d4a6028830caff9ee44b42d32ed\",\"name\":\"Telinha\",\"image\":{\"@type\":\"ImageObject\",\"inLanguage\":\"pt-PT\",\"@id\":\"https:\/\/portaltela.pt\/s.01k8rhncp4jt1\/2025\/11\/talking-bot-125x125.png\",\"url\":\"https:\/\/portaltela.pt\/s.01k8rhncp4jt1\/2025\/11\/talking-bot-125x125.png\",\"contentUrl\":\"https:\/\/portaltela.pt\/s.01k8rhncp4jt1\/2025\/11\/talking-bot-125x125.png\",\"caption\":\"Telinha\"},\"sameAs\":[\"https:\/\/portaltela.pt\/\"],\"url\":\"https:\/\/portaltela.pt\/por\/367410592786\/\"}]}<\/script>\n<!-- \/ Yoast SEO plugin. -->","yoast_head_json":{"title":"Urnas encerradas no Peru e Keiko Fujimori na lideran\u00e7a para a segunda volta - Portal Tela Portugal","robots":{"index":"index","follow":"follow","max-snippet":"max-snippet:-1","max-image-preview":"max-image-preview:large","max-video-preview":"max-video-preview:-1"},"og_locale":"pt_PT","og_type":"article","og_title":"Urnas encerradas no Peru e Keiko Fujimori na lideran\u00e7a para a segunda volta - Portal Tela Portugal","og_description":"O Peru encerrou as urnas ao fim de um dia de vota\u00e7\u00e3o de dez horas. Mais de dez mil mesas de voto fecharam ao final do escrut\u00ednio. Keiko Fujimori aparece na lideran\u00e7a, com perspetiva de chegar \u00e0 segunda volta presidencial. Houve apelos de alguns candidatos para alargar o hor\u00e1rio de vota\u00e7\u00e3o. N\u00e3o h\u00e1 resultados oficiais anunciados ainda; aguardam-se dados oficiais.","og_url":"https:\/\/portaltela.pt\/noticias\/2026\/04\/12\/urnas-encerradas-no-peru-e-keiko-fujimori-na-lideranca-para-a-segunda-volta\/","og_site_name":"Portal Tela Portugal","article_published_time":"2026-04-13T01:42:00+00:00","author":"Telinha","twitter_card":"summary_large_image","twitter_misc":{"Escrito por":"Telinha","Tempo estimado de leitura":"1 minuto"},"schema":{"@context":"https:\/\/schema.org","@graph":[{"@type":"Article","@id":"https:\/\/portaltela.pt\/noticias\/2026\/04\/12\/urnas-encerradas-no-peru-e-keiko-fujimori-na-lideranca-para-a-segunda-volta\/#article","isPartOf":{"@id":"https:\/\/portaltela.pt\/noticias\/2026\/04\/12\/urnas-encerradas-no-peru-e-keiko-fujimori-na-lideranca-para-a-segunda-volta\/"},"author":{"name":"Telinha","@id":"https:\/\/portaltela.pt\/#\/schema\/person\/c4278d4a6028830caff9ee44b42d32ed"},"headline":"Urnas encerradas no Peru e Keiko Fujimori na lideran\u00e7a para a segunda volta","datePublished":"2026-04-13T01:42:00+00:00","mainEntityOfPage":{"@id":"https:\/\/portaltela.pt\/noticias\/2026\/04\/12\/urnas-encerradas-no-peru-e-keiko-fujimori-na-lideranca-para-a-segunda-volta\/"},"wordCount":179,"image":{"@id":"https:\/\/portaltela.pt\/noticias\/2026\/04\/12\/urnas-encerradas-no-peru-e-keiko-fujimori-na-lideranca-para-a-segunda-volta\/#primaryimage"},"thumbnailUrl":"https:\/\/portaltela.pt\/s.01k8rhncp4jt1\/2026\/04\/CACHE_780X1200_ANALOG_WATERMARKED_46919388_245525018094407.jpg","keywords":["_pol\u00edtica","Am\u00e9rica","democracia","elei\u00e7\u00f5es","elei\u00e7\u00f5es internacionais","pol\u00edtica externa"],"articleSection":["Internacionais","Pol\u00edtica"],"inLanguage":"pt-PT"},{"@type":"WebPage","@id":"https:\/\/portaltela.pt\/noticias\/2026\/04\/12\/urnas-encerradas-no-peru-e-keiko-fujimori-na-lideranca-para-a-segunda-volta\/","url":"https:\/\/portaltela.pt\/noticias\/2026\/04\/12\/urnas-encerradas-no-peru-e-keiko-fujimori-na-lideranca-para-a-segunda-volta\/","name":"Urnas encerradas no Peru e Keiko Fujimori na lideran\u00e7a para a segunda volta - Portal Tela Portugal","isPartOf":{"@id":"https:\/\/portaltela.pt\/#website"},"primaryImageOfPage":{"@id":"https:\/\/portaltela.pt\/noticias\/2026\/04\/12\/urnas-encerradas-no-peru-e-keiko-fujimori-na-lideranca-para-a-segunda-volta\/#primaryimage"},"image":{"@id":"https:\/\/portaltela.pt\/noticias\/2026\/04\/12\/urnas-encerradas-no-peru-e-keiko-fujimori-na-lideranca-para-a-segunda-volta\/#primaryimage"},"thumbnailUrl":"https:\/\/portaltela.pt\/s.01k8rhncp4jt1\/2026\/04\/CACHE_780X1200_ANALOG_WATERMARKED_46919388_245525018094407.jpg","datePublished":"2026-04-13T01:42:00+00:00","author":{"@id":"https:\/\/portaltela.pt\/#\/schema\/person\/c4278d4a6028830caff9ee44b42d32ed"},"breadcrumb":{"@id":"https:\/\/portaltela.pt\/noticias\/2026\/04\/12\/urnas-encerradas-no-peru-e-keiko-fujimori-na-lideranca-para-a-segunda-volta\/#breadcrumb"},"inLanguage":"pt-PT","potentialAction":[{"@type":"ReadAction","target":["https:\/\/portaltela.pt\/noticias\/2026\/04\/12\/urnas-encerradas-no-peru-e-keiko-fujimori-na-lideranca-para-a-segunda-volta\/"]}]},{"@type":"ImageObject","inLanguage":"pt-PT","@id":"https:\/\/portaltela.pt\/noticias\/2026\/04\/12\/urnas-encerradas-no-peru-e-keiko-fujimori-na-lideranca-para-a-segunda-volta\/#primaryimage","url":"https:\/\/portaltela.pt\/s.01k8rhncp4jt1\/2026\/04\/CACHE_780X1200_ANALOG_WATERMARKED_46919388_245525018094407.jpg","contentUrl":"https:\/\/portaltela.pt\/s.01k8rhncp4jt1\/2026\/04\/CACHE_780X1200_ANALOG_WATERMARKED_46919388_245525018094407.jpg","width":796,"height":448,"caption":"Urnas encerraram no Peru e Keiko Fujimori \u00e0 frente para segunda volta presidencial"},{"@type":"BreadcrumbList","@id":"https:\/\/portaltela.pt\/noticias\/2026\/04\/12\/urnas-encerradas-no-peru-e-keiko-fujimori-na-lideranca-para-a-segunda-volta\/#breadcrumb","itemListElement":[{"@type":"ListItem","position":1,"name":"In\u00edcio","item":"https:\/\/portaltela.pt\/"},{"@type":"ListItem","position":2,"name":"Urnas encerradas no Peru e Keiko Fujimori na lideran\u00e7a para a segunda volta"}]},{"@type":"WebSite","@id":"https:\/\/portaltela.pt\/#website","url":"https:\/\/portaltela.pt\/","name":"Portal Tela Portugal","description":"","potentialAction":[{"@type":"SearchAction","target":{"@type":"EntryPoint","urlTemplate":"https:\/\/portaltela.pt\/?s={search_term_string}"},"query-input":{"@type":"PropertyValueSpecification","valueRequired":true,"valueName":"search_term_string"}}],"inLanguage":"pt-PT"},{"@type":"Person","@id":"https:\/\/portaltela.pt\/#\/schema\/person\/c4278d4a6028830caff9ee44b42d32ed","name":"Telinha","image":{"@type":"ImageObject","inLanguage":"pt-PT","@id":"https:\/\/portaltela.pt\/s.01k8rhncp4jt1\/2025\/11\/talking-bot-125x125.png","url":"https:\/\/portaltela.pt\/s.01k8rhncp4jt1\/2025\/11\/talking-bot-125x125.png","contentUrl":"https:\/\/portaltela.pt\/s.01k8rhncp4jt1\/2025\/11\/talking-bot-125x125.png","caption":"Telinha"},"sameAs":["https:\/\/portaltela.pt\/"],"url":"https:\/\/portaltela.pt\/por\/367410592786\/"}]}},"_links":{"self":[{"href":"https:\/\/portaltela.pt\/api\/wp\/v2\/posts\/441918","targetHints":{"allow":["GET"]}}],"collection":[{"href":"https:\/\/portaltela.pt\/api\/wp\/v2\/posts"}],"about":[{"href":"https:\/\/portaltela.pt\/api\/wp\/v2\/types\/post"}],"author":[{"embeddable":true,"href":"https:\/\/portaltela.pt\/api\/wp\/v2\/users\/2"}],"replies":[{"embeddable":true,"href":"https:\/\/portaltela.pt\/api\/wp\/v2\/comments?post=441918"}],"version-history":[{"count":0,"href":"https:\/\/portaltela.pt\/api\/wp\/v2\/posts\/441918\/revisions"}],"wp:featuredmedia":[{"embeddable":true,"href":"https:\/\/portaltela.pt\/api\/wp\/v2\/media\/441919"}],"wp:attachment":[{"href":"https:\/\/portaltela.pt\/api\/wp\/v2\/media?parent=441918"}],"wp:term":[{"taxonomy":"category","embeddable":true,"href":"https:\/\/portaltela.pt\/api\/wp\/v2\/categories?post=441918"},{"taxonomy":"post_tag","embeddable":true,"href":"https:\/\/portaltela.pt\/api\/wp\/v2\/tags?post=441918"}],"curies":[{"name":"wp","href":"https:\/\/api.w.org\/{rel}","templated":true}]}}