{"id":441827,"date":"2026-04-12T19:02:04","date_gmt":"2026-04-12T22:02:04","guid":{"rendered":"https:\/\/portaltela.pt\/noticias\/2026\/04\/12\/froholdt-foi-o-melhor-em-campo-e-premiou-pepe-elogiando-o\/"},"modified":"2026-04-12T19:02:04","modified_gmt":"2026-04-12T22:02:04","slug":"froholdt-foi-o-melhor-em-campo-e-premiou-pepe-elogiando-o","status":"publish","type":"post","link":"https:\/\/portaltela.pt\/desporto\/futebol\/2026\/04\/12\/froholdt-foi-o-melhor-em-campo-e-premiou-pepe-elogiando-o\/","title":{"rendered":"Froholdt foi o melhor em campo e premiou Pep\u00ea, elogiando-o"},"content":{"rendered":"<p>Froholdt foi escolhido como o melhor em campo no encontro entre Estoril e FC Porto, disputado no Estoril. O m\u00e9dio dinamarqu\u00eas decidiu entregar o pr\u00e9mio ao colega Pep\u00ea, destacando a qualidade do brasileiro e a import\u00e2ncia da vit\u00f3ria portista na Amoreira.<\/p>\n<p>O momento positivo do Porto incidiu sobre a press\u00e3o alta inicial e o dom\u00ednio do meio-campo na primeira parte. Na segunda parte, houve alguns subidas de tens\u00e3o, mas a equipa manteve o plano de jogo e assegurou os tr\u00eas pontos.<\/p>\n<h3>Elogios a Pep\u00ea<\/h3>\n<p>Pep\u00ea esteve envolvido no ataque portista e voltou a demonstrar o seu contributo, mesmo sem marcar h\u00e1 algum tempo. Froholdt elogiou a entrega do colega durante o encontro, real\u00e7ando a utilidade do brasileiro para o rendimento global da equipa.<\/p>\n","protected":false},"excerpt":{"rendered":"<ul>\n<li>Froholdt foi considerado o melhor em campo no jogo entre Estoril e FC Porto.<\/li>\n<li>O m\u00e9dio dinamarqu\u00eas ofereceu o pr\u00e9mio a Pep\u00ea, elogiando a sua qualidade.<\/li>\n<li>Afirmou que Pep\u00ea n\u00e3o marcava h\u00e1 muito e que as pessoas nem sempre percebem o qu\u00e3o bom ele \u00e9.<\/li>\n<li>Falou \u00e0 SportTV sobre a press\u00e3o alta da equipa e sobre o dom\u00ednio no meio-campo do advers\u00e1rio na primeira parte.<\/li>\n<li>O FC Porto venceu na Amoreira, mantendo um plano de jogo bem-sinado e uma mentalidade eficaz ao longo da partida.<\/li>\n<\/ul>\n","protected":false},"author":2,"featured_media":441829,"comment_status":"closed","ping_status":"closed","sticky":false,"template":"","format":"standard","meta":{"footnotes":""},"categories":[21,24],"tags":[152,999,2028,32,3756],"class_list":["post-441827","post","type-post","status-publish","format-standard","has-post-thumbnail","hentry","category-desporto","category-futebol","tag-desporto","tag-estoril","tag-fc-porto","tag-futebol","tag-pepe-rodrigues"],"yoast_head":"<!-- This site is optimized with the Yoast SEO plugin v27.2 - https:\/\/yoast.com\/product\/yoast-seo-wordpress\/ -->\n<title>Froholdt foi o melhor em campo e premiou Pep\u00ea, elogiando-o - Portal Tela Portugal<\/title>\n<meta name=\"robots\" content=\"index, follow, max-snippet:-1, max-image-preview:large, max-video-preview:-1\" \/>\n<meta property=\"og:locale\" content=\"pt_PT\" \/>\n<meta property=\"og:type\" content=\"article\" \/>\n<meta property=\"og:title\" content=\"Froholdt foi o melhor em campo e premiou Pep\u00ea, elogiando-o - Portal Tela Portugal\" \/>\n<meta property=\"og:description\" content=\"Froholdt foi considerado o melhor em campo no jogo entre Estoril e FC Porto. O m\u00e9dio dinamarqu\u00eas ofereceu o pr\u00e9mio a Pep\u00ea, elogiando a sua qualidade. Afirmou que Pep\u00ea n\u00e3o marcava h\u00e1 muito e que as pessoas nem sempre percebem o qu\u00e3o bom ele \u00e9. Falou \u00e0 SportTV sobre a press\u00e3o alta da equipa e sobre o dom\u00ednio no meio-campo do advers\u00e1rio na primeira parte. O FC Porto venceu na Amoreira, mantendo um plano de jogo bem-sinado e uma mentalidade eficaz ao longo da partida.\" \/>\n<meta property=\"og:url\" content=\"https:\/\/portaltela.pt\/noticias\/2026\/04\/12\/froholdt-foi-o-melhor-em-campo-e-premiou-pepe-elogiando-o\/\" \/>\n<meta property=\"og:site_name\" content=\"Portal Tela Portugal\" \/>\n<meta property=\"article:published_time\" content=\"2026-04-12T22:02:04+00:00\" \/>\n<meta name=\"author\" content=\"Telinha\" \/>\n<meta name=\"twitter:card\" content=\"summary_large_image\" \/>\n<meta name=\"twitter:label1\" content=\"Escrito por\" \/>\n\t<meta name=\"twitter:data1\" content=\"Telinha\" \/>\n\t<meta name=\"twitter:label2\" content=\"Tempo estimado de leitura\" \/>\n\t<meta name=\"twitter:data2\" content=\"1 minuto\" \/>\n<script type=\"application\/ld+json\" class=\"yoast-schema-graph\">{\"@context\":\"https:\/\/schema.org\",\"@graph\":[{\"@type\":\"Article\",\"@id\":\"https:\/\/portaltela.pt\/noticias\/2026\/04\/12\/froholdt-foi-o-melhor-em-campo-e-premiou-pepe-elogiando-o\/#article\",\"isPartOf\":{\"@id\":\"https:\/\/portaltela.pt\/noticias\/2026\/04\/12\/froholdt-foi-o-melhor-em-campo-e-premiou-pepe-elogiando-o\/\"},\"author\":{\"name\":\"Telinha\",\"@id\":\"https:\/\/portaltela.pt\/#\/schema\/person\/c4278d4a6028830caff9ee44b42d32ed\"},\"headline\":\"Froholdt foi o melhor em campo e premiou Pep\u00ea, elogiando-o\",\"datePublished\":\"2026-04-12T22:02:04+00:00\",\"mainEntityOfPage\":{\"@id\":\"https:\/\/portaltela.pt\/noticias\/2026\/04\/12\/froholdt-foi-o-melhor-em-campo-e-premiou-pepe-elogiando-o\/\"},\"wordCount\":143,\"image\":{\"@id\":\"https:\/\/portaltela.pt\/noticias\/2026\/04\/12\/froholdt-foi-o-melhor-em-campo-e-premiou-pepe-elogiando-o\/#primaryimage\"},\"thumbnailUrl\":\"https:\/\/portaltela.pt\/s.01k8rhncp4jt1\/2026\/04\/img_920x518uu2026-04-12-22-53-29-2432704.jpg\",\"keywords\":[\"desporto\",\"Estoril\",\"FC Porto\",\"futebol\",\"Pep\u00ea Rodrigues\"],\"articleSection\":[\"Desporto\",\"Futebol\"],\"inLanguage\":\"pt-PT\"},{\"@type\":\"WebPage\",\"@id\":\"https:\/\/portaltela.pt\/noticias\/2026\/04\/12\/froholdt-foi-o-melhor-em-campo-e-premiou-pepe-elogiando-o\/\",\"url\":\"https:\/\/portaltela.pt\/noticias\/2026\/04\/12\/froholdt-foi-o-melhor-em-campo-e-premiou-pepe-elogiando-o\/\",\"name\":\"Froholdt foi o melhor em campo e premiou Pep\u00ea, elogiando-o - Portal Tela Portugal\",\"isPartOf\":{\"@id\":\"https:\/\/portaltela.pt\/#website\"},\"primaryImageOfPage\":{\"@id\":\"https:\/\/portaltela.pt\/noticias\/2026\/04\/12\/froholdt-foi-o-melhor-em-campo-e-premiou-pepe-elogiando-o\/#primaryimage\"},\"image\":{\"@id\":\"https:\/\/portaltela.pt\/noticias\/2026\/04\/12\/froholdt-foi-o-melhor-em-campo-e-premiou-pepe-elogiando-o\/#primaryimage\"},\"thumbnailUrl\":\"https:\/\/portaltela.pt\/s.01k8rhncp4jt1\/2026\/04\/img_920x518uu2026-04-12-22-53-29-2432704.jpg\",\"datePublished\":\"2026-04-12T22:02:04+00:00\",\"author\":{\"@id\":\"https:\/\/portaltela.pt\/#\/schema\/person\/c4278d4a6028830caff9ee44b42d32ed\"},\"breadcrumb\":{\"@id\":\"https:\/\/portaltela.pt\/noticias\/2026\/04\/12\/froholdt-foi-o-melhor-em-campo-e-premiou-pepe-elogiando-o\/#breadcrumb\"},\"inLanguage\":\"pt-PT\",\"potentialAction\":[{\"@type\":\"ReadAction\",\"target\":[\"https:\/\/portaltela.pt\/noticias\/2026\/04\/12\/froholdt-foi-o-melhor-em-campo-e-premiou-pepe-elogiando-o\/\"]}]},{\"@type\":\"ImageObject\",\"inLanguage\":\"pt-PT\",\"@id\":\"https:\/\/portaltela.pt\/noticias\/2026\/04\/12\/froholdt-foi-o-melhor-em-campo-e-premiou-pepe-elogiando-o\/#primaryimage\",\"url\":\"https:\/\/portaltela.pt\/s.01k8rhncp4jt1\/2026\/04\/img_920x518uu2026-04-12-22-53-29-2432704.jpg\",\"contentUrl\":\"https:\/\/portaltela.pt\/s.01k8rhncp4jt1\/2026\/04\/img_920x518uu2026-04-12-22-53-29-2432704.jpg\",\"width\":796,\"height\":448,\"caption\":\"Froholdt elogia Pep\u00ea ap\u00f3s jogo\"},{\"@type\":\"BreadcrumbList\",\"@id\":\"https:\/\/portaltela.pt\/noticias\/2026\/04\/12\/froholdt-foi-o-melhor-em-campo-e-premiou-pepe-elogiando-o\/#breadcrumb\",\"itemListElement\":[{\"@type\":\"ListItem\",\"position\":1,\"name\":\"In\u00edcio\",\"item\":\"https:\/\/portaltela.pt\/\"},{\"@type\":\"ListItem\",\"position\":2,\"name\":\"Froholdt foi o melhor em campo e premiou Pep\u00ea, elogiando-o\"}]},{\"@type\":\"WebSite\",\"@id\":\"https:\/\/portaltela.pt\/#website\",\"url\":\"https:\/\/portaltela.pt\/\",\"name\":\"Portal Tela Portugal\",\"description\":\"\",\"potentialAction\":[{\"@type\":\"SearchAction\",\"target\":{\"@type\":\"EntryPoint\",\"urlTemplate\":\"https:\/\/portaltela.pt\/?s={search_term_string}\"},\"query-input\":{\"@type\":\"PropertyValueSpecification\",\"valueRequired\":true,\"valueName\":\"search_term_string\"}}],\"inLanguage\":\"pt-PT\"},{\"@type\":\"Person\",\"@id\":\"https:\/\/portaltela.pt\/#\/schema\/person\/c4278d4a6028830caff9ee44b42d32ed\",\"name\":\"Telinha\",\"image\":{\"@type\":\"ImageObject\",\"inLanguage\":\"pt-PT\",\"@id\":\"https:\/\/portaltela.pt\/s.01k8rhncp4jt1\/2025\/11\/talking-bot-125x125.png\",\"url\":\"https:\/\/portaltela.pt\/s.01k8rhncp4jt1\/2025\/11\/talking-bot-125x125.png\",\"contentUrl\":\"https:\/\/portaltela.pt\/s.01k8rhncp4jt1\/2025\/11\/talking-bot-125x125.png\",\"caption\":\"Telinha\"},\"sameAs\":[\"https:\/\/portaltela.pt\/\"],\"url\":\"https:\/\/portaltela.pt\/por\/367410592786\/\"}]}<\/script>\n<!-- \/ Yoast SEO plugin. -->","yoast_head_json":{"title":"Froholdt foi o melhor em campo e premiou Pep\u00ea, elogiando-o - Portal Tela Portugal","robots":{"index":"index","follow":"follow","max-snippet":"max-snippet:-1","max-image-preview":"max-image-preview:large","max-video-preview":"max-video-preview:-1"},"og_locale":"pt_PT","og_type":"article","og_title":"Froholdt foi o melhor em campo e premiou Pep\u00ea, elogiando-o - Portal Tela Portugal","og_description":"Froholdt foi considerado o melhor em campo no jogo entre Estoril e FC Porto. O m\u00e9dio dinamarqu\u00eas ofereceu o pr\u00e9mio a Pep\u00ea, elogiando a sua qualidade. Afirmou que Pep\u00ea n\u00e3o marcava h\u00e1 muito e que as pessoas nem sempre percebem o qu\u00e3o bom ele \u00e9. Falou \u00e0 SportTV sobre a press\u00e3o alta da equipa e sobre o dom\u00ednio no meio-campo do advers\u00e1rio na primeira parte. O FC Porto venceu na Amoreira, mantendo um plano de jogo bem-sinado e uma mentalidade eficaz ao longo da partida.","og_url":"https:\/\/portaltela.pt\/noticias\/2026\/04\/12\/froholdt-foi-o-melhor-em-campo-e-premiou-pepe-elogiando-o\/","og_site_name":"Portal Tela Portugal","article_published_time":"2026-04-12T22:02:04+00:00","author":"Telinha","twitter_card":"summary_large_image","twitter_misc":{"Escrito por":"Telinha","Tempo estimado de leitura":"1 minuto"},"schema":{"@context":"https:\/\/schema.org","@graph":[{"@type":"Article","@id":"https:\/\/portaltela.pt\/noticias\/2026\/04\/12\/froholdt-foi-o-melhor-em-campo-e-premiou-pepe-elogiando-o\/#article","isPartOf":{"@id":"https:\/\/portaltela.pt\/noticias\/2026\/04\/12\/froholdt-foi-o-melhor-em-campo-e-premiou-pepe-elogiando-o\/"},"author":{"name":"Telinha","@id":"https:\/\/portaltela.pt\/#\/schema\/person\/c4278d4a6028830caff9ee44b42d32ed"},"headline":"Froholdt foi o melhor em campo e premiou Pep\u00ea, elogiando-o","datePublished":"2026-04-12T22:02:04+00:00","mainEntityOfPage":{"@id":"https:\/\/portaltela.pt\/noticias\/2026\/04\/12\/froholdt-foi-o-melhor-em-campo-e-premiou-pepe-elogiando-o\/"},"wordCount":143,"image":{"@id":"https:\/\/portaltela.pt\/noticias\/2026\/04\/12\/froholdt-foi-o-melhor-em-campo-e-premiou-pepe-elogiando-o\/#primaryimage"},"thumbnailUrl":"https:\/\/portaltela.pt\/s.01k8rhncp4jt1\/2026\/04\/img_920x518uu2026-04-12-22-53-29-2432704.jpg","keywords":["desporto","Estoril","FC Porto","futebol","Pep\u00ea Rodrigues"],"articleSection":["Desporto","Futebol"],"inLanguage":"pt-PT"},{"@type":"WebPage","@id":"https:\/\/portaltela.pt\/noticias\/2026\/04\/12\/froholdt-foi-o-melhor-em-campo-e-premiou-pepe-elogiando-o\/","url":"https:\/\/portaltela.pt\/noticias\/2026\/04\/12\/froholdt-foi-o-melhor-em-campo-e-premiou-pepe-elogiando-o\/","name":"Froholdt foi o melhor em campo e premiou Pep\u00ea, elogiando-o - Portal Tela Portugal","isPartOf":{"@id":"https:\/\/portaltela.pt\/#website"},"primaryImageOfPage":{"@id":"https:\/\/portaltela.pt\/noticias\/2026\/04\/12\/froholdt-foi-o-melhor-em-campo-e-premiou-pepe-elogiando-o\/#primaryimage"},"image":{"@id":"https:\/\/portaltela.pt\/noticias\/2026\/04\/12\/froholdt-foi-o-melhor-em-campo-e-premiou-pepe-elogiando-o\/#primaryimage"},"thumbnailUrl":"https:\/\/portaltela.pt\/s.01k8rhncp4jt1\/2026\/04\/img_920x518uu2026-04-12-22-53-29-2432704.jpg","datePublished":"2026-04-12T22:02:04+00:00","author":{"@id":"https:\/\/portaltela.pt\/#\/schema\/person\/c4278d4a6028830caff9ee44b42d32ed"},"breadcrumb":{"@id":"https:\/\/portaltela.pt\/noticias\/2026\/04\/12\/froholdt-foi-o-melhor-em-campo-e-premiou-pepe-elogiando-o\/#breadcrumb"},"inLanguage":"pt-PT","potentialAction":[{"@type":"ReadAction","target":["https:\/\/portaltela.pt\/noticias\/2026\/04\/12\/froholdt-foi-o-melhor-em-campo-e-premiou-pepe-elogiando-o\/"]}]},{"@type":"ImageObject","inLanguage":"pt-PT","@id":"https:\/\/portaltela.pt\/noticias\/2026\/04\/12\/froholdt-foi-o-melhor-em-campo-e-premiou-pepe-elogiando-o\/#primaryimage","url":"https:\/\/portaltela.pt\/s.01k8rhncp4jt1\/2026\/04\/img_920x518uu2026-04-12-22-53-29-2432704.jpg","contentUrl":"https:\/\/portaltela.pt\/s.01k8rhncp4jt1\/2026\/04\/img_920x518uu2026-04-12-22-53-29-2432704.jpg","width":796,"height":448,"caption":"Froholdt elogia Pep\u00ea ap\u00f3s jogo"},{"@type":"BreadcrumbList","@id":"https:\/\/portaltela.pt\/noticias\/2026\/04\/12\/froholdt-foi-o-melhor-em-campo-e-premiou-pepe-elogiando-o\/#breadcrumb","itemListElement":[{"@type":"ListItem","position":1,"name":"In\u00edcio","item":"https:\/\/portaltela.pt\/"},{"@type":"ListItem","position":2,"name":"Froholdt foi o melhor em campo e premiou Pep\u00ea, elogiando-o"}]},{"@type":"WebSite","@id":"https:\/\/portaltela.pt\/#website","url":"https:\/\/portaltela.pt\/","name":"Portal Tela Portugal","description":"","potentialAction":[{"@type":"SearchAction","target":{"@type":"EntryPoint","urlTemplate":"https:\/\/portaltela.pt\/?s={search_term_string}"},"query-input":{"@type":"PropertyValueSpecification","valueRequired":true,"valueName":"search_term_string"}}],"inLanguage":"pt-PT"},{"@type":"Person","@id":"https:\/\/portaltela.pt\/#\/schema\/person\/c4278d4a6028830caff9ee44b42d32ed","name":"Telinha","image":{"@type":"ImageObject","inLanguage":"pt-PT","@id":"https:\/\/portaltela.pt\/s.01k8rhncp4jt1\/2025\/11\/talking-bot-125x125.png","url":"https:\/\/portaltela.pt\/s.01k8rhncp4jt1\/2025\/11\/talking-bot-125x125.png","contentUrl":"https:\/\/portaltela.pt\/s.01k8rhncp4jt1\/2025\/11\/talking-bot-125x125.png","caption":"Telinha"},"sameAs":["https:\/\/portaltela.pt\/"],"url":"https:\/\/portaltela.pt\/por\/367410592786\/"}]}},"_links":{"self":[{"href":"https:\/\/portaltela.pt\/api\/wp\/v2\/posts\/441827","targetHints":{"allow":["GET"]}}],"collection":[{"href":"https:\/\/portaltela.pt\/api\/wp\/v2\/posts"}],"about":[{"href":"https:\/\/portaltela.pt\/api\/wp\/v2\/types\/post"}],"author":[{"embeddable":true,"href":"https:\/\/portaltela.pt\/api\/wp\/v2\/users\/2"}],"replies":[{"embeddable":true,"href":"https:\/\/portaltela.pt\/api\/wp\/v2\/comments?post=441827"}],"version-history":[{"count":0,"href":"https:\/\/portaltela.pt\/api\/wp\/v2\/posts\/441827\/revisions"}],"wp:featuredmedia":[{"embeddable":true,"href":"https:\/\/portaltela.pt\/api\/wp\/v2\/media\/441829"}],"wp:attachment":[{"href":"https:\/\/portaltela.pt\/api\/wp\/v2\/media?parent=441827"}],"wp:term":[{"taxonomy":"category","embeddable":true,"href":"https:\/\/portaltela.pt\/api\/wp\/v2\/categories?post=441827"},{"taxonomy":"post_tag","embeddable":true,"href":"https:\/\/portaltela.pt\/api\/wp\/v2\/tags?post=441827"}],"curies":[{"name":"wp","href":"https:\/\/api.w.org\/{rel}","templated":true}]}}