{"id":441809,"date":"2026-04-12T18:46:53","date_gmt":"2026-04-12T21:46:53","guid":{"rendered":"https:\/\/portaltela.pt\/noticias\/2026\/04\/12\/academica-e-amarante-empatam-1-1-e-mantem-se-na-mesma-posicao\/"},"modified":"2026-04-12T18:46:53","modified_gmt":"2026-04-12T21:46:53","slug":"academica-e-amarante-empatam-1-1-e-mantem-se-na-mesma-posicao","status":"publish","type":"post","link":"https:\/\/portaltela.pt\/desporto\/futebol\/2026\/04\/12\/academica-e-amarante-empatam-1-1-e-mantem-se-na-mesma-posicao\/","title":{"rendered":"Acad\u00e9mica e Amarante empatam 1-1 e mant\u00eam-se na mesma posi\u00e7\u00e3o"},"content":{"rendered":"<p>Ao vivo em Coimbra, a Acad\u00e9mica-Amarante empatou 1-1 na sexta jornada da fase de apuramento de campe\u00e3o, diante de 10.967 espectadores. O encontro manteve tudo em aberto na classifica\u00e7\u00e3o, com o Amarante a conservar a lideran\u00e7a da fase. A partida decorreu no est\u00e1dio municipal da cidade.<\/p>\n<p>Aos 15 minutos, a Acad\u00e9mica adiantou-se no marcador quando Ricardo Teixeira encontrou Cascavel, que serviu Cuba para a finaliza\u00e7\u00e3o certeira e o 1-0. Ainda na primeira parte, o Amarante respondeu com um cruzamento preciso de Rui Pedro; Tiago Ventura surgiu no interior da \u00e1rea para empatar.<\/p>\n<p>Na segunda parte, a Acad\u00e9mica pressionou mais, mas n\u00e3o conseguiu transformar o dom\u00ednio em golo. O empate manteve o Amarante na lideran\u00e7a, com duas pontos de vantagem sobre o Belenenses, que visita Coimbra na pr\u00f3xima jornada, enquanto o l\u00edder se desloca a Mafra.<\/p>\n<h3>Declara\u00e7\u00f5es<\/h3>\n<p>Ant\u00f3nio Barbosa (Treinador da Acad\u00e9mica) destacou a paci\u00eancia e a atitude da equipa, afirmando que mereciam mais sorte.<\/p>\n<p>Alex Costa (Treinador do Amarante) considerou o empate positivo e salientou que a equipa est\u00e1 onde merece pelo m\u00e9rito pr\u00f3prio.<\/p>\n","protected":false},"excerpt":{"rendered":"<ul>\n<li>Empate 1-1 entre Acad\u00e9mica e Amarante em Coimbra, diante de 10.967 espectadores, mantendo o Amarante na lideran\u00e7a da fase de apuramento de campe\u00e3o.<\/li>\n<li>O Amarante abriu o marcador aos 15 minutos, com golo de Cuba, assistido por Cascavel.<\/li>\n<li>O Amarante ficou a vencer at\u00e9 perto do intervalo, quando Tiago Ventura, aos 42 minutos, empatou ap\u00f3s cruzamento de Rui Pedro.<\/li>\n<li>Na segunda parte, a Acad\u00e9mica foi quem mais procurou o golo, mas n\u00e3o conseguiu vencer.<\/li>\n<li>O resultado mant\u00e9m o Amarante com dois pontos de vantagem sobre o Belenenses; na pr\u00f3xima jornada o Belenenses joga em Coimbra e o l\u00edder Amarante joga em Mafra.<\/li>\n<\/ul>\n","protected":false},"author":2,"featured_media":441810,"comment_status":"closed","ping_status":"closed","sticky":false,"template":"","format":"standard","meta":{"footnotes":""},"categories":[21,24],"tags":[7902,7755,3193,1303,4925,1070],"class_list":["post-441809","post","type-post","status-publish","format-standard","has-post-thumbnail","hentry","category-desporto","category-futebol","tag-_desporto","tag-_futebol","tag-academica","tag-amarante","tag-belenenses","tag-coimbra"],"yoast_head":"<!-- This site is optimized with the Yoast SEO plugin v27.2 - https:\/\/yoast.com\/product\/yoast-seo-wordpress\/ -->\n<title>Acad\u00e9mica e Amarante empatam 1-1 e mant\u00eam-se na mesma posi\u00e7\u00e3o - Portal Tela Portugal<\/title>\n<meta name=\"robots\" content=\"index, follow, max-snippet:-1, max-image-preview:large, max-video-preview:-1\" \/>\n<meta property=\"og:locale\" content=\"pt_PT\" \/>\n<meta property=\"og:type\" content=\"article\" \/>\n<meta property=\"og:title\" content=\"Acad\u00e9mica e Amarante empatam 1-1 e mant\u00eam-se na mesma posi\u00e7\u00e3o - Portal Tela Portugal\" \/>\n<meta property=\"og:description\" content=\"Empate 1-1 entre Acad\u00e9mica e Amarante em Coimbra, diante de 10.967 espectadores, mantendo o Amarante na lideran\u00e7a da fase de apuramento de campe\u00e3o. O Amarante abriu o marcador aos 15 minutos, com golo de Cuba, assistido por Cascavel. O Amarante ficou a vencer at\u00e9 perto do intervalo, quando Tiago Ventura, aos 42 minutos, empatou ap\u00f3s cruzamento de Rui Pedro. Na segunda parte, a Acad\u00e9mica foi quem mais procurou o golo, mas n\u00e3o conseguiu vencer. O resultado mant\u00e9m o Amarante com dois pontos de vantagem sobre o Belenenses; na pr\u00f3xima jornada o Belenenses joga em Coimbra e o l\u00edder Amarante joga em Mafra.\" \/>\n<meta property=\"og:url\" content=\"https:\/\/portaltela.pt\/noticias\/2026\/04\/12\/academica-e-amarante-empatam-1-1-e-mantem-se-na-mesma-posicao\/\" \/>\n<meta property=\"og:site_name\" content=\"Portal Tela Portugal\" \/>\n<meta property=\"article:published_time\" content=\"2026-04-12T21:46:53+00:00\" \/>\n<meta name=\"author\" content=\"Telinha\" \/>\n<meta name=\"twitter:card\" content=\"summary_large_image\" \/>\n<meta name=\"twitter:label1\" content=\"Escrito por\" \/>\n\t<meta name=\"twitter:data1\" content=\"Telinha\" \/>\n\t<meta name=\"twitter:label2\" content=\"Tempo estimado de leitura\" \/>\n\t<meta name=\"twitter:data2\" content=\"1 minuto\" \/>\n<script type=\"application\/ld+json\" class=\"yoast-schema-graph\">{\"@context\":\"https:\/\/schema.org\",\"@graph\":[{\"@type\":\"Article\",\"@id\":\"https:\/\/portaltela.pt\/noticias\/2026\/04\/12\/academica-e-amarante-empatam-1-1-e-mantem-se-na-mesma-posicao\/#article\",\"isPartOf\":{\"@id\":\"https:\/\/portaltela.pt\/noticias\/2026\/04\/12\/academica-e-amarante-empatam-1-1-e-mantem-se-na-mesma-posicao\/\"},\"author\":{\"name\":\"Telinha\",\"@id\":\"https:\/\/portaltela.pt\/#\/schema\/person\/c4278d4a6028830caff9ee44b42d32ed\"},\"headline\":\"Acad\u00e9mica e Amarante empatam 1-1 e mant\u00eam-se na mesma posi\u00e7\u00e3o\",\"datePublished\":\"2026-04-12T21:46:53+00:00\",\"mainEntityOfPage\":{\"@id\":\"https:\/\/portaltela.pt\/noticias\/2026\/04\/12\/academica-e-amarante-empatam-1-1-e-mantem-se-na-mesma-posicao\/\"},\"wordCount\":204,\"image\":{\"@id\":\"https:\/\/portaltela.pt\/noticias\/2026\/04\/12\/academica-e-amarante-empatam-1-1-e-mantem-se-na-mesma-posicao\/#primaryimage\"},\"thumbnailUrl\":\"https:\/\/portaltela.pt\/s.01k8rhncp4jt1\/2026\/04\/img_920x518uu2026-04-12-22-29-52-2432698-im-639116298199684917.jpg\",\"keywords\":[\"_desporto\",\"_futebol\",\"Acad\u00e9mica\",\"Amarante\",\"Belenenses\",\"Coimbra\"],\"articleSection\":[\"Desporto\",\"Futebol\"],\"inLanguage\":\"pt-PT\"},{\"@type\":\"WebPage\",\"@id\":\"https:\/\/portaltela.pt\/noticias\/2026\/04\/12\/academica-e-amarante-empatam-1-1-e-mantem-se-na-mesma-posicao\/\",\"url\":\"https:\/\/portaltela.pt\/noticias\/2026\/04\/12\/academica-e-amarante-empatam-1-1-e-mantem-se-na-mesma-posicao\/\",\"name\":\"Acad\u00e9mica e Amarante empatam 1-1 e mant\u00eam-se na mesma posi\u00e7\u00e3o - Portal Tela Portugal\",\"isPartOf\":{\"@id\":\"https:\/\/portaltela.pt\/#website\"},\"primaryImageOfPage\":{\"@id\":\"https:\/\/portaltela.pt\/noticias\/2026\/04\/12\/academica-e-amarante-empatam-1-1-e-mantem-se-na-mesma-posicao\/#primaryimage\"},\"image\":{\"@id\":\"https:\/\/portaltela.pt\/noticias\/2026\/04\/12\/academica-e-amarante-empatam-1-1-e-mantem-se-na-mesma-posicao\/#primaryimage\"},\"thumbnailUrl\":\"https:\/\/portaltela.pt\/s.01k8rhncp4jt1\/2026\/04\/img_920x518uu2026-04-12-22-29-52-2432698-im-639116298199684917.jpg\",\"datePublished\":\"2026-04-12T21:46:53+00:00\",\"author\":{\"@id\":\"https:\/\/portaltela.pt\/#\/schema\/person\/c4278d4a6028830caff9ee44b42d32ed\"},\"breadcrumb\":{\"@id\":\"https:\/\/portaltela.pt\/noticias\/2026\/04\/12\/academica-e-amarante-empatam-1-1-e-mantem-se-na-mesma-posicao\/#breadcrumb\"},\"inLanguage\":\"pt-PT\",\"potentialAction\":[{\"@type\":\"ReadAction\",\"target\":[\"https:\/\/portaltela.pt\/noticias\/2026\/04\/12\/academica-e-amarante-empatam-1-1-e-mantem-se-na-mesma-posicao\/\"]}]},{\"@type\":\"ImageObject\",\"inLanguage\":\"pt-PT\",\"@id\":\"https:\/\/portaltela.pt\/noticias\/2026\/04\/12\/academica-e-amarante-empatam-1-1-e-mantem-se-na-mesma-posicao\/#primaryimage\",\"url\":\"https:\/\/portaltela.pt\/s.01k8rhncp4jt1\/2026\/04\/img_920x518uu2026-04-12-22-29-52-2432698-im-639116298199684917.jpg\",\"contentUrl\":\"https:\/\/portaltela.pt\/s.01k8rhncp4jt1\/2026\/04\/img_920x518uu2026-04-12-22-29-52-2432698-im-639116298199684917.jpg\",\"width\":796,\"height\":448,\"caption\":\"Photo\"},{\"@type\":\"BreadcrumbList\",\"@id\":\"https:\/\/portaltela.pt\/noticias\/2026\/04\/12\/academica-e-amarante-empatam-1-1-e-mantem-se-na-mesma-posicao\/#breadcrumb\",\"itemListElement\":[{\"@type\":\"ListItem\",\"position\":1,\"name\":\"In\u00edcio\",\"item\":\"https:\/\/portaltela.pt\/\"},{\"@type\":\"ListItem\",\"position\":2,\"name\":\"Acad\u00e9mica e Amarante empatam 1-1 e mant\u00eam-se na mesma posi\u00e7\u00e3o\"}]},{\"@type\":\"WebSite\",\"@id\":\"https:\/\/portaltela.pt\/#website\",\"url\":\"https:\/\/portaltela.pt\/\",\"name\":\"Portal Tela Portugal\",\"description\":\"\",\"potentialAction\":[{\"@type\":\"SearchAction\",\"target\":{\"@type\":\"EntryPoint\",\"urlTemplate\":\"https:\/\/portaltela.pt\/?s={search_term_string}\"},\"query-input\":{\"@type\":\"PropertyValueSpecification\",\"valueRequired\":true,\"valueName\":\"search_term_string\"}}],\"inLanguage\":\"pt-PT\"},{\"@type\":\"Person\",\"@id\":\"https:\/\/portaltela.pt\/#\/schema\/person\/c4278d4a6028830caff9ee44b42d32ed\",\"name\":\"Telinha\",\"image\":{\"@type\":\"ImageObject\",\"inLanguage\":\"pt-PT\",\"@id\":\"https:\/\/portaltela.pt\/s.01k8rhncp4jt1\/2025\/11\/talking-bot-125x125.png\",\"url\":\"https:\/\/portaltela.pt\/s.01k8rhncp4jt1\/2025\/11\/talking-bot-125x125.png\",\"contentUrl\":\"https:\/\/portaltela.pt\/s.01k8rhncp4jt1\/2025\/11\/talking-bot-125x125.png\",\"caption\":\"Telinha\"},\"sameAs\":[\"https:\/\/portaltela.pt\/\"],\"url\":\"https:\/\/portaltela.pt\/por\/367410592786\/\"}]}<\/script>\n<!-- \/ Yoast SEO plugin. -->","yoast_head_json":{"title":"Acad\u00e9mica e Amarante empatam 1-1 e mant\u00eam-se na mesma posi\u00e7\u00e3o - Portal Tela Portugal","robots":{"index":"index","follow":"follow","max-snippet":"max-snippet:-1","max-image-preview":"max-image-preview:large","max-video-preview":"max-video-preview:-1"},"og_locale":"pt_PT","og_type":"article","og_title":"Acad\u00e9mica e Amarante empatam 1-1 e mant\u00eam-se na mesma posi\u00e7\u00e3o - Portal Tela Portugal","og_description":"Empate 1-1 entre Acad\u00e9mica e Amarante em Coimbra, diante de 10.967 espectadores, mantendo o Amarante na lideran\u00e7a da fase de apuramento de campe\u00e3o. O Amarante abriu o marcador aos 15 minutos, com golo de Cuba, assistido por Cascavel. O Amarante ficou a vencer at\u00e9 perto do intervalo, quando Tiago Ventura, aos 42 minutos, empatou ap\u00f3s cruzamento de Rui Pedro. Na segunda parte, a Acad\u00e9mica foi quem mais procurou o golo, mas n\u00e3o conseguiu vencer. O resultado mant\u00e9m o Amarante com dois pontos de vantagem sobre o Belenenses; na pr\u00f3xima jornada o Belenenses joga em Coimbra e o l\u00edder Amarante joga em Mafra.","og_url":"https:\/\/portaltela.pt\/noticias\/2026\/04\/12\/academica-e-amarante-empatam-1-1-e-mantem-se-na-mesma-posicao\/","og_site_name":"Portal Tela Portugal","article_published_time":"2026-04-12T21:46:53+00:00","author":"Telinha","twitter_card":"summary_large_image","twitter_misc":{"Escrito por":"Telinha","Tempo estimado de leitura":"1 minuto"},"schema":{"@context":"https:\/\/schema.org","@graph":[{"@type":"Article","@id":"https:\/\/portaltela.pt\/noticias\/2026\/04\/12\/academica-e-amarante-empatam-1-1-e-mantem-se-na-mesma-posicao\/#article","isPartOf":{"@id":"https:\/\/portaltela.pt\/noticias\/2026\/04\/12\/academica-e-amarante-empatam-1-1-e-mantem-se-na-mesma-posicao\/"},"author":{"name":"Telinha","@id":"https:\/\/portaltela.pt\/#\/schema\/person\/c4278d4a6028830caff9ee44b42d32ed"},"headline":"Acad\u00e9mica e Amarante empatam 1-1 e mant\u00eam-se na mesma posi\u00e7\u00e3o","datePublished":"2026-04-12T21:46:53+00:00","mainEntityOfPage":{"@id":"https:\/\/portaltela.pt\/noticias\/2026\/04\/12\/academica-e-amarante-empatam-1-1-e-mantem-se-na-mesma-posicao\/"},"wordCount":204,"image":{"@id":"https:\/\/portaltela.pt\/noticias\/2026\/04\/12\/academica-e-amarante-empatam-1-1-e-mantem-se-na-mesma-posicao\/#primaryimage"},"thumbnailUrl":"https:\/\/portaltela.pt\/s.01k8rhncp4jt1\/2026\/04\/img_920x518uu2026-04-12-22-29-52-2432698-im-639116298199684917.jpg","keywords":["_desporto","_futebol","Acad\u00e9mica","Amarante","Belenenses","Coimbra"],"articleSection":["Desporto","Futebol"],"inLanguage":"pt-PT"},{"@type":"WebPage","@id":"https:\/\/portaltela.pt\/noticias\/2026\/04\/12\/academica-e-amarante-empatam-1-1-e-mantem-se-na-mesma-posicao\/","url":"https:\/\/portaltela.pt\/noticias\/2026\/04\/12\/academica-e-amarante-empatam-1-1-e-mantem-se-na-mesma-posicao\/","name":"Acad\u00e9mica e Amarante empatam 1-1 e mant\u00eam-se na mesma posi\u00e7\u00e3o - Portal Tela Portugal","isPartOf":{"@id":"https:\/\/portaltela.pt\/#website"},"primaryImageOfPage":{"@id":"https:\/\/portaltela.pt\/noticias\/2026\/04\/12\/academica-e-amarante-empatam-1-1-e-mantem-se-na-mesma-posicao\/#primaryimage"},"image":{"@id":"https:\/\/portaltela.pt\/noticias\/2026\/04\/12\/academica-e-amarante-empatam-1-1-e-mantem-se-na-mesma-posicao\/#primaryimage"},"thumbnailUrl":"https:\/\/portaltela.pt\/s.01k8rhncp4jt1\/2026\/04\/img_920x518uu2026-04-12-22-29-52-2432698-im-639116298199684917.jpg","datePublished":"2026-04-12T21:46:53+00:00","author":{"@id":"https:\/\/portaltela.pt\/#\/schema\/person\/c4278d4a6028830caff9ee44b42d32ed"},"breadcrumb":{"@id":"https:\/\/portaltela.pt\/noticias\/2026\/04\/12\/academica-e-amarante-empatam-1-1-e-mantem-se-na-mesma-posicao\/#breadcrumb"},"inLanguage":"pt-PT","potentialAction":[{"@type":"ReadAction","target":["https:\/\/portaltela.pt\/noticias\/2026\/04\/12\/academica-e-amarante-empatam-1-1-e-mantem-se-na-mesma-posicao\/"]}]},{"@type":"ImageObject","inLanguage":"pt-PT","@id":"https:\/\/portaltela.pt\/noticias\/2026\/04\/12\/academica-e-amarante-empatam-1-1-e-mantem-se-na-mesma-posicao\/#primaryimage","url":"https:\/\/portaltela.pt\/s.01k8rhncp4jt1\/2026\/04\/img_920x518uu2026-04-12-22-29-52-2432698-im-639116298199684917.jpg","contentUrl":"https:\/\/portaltela.pt\/s.01k8rhncp4jt1\/2026\/04\/img_920x518uu2026-04-12-22-29-52-2432698-im-639116298199684917.jpg","width":796,"height":448,"caption":"Photo"},{"@type":"BreadcrumbList","@id":"https:\/\/portaltela.pt\/noticias\/2026\/04\/12\/academica-e-amarante-empatam-1-1-e-mantem-se-na-mesma-posicao\/#breadcrumb","itemListElement":[{"@type":"ListItem","position":1,"name":"In\u00edcio","item":"https:\/\/portaltela.pt\/"},{"@type":"ListItem","position":2,"name":"Acad\u00e9mica e Amarante empatam 1-1 e mant\u00eam-se na mesma posi\u00e7\u00e3o"}]},{"@type":"WebSite","@id":"https:\/\/portaltela.pt\/#website","url":"https:\/\/portaltela.pt\/","name":"Portal Tela Portugal","description":"","potentialAction":[{"@type":"SearchAction","target":{"@type":"EntryPoint","urlTemplate":"https:\/\/portaltela.pt\/?s={search_term_string}"},"query-input":{"@type":"PropertyValueSpecification","valueRequired":true,"valueName":"search_term_string"}}],"inLanguage":"pt-PT"},{"@type":"Person","@id":"https:\/\/portaltela.pt\/#\/schema\/person\/c4278d4a6028830caff9ee44b42d32ed","name":"Telinha","image":{"@type":"ImageObject","inLanguage":"pt-PT","@id":"https:\/\/portaltela.pt\/s.01k8rhncp4jt1\/2025\/11\/talking-bot-125x125.png","url":"https:\/\/portaltela.pt\/s.01k8rhncp4jt1\/2025\/11\/talking-bot-125x125.png","contentUrl":"https:\/\/portaltela.pt\/s.01k8rhncp4jt1\/2025\/11\/talking-bot-125x125.png","caption":"Telinha"},"sameAs":["https:\/\/portaltela.pt\/"],"url":"https:\/\/portaltela.pt\/por\/367410592786\/"}]}},"_links":{"self":[{"href":"https:\/\/portaltela.pt\/api\/wp\/v2\/posts\/441809","targetHints":{"allow":["GET"]}}],"collection":[{"href":"https:\/\/portaltela.pt\/api\/wp\/v2\/posts"}],"about":[{"href":"https:\/\/portaltela.pt\/api\/wp\/v2\/types\/post"}],"author":[{"embeddable":true,"href":"https:\/\/portaltela.pt\/api\/wp\/v2\/users\/2"}],"replies":[{"embeddable":true,"href":"https:\/\/portaltela.pt\/api\/wp\/v2\/comments?post=441809"}],"version-history":[{"count":0,"href":"https:\/\/portaltela.pt\/api\/wp\/v2\/posts\/441809\/revisions"}],"wp:featuredmedia":[{"embeddable":true,"href":"https:\/\/portaltela.pt\/api\/wp\/v2\/media\/441810"}],"wp:attachment":[{"href":"https:\/\/portaltela.pt\/api\/wp\/v2\/media?parent=441809"}],"wp:term":[{"taxonomy":"category","embeddable":true,"href":"https:\/\/portaltela.pt\/api\/wp\/v2\/categories?post=441809"},{"taxonomy":"post_tag","embeddable":true,"href":"https:\/\/portaltela.pt\/api\/wp\/v2\/tags?post=441809"}],"curies":[{"name":"wp","href":"https:\/\/api.w.org\/{rel}","templated":true}]}}