{"id":441784,"date":"2026-04-12T17:47:08","date_gmt":"2026-04-12T20:47:08","guid":{"rendered":"https:\/\/portaltela.pt\/noticias\/2026\/04\/12\/joana-pontes-fica-em-17-o-na-marcha-atletica-dos-mundiais-no-brasil\/"},"modified":"2026-04-12T17:47:08","modified_gmt":"2026-04-12T20:47:08","slug":"joana-pontes-fica-em-17-o-na-marcha-atletica-dos-mundiais-no-brasil","status":"publish","type":"post","link":"https:\/\/portaltela.pt\/desporto\/futebol\/2026\/04\/12\/joana-pontes-fica-em-17-o-na-marcha-atletica-dos-mundiais-no-brasil\/","title":{"rendered":"Joana Pontes fica em 17.\u00ba na marcha atl\u00e9tica dos Mundiais no Brasil"},"content":{"rendered":"<p>A portuguesa Joana Pontes, 26 anos, ficou em 17.\u00ba lugar na maratona feminina do Mundial de Marcha Atl\u00e9tica de sele\u00e7\u00f5es, em Bras\u00edlia. A prova, de 42 km, terminou em 3:52:43, perto do seu recorde pessoal, com o Equador e a It\u00e1lia a dominarem o p\u00f3dio.<\/p>\n<p>O top-3 ficou definido por Paula Milena Torres (Equador) em 3:24:37, Sofia Fiorini (It\u00e1lia) com 3:25:42 e Nathaly Leo (It\u00e1lia) em 3:31:47. Pontes destacou a dificuldade da prova, marcada por condi\u00e7\u00f5es clim\u00e1ticas adversas.<\/p>\n<p>A competi\u00e7\u00e3o, realizada no hemisf\u00e9rio Sul pela primeira vez, re\u00fane mais de 300 atletas de 40 pa\u00edses e inclui as dist\u00e2ncias de maratona e meia maratona. Em Portugal, a equipa soma cinco atletas em competi\u00e7\u00e3o.<\/p>\n<p>Portugal em Bras\u00edlia<\/p>\n<ul>\n<li>Joana Pontes e Isabel Lu\u00eds (sub-20) disputam as femininas; Vit\u00f3ria Oliveira tamb\u00e9m participa na mesmas categorias. Eduardo Camarate e Jo\u00e3o Vieira competem entre os masculinos. At\u00e9 ao momento, Pontes e Isabel Lu\u00eds j\u00e1 conclu\u00edram as provas.<\/li>\n<\/ul>\n<p>Isabel Lu\u00eds, em almadense a competir individualmente, terminou em 28.\u00ba lugar na categoria 10 km sub-20, a 5,43 minutos da vencedora, a chinesa Yutong Yang. O tempo da atleta luso foi 51:54 minutos.<\/p>\n","protected":false},"excerpt":{"rendered":"<ul>\n<li>Joana Pontes, 26 anos, de Leiria, terminou no 17.\u00ba lugar na maratona feminina do Mundial de Marcha Atl\u00e9tica em Bras\u00edlia, com 3:52:43, perto do seu recorde pessoal.<\/li>\n<li>A prova de 42 quil\u00f3metros foi vencida pela equatoriana Paula Milena Torres (3:24:37), com Sofia Fiorini (It\u00e1lia) em 3:25:42 e Nathaly Leo em 3:31:47 a compor o p\u00f3dio.<\/li>\n<li>O campeonato mundial de equipas de marcha, disputado no hemisf\u00e9rio sul pela primeira vez, reuniu mais de 300 atletas de quarenta pa\u00edses e introduziu as dist\u00e2ncias maratona e meia maratona.<\/li>\n<li>Portugal participa com cinco atletas: Joana Pontes, Vit\u00f3ria Oliveira e Isabel Lu\u00eds (sub-20, feminino), e Eduardo Camarate e Jo\u00e3o Vieira (masculino).<\/li>\n<li>Isabel Lu\u00eds terminou em 28.\u00ba na classifica\u00e7\u00e3o de 10 km sub-20, com 51:54, a 5,43 minutos da vencedora chinesa Yutong Yang.<\/li>\n<\/ul>\n","protected":false},"author":2,"featured_media":441792,"comment_status":"closed","ping_status":"closed","sticky":false,"template":"","format":"standard","meta":{"footnotes":""},"categories":[21,24],"tags":[137,152,6131,1857,2701,1014],"class_list":["post-441784","post","type-post","status-publish","format-standard","has-post-thumbnail","hentry","category-desporto","category-futebol","tag-atletismo","tag-desporto","tag-equador","tag-italia","tag-mulheres","tag-portugal"],"yoast_head":"<!-- This site is optimized with the Yoast SEO plugin v27.2 - https:\/\/yoast.com\/product\/yoast-seo-wordpress\/ -->\n<title>Joana Pontes fica em 17.\u00ba na marcha atl\u00e9tica dos Mundiais no Brasil - Portal Tela Portugal<\/title>\n<meta name=\"robots\" content=\"index, follow, max-snippet:-1, max-image-preview:large, max-video-preview:-1\" \/>\n<meta property=\"og:locale\" content=\"pt_PT\" \/>\n<meta property=\"og:type\" content=\"article\" \/>\n<meta property=\"og:title\" content=\"Joana Pontes fica em 17.\u00ba na marcha atl\u00e9tica dos Mundiais no Brasil - Portal Tela Portugal\" \/>\n<meta property=\"og:description\" content=\"Joana Pontes, 26 anos, de Leiria, terminou no 17.\u00ba lugar na maratona feminina do Mundial de Marcha Atl\u00e9tica em Bras\u00edlia, com 3:52:43, perto do seu recorde pessoal. A prova de 42 quil\u00f3metros foi vencida pela equatoriana Paula Milena Torres (3:24:37), com Sofia Fiorini (It\u00e1lia) em 3:25:42 e Nathaly Leo em 3:31:47 a compor o p\u00f3dio. O campeonato mundial de equipas de marcha, disputado no hemisf\u00e9rio sul pela primeira vez, reuniu mais de 300 atletas de quarenta pa\u00edses e introduziu as dist\u00e2ncias maratona e meia maratona. Portugal participa com cinco atletas: Joana Pontes, Vit\u00f3ria Oliveira e Isabel Lu\u00eds (sub-20, feminino), e Eduardo Camarate e Jo\u00e3o Vieira (masculino). Isabel Lu\u00eds terminou em 28.\u00ba na classifica\u00e7\u00e3o de 10 km sub-20, com 51:54, a 5,43 minutos da vencedora chinesa Yutong Yang.\" \/>\n<meta property=\"og:url\" content=\"https:\/\/portaltela.pt\/noticias\/2026\/04\/12\/joana-pontes-fica-em-17-o-na-marcha-atletica-dos-mundiais-no-brasil\/\" \/>\n<meta property=\"og:site_name\" content=\"Portal Tela Portugal\" \/>\n<meta property=\"article:published_time\" content=\"2026-04-12T20:47:08+00:00\" \/>\n<meta name=\"author\" content=\"Telinha\" \/>\n<meta name=\"twitter:card\" content=\"summary_large_image\" \/>\n<meta name=\"twitter:label1\" content=\"Escrito por\" \/>\n\t<meta name=\"twitter:data1\" content=\"Telinha\" \/>\n\t<meta name=\"twitter:label2\" content=\"Tempo estimado de leitura\" \/>\n\t<meta name=\"twitter:data2\" content=\"1 minuto\" \/>\n<script type=\"application\/ld+json\" class=\"yoast-schema-graph\">{\"@context\":\"https:\/\/schema.org\",\"@graph\":[{\"@type\":\"Article\",\"@id\":\"https:\/\/portaltela.pt\/noticias\/2026\/04\/12\/joana-pontes-fica-em-17-o-na-marcha-atletica-dos-mundiais-no-brasil\/#article\",\"isPartOf\":{\"@id\":\"https:\/\/portaltela.pt\/noticias\/2026\/04\/12\/joana-pontes-fica-em-17-o-na-marcha-atletica-dos-mundiais-no-brasil\/\"},\"author\":{\"name\":\"Telinha\",\"@id\":\"https:\/\/portaltela.pt\/#\/schema\/person\/c4278d4a6028830caff9ee44b42d32ed\"},\"headline\":\"Joana Pontes fica em 17.\u00ba na marcha atl\u00e9tica dos Mundiais no Brasil\",\"datePublished\":\"2026-04-12T20:47:08+00:00\",\"mainEntityOfPage\":{\"@id\":\"https:\/\/portaltela.pt\/noticias\/2026\/04\/12\/joana-pontes-fica-em-17-o-na-marcha-atletica-dos-mundiais-no-brasil\/\"},\"wordCount\":207,\"image\":{\"@id\":\"https:\/\/portaltela.pt\/noticias\/2026\/04\/12\/joana-pontes-fica-em-17-o-na-marcha-atletica-dos-mundiais-no-brasil\/#primaryimage\"},\"thumbnailUrl\":\"https:\/\/portaltela.pt\/s.01k8rhncp4jt1\/2026\/04\/img_920x518uu2026-04-12-21-36-40-2432681.jpg\",\"keywords\":[\"atletismo\",\"desporto\",\"Equador\",\"It\u00e1lia\",\"Mulheres\",\"Portugal\"],\"articleSection\":[\"Desporto\",\"Futebol\"],\"inLanguage\":\"pt-PT\"},{\"@type\":\"WebPage\",\"@id\":\"https:\/\/portaltela.pt\/noticias\/2026\/04\/12\/joana-pontes-fica-em-17-o-na-marcha-atletica-dos-mundiais-no-brasil\/\",\"url\":\"https:\/\/portaltela.pt\/noticias\/2026\/04\/12\/joana-pontes-fica-em-17-o-na-marcha-atletica-dos-mundiais-no-brasil\/\",\"name\":\"Joana Pontes fica em 17.\u00ba na marcha atl\u00e9tica dos Mundiais no Brasil - Portal Tela Portugal\",\"isPartOf\":{\"@id\":\"https:\/\/portaltela.pt\/#website\"},\"primaryImageOfPage\":{\"@id\":\"https:\/\/portaltela.pt\/noticias\/2026\/04\/12\/joana-pontes-fica-em-17-o-na-marcha-atletica-dos-mundiais-no-brasil\/#primaryimage\"},\"image\":{\"@id\":\"https:\/\/portaltela.pt\/noticias\/2026\/04\/12\/joana-pontes-fica-em-17-o-na-marcha-atletica-dos-mundiais-no-brasil\/#primaryimage\"},\"thumbnailUrl\":\"https:\/\/portaltela.pt\/s.01k8rhncp4jt1\/2026\/04\/img_920x518uu2026-04-12-21-36-40-2432681.jpg\",\"datePublished\":\"2026-04-12T20:47:08+00:00\",\"author\":{\"@id\":\"https:\/\/portaltela.pt\/#\/schema\/person\/c4278d4a6028830caff9ee44b42d32ed\"},\"breadcrumb\":{\"@id\":\"https:\/\/portaltela.pt\/noticias\/2026\/04\/12\/joana-pontes-fica-em-17-o-na-marcha-atletica-dos-mundiais-no-brasil\/#breadcrumb\"},\"inLanguage\":\"pt-PT\",\"potentialAction\":[{\"@type\":\"ReadAction\",\"target\":[\"https:\/\/portaltela.pt\/noticias\/2026\/04\/12\/joana-pontes-fica-em-17-o-na-marcha-atletica-dos-mundiais-no-brasil\/\"]}]},{\"@type\":\"ImageObject\",\"inLanguage\":\"pt-PT\",\"@id\":\"https:\/\/portaltela.pt\/noticias\/2026\/04\/12\/joana-pontes-fica-em-17-o-na-marcha-atletica-dos-mundiais-no-brasil\/#primaryimage\",\"url\":\"https:\/\/portaltela.pt\/s.01k8rhncp4jt1\/2026\/04\/img_920x518uu2026-04-12-21-36-40-2432681.jpg\",\"contentUrl\":\"https:\/\/portaltela.pt\/s.01k8rhncp4jt1\/2026\/04\/img_920x518uu2026-04-12-21-36-40-2432681.jpg\",\"width\":796,\"height\":448,\"caption\":\"Joana Pontes compete na maratona de marcha atl\u00e9tica no Brasil\"},{\"@type\":\"BreadcrumbList\",\"@id\":\"https:\/\/portaltela.pt\/noticias\/2026\/04\/12\/joana-pontes-fica-em-17-o-na-marcha-atletica-dos-mundiais-no-brasil\/#breadcrumb\",\"itemListElement\":[{\"@type\":\"ListItem\",\"position\":1,\"name\":\"In\u00edcio\",\"item\":\"https:\/\/portaltela.pt\/\"},{\"@type\":\"ListItem\",\"position\":2,\"name\":\"Joana Pontes fica em 17.\u00ba na marcha atl\u00e9tica dos Mundiais no Brasil\"}]},{\"@type\":\"WebSite\",\"@id\":\"https:\/\/portaltela.pt\/#website\",\"url\":\"https:\/\/portaltela.pt\/\",\"name\":\"Portal Tela Portugal\",\"description\":\"\",\"potentialAction\":[{\"@type\":\"SearchAction\",\"target\":{\"@type\":\"EntryPoint\",\"urlTemplate\":\"https:\/\/portaltela.pt\/?s={search_term_string}\"},\"query-input\":{\"@type\":\"PropertyValueSpecification\",\"valueRequired\":true,\"valueName\":\"search_term_string\"}}],\"inLanguage\":\"pt-PT\"},{\"@type\":\"Person\",\"@id\":\"https:\/\/portaltela.pt\/#\/schema\/person\/c4278d4a6028830caff9ee44b42d32ed\",\"name\":\"Telinha\",\"image\":{\"@type\":\"ImageObject\",\"inLanguage\":\"pt-PT\",\"@id\":\"https:\/\/portaltela.pt\/s.01k8rhncp4jt1\/2025\/11\/talking-bot-125x125.png\",\"url\":\"https:\/\/portaltela.pt\/s.01k8rhncp4jt1\/2025\/11\/talking-bot-125x125.png\",\"contentUrl\":\"https:\/\/portaltela.pt\/s.01k8rhncp4jt1\/2025\/11\/talking-bot-125x125.png\",\"caption\":\"Telinha\"},\"sameAs\":[\"https:\/\/portaltela.pt\/\"],\"url\":\"https:\/\/portaltela.pt\/por\/367410592786\/\"}]}<\/script>\n<!-- \/ Yoast SEO plugin. -->","yoast_head_json":{"title":"Joana Pontes fica em 17.\u00ba na marcha atl\u00e9tica dos Mundiais no Brasil - Portal Tela Portugal","robots":{"index":"index","follow":"follow","max-snippet":"max-snippet:-1","max-image-preview":"max-image-preview:large","max-video-preview":"max-video-preview:-1"},"og_locale":"pt_PT","og_type":"article","og_title":"Joana Pontes fica em 17.\u00ba na marcha atl\u00e9tica dos Mundiais no Brasil - Portal Tela Portugal","og_description":"Joana Pontes, 26 anos, de Leiria, terminou no 17.\u00ba lugar na maratona feminina do Mundial de Marcha Atl\u00e9tica em Bras\u00edlia, com 3:52:43, perto do seu recorde pessoal. A prova de 42 quil\u00f3metros foi vencida pela equatoriana Paula Milena Torres (3:24:37), com Sofia Fiorini (It\u00e1lia) em 3:25:42 e Nathaly Leo em 3:31:47 a compor o p\u00f3dio. O campeonato mundial de equipas de marcha, disputado no hemisf\u00e9rio sul pela primeira vez, reuniu mais de 300 atletas de quarenta pa\u00edses e introduziu as dist\u00e2ncias maratona e meia maratona. Portugal participa com cinco atletas: Joana Pontes, Vit\u00f3ria Oliveira e Isabel Lu\u00eds (sub-20, feminino), e Eduardo Camarate e Jo\u00e3o Vieira (masculino). Isabel Lu\u00eds terminou em 28.\u00ba na classifica\u00e7\u00e3o de 10 km sub-20, com 51:54, a 5,43 minutos da vencedora chinesa Yutong Yang.","og_url":"https:\/\/portaltela.pt\/noticias\/2026\/04\/12\/joana-pontes-fica-em-17-o-na-marcha-atletica-dos-mundiais-no-brasil\/","og_site_name":"Portal Tela Portugal","article_published_time":"2026-04-12T20:47:08+00:00","author":"Telinha","twitter_card":"summary_large_image","twitter_misc":{"Escrito por":"Telinha","Tempo estimado de leitura":"1 minuto"},"schema":{"@context":"https:\/\/schema.org","@graph":[{"@type":"Article","@id":"https:\/\/portaltela.pt\/noticias\/2026\/04\/12\/joana-pontes-fica-em-17-o-na-marcha-atletica-dos-mundiais-no-brasil\/#article","isPartOf":{"@id":"https:\/\/portaltela.pt\/noticias\/2026\/04\/12\/joana-pontes-fica-em-17-o-na-marcha-atletica-dos-mundiais-no-brasil\/"},"author":{"name":"Telinha","@id":"https:\/\/portaltela.pt\/#\/schema\/person\/c4278d4a6028830caff9ee44b42d32ed"},"headline":"Joana Pontes fica em 17.\u00ba na marcha atl\u00e9tica dos Mundiais no Brasil","datePublished":"2026-04-12T20:47:08+00:00","mainEntityOfPage":{"@id":"https:\/\/portaltela.pt\/noticias\/2026\/04\/12\/joana-pontes-fica-em-17-o-na-marcha-atletica-dos-mundiais-no-brasil\/"},"wordCount":207,"image":{"@id":"https:\/\/portaltela.pt\/noticias\/2026\/04\/12\/joana-pontes-fica-em-17-o-na-marcha-atletica-dos-mundiais-no-brasil\/#primaryimage"},"thumbnailUrl":"https:\/\/portaltela.pt\/s.01k8rhncp4jt1\/2026\/04\/img_920x518uu2026-04-12-21-36-40-2432681.jpg","keywords":["atletismo","desporto","Equador","It\u00e1lia","Mulheres","Portugal"],"articleSection":["Desporto","Futebol"],"inLanguage":"pt-PT"},{"@type":"WebPage","@id":"https:\/\/portaltela.pt\/noticias\/2026\/04\/12\/joana-pontes-fica-em-17-o-na-marcha-atletica-dos-mundiais-no-brasil\/","url":"https:\/\/portaltela.pt\/noticias\/2026\/04\/12\/joana-pontes-fica-em-17-o-na-marcha-atletica-dos-mundiais-no-brasil\/","name":"Joana Pontes fica em 17.\u00ba na marcha atl\u00e9tica dos Mundiais no Brasil - Portal Tela Portugal","isPartOf":{"@id":"https:\/\/portaltela.pt\/#website"},"primaryImageOfPage":{"@id":"https:\/\/portaltela.pt\/noticias\/2026\/04\/12\/joana-pontes-fica-em-17-o-na-marcha-atletica-dos-mundiais-no-brasil\/#primaryimage"},"image":{"@id":"https:\/\/portaltela.pt\/noticias\/2026\/04\/12\/joana-pontes-fica-em-17-o-na-marcha-atletica-dos-mundiais-no-brasil\/#primaryimage"},"thumbnailUrl":"https:\/\/portaltela.pt\/s.01k8rhncp4jt1\/2026\/04\/img_920x518uu2026-04-12-21-36-40-2432681.jpg","datePublished":"2026-04-12T20:47:08+00:00","author":{"@id":"https:\/\/portaltela.pt\/#\/schema\/person\/c4278d4a6028830caff9ee44b42d32ed"},"breadcrumb":{"@id":"https:\/\/portaltela.pt\/noticias\/2026\/04\/12\/joana-pontes-fica-em-17-o-na-marcha-atletica-dos-mundiais-no-brasil\/#breadcrumb"},"inLanguage":"pt-PT","potentialAction":[{"@type":"ReadAction","target":["https:\/\/portaltela.pt\/noticias\/2026\/04\/12\/joana-pontes-fica-em-17-o-na-marcha-atletica-dos-mundiais-no-brasil\/"]}]},{"@type":"ImageObject","inLanguage":"pt-PT","@id":"https:\/\/portaltela.pt\/noticias\/2026\/04\/12\/joana-pontes-fica-em-17-o-na-marcha-atletica-dos-mundiais-no-brasil\/#primaryimage","url":"https:\/\/portaltela.pt\/s.01k8rhncp4jt1\/2026\/04\/img_920x518uu2026-04-12-21-36-40-2432681.jpg","contentUrl":"https:\/\/portaltela.pt\/s.01k8rhncp4jt1\/2026\/04\/img_920x518uu2026-04-12-21-36-40-2432681.jpg","width":796,"height":448,"caption":"Joana Pontes compete na maratona de marcha atl\u00e9tica no Brasil"},{"@type":"BreadcrumbList","@id":"https:\/\/portaltela.pt\/noticias\/2026\/04\/12\/joana-pontes-fica-em-17-o-na-marcha-atletica-dos-mundiais-no-brasil\/#breadcrumb","itemListElement":[{"@type":"ListItem","position":1,"name":"In\u00edcio","item":"https:\/\/portaltela.pt\/"},{"@type":"ListItem","position":2,"name":"Joana Pontes fica em 17.\u00ba na marcha atl\u00e9tica dos Mundiais no Brasil"}]},{"@type":"WebSite","@id":"https:\/\/portaltela.pt\/#website","url":"https:\/\/portaltela.pt\/","name":"Portal Tela Portugal","description":"","potentialAction":[{"@type":"SearchAction","target":{"@type":"EntryPoint","urlTemplate":"https:\/\/portaltela.pt\/?s={search_term_string}"},"query-input":{"@type":"PropertyValueSpecification","valueRequired":true,"valueName":"search_term_string"}}],"inLanguage":"pt-PT"},{"@type":"Person","@id":"https:\/\/portaltela.pt\/#\/schema\/person\/c4278d4a6028830caff9ee44b42d32ed","name":"Telinha","image":{"@type":"ImageObject","inLanguage":"pt-PT","@id":"https:\/\/portaltela.pt\/s.01k8rhncp4jt1\/2025\/11\/talking-bot-125x125.png","url":"https:\/\/portaltela.pt\/s.01k8rhncp4jt1\/2025\/11\/talking-bot-125x125.png","contentUrl":"https:\/\/portaltela.pt\/s.01k8rhncp4jt1\/2025\/11\/talking-bot-125x125.png","caption":"Telinha"},"sameAs":["https:\/\/portaltela.pt\/"],"url":"https:\/\/portaltela.pt\/por\/367410592786\/"}]}},"_links":{"self":[{"href":"https:\/\/portaltela.pt\/api\/wp\/v2\/posts\/441784","targetHints":{"allow":["GET"]}}],"collection":[{"href":"https:\/\/portaltela.pt\/api\/wp\/v2\/posts"}],"about":[{"href":"https:\/\/portaltela.pt\/api\/wp\/v2\/types\/post"}],"author":[{"embeddable":true,"href":"https:\/\/portaltela.pt\/api\/wp\/v2\/users\/2"}],"replies":[{"embeddable":true,"href":"https:\/\/portaltela.pt\/api\/wp\/v2\/comments?post=441784"}],"version-history":[{"count":0,"href":"https:\/\/portaltela.pt\/api\/wp\/v2\/posts\/441784\/revisions"}],"wp:featuredmedia":[{"embeddable":true,"href":"https:\/\/portaltela.pt\/api\/wp\/v2\/media\/441792"}],"wp:attachment":[{"href":"https:\/\/portaltela.pt\/api\/wp\/v2\/media?parent=441784"}],"wp:term":[{"taxonomy":"category","embeddable":true,"href":"https:\/\/portaltela.pt\/api\/wp\/v2\/categories?post=441784"},{"taxonomy":"post_tag","embeddable":true,"href":"https:\/\/portaltela.pt\/api\/wp\/v2\/tags?post=441784"}],"curies":[{"name":"wp","href":"https:\/\/api.w.org\/{rel}","templated":true}]}}