{"id":441726,"date":"2026-04-12T16:32:29","date_gmt":"2026-04-12T19:32:29","guid":{"rendered":"https:\/\/portaltela.pt\/noticias\/2026\/04\/12\/mourinho-revela-atitude-do-arbitro-ao-intervalo-do-benfica-nacional\/"},"modified":"2026-04-12T16:32:29","modified_gmt":"2026-04-12T19:32:29","slug":"mourinho-revela-atitude-do-arbitro-ao-intervalo-do-benfica-nacional","status":"publish","type":"post","link":"https:\/\/portaltela.pt\/desporto\/futebol\/2026\/04\/12\/mourinho-revela-atitude-do-arbitro-ao-intervalo-do-benfica-nacional\/","title":{"rendered":"Mourinho revela atitude do \u00e1rbitro ao intervalo do Benfica-Nacional"},"content":{"rendered":"<p>Depois de o Benfica ter empatado com o Casa Pia, o clube da Luz venceu o Nacional por 2-0, em casa, antes do d\u00e9rbi com o Sporting. Jos\u00e9 Mourinho afirmou \u00e0 BTV que o resultado n\u00e3o espelha a supremacia exibida e elogiou Schjelderup e Prestianni, protagonistas do triunfo. O treinador destacou ainda a postura do \u00e1rbitro F\u00e1bio Ver\u00edssimo, mencionando que admitiu um erro envolvendo Dahl.<\/p>\n<p>Foram 25 remates, oito enquadrados, 15 cantos e um 2-0 que, na sua leitura, ficou abaixo do desempenho da equipa. A equipa criou v\u00e1rias oportunidades para ampliar o marcador, falhando o pen\u00e1lti e mantendo o dom\u00ednio durante partes do encontro.<\/p>\n<p>Mourinho explicou ainda a estrat\u00e9gia de entrada forte e press\u00e3o alta, destacando o crescente rendimento de Prestianni e Schjelderup. Gon\u00e7alo Moreira estreou-se pela equipa principal, numa altura em que o clube celebra o desempenho de uma gera\u00e7\u00e3o que tem sido aposta do Seixal.<\/p>\n<h3>\u00c1rbitro e di\u00e1logo no intervalo<\/h3>\n<p>O t\u00e9cnico sublinhou o comportamento do \u00e1rbitro durante o intervalo, ao falar com Dahl no t\u00fanel. Foi referido que houve um pedido de desculpa por um erro assinalado, considerado um exemplo de comunica\u00e7\u00e3o que fomenta o respeito entre jogadores e \u00e1rbitros. O momento foi descrito como positivo pelo treinador.<\/p>\n","protected":false},"excerpt":{"rendered":"<ul>\n<li>Benfica venceu o Nacional por 2-0 em casa, ap\u00f3s o empate frente ao Casa Pia, mantendo a prepara\u00e7\u00e3o para o d\u00e9rbi com o Sporting.<\/li>\n<li>Jos\u00e9 Mourinho, na BTV, disse que o 2-0 n\u00e3o reflete a supremacia do Benfica e elogiou os crescimentos de Schjelderup e Prestianni, decisivos no triunfo.<\/li>\n<li>O treinador destacou a postura de F\u00e1bio Ver\u00edssimo, revelando que o \u00e1rbitro admitiu que Dahl errou num lance.<\/li>\n<li>O duelo teve mais de cinquenta e sete mil espetadores no Est\u00e1dio da Luz, com a estreia de Gon\u00e7alo Moreira pela equipa principal.<\/li>\n<li>O mi\u00fado Gon\u00e7alo tem oportunidade de destacar-se na pr\u00f3xima semana, na Youth League, enquanto o plantel visa melhorar o desempenho e fechar a vit\u00f3ria com mais qualidade.<\/li>\n<\/ul>\n","protected":false},"author":2,"featured_media":441727,"comment_status":"closed","ping_status":"closed","sticky":false,"template":"","format":"standard","meta":{"footnotes":""},"categories":[21,24],"tags":[4143,1336,152,32,3817,5654],"class_list":["post-441726","post","type-post","status-publish","format-standard","has-post-thumbnail","hentry","category-desporto","category-futebol","tag-1-liga","tag-arbitro","tag-desporto","tag-futebol","tag-prestianni","tag-schjelderup"],"yoast_head":"<!-- This site is optimized with the Yoast SEO plugin v27.2 - https:\/\/yoast.com\/product\/yoast-seo-wordpress\/ -->\n<title>Mourinho revela atitude do \u00e1rbitro ao intervalo do Benfica-Nacional - Portal Tela Portugal<\/title>\n<meta name=\"robots\" content=\"index, follow, max-snippet:-1, max-image-preview:large, max-video-preview:-1\" \/>\n<meta property=\"og:locale\" content=\"pt_PT\" \/>\n<meta property=\"og:type\" content=\"article\" \/>\n<meta property=\"og:title\" content=\"Mourinho revela atitude do \u00e1rbitro ao intervalo do Benfica-Nacional - Portal Tela Portugal\" \/>\n<meta property=\"og:description\" content=\"Benfica venceu o Nacional por 2-0 em casa, ap\u00f3s o empate frente ao Casa Pia, mantendo a prepara\u00e7\u00e3o para o d\u00e9rbi com o Sporting. Jos\u00e9 Mourinho, na BTV, disse que o 2-0 n\u00e3o reflete a supremacia do Benfica e elogiou os crescimentos de Schjelderup e Prestianni, decisivos no triunfo. O treinador destacou a postura de F\u00e1bio Ver\u00edssimo, revelando que o \u00e1rbitro admitiu que Dahl errou num lance. O duelo teve mais de cinquenta e sete mil espetadores no Est\u00e1dio da Luz, com a estreia de Gon\u00e7alo Moreira pela equipa principal. O mi\u00fado Gon\u00e7alo tem oportunidade de destacar-se na pr\u00f3xima semana, na Youth League, enquanto o plantel visa melhorar o desempenho e fechar a vit\u00f3ria com mais qualidade.\" \/>\n<meta property=\"og:url\" content=\"https:\/\/portaltela.pt\/noticias\/2026\/04\/12\/mourinho-revela-atitude-do-arbitro-ao-intervalo-do-benfica-nacional\/\" \/>\n<meta property=\"og:site_name\" content=\"Portal Tela Portugal\" \/>\n<meta property=\"article:published_time\" content=\"2026-04-12T19:32:29+00:00\" \/>\n<meta name=\"author\" content=\"Telinha\" \/>\n<meta name=\"twitter:card\" content=\"summary_large_image\" \/>\n<meta name=\"twitter:label1\" content=\"Escrito por\" \/>\n\t<meta name=\"twitter:data1\" content=\"Telinha\" \/>\n\t<meta name=\"twitter:label2\" content=\"Tempo estimado de leitura\" \/>\n\t<meta name=\"twitter:data2\" content=\"1 minuto\" \/>\n<script type=\"application\/ld+json\" class=\"yoast-schema-graph\">{\"@context\":\"https:\/\/schema.org\",\"@graph\":[{\"@type\":\"Article\",\"@id\":\"https:\/\/portaltela.pt\/noticias\/2026\/04\/12\/mourinho-revela-atitude-do-arbitro-ao-intervalo-do-benfica-nacional\/#article\",\"isPartOf\":{\"@id\":\"https:\/\/portaltela.pt\/noticias\/2026\/04\/12\/mourinho-revela-atitude-do-arbitro-ao-intervalo-do-benfica-nacional\/\"},\"author\":{\"name\":\"Telinha\",\"@id\":\"https:\/\/portaltela.pt\/#\/schema\/person\/c4278d4a6028830caff9ee44b42d32ed\"},\"headline\":\"Mourinho revela atitude do \u00e1rbitro ao intervalo do Benfica-Nacional\",\"datePublished\":\"2026-04-12T19:32:29+00:00\",\"mainEntityOfPage\":{\"@id\":\"https:\/\/portaltela.pt\/noticias\/2026\/04\/12\/mourinho-revela-atitude-do-arbitro-ao-intervalo-do-benfica-nacional\/\"},\"wordCount\":223,\"image\":{\"@id\":\"https:\/\/portaltela.pt\/noticias\/2026\/04\/12\/mourinho-revela-atitude-do-arbitro-ao-intervalo-do-benfica-nacional\/#primaryimage\"},\"thumbnailUrl\":\"https:\/\/portaltela.pt\/s.01k8rhncp4jt1\/2026\/04\/img_920x518uu2026-04-12-19-57-46-2432644-im-639116206887711160.jpg\",\"keywords\":[\"1. Liga\",\"\u00e1rbitro\",\"desporto\",\"futebol\",\"Prestianni\",\"Schjelderup\"],\"articleSection\":[\"Desporto\",\"Futebol\"],\"inLanguage\":\"pt-PT\"},{\"@type\":\"WebPage\",\"@id\":\"https:\/\/portaltela.pt\/noticias\/2026\/04\/12\/mourinho-revela-atitude-do-arbitro-ao-intervalo-do-benfica-nacional\/\",\"url\":\"https:\/\/portaltela.pt\/noticias\/2026\/04\/12\/mourinho-revela-atitude-do-arbitro-ao-intervalo-do-benfica-nacional\/\",\"name\":\"Mourinho revela atitude do \u00e1rbitro ao intervalo do Benfica-Nacional - Portal Tela Portugal\",\"isPartOf\":{\"@id\":\"https:\/\/portaltela.pt\/#website\"},\"primaryImageOfPage\":{\"@id\":\"https:\/\/portaltela.pt\/noticias\/2026\/04\/12\/mourinho-revela-atitude-do-arbitro-ao-intervalo-do-benfica-nacional\/#primaryimage\"},\"image\":{\"@id\":\"https:\/\/portaltela.pt\/noticias\/2026\/04\/12\/mourinho-revela-atitude-do-arbitro-ao-intervalo-do-benfica-nacional\/#primaryimage\"},\"thumbnailUrl\":\"https:\/\/portaltela.pt\/s.01k8rhncp4jt1\/2026\/04\/img_920x518uu2026-04-12-19-57-46-2432644-im-639116206887711160.jpg\",\"datePublished\":\"2026-04-12T19:32:29+00:00\",\"author\":{\"@id\":\"https:\/\/portaltela.pt\/#\/schema\/person\/c4278d4a6028830caff9ee44b42d32ed\"},\"breadcrumb\":{\"@id\":\"https:\/\/portaltela.pt\/noticias\/2026\/04\/12\/mourinho-revela-atitude-do-arbitro-ao-intervalo-do-benfica-nacional\/#breadcrumb\"},\"inLanguage\":\"pt-PT\",\"potentialAction\":[{\"@type\":\"ReadAction\",\"target\":[\"https:\/\/portaltela.pt\/noticias\/2026\/04\/12\/mourinho-revela-atitude-do-arbitro-ao-intervalo-do-benfica-nacional\/\"]}]},{\"@type\":\"ImageObject\",\"inLanguage\":\"pt-PT\",\"@id\":\"https:\/\/portaltela.pt\/noticias\/2026\/04\/12\/mourinho-revela-atitude-do-arbitro-ao-intervalo-do-benfica-nacional\/#primaryimage\",\"url\":\"https:\/\/portaltela.pt\/s.01k8rhncp4jt1\/2026\/04\/img_920x518uu2026-04-12-19-57-46-2432644-im-639116206887711160.jpg\",\"contentUrl\":\"https:\/\/portaltela.pt\/s.01k8rhncp4jt1\/2026\/04\/img_920x518uu2026-04-12-19-57-46-2432644-im-639116206887711160.jpg\",\"width\":796,\"height\":448,\"caption\":\"Jos\u00e9 Mourinho durante o Benfica-Nacional\"},{\"@type\":\"BreadcrumbList\",\"@id\":\"https:\/\/portaltela.pt\/noticias\/2026\/04\/12\/mourinho-revela-atitude-do-arbitro-ao-intervalo-do-benfica-nacional\/#breadcrumb\",\"itemListElement\":[{\"@type\":\"ListItem\",\"position\":1,\"name\":\"In\u00edcio\",\"item\":\"https:\/\/portaltela.pt\/\"},{\"@type\":\"ListItem\",\"position\":2,\"name\":\"Mourinho revela atitude do \u00e1rbitro ao intervalo do Benfica-Nacional\"}]},{\"@type\":\"WebSite\",\"@id\":\"https:\/\/portaltela.pt\/#website\",\"url\":\"https:\/\/portaltela.pt\/\",\"name\":\"Portal Tela Portugal\",\"description\":\"\",\"potentialAction\":[{\"@type\":\"SearchAction\",\"target\":{\"@type\":\"EntryPoint\",\"urlTemplate\":\"https:\/\/portaltela.pt\/?s={search_term_string}\"},\"query-input\":{\"@type\":\"PropertyValueSpecification\",\"valueRequired\":true,\"valueName\":\"search_term_string\"}}],\"inLanguage\":\"pt-PT\"},{\"@type\":\"Person\",\"@id\":\"https:\/\/portaltela.pt\/#\/schema\/person\/c4278d4a6028830caff9ee44b42d32ed\",\"name\":\"Telinha\",\"image\":{\"@type\":\"ImageObject\",\"inLanguage\":\"pt-PT\",\"@id\":\"https:\/\/portaltela.pt\/s.01k8rhncp4jt1\/2025\/11\/talking-bot-125x125.png\",\"url\":\"https:\/\/portaltela.pt\/s.01k8rhncp4jt1\/2025\/11\/talking-bot-125x125.png\",\"contentUrl\":\"https:\/\/portaltela.pt\/s.01k8rhncp4jt1\/2025\/11\/talking-bot-125x125.png\",\"caption\":\"Telinha\"},\"sameAs\":[\"https:\/\/portaltela.pt\/\"],\"url\":\"https:\/\/portaltela.pt\/por\/367410592786\/\"}]}<\/script>\n<!-- \/ Yoast SEO plugin. -->","yoast_head_json":{"title":"Mourinho revela atitude do \u00e1rbitro ao intervalo do Benfica-Nacional - Portal Tela Portugal","robots":{"index":"index","follow":"follow","max-snippet":"max-snippet:-1","max-image-preview":"max-image-preview:large","max-video-preview":"max-video-preview:-1"},"og_locale":"pt_PT","og_type":"article","og_title":"Mourinho revela atitude do \u00e1rbitro ao intervalo do Benfica-Nacional - Portal Tela Portugal","og_description":"Benfica venceu o Nacional por 2-0 em casa, ap\u00f3s o empate frente ao Casa Pia, mantendo a prepara\u00e7\u00e3o para o d\u00e9rbi com o Sporting. Jos\u00e9 Mourinho, na BTV, disse que o 2-0 n\u00e3o reflete a supremacia do Benfica e elogiou os crescimentos de Schjelderup e Prestianni, decisivos no triunfo. O treinador destacou a postura de F\u00e1bio Ver\u00edssimo, revelando que o \u00e1rbitro admitiu que Dahl errou num lance. O duelo teve mais de cinquenta e sete mil espetadores no Est\u00e1dio da Luz, com a estreia de Gon\u00e7alo Moreira pela equipa principal. O mi\u00fado Gon\u00e7alo tem oportunidade de destacar-se na pr\u00f3xima semana, na Youth League, enquanto o plantel visa melhorar o desempenho e fechar a vit\u00f3ria com mais qualidade.","og_url":"https:\/\/portaltela.pt\/noticias\/2026\/04\/12\/mourinho-revela-atitude-do-arbitro-ao-intervalo-do-benfica-nacional\/","og_site_name":"Portal Tela Portugal","article_published_time":"2026-04-12T19:32:29+00:00","author":"Telinha","twitter_card":"summary_large_image","twitter_misc":{"Escrito por":"Telinha","Tempo estimado de leitura":"1 minuto"},"schema":{"@context":"https:\/\/schema.org","@graph":[{"@type":"Article","@id":"https:\/\/portaltela.pt\/noticias\/2026\/04\/12\/mourinho-revela-atitude-do-arbitro-ao-intervalo-do-benfica-nacional\/#article","isPartOf":{"@id":"https:\/\/portaltela.pt\/noticias\/2026\/04\/12\/mourinho-revela-atitude-do-arbitro-ao-intervalo-do-benfica-nacional\/"},"author":{"name":"Telinha","@id":"https:\/\/portaltela.pt\/#\/schema\/person\/c4278d4a6028830caff9ee44b42d32ed"},"headline":"Mourinho revela atitude do \u00e1rbitro ao intervalo do Benfica-Nacional","datePublished":"2026-04-12T19:32:29+00:00","mainEntityOfPage":{"@id":"https:\/\/portaltela.pt\/noticias\/2026\/04\/12\/mourinho-revela-atitude-do-arbitro-ao-intervalo-do-benfica-nacional\/"},"wordCount":223,"image":{"@id":"https:\/\/portaltela.pt\/noticias\/2026\/04\/12\/mourinho-revela-atitude-do-arbitro-ao-intervalo-do-benfica-nacional\/#primaryimage"},"thumbnailUrl":"https:\/\/portaltela.pt\/s.01k8rhncp4jt1\/2026\/04\/img_920x518uu2026-04-12-19-57-46-2432644-im-639116206887711160.jpg","keywords":["1. Liga","\u00e1rbitro","desporto","futebol","Prestianni","Schjelderup"],"articleSection":["Desporto","Futebol"],"inLanguage":"pt-PT"},{"@type":"WebPage","@id":"https:\/\/portaltela.pt\/noticias\/2026\/04\/12\/mourinho-revela-atitude-do-arbitro-ao-intervalo-do-benfica-nacional\/","url":"https:\/\/portaltela.pt\/noticias\/2026\/04\/12\/mourinho-revela-atitude-do-arbitro-ao-intervalo-do-benfica-nacional\/","name":"Mourinho revela atitude do \u00e1rbitro ao intervalo do Benfica-Nacional - Portal Tela Portugal","isPartOf":{"@id":"https:\/\/portaltela.pt\/#website"},"primaryImageOfPage":{"@id":"https:\/\/portaltela.pt\/noticias\/2026\/04\/12\/mourinho-revela-atitude-do-arbitro-ao-intervalo-do-benfica-nacional\/#primaryimage"},"image":{"@id":"https:\/\/portaltela.pt\/noticias\/2026\/04\/12\/mourinho-revela-atitude-do-arbitro-ao-intervalo-do-benfica-nacional\/#primaryimage"},"thumbnailUrl":"https:\/\/portaltela.pt\/s.01k8rhncp4jt1\/2026\/04\/img_920x518uu2026-04-12-19-57-46-2432644-im-639116206887711160.jpg","datePublished":"2026-04-12T19:32:29+00:00","author":{"@id":"https:\/\/portaltela.pt\/#\/schema\/person\/c4278d4a6028830caff9ee44b42d32ed"},"breadcrumb":{"@id":"https:\/\/portaltela.pt\/noticias\/2026\/04\/12\/mourinho-revela-atitude-do-arbitro-ao-intervalo-do-benfica-nacional\/#breadcrumb"},"inLanguage":"pt-PT","potentialAction":[{"@type":"ReadAction","target":["https:\/\/portaltela.pt\/noticias\/2026\/04\/12\/mourinho-revela-atitude-do-arbitro-ao-intervalo-do-benfica-nacional\/"]}]},{"@type":"ImageObject","inLanguage":"pt-PT","@id":"https:\/\/portaltela.pt\/noticias\/2026\/04\/12\/mourinho-revela-atitude-do-arbitro-ao-intervalo-do-benfica-nacional\/#primaryimage","url":"https:\/\/portaltela.pt\/s.01k8rhncp4jt1\/2026\/04\/img_920x518uu2026-04-12-19-57-46-2432644-im-639116206887711160.jpg","contentUrl":"https:\/\/portaltela.pt\/s.01k8rhncp4jt1\/2026\/04\/img_920x518uu2026-04-12-19-57-46-2432644-im-639116206887711160.jpg","width":796,"height":448,"caption":"Jos\u00e9 Mourinho durante o Benfica-Nacional"},{"@type":"BreadcrumbList","@id":"https:\/\/portaltela.pt\/noticias\/2026\/04\/12\/mourinho-revela-atitude-do-arbitro-ao-intervalo-do-benfica-nacional\/#breadcrumb","itemListElement":[{"@type":"ListItem","position":1,"name":"In\u00edcio","item":"https:\/\/portaltela.pt\/"},{"@type":"ListItem","position":2,"name":"Mourinho revela atitude do \u00e1rbitro ao intervalo do Benfica-Nacional"}]},{"@type":"WebSite","@id":"https:\/\/portaltela.pt\/#website","url":"https:\/\/portaltela.pt\/","name":"Portal Tela Portugal","description":"","potentialAction":[{"@type":"SearchAction","target":{"@type":"EntryPoint","urlTemplate":"https:\/\/portaltela.pt\/?s={search_term_string}"},"query-input":{"@type":"PropertyValueSpecification","valueRequired":true,"valueName":"search_term_string"}}],"inLanguage":"pt-PT"},{"@type":"Person","@id":"https:\/\/portaltela.pt\/#\/schema\/person\/c4278d4a6028830caff9ee44b42d32ed","name":"Telinha","image":{"@type":"ImageObject","inLanguage":"pt-PT","@id":"https:\/\/portaltela.pt\/s.01k8rhncp4jt1\/2025\/11\/talking-bot-125x125.png","url":"https:\/\/portaltela.pt\/s.01k8rhncp4jt1\/2025\/11\/talking-bot-125x125.png","contentUrl":"https:\/\/portaltela.pt\/s.01k8rhncp4jt1\/2025\/11\/talking-bot-125x125.png","caption":"Telinha"},"sameAs":["https:\/\/portaltela.pt\/"],"url":"https:\/\/portaltela.pt\/por\/367410592786\/"}]}},"_links":{"self":[{"href":"https:\/\/portaltela.pt\/api\/wp\/v2\/posts\/441726","targetHints":{"allow":["GET"]}}],"collection":[{"href":"https:\/\/portaltela.pt\/api\/wp\/v2\/posts"}],"about":[{"href":"https:\/\/portaltela.pt\/api\/wp\/v2\/types\/post"}],"author":[{"embeddable":true,"href":"https:\/\/portaltela.pt\/api\/wp\/v2\/users\/2"}],"replies":[{"embeddable":true,"href":"https:\/\/portaltela.pt\/api\/wp\/v2\/comments?post=441726"}],"version-history":[{"count":0,"href":"https:\/\/portaltela.pt\/api\/wp\/v2\/posts\/441726\/revisions"}],"wp:featuredmedia":[{"embeddable":true,"href":"https:\/\/portaltela.pt\/api\/wp\/v2\/media\/441727"}],"wp:attachment":[{"href":"https:\/\/portaltela.pt\/api\/wp\/v2\/media?parent=441726"}],"wp:term":[{"taxonomy":"category","embeddable":true,"href":"https:\/\/portaltela.pt\/api\/wp\/v2\/categories?post=441726"},{"taxonomy":"post_tag","embeddable":true,"href":"https:\/\/portaltela.pt\/api\/wp\/v2\/tags?post=441726"}],"curies":[{"name":"wp","href":"https:\/\/api.w.org\/{rel}","templated":true}]}}