{"id":441710,"date":"2026-04-12T16:32:16","date_gmt":"2026-04-12T19:32:16","guid":{"rendered":"https:\/\/portaltela.pt\/noticias\/2026\/04\/12\/vedat-muriqi-atacante-em-vias-de-extincao\/"},"modified":"2026-04-12T16:32:16","modified_gmt":"2026-04-12T19:32:16","slug":"vedat-muriqi-atacante-em-vias-de-extincao","status":"publish","type":"post","link":"https:\/\/portaltela.pt\/desporto\/futebol\/2026\/04\/12\/vedat-muriqi-atacante-em-vias-de-extincao\/","title":{"rendered":"Vedat Muriqi, atacante em vias de extin\u00e7\u00e3o"},"content":{"rendered":"<p>Vedat Muriqi, avan\u00e7ado kosovar de 31 anos, voltou a brilhar pelo Mallorca, ao marcar dois golos na vit\u00f3ria por 3-0 sobre o Rayo Vallecano. O triunfo segue o triunfo anterior frente ao Real Madrid, mantendo o Mallorca em posi\u00e7\u00e3o de fuga \u00e0 zona de despromo\u00e7\u00e3o. A liga segue sem Mbapp\u00e9, que continua primeiro na artilharia.<\/p>\n<p>No jogo frente ao Rayo, Muriqi abriu o marcador e fechou-o com assist\u00eancia de Samu Costa, tornando-se no maior goleador hist\u00f3rico do Mallorca na Liga espanhola, com 55 tentos, ultrapassando Samuel Eto\u2019o (54. O desempenho fortalece a equipa na tabela, chegando ao 15.\u00ba lugar, dois pontos acima da linha de \u00e1gua.<\/p>\n<h3>A trajet\u00f3ria do \u201cposte\u201d e a press\u00e3o por resultados<\/h3>\n<p>Muriqi tem sido apontado mais pela for\u00e7a f\u00edsica que pela rapidez ou t\u00e9cnica, uma vis\u00e3o que ele j\u00e1 defendia numa entrevista ao El Pa\u00eds. O jogador participou na conquista de vit\u00f3rias que ajudam o Mallorca a manter-se no campeonato espanhol ap\u00f3s epis\u00f3dios recentes de frustra\u00e7\u00e3o.<\/p>\n<h3>Origens e percurso profissional<\/h3>\n<p>Nascido em Prizren, no Kosovo, Muriqi deixou a cidade aos seis anos para fugir \u00e0 guerra. A fam\u00edlia passou por dificuldades ap\u00f3s a morte do pai durante um jogo entre amigos. O avan\u00e7ado construiu a carreira em clubes turcos, chegou \u00e0 Lazio e, por empr\u00e9stimo, transferiu-se para o Mallorca, onde se afirma como pe\u00e7a-chave desde 2022.<\/p>\n","protected":false},"excerpt":{"rendered":"<ul>\n<li>Vedat Muriqi marcou dois gols na vit\u00f3ria do Mallorca por tr\u00eas a zero frente ao Rayo Vallecano, tornando-se o maior goleador do clube na La Liga, com cinquenta e cinco gols, \u00e0 frente de Samuel Eto\u2019o.<\/li>\n<li>O language do clube segue ap\u00f3s a vit\u00f3ria sobre o Real Madrid, quando o avan\u00e7ado kosovar marcou aos noventa e um minutos.<\/li>\n<li>Com o triunfo, o Mallorca sobe ao quinze.\u00ba lugar, a dois pontos acima da linha de \u00e1gua.<\/li>\n<li>Antes disso, Muriqi falhou um pen\u00e1lti aos noventa e dois minutos contra o Elche e o Kosovo falhou o apuramento para o Mundial de 2026, perdendo a final do play-off com a Turquia.<\/li>\n<li>O jogador, com trinta e um anos, \u00e9 conhecido por o \u201cposte\u201d pela sua estatura, nasceu em Prizren e tem uma trajet\u00f3ria marcada por adversidades familiares.<\/li>\n<\/ul>\n","protected":false},"author":2,"featured_media":441720,"comment_status":"closed","ping_status":"closed","sticky":false,"template":"","format":"standard","meta":{"footnotes":""},"categories":[21,24],"tags":[7755,7907,152,2189,2535,1789],"class_list":["post-441710","post","type-post","status-publish","format-standard","has-post-thumbnail","hentry","category-desporto","category-futebol","tag-_futebol","tag-_futebol-internacional","tag-desporto","tag-espana","tag-kosovo","tag-la-liga"],"yoast_head":"<!-- This site is optimized with the Yoast SEO plugin v27.2 - https:\/\/yoast.com\/product\/yoast-seo-wordpress\/ -->\n<title>Vedat Muriqi, atacante em vias de extin\u00e7\u00e3o - Portal Tela Portugal<\/title>\n<meta name=\"robots\" content=\"index, follow, max-snippet:-1, max-image-preview:large, max-video-preview:-1\" \/>\n<meta property=\"og:locale\" content=\"pt_PT\" \/>\n<meta property=\"og:type\" content=\"article\" \/>\n<meta property=\"og:title\" content=\"Vedat Muriqi, atacante em vias de extin\u00e7\u00e3o - Portal Tela Portugal\" \/>\n<meta property=\"og:description\" content=\"Vedat Muriqi marcou dois gols na vit\u00f3ria do Mallorca por tr\u00eas a zero frente ao Rayo Vallecano, tornando-se o maior goleador do clube na La Liga, com cinquenta e cinco gols, \u00e0 frente de Samuel Eto\u2019o. O language do clube segue ap\u00f3s a vit\u00f3ria sobre o Real Madrid, quando o avan\u00e7ado kosovar marcou aos noventa e um minutos. Com o triunfo, o Mallorca sobe ao quinze.\u00ba lugar, a dois pontos acima da linha de \u00e1gua. Antes disso, Muriqi falhou um pen\u00e1lti aos noventa e dois minutos contra o Elche e o Kosovo falhou o apuramento para o Mundial de 2026, perdendo a final do play-off com a Turquia. O jogador, com trinta e um anos, \u00e9 conhecido por o \u201cposte\u201d pela sua estatura, nasceu em Prizren e tem uma trajet\u00f3ria marcada por adversidades familiares.\" \/>\n<meta property=\"og:url\" content=\"https:\/\/portaltela.pt\/noticias\/2026\/04\/12\/vedat-muriqi-atacante-em-vias-de-extincao\/\" \/>\n<meta property=\"og:site_name\" content=\"Portal Tela Portugal\" \/>\n<meta property=\"article:published_time\" content=\"2026-04-12T19:32:16+00:00\" \/>\n<meta name=\"author\" content=\"Telinha\" \/>\n<meta name=\"twitter:card\" content=\"summary_large_image\" \/>\n<meta name=\"twitter:label1\" content=\"Escrito por\" \/>\n\t<meta name=\"twitter:data1\" content=\"Telinha\" \/>\n\t<meta name=\"twitter:label2\" content=\"Tempo estimado de leitura\" \/>\n\t<meta name=\"twitter:data2\" content=\"1 minuto\" \/>\n<script type=\"application\/ld+json\" class=\"yoast-schema-graph\">{\"@context\":\"https:\/\/schema.org\",\"@graph\":[{\"@type\":\"Article\",\"@id\":\"https:\/\/portaltela.pt\/noticias\/2026\/04\/12\/vedat-muriqi-atacante-em-vias-de-extincao\/#article\",\"isPartOf\":{\"@id\":\"https:\/\/portaltela.pt\/noticias\/2026\/04\/12\/vedat-muriqi-atacante-em-vias-de-extincao\/\"},\"author\":{\"name\":\"Telinha\",\"@id\":\"https:\/\/portaltela.pt\/#\/schema\/person\/c4278d4a6028830caff9ee44b42d32ed\"},\"headline\":\"Vedat Muriqi, atacante em vias de extin\u00e7\u00e3o\",\"datePublished\":\"2026-04-12T19:32:16+00:00\",\"mainEntityOfPage\":{\"@id\":\"https:\/\/portaltela.pt\/noticias\/2026\/04\/12\/vedat-muriqi-atacante-em-vias-de-extincao\/\"},\"wordCount\":243,\"image\":{\"@id\":\"https:\/\/portaltela.pt\/noticias\/2026\/04\/12\/vedat-muriqi-atacante-em-vias-de-extincao\/#primaryimage\"},\"thumbnailUrl\":\"https:\/\/portaltela.pt\/s.01k8rhncp4jt1\/2026\/04\/2080838.jpg\",\"keywords\":[\"_futebol\",\"_futebol internacional\",\"desporto\",\"Espa\u00f1a\",\"Kosovo\",\"La Liga\"],\"articleSection\":[\"Desporto\",\"Futebol\"],\"inLanguage\":\"pt-PT\"},{\"@type\":\"WebPage\",\"@id\":\"https:\/\/portaltela.pt\/noticias\/2026\/04\/12\/vedat-muriqi-atacante-em-vias-de-extincao\/\",\"url\":\"https:\/\/portaltela.pt\/noticias\/2026\/04\/12\/vedat-muriqi-atacante-em-vias-de-extincao\/\",\"name\":\"Vedat Muriqi, atacante em vias de extin\u00e7\u00e3o - Portal Tela Portugal\",\"isPartOf\":{\"@id\":\"https:\/\/portaltela.pt\/#website\"},\"primaryImageOfPage\":{\"@id\":\"https:\/\/portaltela.pt\/noticias\/2026\/04\/12\/vedat-muriqi-atacante-em-vias-de-extincao\/#primaryimage\"},\"image\":{\"@id\":\"https:\/\/portaltela.pt\/noticias\/2026\/04\/12\/vedat-muriqi-atacante-em-vias-de-extincao\/#primaryimage\"},\"thumbnailUrl\":\"https:\/\/portaltela.pt\/s.01k8rhncp4jt1\/2026\/04\/2080838.jpg\",\"datePublished\":\"2026-04-12T19:32:16+00:00\",\"author\":{\"@id\":\"https:\/\/portaltela.pt\/#\/schema\/person\/c4278d4a6028830caff9ee44b42d32ed\"},\"breadcrumb\":{\"@id\":\"https:\/\/portaltela.pt\/noticias\/2026\/04\/12\/vedat-muriqi-atacante-em-vias-de-extincao\/#breadcrumb\"},\"inLanguage\":\"pt-PT\",\"potentialAction\":[{\"@type\":\"ReadAction\",\"target\":[\"https:\/\/portaltela.pt\/noticias\/2026\/04\/12\/vedat-muriqi-atacante-em-vias-de-extincao\/\"]}]},{\"@type\":\"ImageObject\",\"inLanguage\":\"pt-PT\",\"@id\":\"https:\/\/portaltela.pt\/noticias\/2026\/04\/12\/vedat-muriqi-atacante-em-vias-de-extincao\/#primaryimage\",\"url\":\"https:\/\/portaltela.pt\/s.01k8rhncp4jt1\/2026\/04\/2080838.jpg\",\"contentUrl\":\"https:\/\/portaltela.pt\/s.01k8rhncp4jt1\/2026\/04\/2080838.jpg\",\"width\":796,\"height\":448,\"caption\":\"Muriqi, o \\\"Pirata\\\", a celebrar um golo ao lado do portugu\u00eas Samu Costa\"},{\"@type\":\"BreadcrumbList\",\"@id\":\"https:\/\/portaltela.pt\/noticias\/2026\/04\/12\/vedat-muriqi-atacante-em-vias-de-extincao\/#breadcrumb\",\"itemListElement\":[{\"@type\":\"ListItem\",\"position\":1,\"name\":\"In\u00edcio\",\"item\":\"https:\/\/portaltela.pt\/\"},{\"@type\":\"ListItem\",\"position\":2,\"name\":\"Vedat Muriqi, atacante em vias de extin\u00e7\u00e3o\"}]},{\"@type\":\"WebSite\",\"@id\":\"https:\/\/portaltela.pt\/#website\",\"url\":\"https:\/\/portaltela.pt\/\",\"name\":\"Portal Tela Portugal\",\"description\":\"\",\"potentialAction\":[{\"@type\":\"SearchAction\",\"target\":{\"@type\":\"EntryPoint\",\"urlTemplate\":\"https:\/\/portaltela.pt\/?s={search_term_string}\"},\"query-input\":{\"@type\":\"PropertyValueSpecification\",\"valueRequired\":true,\"valueName\":\"search_term_string\"}}],\"inLanguage\":\"pt-PT\"},{\"@type\":\"Person\",\"@id\":\"https:\/\/portaltela.pt\/#\/schema\/person\/c4278d4a6028830caff9ee44b42d32ed\",\"name\":\"Telinha\",\"image\":{\"@type\":\"ImageObject\",\"inLanguage\":\"pt-PT\",\"@id\":\"https:\/\/portaltela.pt\/s.01k8rhncp4jt1\/2025\/11\/talking-bot-125x125.png\",\"url\":\"https:\/\/portaltela.pt\/s.01k8rhncp4jt1\/2025\/11\/talking-bot-125x125.png\",\"contentUrl\":\"https:\/\/portaltela.pt\/s.01k8rhncp4jt1\/2025\/11\/talking-bot-125x125.png\",\"caption\":\"Telinha\"},\"sameAs\":[\"https:\/\/portaltela.pt\/\"],\"url\":\"https:\/\/portaltela.pt\/por\/367410592786\/\"}]}<\/script>\n<!-- \/ Yoast SEO plugin. -->","yoast_head_json":{"title":"Vedat Muriqi, atacante em vias de extin\u00e7\u00e3o - Portal Tela Portugal","robots":{"index":"index","follow":"follow","max-snippet":"max-snippet:-1","max-image-preview":"max-image-preview:large","max-video-preview":"max-video-preview:-1"},"og_locale":"pt_PT","og_type":"article","og_title":"Vedat Muriqi, atacante em vias de extin\u00e7\u00e3o - Portal Tela Portugal","og_description":"Vedat Muriqi marcou dois gols na vit\u00f3ria do Mallorca por tr\u00eas a zero frente ao Rayo Vallecano, tornando-se o maior goleador do clube na La Liga, com cinquenta e cinco gols, \u00e0 frente de Samuel Eto\u2019o. O language do clube segue ap\u00f3s a vit\u00f3ria sobre o Real Madrid, quando o avan\u00e7ado kosovar marcou aos noventa e um minutos. Com o triunfo, o Mallorca sobe ao quinze.\u00ba lugar, a dois pontos acima da linha de \u00e1gua. Antes disso, Muriqi falhou um pen\u00e1lti aos noventa e dois minutos contra o Elche e o Kosovo falhou o apuramento para o Mundial de 2026, perdendo a final do play-off com a Turquia. O jogador, com trinta e um anos, \u00e9 conhecido por o \u201cposte\u201d pela sua estatura, nasceu em Prizren e tem uma trajet\u00f3ria marcada por adversidades familiares.","og_url":"https:\/\/portaltela.pt\/noticias\/2026\/04\/12\/vedat-muriqi-atacante-em-vias-de-extincao\/","og_site_name":"Portal Tela Portugal","article_published_time":"2026-04-12T19:32:16+00:00","author":"Telinha","twitter_card":"summary_large_image","twitter_misc":{"Escrito por":"Telinha","Tempo estimado de leitura":"1 minuto"},"schema":{"@context":"https:\/\/schema.org","@graph":[{"@type":"Article","@id":"https:\/\/portaltela.pt\/noticias\/2026\/04\/12\/vedat-muriqi-atacante-em-vias-de-extincao\/#article","isPartOf":{"@id":"https:\/\/portaltela.pt\/noticias\/2026\/04\/12\/vedat-muriqi-atacante-em-vias-de-extincao\/"},"author":{"name":"Telinha","@id":"https:\/\/portaltela.pt\/#\/schema\/person\/c4278d4a6028830caff9ee44b42d32ed"},"headline":"Vedat Muriqi, atacante em vias de extin\u00e7\u00e3o","datePublished":"2026-04-12T19:32:16+00:00","mainEntityOfPage":{"@id":"https:\/\/portaltela.pt\/noticias\/2026\/04\/12\/vedat-muriqi-atacante-em-vias-de-extincao\/"},"wordCount":243,"image":{"@id":"https:\/\/portaltela.pt\/noticias\/2026\/04\/12\/vedat-muriqi-atacante-em-vias-de-extincao\/#primaryimage"},"thumbnailUrl":"https:\/\/portaltela.pt\/s.01k8rhncp4jt1\/2026\/04\/2080838.jpg","keywords":["_futebol","_futebol internacional","desporto","Espa\u00f1a","Kosovo","La Liga"],"articleSection":["Desporto","Futebol"],"inLanguage":"pt-PT"},{"@type":"WebPage","@id":"https:\/\/portaltela.pt\/noticias\/2026\/04\/12\/vedat-muriqi-atacante-em-vias-de-extincao\/","url":"https:\/\/portaltela.pt\/noticias\/2026\/04\/12\/vedat-muriqi-atacante-em-vias-de-extincao\/","name":"Vedat Muriqi, atacante em vias de extin\u00e7\u00e3o - Portal Tela Portugal","isPartOf":{"@id":"https:\/\/portaltela.pt\/#website"},"primaryImageOfPage":{"@id":"https:\/\/portaltela.pt\/noticias\/2026\/04\/12\/vedat-muriqi-atacante-em-vias-de-extincao\/#primaryimage"},"image":{"@id":"https:\/\/portaltela.pt\/noticias\/2026\/04\/12\/vedat-muriqi-atacante-em-vias-de-extincao\/#primaryimage"},"thumbnailUrl":"https:\/\/portaltela.pt\/s.01k8rhncp4jt1\/2026\/04\/2080838.jpg","datePublished":"2026-04-12T19:32:16+00:00","author":{"@id":"https:\/\/portaltela.pt\/#\/schema\/person\/c4278d4a6028830caff9ee44b42d32ed"},"breadcrumb":{"@id":"https:\/\/portaltela.pt\/noticias\/2026\/04\/12\/vedat-muriqi-atacante-em-vias-de-extincao\/#breadcrumb"},"inLanguage":"pt-PT","potentialAction":[{"@type":"ReadAction","target":["https:\/\/portaltela.pt\/noticias\/2026\/04\/12\/vedat-muriqi-atacante-em-vias-de-extincao\/"]}]},{"@type":"ImageObject","inLanguage":"pt-PT","@id":"https:\/\/portaltela.pt\/noticias\/2026\/04\/12\/vedat-muriqi-atacante-em-vias-de-extincao\/#primaryimage","url":"https:\/\/portaltela.pt\/s.01k8rhncp4jt1\/2026\/04\/2080838.jpg","contentUrl":"https:\/\/portaltela.pt\/s.01k8rhncp4jt1\/2026\/04\/2080838.jpg","width":796,"height":448,"caption":"Muriqi, o \"Pirata\", a celebrar um golo ao lado do portugu\u00eas Samu Costa"},{"@type":"BreadcrumbList","@id":"https:\/\/portaltela.pt\/noticias\/2026\/04\/12\/vedat-muriqi-atacante-em-vias-de-extincao\/#breadcrumb","itemListElement":[{"@type":"ListItem","position":1,"name":"In\u00edcio","item":"https:\/\/portaltela.pt\/"},{"@type":"ListItem","position":2,"name":"Vedat Muriqi, atacante em vias de extin\u00e7\u00e3o"}]},{"@type":"WebSite","@id":"https:\/\/portaltela.pt\/#website","url":"https:\/\/portaltela.pt\/","name":"Portal Tela Portugal","description":"","potentialAction":[{"@type":"SearchAction","target":{"@type":"EntryPoint","urlTemplate":"https:\/\/portaltela.pt\/?s={search_term_string}"},"query-input":{"@type":"PropertyValueSpecification","valueRequired":true,"valueName":"search_term_string"}}],"inLanguage":"pt-PT"},{"@type":"Person","@id":"https:\/\/portaltela.pt\/#\/schema\/person\/c4278d4a6028830caff9ee44b42d32ed","name":"Telinha","image":{"@type":"ImageObject","inLanguage":"pt-PT","@id":"https:\/\/portaltela.pt\/s.01k8rhncp4jt1\/2025\/11\/talking-bot-125x125.png","url":"https:\/\/portaltela.pt\/s.01k8rhncp4jt1\/2025\/11\/talking-bot-125x125.png","contentUrl":"https:\/\/portaltela.pt\/s.01k8rhncp4jt1\/2025\/11\/talking-bot-125x125.png","caption":"Telinha"},"sameAs":["https:\/\/portaltela.pt\/"],"url":"https:\/\/portaltela.pt\/por\/367410592786\/"}]}},"_links":{"self":[{"href":"https:\/\/portaltela.pt\/api\/wp\/v2\/posts\/441710","targetHints":{"allow":["GET"]}}],"collection":[{"href":"https:\/\/portaltela.pt\/api\/wp\/v2\/posts"}],"about":[{"href":"https:\/\/portaltela.pt\/api\/wp\/v2\/types\/post"}],"author":[{"embeddable":true,"href":"https:\/\/portaltela.pt\/api\/wp\/v2\/users\/2"}],"replies":[{"embeddable":true,"href":"https:\/\/portaltela.pt\/api\/wp\/v2\/comments?post=441710"}],"version-history":[{"count":0,"href":"https:\/\/portaltela.pt\/api\/wp\/v2\/posts\/441710\/revisions"}],"wp:featuredmedia":[{"embeddable":true,"href":"https:\/\/portaltela.pt\/api\/wp\/v2\/media\/441720"}],"wp:attachment":[{"href":"https:\/\/portaltela.pt\/api\/wp\/v2\/media?parent=441710"}],"wp:term":[{"taxonomy":"category","embeddable":true,"href":"https:\/\/portaltela.pt\/api\/wp\/v2\/categories?post=441710"},{"taxonomy":"post_tag","embeddable":true,"href":"https:\/\/portaltela.pt\/api\/wp\/v2\/tags?post=441710"}],"curies":[{"name":"wp","href":"https:\/\/api.w.org\/{rel}","templated":true}]}}