{"id":441701,"date":"2026-04-12T16:32:10","date_gmt":"2026-04-12T19:32:10","guid":{"rendered":"https:\/\/portaltela.pt\/noticias\/2026\/04\/12\/luis-montenegro-e-capitao-em-jogo-solidario\/"},"modified":"2026-04-12T16:32:10","modified_gmt":"2026-04-12T19:32:10","slug":"luis-montenegro-e-capitao-em-jogo-solidario","status":"publish","type":"post","link":"https:\/\/portaltela.pt\/desporto\/futebol\/2026\/04\/12\/luis-montenegro-e-capitao-em-jogo-solidario\/","title":{"rendered":"Lu\u00eds Montenegro \u00e9 capit\u00e3o em jogo solid\u00e1rio"},"content":{"rendered":"<p>O primeiro-ministro Lu\u00eds Montenegro participou num jogo solid\u00e1rio de futsal em Santo Tirso, onde usou a bra\u00e7adeira de capit\u00e3o. A iniciativa assinala o 50.\u00ba anivers\u00e1rio da Associa\u00e7\u00e3o Recreativa do Areal e visa angariar apoio para a associa\u00e7\u00e3o Dar ASAS \u00c0 Vida, que atua junto de fam\u00edlias em situa\u00e7\u00e3o de vulnerabilidade.<\/p>\n<p>A partida reuniu v\u00e1rias estrelas do futebol portugu\u00eas, como Pepe, Bruno Alves, Ukra, H\u00e9lder Barbosa, Rui Barros e Frasco. Tamb\u00e9m marcaram presen\u00e7a figuras p\u00fablicas de outras \u00e1reas, incluindo o m\u00fasico Z\u00e9 Amaro e Tino de Rans, ex-presidente da Junta de Freguesia de Rans.<\/p>\n<p>O evento mobilizou a comunidade local, com muitos residentes a acompanhar as jogadas dos amigos da associa\u00e7\u00e3o e das equipas formadas por figuras p\u00fablicas. No terreno, o encontro serviu para promover o esp\u00edrito de uni\u00e3o e solidariedade.<\/p>\n<h3>Participantes e objetivo solid\u00e1rio<\/h3>\n<p>Entre os intervenientes estiveram ex-jogadores, atletas em atividade e membros da Associa\u00e7\u00e3o Recreativa do Areal. A iniciativa destacou-se pela aposta na inclus\u00e3o social atrav\u00e9s do desporto, refor\u00e7ando o papel das institui\u00e7\u00f5es locais na dinamiza\u00e7\u00e3o comunit\u00e1ria.<\/p>\n<p>Montenegro sublinhou, em discurso breve, o valor do associativismo como ferramenta de coes\u00e3o social. O primeiro-ministro refor\u00e7ou a relev\u00e2ncia de apoiar causas que atendem fam\u00edlias em situa\u00e7\u00e3o de vulnerabilidade.<\/p>\n","protected":false},"excerpt":{"rendered":"<ul>\n<li>O primeiro-ministro Lu\u00eds Montenegro participou num jogo solid\u00e1rio de futsal em Santo Tirso, vestindo a bra\u00e7adeira de capit\u00e3o, em honra do 50.\u00ba anivers\u00e1rio da Associa\u00e7\u00e3o Recreativa do Areal.<\/li>\n<li>A iniciativa visa angariar apoio para a associa\u00e7\u00e3o Dar ASAS \u00c0 Vida, que trabalha na \u00e1rea social e de apoio a fam\u00edlias em situa\u00e7\u00e3o de vulnerabilidade.<\/li>\n<li>O evento contou com v\u00e1rias figuras p\u00fablicas, incluindo ex-internacionais portugueses como Pepe, Bruno Alves, Ukra, H\u00e9lder Barbosa, Rui Barros e Frasco, al\u00e9m de personalidades de outras \u00e1reas, como Z\u00e9 Amaro e Tino de Rans.<\/li>\n<li>O encontro reuniu dezenas de participantes e atraiu a presen\u00e7a da comunidade local, promovendo um ambiente de conv\u00edvio entre equipas formadas por figuras p\u00fablicas, antigos atletas e membros da associa\u00e7\u00e3o.<\/li>\n<li>Montenegro real\u00e7ou a import\u00e2ncia do associativismo e do desporto como instrumentos de inclus\u00e3o social, destacando o papel das institui\u00e7\u00f5es locais na dinamiza\u00e7\u00e3o das comunidades e no apoio a causas solid\u00e1rias.<\/li>\n<\/ul>\n","protected":false},"author":2,"featured_media":441704,"comment_status":"closed","ping_status":"closed","sticky":false,"template":"","format":"standard","meta":{"footnotes":""},"categories":[21,24],"tags":[7902,7755,1084,3035,2832,1146],"class_list":["post-441701","post","type-post","status-publish","format-standard","has-post-thumbnail","hentry","category-desporto","category-futebol","tag-_desporto","tag-_futebol","tag-acao-social","tag-comunidade","tag-politica","tag-santo-tirso"],"yoast_head":"<!-- This site is optimized with the Yoast SEO plugin v27.2 - https:\/\/yoast.com\/product\/yoast-seo-wordpress\/ -->\n<title>Lu\u00eds Montenegro \u00e9 capit\u00e3o em jogo solid\u00e1rio - Portal Tela Portugal<\/title>\n<meta name=\"robots\" content=\"index, follow, max-snippet:-1, max-image-preview:large, max-video-preview:-1\" \/>\n<meta property=\"og:locale\" content=\"pt_PT\" \/>\n<meta property=\"og:type\" content=\"article\" \/>\n<meta property=\"og:title\" content=\"Lu\u00eds Montenegro \u00e9 capit\u00e3o em jogo solid\u00e1rio - Portal Tela Portugal\" \/>\n<meta property=\"og:description\" content=\"O primeiro-ministro Lu\u00eds Montenegro participou num jogo solid\u00e1rio de futsal em Santo Tirso, vestindo a bra\u00e7adeira de capit\u00e3o, em honra do 50.\u00ba anivers\u00e1rio da Associa\u00e7\u00e3o Recreativa do Areal. A iniciativa visa angariar apoio para a associa\u00e7\u00e3o Dar ASAS \u00c0 Vida, que trabalha na \u00e1rea social e de apoio a fam\u00edlias em situa\u00e7\u00e3o de vulnerabilidade. O evento contou com v\u00e1rias figuras p\u00fablicas, incluindo ex-internacionais portugueses como Pepe, Bruno Alves, Ukra, H\u00e9lder Barbosa, Rui Barros e Frasco, al\u00e9m de personalidades de outras \u00e1reas, como Z\u00e9 Amaro e Tino de Rans. O encontro reuniu dezenas de participantes e atraiu a presen\u00e7a da comunidade local, promovendo um ambiente de conv\u00edvio entre equipas formadas por figuras p\u00fablicas, antigos atletas e membros da associa\u00e7\u00e3o. Montenegro real\u00e7ou a import\u00e2ncia do associativismo e do desporto como instrumentos de inclus\u00e3o social, destacando o papel das institui\u00e7\u00f5es locais na dinamiza\u00e7\u00e3o das comunidades e no apoio a causas solid\u00e1rias.\" \/>\n<meta property=\"og:url\" content=\"https:\/\/portaltela.pt\/noticias\/2026\/04\/12\/luis-montenegro-e-capitao-em-jogo-solidario\/\" \/>\n<meta property=\"og:site_name\" content=\"Portal Tela Portugal\" \/>\n<meta property=\"article:published_time\" content=\"2026-04-12T19:32:10+00:00\" \/>\n<meta name=\"author\" content=\"Telinha\" \/>\n<meta name=\"twitter:card\" content=\"summary_large_image\" \/>\n<meta name=\"twitter:label1\" content=\"Escrito por\" \/>\n\t<meta name=\"twitter:data1\" content=\"Telinha\" \/>\n\t<meta name=\"twitter:label2\" content=\"Tempo estimado de leitura\" \/>\n\t<meta name=\"twitter:data2\" content=\"1 minuto\" \/>\n<script type=\"application\/ld+json\" class=\"yoast-schema-graph\">{\"@context\":\"https:\/\/schema.org\",\"@graph\":[{\"@type\":\"Article\",\"@id\":\"https:\/\/portaltela.pt\/noticias\/2026\/04\/12\/luis-montenegro-e-capitao-em-jogo-solidario\/#article\",\"isPartOf\":{\"@id\":\"https:\/\/portaltela.pt\/noticias\/2026\/04\/12\/luis-montenegro-e-capitao-em-jogo-solidario\/\"},\"author\":{\"name\":\"Telinha\",\"@id\":\"https:\/\/portaltela.pt\/#\/schema\/person\/c4278d4a6028830caff9ee44b42d32ed\"},\"headline\":\"Lu\u00eds Montenegro \u00e9 capit\u00e3o em jogo solid\u00e1rio\",\"datePublished\":\"2026-04-12T19:32:10+00:00\",\"mainEntityOfPage\":{\"@id\":\"https:\/\/portaltela.pt\/noticias\/2026\/04\/12\/luis-montenegro-e-capitao-em-jogo-solidario\/\"},\"wordCount\":238,\"image\":{\"@id\":\"https:\/\/portaltela.pt\/noticias\/2026\/04\/12\/luis-montenegro-e-capitao-em-jogo-solidario\/#primaryimage\"},\"thumbnailUrl\":\"https:\/\/portaltela.pt\/s.01k8rhncp4jt1\/2026\/04\/img_1280x718uu2026-04-07-12-46-24-2277034.jpg\",\"keywords\":[\"_desporto\",\"_futebol\",\"A\u00e7\u00e3o Social\",\"comunidade\",\"pol\u00edtica\",\"Santo Tirso\"],\"articleSection\":[\"Desporto\",\"Futebol\"],\"inLanguage\":\"pt-PT\"},{\"@type\":\"WebPage\",\"@id\":\"https:\/\/portaltela.pt\/noticias\/2026\/04\/12\/luis-montenegro-e-capitao-em-jogo-solidario\/\",\"url\":\"https:\/\/portaltela.pt\/noticias\/2026\/04\/12\/luis-montenegro-e-capitao-em-jogo-solidario\/\",\"name\":\"Lu\u00eds Montenegro \u00e9 capit\u00e3o em jogo solid\u00e1rio - Portal Tela Portugal\",\"isPartOf\":{\"@id\":\"https:\/\/portaltela.pt\/#website\"},\"primaryImageOfPage\":{\"@id\":\"https:\/\/portaltela.pt\/noticias\/2026\/04\/12\/luis-montenegro-e-capitao-em-jogo-solidario\/#primaryimage\"},\"image\":{\"@id\":\"https:\/\/portaltela.pt\/noticias\/2026\/04\/12\/luis-montenegro-e-capitao-em-jogo-solidario\/#primaryimage\"},\"thumbnailUrl\":\"https:\/\/portaltela.pt\/s.01k8rhncp4jt1\/2026\/04\/img_1280x718uu2026-04-07-12-46-24-2277034.jpg\",\"datePublished\":\"2026-04-12T19:32:10+00:00\",\"author\":{\"@id\":\"https:\/\/portaltela.pt\/#\/schema\/person\/c4278d4a6028830caff9ee44b42d32ed\"},\"breadcrumb\":{\"@id\":\"https:\/\/portaltela.pt\/noticias\/2026\/04\/12\/luis-montenegro-e-capitao-em-jogo-solidario\/#breadcrumb\"},\"inLanguage\":\"pt-PT\",\"potentialAction\":[{\"@type\":\"ReadAction\",\"target\":[\"https:\/\/portaltela.pt\/noticias\/2026\/04\/12\/luis-montenegro-e-capitao-em-jogo-solidario\/\"]}]},{\"@type\":\"ImageObject\",\"inLanguage\":\"pt-PT\",\"@id\":\"https:\/\/portaltela.pt\/noticias\/2026\/04\/12\/luis-montenegro-e-capitao-em-jogo-solidario\/#primaryimage\",\"url\":\"https:\/\/portaltela.pt\/s.01k8rhncp4jt1\/2026\/04\/img_1280x718uu2026-04-07-12-46-24-2277034.jpg\",\"contentUrl\":\"https:\/\/portaltela.pt\/s.01k8rhncp4jt1\/2026\/04\/img_1280x718uu2026-04-07-12-46-24-2277034.jpg\",\"width\":796,\"height\":448,\"caption\":\"Primeiro-ministro disputou jogo solid\u00e1rio\"},{\"@type\":\"BreadcrumbList\",\"@id\":\"https:\/\/portaltela.pt\/noticias\/2026\/04\/12\/luis-montenegro-e-capitao-em-jogo-solidario\/#breadcrumb\",\"itemListElement\":[{\"@type\":\"ListItem\",\"position\":1,\"name\":\"In\u00edcio\",\"item\":\"https:\/\/portaltela.pt\/\"},{\"@type\":\"ListItem\",\"position\":2,\"name\":\"Lu\u00eds Montenegro \u00e9 capit\u00e3o em jogo solid\u00e1rio\"}]},{\"@type\":\"WebSite\",\"@id\":\"https:\/\/portaltela.pt\/#website\",\"url\":\"https:\/\/portaltela.pt\/\",\"name\":\"Portal Tela Portugal\",\"description\":\"\",\"potentialAction\":[{\"@type\":\"SearchAction\",\"target\":{\"@type\":\"EntryPoint\",\"urlTemplate\":\"https:\/\/portaltela.pt\/?s={search_term_string}\"},\"query-input\":{\"@type\":\"PropertyValueSpecification\",\"valueRequired\":true,\"valueName\":\"search_term_string\"}}],\"inLanguage\":\"pt-PT\"},{\"@type\":\"Person\",\"@id\":\"https:\/\/portaltela.pt\/#\/schema\/person\/c4278d4a6028830caff9ee44b42d32ed\",\"name\":\"Telinha\",\"image\":{\"@type\":\"ImageObject\",\"inLanguage\":\"pt-PT\",\"@id\":\"https:\/\/portaltela.pt\/s.01k8rhncp4jt1\/2025\/11\/talking-bot-125x125.png\",\"url\":\"https:\/\/portaltela.pt\/s.01k8rhncp4jt1\/2025\/11\/talking-bot-125x125.png\",\"contentUrl\":\"https:\/\/portaltela.pt\/s.01k8rhncp4jt1\/2025\/11\/talking-bot-125x125.png\",\"caption\":\"Telinha\"},\"sameAs\":[\"https:\/\/portaltela.pt\/\"],\"url\":\"https:\/\/portaltela.pt\/por\/367410592786\/\"}]}<\/script>\n<!-- \/ Yoast SEO plugin. -->","yoast_head_json":{"title":"Lu\u00eds Montenegro \u00e9 capit\u00e3o em jogo solid\u00e1rio - Portal Tela Portugal","robots":{"index":"index","follow":"follow","max-snippet":"max-snippet:-1","max-image-preview":"max-image-preview:large","max-video-preview":"max-video-preview:-1"},"og_locale":"pt_PT","og_type":"article","og_title":"Lu\u00eds Montenegro \u00e9 capit\u00e3o em jogo solid\u00e1rio - Portal Tela Portugal","og_description":"O primeiro-ministro Lu\u00eds Montenegro participou num jogo solid\u00e1rio de futsal em Santo Tirso, vestindo a bra\u00e7adeira de capit\u00e3o, em honra do 50.\u00ba anivers\u00e1rio da Associa\u00e7\u00e3o Recreativa do Areal. A iniciativa visa angariar apoio para a associa\u00e7\u00e3o Dar ASAS \u00c0 Vida, que trabalha na \u00e1rea social e de apoio a fam\u00edlias em situa\u00e7\u00e3o de vulnerabilidade. O evento contou com v\u00e1rias figuras p\u00fablicas, incluindo ex-internacionais portugueses como Pepe, Bruno Alves, Ukra, H\u00e9lder Barbosa, Rui Barros e Frasco, al\u00e9m de personalidades de outras \u00e1reas, como Z\u00e9 Amaro e Tino de Rans. O encontro reuniu dezenas de participantes e atraiu a presen\u00e7a da comunidade local, promovendo um ambiente de conv\u00edvio entre equipas formadas por figuras p\u00fablicas, antigos atletas e membros da associa\u00e7\u00e3o. Montenegro real\u00e7ou a import\u00e2ncia do associativismo e do desporto como instrumentos de inclus\u00e3o social, destacando o papel das institui\u00e7\u00f5es locais na dinamiza\u00e7\u00e3o das comunidades e no apoio a causas solid\u00e1rias.","og_url":"https:\/\/portaltela.pt\/noticias\/2026\/04\/12\/luis-montenegro-e-capitao-em-jogo-solidario\/","og_site_name":"Portal Tela Portugal","article_published_time":"2026-04-12T19:32:10+00:00","author":"Telinha","twitter_card":"summary_large_image","twitter_misc":{"Escrito por":"Telinha","Tempo estimado de leitura":"1 minuto"},"schema":{"@context":"https:\/\/schema.org","@graph":[{"@type":"Article","@id":"https:\/\/portaltela.pt\/noticias\/2026\/04\/12\/luis-montenegro-e-capitao-em-jogo-solidario\/#article","isPartOf":{"@id":"https:\/\/portaltela.pt\/noticias\/2026\/04\/12\/luis-montenegro-e-capitao-em-jogo-solidario\/"},"author":{"name":"Telinha","@id":"https:\/\/portaltela.pt\/#\/schema\/person\/c4278d4a6028830caff9ee44b42d32ed"},"headline":"Lu\u00eds Montenegro \u00e9 capit\u00e3o em jogo solid\u00e1rio","datePublished":"2026-04-12T19:32:10+00:00","mainEntityOfPage":{"@id":"https:\/\/portaltela.pt\/noticias\/2026\/04\/12\/luis-montenegro-e-capitao-em-jogo-solidario\/"},"wordCount":238,"image":{"@id":"https:\/\/portaltela.pt\/noticias\/2026\/04\/12\/luis-montenegro-e-capitao-em-jogo-solidario\/#primaryimage"},"thumbnailUrl":"https:\/\/portaltela.pt\/s.01k8rhncp4jt1\/2026\/04\/img_1280x718uu2026-04-07-12-46-24-2277034.jpg","keywords":["_desporto","_futebol","A\u00e7\u00e3o Social","comunidade","pol\u00edtica","Santo Tirso"],"articleSection":["Desporto","Futebol"],"inLanguage":"pt-PT"},{"@type":"WebPage","@id":"https:\/\/portaltela.pt\/noticias\/2026\/04\/12\/luis-montenegro-e-capitao-em-jogo-solidario\/","url":"https:\/\/portaltela.pt\/noticias\/2026\/04\/12\/luis-montenegro-e-capitao-em-jogo-solidario\/","name":"Lu\u00eds Montenegro \u00e9 capit\u00e3o em jogo solid\u00e1rio - Portal Tela Portugal","isPartOf":{"@id":"https:\/\/portaltela.pt\/#website"},"primaryImageOfPage":{"@id":"https:\/\/portaltela.pt\/noticias\/2026\/04\/12\/luis-montenegro-e-capitao-em-jogo-solidario\/#primaryimage"},"image":{"@id":"https:\/\/portaltela.pt\/noticias\/2026\/04\/12\/luis-montenegro-e-capitao-em-jogo-solidario\/#primaryimage"},"thumbnailUrl":"https:\/\/portaltela.pt\/s.01k8rhncp4jt1\/2026\/04\/img_1280x718uu2026-04-07-12-46-24-2277034.jpg","datePublished":"2026-04-12T19:32:10+00:00","author":{"@id":"https:\/\/portaltela.pt\/#\/schema\/person\/c4278d4a6028830caff9ee44b42d32ed"},"breadcrumb":{"@id":"https:\/\/portaltela.pt\/noticias\/2026\/04\/12\/luis-montenegro-e-capitao-em-jogo-solidario\/#breadcrumb"},"inLanguage":"pt-PT","potentialAction":[{"@type":"ReadAction","target":["https:\/\/portaltela.pt\/noticias\/2026\/04\/12\/luis-montenegro-e-capitao-em-jogo-solidario\/"]}]},{"@type":"ImageObject","inLanguage":"pt-PT","@id":"https:\/\/portaltela.pt\/noticias\/2026\/04\/12\/luis-montenegro-e-capitao-em-jogo-solidario\/#primaryimage","url":"https:\/\/portaltela.pt\/s.01k8rhncp4jt1\/2026\/04\/img_1280x718uu2026-04-07-12-46-24-2277034.jpg","contentUrl":"https:\/\/portaltela.pt\/s.01k8rhncp4jt1\/2026\/04\/img_1280x718uu2026-04-07-12-46-24-2277034.jpg","width":796,"height":448,"caption":"Primeiro-ministro disputou jogo solid\u00e1rio"},{"@type":"BreadcrumbList","@id":"https:\/\/portaltela.pt\/noticias\/2026\/04\/12\/luis-montenegro-e-capitao-em-jogo-solidario\/#breadcrumb","itemListElement":[{"@type":"ListItem","position":1,"name":"In\u00edcio","item":"https:\/\/portaltela.pt\/"},{"@type":"ListItem","position":2,"name":"Lu\u00eds Montenegro \u00e9 capit\u00e3o em jogo solid\u00e1rio"}]},{"@type":"WebSite","@id":"https:\/\/portaltela.pt\/#website","url":"https:\/\/portaltela.pt\/","name":"Portal Tela Portugal","description":"","potentialAction":[{"@type":"SearchAction","target":{"@type":"EntryPoint","urlTemplate":"https:\/\/portaltela.pt\/?s={search_term_string}"},"query-input":{"@type":"PropertyValueSpecification","valueRequired":true,"valueName":"search_term_string"}}],"inLanguage":"pt-PT"},{"@type":"Person","@id":"https:\/\/portaltela.pt\/#\/schema\/person\/c4278d4a6028830caff9ee44b42d32ed","name":"Telinha","image":{"@type":"ImageObject","inLanguage":"pt-PT","@id":"https:\/\/portaltela.pt\/s.01k8rhncp4jt1\/2025\/11\/talking-bot-125x125.png","url":"https:\/\/portaltela.pt\/s.01k8rhncp4jt1\/2025\/11\/talking-bot-125x125.png","contentUrl":"https:\/\/portaltela.pt\/s.01k8rhncp4jt1\/2025\/11\/talking-bot-125x125.png","caption":"Telinha"},"sameAs":["https:\/\/portaltela.pt\/"],"url":"https:\/\/portaltela.pt\/por\/367410592786\/"}]}},"_links":{"self":[{"href":"https:\/\/portaltela.pt\/api\/wp\/v2\/posts\/441701","targetHints":{"allow":["GET"]}}],"collection":[{"href":"https:\/\/portaltela.pt\/api\/wp\/v2\/posts"}],"about":[{"href":"https:\/\/portaltela.pt\/api\/wp\/v2\/types\/post"}],"author":[{"embeddable":true,"href":"https:\/\/portaltela.pt\/api\/wp\/v2\/users\/2"}],"replies":[{"embeddable":true,"href":"https:\/\/portaltela.pt\/api\/wp\/v2\/comments?post=441701"}],"version-history":[{"count":0,"href":"https:\/\/portaltela.pt\/api\/wp\/v2\/posts\/441701\/revisions"}],"wp:featuredmedia":[{"embeddable":true,"href":"https:\/\/portaltela.pt\/api\/wp\/v2\/media\/441704"}],"wp:attachment":[{"href":"https:\/\/portaltela.pt\/api\/wp\/v2\/media?parent=441701"}],"wp:term":[{"taxonomy":"category","embeddable":true,"href":"https:\/\/portaltela.pt\/api\/wp\/v2\/categories?post=441701"},{"taxonomy":"post_tag","embeddable":true,"href":"https:\/\/portaltela.pt\/api\/wp\/v2\/tags?post=441701"}],"curies":[{"name":"wp","href":"https:\/\/api.w.org\/{rel}","templated":true}]}}