{"id":441614,"date":"2026-04-12T14:38:00","date_gmt":"2026-04-12T17:38:00","guid":{"rendered":"https:\/\/portaltela.pt\/noticias\/2026\/04\/12\/van-aert-vence-paris-roubaix-apos-ultrapassar-pogacar\/"},"modified":"2026-04-12T14:38:00","modified_gmt":"2026-04-12T17:38:00","slug":"van-aert-vence-paris-roubaix-apos-ultrapassar-pogacar","status":"publish","type":"post","link":"https:\/\/portaltela.pt\/desporto\/futebol\/2026\/04\/12\/van-aert-vence-paris-roubaix-apos-ultrapassar-pogacar\/","title":{"rendered":"Van Aert vence Paris-Roubaix ap\u00f3s ultrapassar Poga\u010dar"},"content":{"rendered":"<p>Wout van Aert venceu a Paris-Roubaix, superando Tadej Pogacar na 123.\u00aa edi\u00e7\u00e3o da cl\u00e1ssica francesa, disputada neste domingo entre Compi\u00e8gne e Roubaix. A corrida, marcada por azares e quedas, terminou no Vel\u00f3dromo de Roubaix com o belga da Visma-Lease a subir ao topo do p\u00f3dio ap\u00f3s 5h16m52s de prova.<\/p>\n<p>A persegui\u00e7\u00e3o entre Van Aert e Pogacar manteve-se acesa at\u00e9 aos \u00faltimos quil\u00f3metros. O belga conseguiu impor-se no sprint final, enquanto Pogacar ficou a 13 segundos do vencedor. Jasper Stuyven completou o p\u00f3dio a 13 segundos do segundo, com Mathieu van der Poel em quarto lugar, a 15 segundos.<\/p>\n<p>Durante a corrida, os ataques estiveram presentes desde cedo, mas n\u00e3o resultaram em fuga consolidada. O vento contribuiu para a separa\u00e7\u00e3o do pelot\u00e3o a 190 quil\u00f3metros da meta. Van Aert enfrentou problemas mec\u00e2nicos e trocas de bicicleta ao longo da prova, sendo ajudado por equipas que lhe deram apoio na fase decisiva.<\/p>\n<p>Van Aert conquistou o seu segundo Monumento, j\u00e1 tendo vencido a Mil\u00e3o-San Remo em 2020, e dedicou a vit\u00f3ria \u00e0 mem\u00f3ria do colega Michael Goolaerts, falecido em 2018 na prova. Pogacar, que busca tornar-se no quarto ciclista a vencer os cinco Monumentos, terminou sem conseguir o objetivo.<\/p>\n<p>A edi\u00e7\u00e3o deste ano ficou marcada pela dificuldade extrema para os favoritos, com v\u00e1rios contratempos mec\u00e2nicos a afetar nomes de relevo, incluindo Van der Poel, que acabou por abandonar ap\u00f3s uma sequ\u00eancia de percal\u00e7os perto do Arenberg. A prova teve v\u00e1rias mudan\u00e7as de bicicleta ao longo do percurso antes do desfecho no Vel\u00f3dromo.<\/p>\n","protected":false},"excerpt":{"rendered":"<ul>\n<li>Wout van Aert venceu a Paris-Roubaix de 258,3 quil\u00f3metros entre Compi\u00e8gne e o Vel\u00f3dromo de Roubaix, deixando Tadej Pogacar a 5:16:52 horas na linha de meta.<\/li>\n<li>Pogacar tentou tornar-se o quarto ciclista a conquistar os cinco Monumentos, mas falhou diante do belga da Visma-Lease a Bike.<\/li>\n<li>O terceiro lugar ficou para Jasper Stuyven; Mathieu van der Poel, tricampe\u00e3o da prova, ficou em quarto depois de uma recupera\u00e7\u00e3o \u00e9pica.<\/li>\n<li>A edi\u00e7\u00e3o foi marcada por v\u00e1rios azares nos favoritos, com furos e mudan\u00e7as de bicicleta que dificultaram Pogacar e Van der Poel.<\/li>\n<li>Van Aert dedicou a vit\u00f3ria ao colega falecido Michael Goolaerts, apontando que vencer esta corrida era o objetivo desde o seu debut, em 2018.<\/li>\n<\/ul>\n","protected":false},"author":2,"featured_media":441615,"comment_status":"closed","ping_status":"closed","sticky":false,"template":"","format":"standard","meta":{"footnotes":""},"categories":[21,24],"tags":[7902,923,3504,152,7783,4782],"class_list":["post-441614","post","type-post","status-publish","format-standard","has-post-thumbnail","hentry","category-desporto","category-futebol","tag-_desporto","tag-ciclismo","tag-corridas","tag-desporto","tag-van-der-poel","tag-vento"],"yoast_head":"<!-- This site is optimized with the Yoast SEO plugin v27.2 - https:\/\/yoast.com\/product\/yoast-seo-wordpress\/ -->\n<title>Van Aert vence Paris-Roubaix ap\u00f3s ultrapassar Poga\u010dar - Portal Tela Portugal<\/title>\n<meta name=\"robots\" content=\"index, follow, max-snippet:-1, max-image-preview:large, max-video-preview:-1\" \/>\n<meta property=\"og:locale\" content=\"pt_PT\" \/>\n<meta property=\"og:type\" content=\"article\" \/>\n<meta property=\"og:title\" content=\"Van Aert vence Paris-Roubaix ap\u00f3s ultrapassar Poga\u010dar - Portal Tela Portugal\" \/>\n<meta property=\"og:description\" content=\"Wout van Aert venceu a Paris-Roubaix de 258,3 quil\u00f3metros entre Compi\u00e8gne e o Vel\u00f3dromo de Roubaix, deixando Tadej Pogacar a 5:16:52 horas na linha de meta. Pogacar tentou tornar-se o quarto ciclista a conquistar os cinco Monumentos, mas falhou diante do belga da Visma-Lease a Bike. O terceiro lugar ficou para Jasper Stuyven; Mathieu van der Poel, tricampe\u00e3o da prova, ficou em quarto depois de uma recupera\u00e7\u00e3o \u00e9pica. A edi\u00e7\u00e3o foi marcada por v\u00e1rios azares nos favoritos, com furos e mudan\u00e7as de bicicleta que dificultaram Pogacar e Van der Poel. Van Aert dedicou a vit\u00f3ria ao colega falecido Michael Goolaerts, apontando que vencer esta corrida era o objetivo desde o seu debut, em 2018.\" \/>\n<meta property=\"og:url\" content=\"https:\/\/portaltela.pt\/noticias\/2026\/04\/12\/van-aert-vence-paris-roubaix-apos-ultrapassar-pogacar\/\" \/>\n<meta property=\"og:site_name\" content=\"Portal Tela Portugal\" \/>\n<meta property=\"article:published_time\" content=\"2026-04-12T17:38:00+00:00\" \/>\n<meta name=\"author\" content=\"Telinha\" \/>\n<meta name=\"twitter:card\" content=\"summary_large_image\" \/>\n<meta name=\"twitter:label1\" content=\"Escrito por\" \/>\n\t<meta name=\"twitter:data1\" content=\"Telinha\" \/>\n\t<meta name=\"twitter:label2\" content=\"Tempo estimado de leitura\" \/>\n\t<meta name=\"twitter:data2\" content=\"1 minuto\" \/>\n<script type=\"application\/ld+json\" class=\"yoast-schema-graph\">{\"@context\":\"https:\/\/schema.org\",\"@graph\":[{\"@type\":\"Article\",\"@id\":\"https:\/\/portaltela.pt\/noticias\/2026\/04\/12\/van-aert-vence-paris-roubaix-apos-ultrapassar-pogacar\/#article\",\"isPartOf\":{\"@id\":\"https:\/\/portaltela.pt\/noticias\/2026\/04\/12\/van-aert-vence-paris-roubaix-apos-ultrapassar-pogacar\/\"},\"author\":{\"name\":\"Telinha\",\"@id\":\"https:\/\/portaltela.pt\/#\/schema\/person\/c4278d4a6028830caff9ee44b42d32ed\"},\"headline\":\"Van Aert vence Paris-Roubaix ap\u00f3s ultrapassar Poga\u010dar\",\"datePublished\":\"2026-04-12T17:38:00+00:00\",\"mainEntityOfPage\":{\"@id\":\"https:\/\/portaltela.pt\/noticias\/2026\/04\/12\/van-aert-vence-paris-roubaix-apos-ultrapassar-pogacar\/\"},\"wordCount\":279,\"image\":{\"@id\":\"https:\/\/portaltela.pt\/noticias\/2026\/04\/12\/van-aert-vence-paris-roubaix-apos-ultrapassar-pogacar\/#primaryimage\"},\"thumbnailUrl\":\"https:\/\/portaltela.pt\/s.01k8rhncp4jt1\/2026\/04\/image-712.jpg\",\"keywords\":[\"_desporto\",\"ciclismo\",\"corridas\",\"desporto\",\"Van der Poel\",\"vento\"],\"articleSection\":[\"Desporto\",\"Futebol\"],\"inLanguage\":\"pt-PT\"},{\"@type\":\"WebPage\",\"@id\":\"https:\/\/portaltela.pt\/noticias\/2026\/04\/12\/van-aert-vence-paris-roubaix-apos-ultrapassar-pogacar\/\",\"url\":\"https:\/\/portaltela.pt\/noticias\/2026\/04\/12\/van-aert-vence-paris-roubaix-apos-ultrapassar-pogacar\/\",\"name\":\"Van Aert vence Paris-Roubaix ap\u00f3s ultrapassar Poga\u010dar - Portal Tela Portugal\",\"isPartOf\":{\"@id\":\"https:\/\/portaltela.pt\/#website\"},\"primaryImageOfPage\":{\"@id\":\"https:\/\/portaltela.pt\/noticias\/2026\/04\/12\/van-aert-vence-paris-roubaix-apos-ultrapassar-pogacar\/#primaryimage\"},\"image\":{\"@id\":\"https:\/\/portaltela.pt\/noticias\/2026\/04\/12\/van-aert-vence-paris-roubaix-apos-ultrapassar-pogacar\/#primaryimage\"},\"thumbnailUrl\":\"https:\/\/portaltela.pt\/s.01k8rhncp4jt1\/2026\/04\/image-712.jpg\",\"datePublished\":\"2026-04-12T17:38:00+00:00\",\"author\":{\"@id\":\"https:\/\/portaltela.pt\/#\/schema\/person\/c4278d4a6028830caff9ee44b42d32ed\"},\"breadcrumb\":{\"@id\":\"https:\/\/portaltela.pt\/noticias\/2026\/04\/12\/van-aert-vence-paris-roubaix-apos-ultrapassar-pogacar\/#breadcrumb\"},\"inLanguage\":\"pt-PT\",\"potentialAction\":[{\"@type\":\"ReadAction\",\"target\":[\"https:\/\/portaltela.pt\/noticias\/2026\/04\/12\/van-aert-vence-paris-roubaix-apos-ultrapassar-pogacar\/\"]}]},{\"@type\":\"ImageObject\",\"inLanguage\":\"pt-PT\",\"@id\":\"https:\/\/portaltela.pt\/noticias\/2026\/04\/12\/van-aert-vence-paris-roubaix-apos-ultrapassar-pogacar\/#primaryimage\",\"url\":\"https:\/\/portaltela.pt\/s.01k8rhncp4jt1\/2026\/04\/image-712.jpg\",\"contentUrl\":\"https:\/\/portaltela.pt\/s.01k8rhncp4jt1\/2026\/04\/image-712.jpg\",\"width\":796,\"height\":448,\"caption\":\"\\\"Isto significa tudo para mim\\\", disse o ciclista, visivelmente emocionado\"},{\"@type\":\"BreadcrumbList\",\"@id\":\"https:\/\/portaltela.pt\/noticias\/2026\/04\/12\/van-aert-vence-paris-roubaix-apos-ultrapassar-pogacar\/#breadcrumb\",\"itemListElement\":[{\"@type\":\"ListItem\",\"position\":1,\"name\":\"In\u00edcio\",\"item\":\"https:\/\/portaltela.pt\/\"},{\"@type\":\"ListItem\",\"position\":2,\"name\":\"Van Aert vence Paris-Roubaix ap\u00f3s ultrapassar Poga\u010dar\"}]},{\"@type\":\"WebSite\",\"@id\":\"https:\/\/portaltela.pt\/#website\",\"url\":\"https:\/\/portaltela.pt\/\",\"name\":\"Portal Tela Portugal\",\"description\":\"\",\"potentialAction\":[{\"@type\":\"SearchAction\",\"target\":{\"@type\":\"EntryPoint\",\"urlTemplate\":\"https:\/\/portaltela.pt\/?s={search_term_string}\"},\"query-input\":{\"@type\":\"PropertyValueSpecification\",\"valueRequired\":true,\"valueName\":\"search_term_string\"}}],\"inLanguage\":\"pt-PT\"},{\"@type\":\"Person\",\"@id\":\"https:\/\/portaltela.pt\/#\/schema\/person\/c4278d4a6028830caff9ee44b42d32ed\",\"name\":\"Telinha\",\"image\":{\"@type\":\"ImageObject\",\"inLanguage\":\"pt-PT\",\"@id\":\"https:\/\/portaltela.pt\/s.01k8rhncp4jt1\/2025\/11\/talking-bot-125x125.png\",\"url\":\"https:\/\/portaltela.pt\/s.01k8rhncp4jt1\/2025\/11\/talking-bot-125x125.png\",\"contentUrl\":\"https:\/\/portaltela.pt\/s.01k8rhncp4jt1\/2025\/11\/talking-bot-125x125.png\",\"caption\":\"Telinha\"},\"sameAs\":[\"https:\/\/portaltela.pt\/\"],\"url\":\"https:\/\/portaltela.pt\/por\/367410592786\/\"}]}<\/script>\n<!-- \/ Yoast SEO plugin. -->","yoast_head_json":{"title":"Van Aert vence Paris-Roubaix ap\u00f3s ultrapassar Poga\u010dar - Portal Tela Portugal","robots":{"index":"index","follow":"follow","max-snippet":"max-snippet:-1","max-image-preview":"max-image-preview:large","max-video-preview":"max-video-preview:-1"},"og_locale":"pt_PT","og_type":"article","og_title":"Van Aert vence Paris-Roubaix ap\u00f3s ultrapassar Poga\u010dar - Portal Tela Portugal","og_description":"Wout van Aert venceu a Paris-Roubaix de 258,3 quil\u00f3metros entre Compi\u00e8gne e o Vel\u00f3dromo de Roubaix, deixando Tadej Pogacar a 5:16:52 horas na linha de meta. Pogacar tentou tornar-se o quarto ciclista a conquistar os cinco Monumentos, mas falhou diante do belga da Visma-Lease a Bike. O terceiro lugar ficou para Jasper Stuyven; Mathieu van der Poel, tricampe\u00e3o da prova, ficou em quarto depois de uma recupera\u00e7\u00e3o \u00e9pica. A edi\u00e7\u00e3o foi marcada por v\u00e1rios azares nos favoritos, com furos e mudan\u00e7as de bicicleta que dificultaram Pogacar e Van der Poel. Van Aert dedicou a vit\u00f3ria ao colega falecido Michael Goolaerts, apontando que vencer esta corrida era o objetivo desde o seu debut, em 2018.","og_url":"https:\/\/portaltela.pt\/noticias\/2026\/04\/12\/van-aert-vence-paris-roubaix-apos-ultrapassar-pogacar\/","og_site_name":"Portal Tela Portugal","article_published_time":"2026-04-12T17:38:00+00:00","author":"Telinha","twitter_card":"summary_large_image","twitter_misc":{"Escrito por":"Telinha","Tempo estimado de leitura":"1 minuto"},"schema":{"@context":"https:\/\/schema.org","@graph":[{"@type":"Article","@id":"https:\/\/portaltela.pt\/noticias\/2026\/04\/12\/van-aert-vence-paris-roubaix-apos-ultrapassar-pogacar\/#article","isPartOf":{"@id":"https:\/\/portaltela.pt\/noticias\/2026\/04\/12\/van-aert-vence-paris-roubaix-apos-ultrapassar-pogacar\/"},"author":{"name":"Telinha","@id":"https:\/\/portaltela.pt\/#\/schema\/person\/c4278d4a6028830caff9ee44b42d32ed"},"headline":"Van Aert vence Paris-Roubaix ap\u00f3s ultrapassar Poga\u010dar","datePublished":"2026-04-12T17:38:00+00:00","mainEntityOfPage":{"@id":"https:\/\/portaltela.pt\/noticias\/2026\/04\/12\/van-aert-vence-paris-roubaix-apos-ultrapassar-pogacar\/"},"wordCount":279,"image":{"@id":"https:\/\/portaltela.pt\/noticias\/2026\/04\/12\/van-aert-vence-paris-roubaix-apos-ultrapassar-pogacar\/#primaryimage"},"thumbnailUrl":"https:\/\/portaltela.pt\/s.01k8rhncp4jt1\/2026\/04\/image-712.jpg","keywords":["_desporto","ciclismo","corridas","desporto","Van der Poel","vento"],"articleSection":["Desporto","Futebol"],"inLanguage":"pt-PT"},{"@type":"WebPage","@id":"https:\/\/portaltela.pt\/noticias\/2026\/04\/12\/van-aert-vence-paris-roubaix-apos-ultrapassar-pogacar\/","url":"https:\/\/portaltela.pt\/noticias\/2026\/04\/12\/van-aert-vence-paris-roubaix-apos-ultrapassar-pogacar\/","name":"Van Aert vence Paris-Roubaix ap\u00f3s ultrapassar Poga\u010dar - Portal Tela Portugal","isPartOf":{"@id":"https:\/\/portaltela.pt\/#website"},"primaryImageOfPage":{"@id":"https:\/\/portaltela.pt\/noticias\/2026\/04\/12\/van-aert-vence-paris-roubaix-apos-ultrapassar-pogacar\/#primaryimage"},"image":{"@id":"https:\/\/portaltela.pt\/noticias\/2026\/04\/12\/van-aert-vence-paris-roubaix-apos-ultrapassar-pogacar\/#primaryimage"},"thumbnailUrl":"https:\/\/portaltela.pt\/s.01k8rhncp4jt1\/2026\/04\/image-712.jpg","datePublished":"2026-04-12T17:38:00+00:00","author":{"@id":"https:\/\/portaltela.pt\/#\/schema\/person\/c4278d4a6028830caff9ee44b42d32ed"},"breadcrumb":{"@id":"https:\/\/portaltela.pt\/noticias\/2026\/04\/12\/van-aert-vence-paris-roubaix-apos-ultrapassar-pogacar\/#breadcrumb"},"inLanguage":"pt-PT","potentialAction":[{"@type":"ReadAction","target":["https:\/\/portaltela.pt\/noticias\/2026\/04\/12\/van-aert-vence-paris-roubaix-apos-ultrapassar-pogacar\/"]}]},{"@type":"ImageObject","inLanguage":"pt-PT","@id":"https:\/\/portaltela.pt\/noticias\/2026\/04\/12\/van-aert-vence-paris-roubaix-apos-ultrapassar-pogacar\/#primaryimage","url":"https:\/\/portaltela.pt\/s.01k8rhncp4jt1\/2026\/04\/image-712.jpg","contentUrl":"https:\/\/portaltela.pt\/s.01k8rhncp4jt1\/2026\/04\/image-712.jpg","width":796,"height":448,"caption":"\"Isto significa tudo para mim\", disse o ciclista, visivelmente emocionado"},{"@type":"BreadcrumbList","@id":"https:\/\/portaltela.pt\/noticias\/2026\/04\/12\/van-aert-vence-paris-roubaix-apos-ultrapassar-pogacar\/#breadcrumb","itemListElement":[{"@type":"ListItem","position":1,"name":"In\u00edcio","item":"https:\/\/portaltela.pt\/"},{"@type":"ListItem","position":2,"name":"Van Aert vence Paris-Roubaix ap\u00f3s ultrapassar Poga\u010dar"}]},{"@type":"WebSite","@id":"https:\/\/portaltela.pt\/#website","url":"https:\/\/portaltela.pt\/","name":"Portal Tela Portugal","description":"","potentialAction":[{"@type":"SearchAction","target":{"@type":"EntryPoint","urlTemplate":"https:\/\/portaltela.pt\/?s={search_term_string}"},"query-input":{"@type":"PropertyValueSpecification","valueRequired":true,"valueName":"search_term_string"}}],"inLanguage":"pt-PT"},{"@type":"Person","@id":"https:\/\/portaltela.pt\/#\/schema\/person\/c4278d4a6028830caff9ee44b42d32ed","name":"Telinha","image":{"@type":"ImageObject","inLanguage":"pt-PT","@id":"https:\/\/portaltela.pt\/s.01k8rhncp4jt1\/2025\/11\/talking-bot-125x125.png","url":"https:\/\/portaltela.pt\/s.01k8rhncp4jt1\/2025\/11\/talking-bot-125x125.png","contentUrl":"https:\/\/portaltela.pt\/s.01k8rhncp4jt1\/2025\/11\/talking-bot-125x125.png","caption":"Telinha"},"sameAs":["https:\/\/portaltela.pt\/"],"url":"https:\/\/portaltela.pt\/por\/367410592786\/"}]}},"_links":{"self":[{"href":"https:\/\/portaltela.pt\/api\/wp\/v2\/posts\/441614","targetHints":{"allow":["GET"]}}],"collection":[{"href":"https:\/\/portaltela.pt\/api\/wp\/v2\/posts"}],"about":[{"href":"https:\/\/portaltela.pt\/api\/wp\/v2\/types\/post"}],"author":[{"embeddable":true,"href":"https:\/\/portaltela.pt\/api\/wp\/v2\/users\/2"}],"replies":[{"embeddable":true,"href":"https:\/\/portaltela.pt\/api\/wp\/v2\/comments?post=441614"}],"version-history":[{"count":0,"href":"https:\/\/portaltela.pt\/api\/wp\/v2\/posts\/441614\/revisions"}],"wp:featuredmedia":[{"embeddable":true,"href":"https:\/\/portaltela.pt\/api\/wp\/v2\/media\/441615"}],"wp:attachment":[{"href":"https:\/\/portaltela.pt\/api\/wp\/v2\/media?parent=441614"}],"wp:term":[{"taxonomy":"category","embeddable":true,"href":"https:\/\/portaltela.pt\/api\/wp\/v2\/categories?post=441614"},{"taxonomy":"post_tag","embeddable":true,"href":"https:\/\/portaltela.pt\/api\/wp\/v2\/tags?post=441614"}],"curies":[{"name":"wp","href":"https:\/\/api.w.org\/{rel}","templated":true}]}}