{"id":441604,"date":"2026-04-12T14:32:05","date_gmt":"2026-04-12T17:32:05","guid":{"rendered":"https:\/\/portaltela.pt\/noticias\/2026\/04\/12\/prestianni-brilha-com-dois-golos-e-duas-assistencias-rafa-faz-o-2-0\/"},"modified":"2026-04-12T14:32:05","modified_gmt":"2026-04-12T17:32:05","slug":"prestianni-brilha-com-dois-golos-e-duas-assistencias-rafa-faz-o-2-0","status":"publish","type":"post","link":"https:\/\/portaltela.pt\/desporto\/futebol\/2026\/04\/12\/prestianni-brilha-com-dois-golos-e-duas-assistencias-rafa-faz-o-2-0\/","title":{"rendered":"Prestianni brilha com dois golos e duas assist\u00eancias, Rafa faz o 2-0"},"content":{"rendered":"<p>Aos 14 minutos, o Benfica abriu o marcador numa jogada de Prestianni. O argentino recuperou a bola junto ao opositor direto, avan\u00e7ou pela \u00e1rea e serviu Rafa para o 2-0. A equipa da casa entrou com for\u00e7a alta e o Nacional pareceu ser apanhado de surpresa.<\/p>\n<p>Prestianni terminou o encontro com dois golos e duas assist\u00eancias, evidenciando a intensidade e o desequil\u00edbrio que trouxe ao jogo. O lance de maior relevo foi a assist\u00eancia direta para o segundo tento, no qual Rafa apenas teve de encostar.<\/p>\n<h3>Desempenho de Prestianni<\/h3>\n<p>O jovem atacante demonstrou velocidade e leitura de jogo, ganhando v\u00e1rias a\u00e7\u00f5es ofensivas dentro da meia-lua. O conjunto encarnado manteve o dom\u00ednio na primeira parte, pressionando a defesa advers\u00e1ria e criando oportunidades adicionais.<\/p>\n<h3>Rea\u00e7\u00e3o do Nacional<\/h3>\n<p>A equipa visitante tentou responder ap\u00f3s o rev\u00e9s, multiplicando as tentativas de recupera\u00e7\u00e3o de posse. Mesmo assim, n\u00e3o conseguiu impedir a escalada ofensiva do Benfica no restante do per\u00edodo inicial.<\/p>\n","protected":false},"excerpt":{"rendered":"<ul>\n<li>Prestianni forneceu duas assist\u00eancias para Rafa, que marcou o 2-0 aos 14 minutos.<\/li>\n<li>O Benfica entrou com tudo no jogo.<\/li>\n<li>O Nacional aparentou ser apanhado de surpresa pelo ritmo inicial.<\/li>\n<li>O lance descrito evidencia a participa\u00e7\u00e3o ativa de Prestianni na jogada de ataque.<\/li>\n<\/ul>\n","protected":false},"author":2,"featured_media":441605,"comment_status":"closed","ping_status":"closed","sticky":false,"template":"","format":"standard","meta":{"footnotes":""},"categories":[21,24],"tags":[4143,2068,1946,32,198,1319],"class_list":["post-441604","post","type-post","status-publish","format-standard","has-post-thumbnail","hentry","category-desporto","category-futebol","tag-1-liga","tag-assistencias","tag-benfica","tag-futebol","tag-golos","tag-nacional"],"yoast_head":"<!-- This site is optimized with the Yoast SEO plugin v27.2 - https:\/\/yoast.com\/product\/yoast-seo-wordpress\/ -->\n<title>Prestianni brilha com dois golos e duas assist\u00eancias, Rafa faz o 2-0 - Portal Tela Portugal<\/title>\n<meta name=\"robots\" content=\"index, follow, max-snippet:-1, max-image-preview:large, max-video-preview:-1\" \/>\n<meta property=\"og:locale\" content=\"pt_PT\" \/>\n<meta property=\"og:type\" content=\"article\" \/>\n<meta property=\"og:title\" content=\"Prestianni brilha com dois golos e duas assist\u00eancias, Rafa faz o 2-0 - Portal Tela Portugal\" \/>\n<meta property=\"og:description\" content=\"Prestianni forneceu duas assist\u00eancias para Rafa, que marcou o 2-0 aos 14 minutos. O Benfica entrou com tudo no jogo. O Nacional aparentou ser apanhado de surpresa pelo ritmo inicial. O lance descrito evidencia a participa\u00e7\u00e3o ativa de Prestianni na jogada de ataque.\" \/>\n<meta property=\"og:url\" content=\"https:\/\/portaltela.pt\/noticias\/2026\/04\/12\/prestianni-brilha-com-dois-golos-e-duas-assistencias-rafa-faz-o-2-0\/\" \/>\n<meta property=\"og:site_name\" content=\"Portal Tela Portugal\" \/>\n<meta property=\"article:published_time\" content=\"2026-04-12T17:32:05+00:00\" \/>\n<meta name=\"author\" content=\"Telinha\" \/>\n<meta name=\"twitter:card\" content=\"summary_large_image\" \/>\n<meta name=\"twitter:label1\" content=\"Escrito por\" \/>\n\t<meta name=\"twitter:data1\" content=\"Telinha\" \/>\n\t<meta name=\"twitter:label2\" content=\"Tempo estimado de leitura\" \/>\n\t<meta name=\"twitter:data2\" content=\"1 minuto\" \/>\n<script type=\"application\/ld+json\" class=\"yoast-schema-graph\">{\"@context\":\"https:\/\/schema.org\",\"@graph\":[{\"@type\":\"Article\",\"@id\":\"https:\/\/portaltela.pt\/noticias\/2026\/04\/12\/prestianni-brilha-com-dois-golos-e-duas-assistencias-rafa-faz-o-2-0\/#article\",\"isPartOf\":{\"@id\":\"https:\/\/portaltela.pt\/noticias\/2026\/04\/12\/prestianni-brilha-com-dois-golos-e-duas-assistencias-rafa-faz-o-2-0\/\"},\"author\":{\"name\":\"Telinha\",\"@id\":\"https:\/\/portaltela.pt\/#\/schema\/person\/c4278d4a6028830caff9ee44b42d32ed\"},\"headline\":\"Prestianni brilha com dois golos e duas assist\u00eancias, Rafa faz o 2-0\",\"datePublished\":\"2026-04-12T17:32:05+00:00\",\"mainEntityOfPage\":{\"@id\":\"https:\/\/portaltela.pt\/noticias\/2026\/04\/12\/prestianni-brilha-com-dois-golos-e-duas-assistencias-rafa-faz-o-2-0\/\"},\"wordCount\":182,\"image\":{\"@id\":\"https:\/\/portaltela.pt\/noticias\/2026\/04\/12\/prestianni-brilha-com-dois-golos-e-duas-assistencias-rafa-faz-o-2-0\/#primaryimage\"},\"thumbnailUrl\":\"https:\/\/portaltela.pt\/s.01k8rhncp4jt1\/2026\/04\/img_1200x721uu2026-04-12-18-29-01-2432623.jpg\",\"keywords\":[\"1. Liga\",\"assist\u00eancias\",\"Benfica\",\"futebol\",\"golos\",\"Nacional\"],\"articleSection\":[\"Desporto\",\"Futebol\"],\"inLanguage\":\"pt-PT\"},{\"@type\":\"WebPage\",\"@id\":\"https:\/\/portaltela.pt\/noticias\/2026\/04\/12\/prestianni-brilha-com-dois-golos-e-duas-assistencias-rafa-faz-o-2-0\/\",\"url\":\"https:\/\/portaltela.pt\/noticias\/2026\/04\/12\/prestianni-brilha-com-dois-golos-e-duas-assistencias-rafa-faz-o-2-0\/\",\"name\":\"Prestianni brilha com dois golos e duas assist\u00eancias, Rafa faz o 2-0 - Portal Tela Portugal\",\"isPartOf\":{\"@id\":\"https:\/\/portaltela.pt\/#website\"},\"primaryImageOfPage\":{\"@id\":\"https:\/\/portaltela.pt\/noticias\/2026\/04\/12\/prestianni-brilha-com-dois-golos-e-duas-assistencias-rafa-faz-o-2-0\/#primaryimage\"},\"image\":{\"@id\":\"https:\/\/portaltela.pt\/noticias\/2026\/04\/12\/prestianni-brilha-com-dois-golos-e-duas-assistencias-rafa-faz-o-2-0\/#primaryimage\"},\"thumbnailUrl\":\"https:\/\/portaltela.pt\/s.01k8rhncp4jt1\/2026\/04\/img_1200x721uu2026-04-12-18-29-01-2432623.jpg\",\"datePublished\":\"2026-04-12T17:32:05+00:00\",\"author\":{\"@id\":\"https:\/\/portaltela.pt\/#\/schema\/person\/c4278d4a6028830caff9ee44b42d32ed\"},\"breadcrumb\":{\"@id\":\"https:\/\/portaltela.pt\/noticias\/2026\/04\/12\/prestianni-brilha-com-dois-golos-e-duas-assistencias-rafa-faz-o-2-0\/#breadcrumb\"},\"inLanguage\":\"pt-PT\",\"potentialAction\":[{\"@type\":\"ReadAction\",\"target\":[\"https:\/\/portaltela.pt\/noticias\/2026\/04\/12\/prestianni-brilha-com-dois-golos-e-duas-assistencias-rafa-faz-o-2-0\/\"]}]},{\"@type\":\"ImageObject\",\"inLanguage\":\"pt-PT\",\"@id\":\"https:\/\/portaltela.pt\/noticias\/2026\/04\/12\/prestianni-brilha-com-dois-golos-e-duas-assistencias-rafa-faz-o-2-0\/#primaryimage\",\"url\":\"https:\/\/portaltela.pt\/s.01k8rhncp4jt1\/2026\/04\/img_1200x721uu2026-04-12-18-29-01-2432623.jpg\",\"contentUrl\":\"https:\/\/portaltela.pt\/s.01k8rhncp4jt1\/2026\/04\/img_1200x721uu2026-04-12-18-29-01-2432623.jpg\",\"width\":796,\"height\":448,\"caption\":\"Dois golos... duas assist\u00eancias para Prestianni: bom trabalho do argentino e \u00e9 Rafa quem faz o 2-0\"},{\"@type\":\"BreadcrumbList\",\"@id\":\"https:\/\/portaltela.pt\/noticias\/2026\/04\/12\/prestianni-brilha-com-dois-golos-e-duas-assistencias-rafa-faz-o-2-0\/#breadcrumb\",\"itemListElement\":[{\"@type\":\"ListItem\",\"position\":1,\"name\":\"In\u00edcio\",\"item\":\"https:\/\/portaltela.pt\/\"},{\"@type\":\"ListItem\",\"position\":2,\"name\":\"Prestianni brilha com dois golos e duas assist\u00eancias, Rafa faz o 2-0\"}]},{\"@type\":\"WebSite\",\"@id\":\"https:\/\/portaltela.pt\/#website\",\"url\":\"https:\/\/portaltela.pt\/\",\"name\":\"Portal Tela Portugal\",\"description\":\"\",\"potentialAction\":[{\"@type\":\"SearchAction\",\"target\":{\"@type\":\"EntryPoint\",\"urlTemplate\":\"https:\/\/portaltela.pt\/?s={search_term_string}\"},\"query-input\":{\"@type\":\"PropertyValueSpecification\",\"valueRequired\":true,\"valueName\":\"search_term_string\"}}],\"inLanguage\":\"pt-PT\"},{\"@type\":\"Person\",\"@id\":\"https:\/\/portaltela.pt\/#\/schema\/person\/c4278d4a6028830caff9ee44b42d32ed\",\"name\":\"Telinha\",\"image\":{\"@type\":\"ImageObject\",\"inLanguage\":\"pt-PT\",\"@id\":\"https:\/\/portaltela.pt\/s.01k8rhncp4jt1\/2025\/11\/talking-bot-125x125.png\",\"url\":\"https:\/\/portaltela.pt\/s.01k8rhncp4jt1\/2025\/11\/talking-bot-125x125.png\",\"contentUrl\":\"https:\/\/portaltela.pt\/s.01k8rhncp4jt1\/2025\/11\/talking-bot-125x125.png\",\"caption\":\"Telinha\"},\"sameAs\":[\"https:\/\/portaltela.pt\/\"],\"url\":\"https:\/\/portaltela.pt\/por\/367410592786\/\"}]}<\/script>\n<!-- \/ Yoast SEO plugin. -->","yoast_head_json":{"title":"Prestianni brilha com dois golos e duas assist\u00eancias, Rafa faz o 2-0 - Portal Tela Portugal","robots":{"index":"index","follow":"follow","max-snippet":"max-snippet:-1","max-image-preview":"max-image-preview:large","max-video-preview":"max-video-preview:-1"},"og_locale":"pt_PT","og_type":"article","og_title":"Prestianni brilha com dois golos e duas assist\u00eancias, Rafa faz o 2-0 - Portal Tela Portugal","og_description":"Prestianni forneceu duas assist\u00eancias para Rafa, que marcou o 2-0 aos 14 minutos. O Benfica entrou com tudo no jogo. O Nacional aparentou ser apanhado de surpresa pelo ritmo inicial. O lance descrito evidencia a participa\u00e7\u00e3o ativa de Prestianni na jogada de ataque.","og_url":"https:\/\/portaltela.pt\/noticias\/2026\/04\/12\/prestianni-brilha-com-dois-golos-e-duas-assistencias-rafa-faz-o-2-0\/","og_site_name":"Portal Tela Portugal","article_published_time":"2026-04-12T17:32:05+00:00","author":"Telinha","twitter_card":"summary_large_image","twitter_misc":{"Escrito por":"Telinha","Tempo estimado de leitura":"1 minuto"},"schema":{"@context":"https:\/\/schema.org","@graph":[{"@type":"Article","@id":"https:\/\/portaltela.pt\/noticias\/2026\/04\/12\/prestianni-brilha-com-dois-golos-e-duas-assistencias-rafa-faz-o-2-0\/#article","isPartOf":{"@id":"https:\/\/portaltela.pt\/noticias\/2026\/04\/12\/prestianni-brilha-com-dois-golos-e-duas-assistencias-rafa-faz-o-2-0\/"},"author":{"name":"Telinha","@id":"https:\/\/portaltela.pt\/#\/schema\/person\/c4278d4a6028830caff9ee44b42d32ed"},"headline":"Prestianni brilha com dois golos e duas assist\u00eancias, Rafa faz o 2-0","datePublished":"2026-04-12T17:32:05+00:00","mainEntityOfPage":{"@id":"https:\/\/portaltela.pt\/noticias\/2026\/04\/12\/prestianni-brilha-com-dois-golos-e-duas-assistencias-rafa-faz-o-2-0\/"},"wordCount":182,"image":{"@id":"https:\/\/portaltela.pt\/noticias\/2026\/04\/12\/prestianni-brilha-com-dois-golos-e-duas-assistencias-rafa-faz-o-2-0\/#primaryimage"},"thumbnailUrl":"https:\/\/portaltela.pt\/s.01k8rhncp4jt1\/2026\/04\/img_1200x721uu2026-04-12-18-29-01-2432623.jpg","keywords":["1. Liga","assist\u00eancias","Benfica","futebol","golos","Nacional"],"articleSection":["Desporto","Futebol"],"inLanguage":"pt-PT"},{"@type":"WebPage","@id":"https:\/\/portaltela.pt\/noticias\/2026\/04\/12\/prestianni-brilha-com-dois-golos-e-duas-assistencias-rafa-faz-o-2-0\/","url":"https:\/\/portaltela.pt\/noticias\/2026\/04\/12\/prestianni-brilha-com-dois-golos-e-duas-assistencias-rafa-faz-o-2-0\/","name":"Prestianni brilha com dois golos e duas assist\u00eancias, Rafa faz o 2-0 - Portal Tela Portugal","isPartOf":{"@id":"https:\/\/portaltela.pt\/#website"},"primaryImageOfPage":{"@id":"https:\/\/portaltela.pt\/noticias\/2026\/04\/12\/prestianni-brilha-com-dois-golos-e-duas-assistencias-rafa-faz-o-2-0\/#primaryimage"},"image":{"@id":"https:\/\/portaltela.pt\/noticias\/2026\/04\/12\/prestianni-brilha-com-dois-golos-e-duas-assistencias-rafa-faz-o-2-0\/#primaryimage"},"thumbnailUrl":"https:\/\/portaltela.pt\/s.01k8rhncp4jt1\/2026\/04\/img_1200x721uu2026-04-12-18-29-01-2432623.jpg","datePublished":"2026-04-12T17:32:05+00:00","author":{"@id":"https:\/\/portaltela.pt\/#\/schema\/person\/c4278d4a6028830caff9ee44b42d32ed"},"breadcrumb":{"@id":"https:\/\/portaltela.pt\/noticias\/2026\/04\/12\/prestianni-brilha-com-dois-golos-e-duas-assistencias-rafa-faz-o-2-0\/#breadcrumb"},"inLanguage":"pt-PT","potentialAction":[{"@type":"ReadAction","target":["https:\/\/portaltela.pt\/noticias\/2026\/04\/12\/prestianni-brilha-com-dois-golos-e-duas-assistencias-rafa-faz-o-2-0\/"]}]},{"@type":"ImageObject","inLanguage":"pt-PT","@id":"https:\/\/portaltela.pt\/noticias\/2026\/04\/12\/prestianni-brilha-com-dois-golos-e-duas-assistencias-rafa-faz-o-2-0\/#primaryimage","url":"https:\/\/portaltela.pt\/s.01k8rhncp4jt1\/2026\/04\/img_1200x721uu2026-04-12-18-29-01-2432623.jpg","contentUrl":"https:\/\/portaltela.pt\/s.01k8rhncp4jt1\/2026\/04\/img_1200x721uu2026-04-12-18-29-01-2432623.jpg","width":796,"height":448,"caption":"Dois golos... duas assist\u00eancias para Prestianni: bom trabalho do argentino e \u00e9 Rafa quem faz o 2-0"},{"@type":"BreadcrumbList","@id":"https:\/\/portaltela.pt\/noticias\/2026\/04\/12\/prestianni-brilha-com-dois-golos-e-duas-assistencias-rafa-faz-o-2-0\/#breadcrumb","itemListElement":[{"@type":"ListItem","position":1,"name":"In\u00edcio","item":"https:\/\/portaltela.pt\/"},{"@type":"ListItem","position":2,"name":"Prestianni brilha com dois golos e duas assist\u00eancias, Rafa faz o 2-0"}]},{"@type":"WebSite","@id":"https:\/\/portaltela.pt\/#website","url":"https:\/\/portaltela.pt\/","name":"Portal Tela Portugal","description":"","potentialAction":[{"@type":"SearchAction","target":{"@type":"EntryPoint","urlTemplate":"https:\/\/portaltela.pt\/?s={search_term_string}"},"query-input":{"@type":"PropertyValueSpecification","valueRequired":true,"valueName":"search_term_string"}}],"inLanguage":"pt-PT"},{"@type":"Person","@id":"https:\/\/portaltela.pt\/#\/schema\/person\/c4278d4a6028830caff9ee44b42d32ed","name":"Telinha","image":{"@type":"ImageObject","inLanguage":"pt-PT","@id":"https:\/\/portaltela.pt\/s.01k8rhncp4jt1\/2025\/11\/talking-bot-125x125.png","url":"https:\/\/portaltela.pt\/s.01k8rhncp4jt1\/2025\/11\/talking-bot-125x125.png","contentUrl":"https:\/\/portaltela.pt\/s.01k8rhncp4jt1\/2025\/11\/talking-bot-125x125.png","caption":"Telinha"},"sameAs":["https:\/\/portaltela.pt\/"],"url":"https:\/\/portaltela.pt\/por\/367410592786\/"}]}},"_links":{"self":[{"href":"https:\/\/portaltela.pt\/api\/wp\/v2\/posts\/441604","targetHints":{"allow":["GET"]}}],"collection":[{"href":"https:\/\/portaltela.pt\/api\/wp\/v2\/posts"}],"about":[{"href":"https:\/\/portaltela.pt\/api\/wp\/v2\/types\/post"}],"author":[{"embeddable":true,"href":"https:\/\/portaltela.pt\/api\/wp\/v2\/users\/2"}],"replies":[{"embeddable":true,"href":"https:\/\/portaltela.pt\/api\/wp\/v2\/comments?post=441604"}],"version-history":[{"count":0,"href":"https:\/\/portaltela.pt\/api\/wp\/v2\/posts\/441604\/revisions"}],"wp:featuredmedia":[{"embeddable":true,"href":"https:\/\/portaltela.pt\/api\/wp\/v2\/media\/441605"}],"wp:attachment":[{"href":"https:\/\/portaltela.pt\/api\/wp\/v2\/media?parent=441604"}],"wp:term":[{"taxonomy":"category","embeddable":true,"href":"https:\/\/portaltela.pt\/api\/wp\/v2\/categories?post=441604"},{"taxonomy":"post_tag","embeddable":true,"href":"https:\/\/portaltela.pt\/api\/wp\/v2\/tags?post=441604"}],"curies":[{"name":"wp","href":"https:\/\/api.w.org\/{rel}","templated":true}]}}