{"id":441578,"date":"2026-04-12T14:02:26","date_gmt":"2026-04-12T17:02:26","guid":{"rendered":"https:\/\/portaltela.pt\/noticias\/2026\/04\/12\/sanjoanense-conquista-a-primeira-taca-europeia-feminina-de-hoquei-em-patins\/"},"modified":"2026-04-12T14:02:26","modified_gmt":"2026-04-12T17:02:26","slug":"sanjoanense-conquista-a-primeira-taca-europeia-feminina-de-hoquei-em-patins","status":"publish","type":"post","link":"https:\/\/portaltela.pt\/desporto\/futebol\/2026\/04\/12\/sanjoanense-conquista-a-primeira-taca-europeia-feminina-de-hoquei-em-patins\/","title":{"rendered":"Sanjoanense conquista a primeira Ta\u00e7a Europeia feminina de h\u00f3quei em patins"},"content":{"rendered":"<p>A Sanjoanense sagrou-se esta domingo campe\u00e3 da Ta\u00e7a Europeia feminina de h\u00f3quei em patins, ao vencer o Voltreg\u00e0 por 5-1, na final disputada no Pavilh\u00e3o dos Desportos, em S\u00e3o Jo\u00e3o da Madeira. O jogo fechou a segunda edi\u00e7\u00e3o desta competi\u00e7\u00e3o para clubes.<\/p>\n<p>Logo aos sete minutos, a atacante chilena Sof\u00eda Reyes abriu o marcador, inaugurando uma vantagem que a Sanjoanense n\u00e3o perdeu. As anfitri\u00e3s monopolizaram as jogadas de primeira parte, chegando tamb\u00e9m a f\u00f4lego com uma bola \u00e0 barra.<\/p>\n<p>Na segunda parte, Martina Sad ampliou com dois golos em um minuto (31), colocando o 3-0 no placar. O Voltreg\u00e0 n\u00e3o desistiu e Alexia Bosch reduziu aos 32, mantendo o encontro aberto por instantes.<\/p>\n<p>A partir da\u00ed, Joana Teixeira aos 35 e Catarina Costa aos 40 fixaram o resultado final de 5-1 a favor da Sanjoanense, que celebrou o primeiro trof\u00e9u europeu no h\u00f3quei feminino desde 2013.<\/p>\n<p>O encontro contou com arbitragem de Thomas Ulrich e Nuno Melo e registou uma assist\u00eancia de cerca de 700 espetadores. Forma\u00e7\u00f5es: Sanjoanense \u2013 Ana Varela, Joana Teixeira, Rita Couto, Maria Ferreira, Joana Rodrigues, Sof\u00eda Reyes, Catarina Costa, Martina Sad, Daniela Silva, Daniela Pereira; treinador Rui Pedro. Voltreg\u00e0 \u2013 Queralt Sala, Anna Bosch, Isona Serra, Paula Vilamala, Julita Rovira, Ester Vist\u00f3s, Joana Comas, Alexia Bosch, Alicia Iglesias; treinador Xavier Cabanas.<\/p>\n","protected":false},"excerpt":{"rendered":"<ul>\n<li>A Sanjoanense venceu a Ta\u00e7a Europeia feminina de h\u00f3quei em patins, ao golear o Voltreg\u00e0 por 5-1 na final disputada em S\u00e3o Jo\u00e3o da Madeira.<\/li>\n<li>Este \u00e9 o segundo t\u00edtulo europeu da Sanjoanense no h\u00f3quei, depois de j\u00e1 ter vencido a Ta\u00e7a das Ta\u00e7as em 1986, na modalidade masculina.<\/li>\n<li>Sof\u00eda Reyes abriu o marcador aos sete minutos, num jogo em que as anfitri\u00e3s dominaram desde o in\u00edcio.<\/li>\n<li>Martina Sad bisou aos 31 minutos, deixando o marcador em 3-0; Alexia Bosch reduziu aos 32 minutos.<\/li>\n<li>Joana Teixeira apontou aos 35 minutos e Catarina Costa fechou aos 40; cerca de 700 espetadores assistiram no Pavilh\u00e3o dos Desportos, com Rui Pedro a orientar a Sanjoanense e Xavier Cabanas o Voltreg\u00e0.<\/li>\n<\/ul>\n","protected":false},"author":2,"featured_media":441582,"comment_status":"closed","ping_status":"closed","sticky":false,"template":"","format":"standard","meta":{"footnotes":""},"categories":[21,24],"tags":[152,2487,1242,81,1014,6390],"class_list":["post-441578","post","type-post","status-publish","format-standard","has-post-thumbnail","hentry","category-desporto","category-futebol","tag-desporto","tag-europa","tag-feminino","tag-internacionais","tag-portugal","tag-sao-joao-da-madeira"],"yoast_head":"<!-- This site is optimized with the Yoast SEO plugin v27.2 - https:\/\/yoast.com\/product\/yoast-seo-wordpress\/ -->\n<title>Sanjoanense conquista a primeira Ta\u00e7a Europeia feminina de h\u00f3quei em patins - Portal Tela Portugal<\/title>\n<meta name=\"robots\" content=\"index, follow, max-snippet:-1, max-image-preview:large, max-video-preview:-1\" \/>\n<meta property=\"og:locale\" content=\"pt_PT\" \/>\n<meta property=\"og:type\" content=\"article\" \/>\n<meta property=\"og:title\" content=\"Sanjoanense conquista a primeira Ta\u00e7a Europeia feminina de h\u00f3quei em patins - Portal Tela Portugal\" \/>\n<meta property=\"og:description\" content=\"A Sanjoanense venceu a Ta\u00e7a Europeia feminina de h\u00f3quei em patins, ao golear o Voltreg\u00e0 por 5-1 na final disputada em S\u00e3o Jo\u00e3o da Madeira. Este \u00e9 o segundo t\u00edtulo europeu da Sanjoanense no h\u00f3quei, depois de j\u00e1 ter vencido a Ta\u00e7a das Ta\u00e7as em 1986, na modalidade masculina. Sof\u00eda Reyes abriu o marcador aos sete minutos, num jogo em que as anfitri\u00e3s dominaram desde o in\u00edcio. Martina Sad bisou aos 31 minutos, deixando o marcador em 3-0; Alexia Bosch reduziu aos 32 minutos. Joana Teixeira apontou aos 35 minutos e Catarina Costa fechou aos 40; cerca de 700 espetadores assistiram no Pavilh\u00e3o dos Desportos, com Rui Pedro a orientar a Sanjoanense e Xavier Cabanas o Voltreg\u00e0.\" \/>\n<meta property=\"og:url\" content=\"https:\/\/portaltela.pt\/noticias\/2026\/04\/12\/sanjoanense-conquista-a-primeira-taca-europeia-feminina-de-hoquei-em-patins\/\" \/>\n<meta property=\"og:site_name\" content=\"Portal Tela Portugal\" \/>\n<meta property=\"article:published_time\" content=\"2026-04-12T17:02:26+00:00\" \/>\n<meta name=\"author\" content=\"Telinha\" \/>\n<meta name=\"twitter:card\" content=\"summary_large_image\" \/>\n<meta name=\"twitter:label1\" content=\"Escrito por\" \/>\n\t<meta name=\"twitter:data1\" content=\"Telinha\" \/>\n\t<meta name=\"twitter:label2\" content=\"Tempo estimado de leitura\" \/>\n\t<meta name=\"twitter:data2\" content=\"1 minuto\" \/>\n<script type=\"application\/ld+json\" class=\"yoast-schema-graph\">{\"@context\":\"https:\/\/schema.org\",\"@graph\":[{\"@type\":\"Article\",\"@id\":\"https:\/\/portaltela.pt\/noticias\/2026\/04\/12\/sanjoanense-conquista-a-primeira-taca-europeia-feminina-de-hoquei-em-patins\/#article\",\"isPartOf\":{\"@id\":\"https:\/\/portaltela.pt\/noticias\/2026\/04\/12\/sanjoanense-conquista-a-primeira-taca-europeia-feminina-de-hoquei-em-patins\/\"},\"author\":{\"name\":\"Telinha\",\"@id\":\"https:\/\/portaltela.pt\/#\/schema\/person\/c4278d4a6028830caff9ee44b42d32ed\"},\"headline\":\"Sanjoanense conquista a primeira Ta\u00e7a Europeia feminina de h\u00f3quei em patins\",\"datePublished\":\"2026-04-12T17:02:26+00:00\",\"mainEntityOfPage\":{\"@id\":\"https:\/\/portaltela.pt\/noticias\/2026\/04\/12\/sanjoanense-conquista-a-primeira-taca-europeia-feminina-de-hoquei-em-patins\/\"},\"wordCount\":238,\"image\":{\"@id\":\"https:\/\/portaltela.pt\/noticias\/2026\/04\/12\/sanjoanense-conquista-a-primeira-taca-europeia-feminina-de-hoquei-em-patins\/#primaryimage\"},\"thumbnailUrl\":\"https:\/\/portaltela.pt\/s.01k8rhncp4jt1\/2026\/04\/img_920x518uu2026-04-12-17-55-01-2432611.jpg\",\"keywords\":[\"desporto\",\"Europa\",\"feminino\",\"internacionais\",\"Portugal\",\"S\u00e3o Jo\u00e3o da Madeira\"],\"articleSection\":[\"Desporto\",\"Futebol\"],\"inLanguage\":\"pt-PT\"},{\"@type\":\"WebPage\",\"@id\":\"https:\/\/portaltela.pt\/noticias\/2026\/04\/12\/sanjoanense-conquista-a-primeira-taca-europeia-feminina-de-hoquei-em-patins\/\",\"url\":\"https:\/\/portaltela.pt\/noticias\/2026\/04\/12\/sanjoanense-conquista-a-primeira-taca-europeia-feminina-de-hoquei-em-patins\/\",\"name\":\"Sanjoanense conquista a primeira Ta\u00e7a Europeia feminina de h\u00f3quei em patins - Portal Tela Portugal\",\"isPartOf\":{\"@id\":\"https:\/\/portaltela.pt\/#website\"},\"primaryImageOfPage\":{\"@id\":\"https:\/\/portaltela.pt\/noticias\/2026\/04\/12\/sanjoanense-conquista-a-primeira-taca-europeia-feminina-de-hoquei-em-patins\/#primaryimage\"},\"image\":{\"@id\":\"https:\/\/portaltela.pt\/noticias\/2026\/04\/12\/sanjoanense-conquista-a-primeira-taca-europeia-feminina-de-hoquei-em-patins\/#primaryimage\"},\"thumbnailUrl\":\"https:\/\/portaltela.pt\/s.01k8rhncp4jt1\/2026\/04\/img_920x518uu2026-04-12-17-55-01-2432611.jpg\",\"datePublished\":\"2026-04-12T17:02:26+00:00\",\"author\":{\"@id\":\"https:\/\/portaltela.pt\/#\/schema\/person\/c4278d4a6028830caff9ee44b42d32ed\"},\"breadcrumb\":{\"@id\":\"https:\/\/portaltela.pt\/noticias\/2026\/04\/12\/sanjoanense-conquista-a-primeira-taca-europeia-feminina-de-hoquei-em-patins\/#breadcrumb\"},\"inLanguage\":\"pt-PT\",\"potentialAction\":[{\"@type\":\"ReadAction\",\"target\":[\"https:\/\/portaltela.pt\/noticias\/2026\/04\/12\/sanjoanense-conquista-a-primeira-taca-europeia-feminina-de-hoquei-em-patins\/\"]}]},{\"@type\":\"ImageObject\",\"inLanguage\":\"pt-PT\",\"@id\":\"https:\/\/portaltela.pt\/noticias\/2026\/04\/12\/sanjoanense-conquista-a-primeira-taca-europeia-feminina-de-hoquei-em-patins\/#primaryimage\",\"url\":\"https:\/\/portaltela.pt\/s.01k8rhncp4jt1\/2026\/04\/img_920x518uu2026-04-12-17-55-01-2432611.jpg\",\"contentUrl\":\"https:\/\/portaltela.pt\/s.01k8rhncp4jt1\/2026\/04\/img_920x518uu2026-04-12-17-55-01-2432611.jpg\",\"width\":796,\"height\":448,\"caption\":\"Sanjoanense conquista a Ta\u00e7a Europeia feminina\"},{\"@type\":\"BreadcrumbList\",\"@id\":\"https:\/\/portaltela.pt\/noticias\/2026\/04\/12\/sanjoanense-conquista-a-primeira-taca-europeia-feminina-de-hoquei-em-patins\/#breadcrumb\",\"itemListElement\":[{\"@type\":\"ListItem\",\"position\":1,\"name\":\"In\u00edcio\",\"item\":\"https:\/\/portaltela.pt\/\"},{\"@type\":\"ListItem\",\"position\":2,\"name\":\"Sanjoanense conquista a primeira Ta\u00e7a Europeia feminina de h\u00f3quei em patins\"}]},{\"@type\":\"WebSite\",\"@id\":\"https:\/\/portaltela.pt\/#website\",\"url\":\"https:\/\/portaltela.pt\/\",\"name\":\"Portal Tela Portugal\",\"description\":\"\",\"potentialAction\":[{\"@type\":\"SearchAction\",\"target\":{\"@type\":\"EntryPoint\",\"urlTemplate\":\"https:\/\/portaltela.pt\/?s={search_term_string}\"},\"query-input\":{\"@type\":\"PropertyValueSpecification\",\"valueRequired\":true,\"valueName\":\"search_term_string\"}}],\"inLanguage\":\"pt-PT\"},{\"@type\":\"Person\",\"@id\":\"https:\/\/portaltela.pt\/#\/schema\/person\/c4278d4a6028830caff9ee44b42d32ed\",\"name\":\"Telinha\",\"image\":{\"@type\":\"ImageObject\",\"inLanguage\":\"pt-PT\",\"@id\":\"https:\/\/portaltela.pt\/s.01k8rhncp4jt1\/2025\/11\/talking-bot-125x125.png\",\"url\":\"https:\/\/portaltela.pt\/s.01k8rhncp4jt1\/2025\/11\/talking-bot-125x125.png\",\"contentUrl\":\"https:\/\/portaltela.pt\/s.01k8rhncp4jt1\/2025\/11\/talking-bot-125x125.png\",\"caption\":\"Telinha\"},\"sameAs\":[\"https:\/\/portaltela.pt\/\"],\"url\":\"https:\/\/portaltela.pt\/por\/367410592786\/\"}]}<\/script>\n<!-- \/ Yoast SEO plugin. -->","yoast_head_json":{"title":"Sanjoanense conquista a primeira Ta\u00e7a Europeia feminina de h\u00f3quei em patins - Portal Tela Portugal","robots":{"index":"index","follow":"follow","max-snippet":"max-snippet:-1","max-image-preview":"max-image-preview:large","max-video-preview":"max-video-preview:-1"},"og_locale":"pt_PT","og_type":"article","og_title":"Sanjoanense conquista a primeira Ta\u00e7a Europeia feminina de h\u00f3quei em patins - Portal Tela Portugal","og_description":"A Sanjoanense venceu a Ta\u00e7a Europeia feminina de h\u00f3quei em patins, ao golear o Voltreg\u00e0 por 5-1 na final disputada em S\u00e3o Jo\u00e3o da Madeira. Este \u00e9 o segundo t\u00edtulo europeu da Sanjoanense no h\u00f3quei, depois de j\u00e1 ter vencido a Ta\u00e7a das Ta\u00e7as em 1986, na modalidade masculina. Sof\u00eda Reyes abriu o marcador aos sete minutos, num jogo em que as anfitri\u00e3s dominaram desde o in\u00edcio. Martina Sad bisou aos 31 minutos, deixando o marcador em 3-0; Alexia Bosch reduziu aos 32 minutos. Joana Teixeira apontou aos 35 minutos e Catarina Costa fechou aos 40; cerca de 700 espetadores assistiram no Pavilh\u00e3o dos Desportos, com Rui Pedro a orientar a Sanjoanense e Xavier Cabanas o Voltreg\u00e0.","og_url":"https:\/\/portaltela.pt\/noticias\/2026\/04\/12\/sanjoanense-conquista-a-primeira-taca-europeia-feminina-de-hoquei-em-patins\/","og_site_name":"Portal Tela Portugal","article_published_time":"2026-04-12T17:02:26+00:00","author":"Telinha","twitter_card":"summary_large_image","twitter_misc":{"Escrito por":"Telinha","Tempo estimado de leitura":"1 minuto"},"schema":{"@context":"https:\/\/schema.org","@graph":[{"@type":"Article","@id":"https:\/\/portaltela.pt\/noticias\/2026\/04\/12\/sanjoanense-conquista-a-primeira-taca-europeia-feminina-de-hoquei-em-patins\/#article","isPartOf":{"@id":"https:\/\/portaltela.pt\/noticias\/2026\/04\/12\/sanjoanense-conquista-a-primeira-taca-europeia-feminina-de-hoquei-em-patins\/"},"author":{"name":"Telinha","@id":"https:\/\/portaltela.pt\/#\/schema\/person\/c4278d4a6028830caff9ee44b42d32ed"},"headline":"Sanjoanense conquista a primeira Ta\u00e7a Europeia feminina de h\u00f3quei em patins","datePublished":"2026-04-12T17:02:26+00:00","mainEntityOfPage":{"@id":"https:\/\/portaltela.pt\/noticias\/2026\/04\/12\/sanjoanense-conquista-a-primeira-taca-europeia-feminina-de-hoquei-em-patins\/"},"wordCount":238,"image":{"@id":"https:\/\/portaltela.pt\/noticias\/2026\/04\/12\/sanjoanense-conquista-a-primeira-taca-europeia-feminina-de-hoquei-em-patins\/#primaryimage"},"thumbnailUrl":"https:\/\/portaltela.pt\/s.01k8rhncp4jt1\/2026\/04\/img_920x518uu2026-04-12-17-55-01-2432611.jpg","keywords":["desporto","Europa","feminino","internacionais","Portugal","S\u00e3o Jo\u00e3o da Madeira"],"articleSection":["Desporto","Futebol"],"inLanguage":"pt-PT"},{"@type":"WebPage","@id":"https:\/\/portaltela.pt\/noticias\/2026\/04\/12\/sanjoanense-conquista-a-primeira-taca-europeia-feminina-de-hoquei-em-patins\/","url":"https:\/\/portaltela.pt\/noticias\/2026\/04\/12\/sanjoanense-conquista-a-primeira-taca-europeia-feminina-de-hoquei-em-patins\/","name":"Sanjoanense conquista a primeira Ta\u00e7a Europeia feminina de h\u00f3quei em patins - Portal Tela Portugal","isPartOf":{"@id":"https:\/\/portaltela.pt\/#website"},"primaryImageOfPage":{"@id":"https:\/\/portaltela.pt\/noticias\/2026\/04\/12\/sanjoanense-conquista-a-primeira-taca-europeia-feminina-de-hoquei-em-patins\/#primaryimage"},"image":{"@id":"https:\/\/portaltela.pt\/noticias\/2026\/04\/12\/sanjoanense-conquista-a-primeira-taca-europeia-feminina-de-hoquei-em-patins\/#primaryimage"},"thumbnailUrl":"https:\/\/portaltela.pt\/s.01k8rhncp4jt1\/2026\/04\/img_920x518uu2026-04-12-17-55-01-2432611.jpg","datePublished":"2026-04-12T17:02:26+00:00","author":{"@id":"https:\/\/portaltela.pt\/#\/schema\/person\/c4278d4a6028830caff9ee44b42d32ed"},"breadcrumb":{"@id":"https:\/\/portaltela.pt\/noticias\/2026\/04\/12\/sanjoanense-conquista-a-primeira-taca-europeia-feminina-de-hoquei-em-patins\/#breadcrumb"},"inLanguage":"pt-PT","potentialAction":[{"@type":"ReadAction","target":["https:\/\/portaltela.pt\/noticias\/2026\/04\/12\/sanjoanense-conquista-a-primeira-taca-europeia-feminina-de-hoquei-em-patins\/"]}]},{"@type":"ImageObject","inLanguage":"pt-PT","@id":"https:\/\/portaltela.pt\/noticias\/2026\/04\/12\/sanjoanense-conquista-a-primeira-taca-europeia-feminina-de-hoquei-em-patins\/#primaryimage","url":"https:\/\/portaltela.pt\/s.01k8rhncp4jt1\/2026\/04\/img_920x518uu2026-04-12-17-55-01-2432611.jpg","contentUrl":"https:\/\/portaltela.pt\/s.01k8rhncp4jt1\/2026\/04\/img_920x518uu2026-04-12-17-55-01-2432611.jpg","width":796,"height":448,"caption":"Sanjoanense conquista a Ta\u00e7a Europeia feminina"},{"@type":"BreadcrumbList","@id":"https:\/\/portaltela.pt\/noticias\/2026\/04\/12\/sanjoanense-conquista-a-primeira-taca-europeia-feminina-de-hoquei-em-patins\/#breadcrumb","itemListElement":[{"@type":"ListItem","position":1,"name":"In\u00edcio","item":"https:\/\/portaltela.pt\/"},{"@type":"ListItem","position":2,"name":"Sanjoanense conquista a primeira Ta\u00e7a Europeia feminina de h\u00f3quei em patins"}]},{"@type":"WebSite","@id":"https:\/\/portaltela.pt\/#website","url":"https:\/\/portaltela.pt\/","name":"Portal Tela Portugal","description":"","potentialAction":[{"@type":"SearchAction","target":{"@type":"EntryPoint","urlTemplate":"https:\/\/portaltela.pt\/?s={search_term_string}"},"query-input":{"@type":"PropertyValueSpecification","valueRequired":true,"valueName":"search_term_string"}}],"inLanguage":"pt-PT"},{"@type":"Person","@id":"https:\/\/portaltela.pt\/#\/schema\/person\/c4278d4a6028830caff9ee44b42d32ed","name":"Telinha","image":{"@type":"ImageObject","inLanguage":"pt-PT","@id":"https:\/\/portaltela.pt\/s.01k8rhncp4jt1\/2025\/11\/talking-bot-125x125.png","url":"https:\/\/portaltela.pt\/s.01k8rhncp4jt1\/2025\/11\/talking-bot-125x125.png","contentUrl":"https:\/\/portaltela.pt\/s.01k8rhncp4jt1\/2025\/11\/talking-bot-125x125.png","caption":"Telinha"},"sameAs":["https:\/\/portaltela.pt\/"],"url":"https:\/\/portaltela.pt\/por\/367410592786\/"}]}},"_links":{"self":[{"href":"https:\/\/portaltela.pt\/api\/wp\/v2\/posts\/441578","targetHints":{"allow":["GET"]}}],"collection":[{"href":"https:\/\/portaltela.pt\/api\/wp\/v2\/posts"}],"about":[{"href":"https:\/\/portaltela.pt\/api\/wp\/v2\/types\/post"}],"author":[{"embeddable":true,"href":"https:\/\/portaltela.pt\/api\/wp\/v2\/users\/2"}],"replies":[{"embeddable":true,"href":"https:\/\/portaltela.pt\/api\/wp\/v2\/comments?post=441578"}],"version-history":[{"count":0,"href":"https:\/\/portaltela.pt\/api\/wp\/v2\/posts\/441578\/revisions"}],"wp:featuredmedia":[{"embeddable":true,"href":"https:\/\/portaltela.pt\/api\/wp\/v2\/media\/441582"}],"wp:attachment":[{"href":"https:\/\/portaltela.pt\/api\/wp\/v2\/media?parent=441578"}],"wp:term":[{"taxonomy":"category","embeddable":true,"href":"https:\/\/portaltela.pt\/api\/wp\/v2\/categories?post=441578"},{"taxonomy":"post_tag","embeddable":true,"href":"https:\/\/portaltela.pt\/api\/wp\/v2\/tags?post=441578"}],"curies":[{"name":"wp","href":"https:\/\/api.w.org\/{rel}","templated":true}]}}