{"id":441576,"date":"2026-04-12T14:02:24","date_gmt":"2026-04-12T17:02:24","guid":{"rendered":"https:\/\/portaltela.pt\/noticias\/2026\/04\/12\/gabriel-albuquerque-conquista-o-vice-campeonato-europeu-de-trampolim-individual\/"},"modified":"2026-04-12T14:02:24","modified_gmt":"2026-04-12T17:02:24","slug":"gabriel-albuquerque-conquista-o-vice-campeonato-europeu-de-trampolim-individual","status":"publish","type":"post","link":"https:\/\/portaltela.pt\/desporto\/futebol\/2026\/04\/12\/gabriel-albuquerque-conquista-o-vice-campeonato-europeu-de-trampolim-individual\/","title":{"rendered":"Gabriel Albuquerque conquista o vice-campeonato europeu de trampolim individual"},"content":{"rendered":"<p>Gabriel Albuquerque sagrou-se vice-campe\u00e3o europeu de trampolim individual masculino s\u00e9nior, em Portim\u00e3o, no 30.\u00ba Campeonato Europeu. O atleta da APAGL bateu o recorde nacional, ficando a um ponto do ouro conquistado pelo bielorrusso Ivan Litvinovich.<\/p>\n<p>O ginasta algarvio, natural de Loul\u00e9, somou a segunda medalha na prova europeia, depois de j\u00e1 ter conquistado bronze no mix de equipas seniores masculinos, no s\u00e1bado, com Diogo Abreu e Pedro Ferreira. O resultado surgiu ap\u00f3s duas fases dif\u00edceis, com bons desempenhos nas preliminares e semifinais.<\/p>\n<p>Portugal acumulou oito medalhas no Europeu de Portim\u00e3o, com uma de ouro, duas de prata e cinco de bronze. Vasco Peso venceu o t\u00edtulo de tumbling individual masculino s\u00e9nior, um feito in\u00e9dito. Nas gimnastas, Catarina Nunes e Sofia Correia foram vice-campe\u00e3s em trampolim sincronizado.<\/p>\n<h3>Resultados adicionais<\/h3>\n<p>As ginastas lusas alcan\u00e7aram prata na vertente feminina do trampolim sincronizado, com 47.360 pontos, atr\u00e1s da dupla bielorrussa (ouro) e \u00e0 frente da Espanha.<\/p>\n","protected":false},"excerpt":{"rendered":"<ul>\n<li>Gabriel Albuquerque sagrou-se vice-campion europeu de trampolim individual masculino s\u00e9nior em Portim\u00e3o, apenas a um ponto do ouro.<\/li>\n<li>O ginasta da Associa\u00e7\u00e3o de Pais e Amigos de Loul\u00e9 bateu o recorde nacional de pontua\u00e7\u00e3o na modalidade.<\/li>\n<li>A prata sucede \u00e0 medalha de bronze conquistada na prova por equipas de seniores masculinos de trampolim individual, no s\u00e1bado.<\/li>\n<li>Portugal totaliza oito medalhas no Europeu: uma de ouro, duas de prata e cinco de bronze.<\/li>\n<li>Em tumbling, Vasco Peso conquistou ouro, abrindo uma s\u00e9rie de t\u00edtulos para o pa\u00eds; em trampolim sincronizado feminino, Catarina Nunes e Sofia Correia foram vice-campe\u00e3s europeias com prata in\u00e9dita para Portugal (47.360 pontos), atr\u00e1s da Bielorr\u00fassia (ouro).<\/li>\n<\/ul>\n","protected":false},"author":2,"featured_media":441579,"comment_status":"closed","ping_status":"closed","sticky":false,"template":"","format":"standard","meta":{"footnotes":""},"categories":[21,24],"tags":[7902,928,138,120,1764,1014],"class_list":["post-441576","post","type-post","status-publish","format-standard","has-post-thumbnail","hentry","category-desporto","category-futebol","tag-_desporto","tag-algarve","tag-ginastica","tag-medalhas","tag-portimao","tag-portugal"],"yoast_head":"<!-- This site is optimized with the Yoast SEO plugin v27.2 - https:\/\/yoast.com\/product\/yoast-seo-wordpress\/ -->\n<title>Gabriel Albuquerque conquista o vice-campeonato europeu de trampolim individual - Portal Tela Portugal<\/title>\n<meta name=\"robots\" content=\"index, follow, max-snippet:-1, max-image-preview:large, max-video-preview:-1\" \/>\n<meta property=\"og:locale\" content=\"pt_PT\" \/>\n<meta property=\"og:type\" content=\"article\" \/>\n<meta property=\"og:title\" content=\"Gabriel Albuquerque conquista o vice-campeonato europeu de trampolim individual - Portal Tela Portugal\" \/>\n<meta property=\"og:description\" content=\"Gabriel Albuquerque sagrou-se vice-campion europeu de trampolim individual masculino s\u00e9nior em Portim\u00e3o, apenas a um ponto do ouro. O ginasta da Associa\u00e7\u00e3o de Pais e Amigos de Loul\u00e9 bateu o recorde nacional de pontua\u00e7\u00e3o na modalidade. A prata sucede \u00e0 medalha de bronze conquistada na prova por equipas de seniores masculinos de trampolim individual, no s\u00e1bado. Portugal totaliza oito medalhas no Europeu: uma de ouro, duas de prata e cinco de bronze. Em tumbling, Vasco Peso conquistou ouro, abrindo uma s\u00e9rie de t\u00edtulos para o pa\u00eds; em trampolim sincronizado feminino, Catarina Nunes e Sofia Correia foram vice-campe\u00e3s europeias com prata in\u00e9dita para Portugal (47.360 pontos), atr\u00e1s da Bielorr\u00fassia (ouro).\" \/>\n<meta property=\"og:url\" content=\"https:\/\/portaltela.pt\/noticias\/2026\/04\/12\/gabriel-albuquerque-conquista-o-vice-campeonato-europeu-de-trampolim-individual\/\" \/>\n<meta property=\"og:site_name\" content=\"Portal Tela Portugal\" \/>\n<meta property=\"article:published_time\" content=\"2026-04-12T17:02:24+00:00\" \/>\n<meta name=\"author\" content=\"Telinha\" \/>\n<meta name=\"twitter:card\" content=\"summary_large_image\" \/>\n<meta name=\"twitter:label1\" content=\"Escrito por\" \/>\n\t<meta name=\"twitter:data1\" content=\"Telinha\" \/>\n\t<meta name=\"twitter:label2\" content=\"Tempo estimado de leitura\" \/>\n\t<meta name=\"twitter:data2\" content=\"1 minuto\" \/>\n<script type=\"application\/ld+json\" class=\"yoast-schema-graph\">{\"@context\":\"https:\/\/schema.org\",\"@graph\":[{\"@type\":\"Article\",\"@id\":\"https:\/\/portaltela.pt\/noticias\/2026\/04\/12\/gabriel-albuquerque-conquista-o-vice-campeonato-europeu-de-trampolim-individual\/#article\",\"isPartOf\":{\"@id\":\"https:\/\/portaltela.pt\/noticias\/2026\/04\/12\/gabriel-albuquerque-conquista-o-vice-campeonato-europeu-de-trampolim-individual\/\"},\"author\":{\"name\":\"Telinha\",\"@id\":\"https:\/\/portaltela.pt\/#\/schema\/person\/c4278d4a6028830caff9ee44b42d32ed\"},\"headline\":\"Gabriel Albuquerque conquista o vice-campeonato europeu de trampolim individual\",\"datePublished\":\"2026-04-12T17:02:24+00:00\",\"mainEntityOfPage\":{\"@id\":\"https:\/\/portaltela.pt\/noticias\/2026\/04\/12\/gabriel-albuquerque-conquista-o-vice-campeonato-europeu-de-trampolim-individual\/\"},\"wordCount\":171,\"image\":{\"@id\":\"https:\/\/portaltela.pt\/noticias\/2026\/04\/12\/gabriel-albuquerque-conquista-o-vice-campeonato-europeu-de-trampolim-individual\/#primaryimage\"},\"thumbnailUrl\":\"https:\/\/portaltela.pt\/s.01k8rhncp4jt1\/2026\/04\/img_920x518uu2026-04-12-17-48-34-2432610.jpg\",\"keywords\":[\"_desporto\",\"Algarve\",\"gin\u00e1stica\",\"medalhas\",\"Portim\u00e3o\",\"Portugal\"],\"articleSection\":[\"Desporto\",\"Futebol\"],\"inLanguage\":\"pt-PT\"},{\"@type\":\"WebPage\",\"@id\":\"https:\/\/portaltela.pt\/noticias\/2026\/04\/12\/gabriel-albuquerque-conquista-o-vice-campeonato-europeu-de-trampolim-individual\/\",\"url\":\"https:\/\/portaltela.pt\/noticias\/2026\/04\/12\/gabriel-albuquerque-conquista-o-vice-campeonato-europeu-de-trampolim-individual\/\",\"name\":\"Gabriel Albuquerque conquista o vice-campeonato europeu de trampolim individual - Portal Tela Portugal\",\"isPartOf\":{\"@id\":\"https:\/\/portaltela.pt\/#website\"},\"primaryImageOfPage\":{\"@id\":\"https:\/\/portaltela.pt\/noticias\/2026\/04\/12\/gabriel-albuquerque-conquista-o-vice-campeonato-europeu-de-trampolim-individual\/#primaryimage\"},\"image\":{\"@id\":\"https:\/\/portaltela.pt\/noticias\/2026\/04\/12\/gabriel-albuquerque-conquista-o-vice-campeonato-europeu-de-trampolim-individual\/#primaryimage\"},\"thumbnailUrl\":\"https:\/\/portaltela.pt\/s.01k8rhncp4jt1\/2026\/04\/img_920x518uu2026-04-12-17-48-34-2432610.jpg\",\"datePublished\":\"2026-04-12T17:02:24+00:00\",\"author\":{\"@id\":\"https:\/\/portaltela.pt\/#\/schema\/person\/c4278d4a6028830caff9ee44b42d32ed\"},\"breadcrumb\":{\"@id\":\"https:\/\/portaltela.pt\/noticias\/2026\/04\/12\/gabriel-albuquerque-conquista-o-vice-campeonato-europeu-de-trampolim-individual\/#breadcrumb\"},\"inLanguage\":\"pt-PT\",\"potentialAction\":[{\"@type\":\"ReadAction\",\"target\":[\"https:\/\/portaltela.pt\/noticias\/2026\/04\/12\/gabriel-albuquerque-conquista-o-vice-campeonato-europeu-de-trampolim-individual\/\"]}]},{\"@type\":\"ImageObject\",\"inLanguage\":\"pt-PT\",\"@id\":\"https:\/\/portaltela.pt\/noticias\/2026\/04\/12\/gabriel-albuquerque-conquista-o-vice-campeonato-europeu-de-trampolim-individual\/#primaryimage\",\"url\":\"https:\/\/portaltela.pt\/s.01k8rhncp4jt1\/2026\/04\/img_920x518uu2026-04-12-17-48-34-2432610.jpg\",\"contentUrl\":\"https:\/\/portaltela.pt\/s.01k8rhncp4jt1\/2026\/04\/img_920x518uu2026-04-12-17-48-34-2432610.jpg\",\"width\":796,\"height\":448,\"caption\":\"Gabriel Albuquerque \u00e9 vice-campe\u00e3o europeu de trampolim\"},{\"@type\":\"BreadcrumbList\",\"@id\":\"https:\/\/portaltela.pt\/noticias\/2026\/04\/12\/gabriel-albuquerque-conquista-o-vice-campeonato-europeu-de-trampolim-individual\/#breadcrumb\",\"itemListElement\":[{\"@type\":\"ListItem\",\"position\":1,\"name\":\"In\u00edcio\",\"item\":\"https:\/\/portaltela.pt\/\"},{\"@type\":\"ListItem\",\"position\":2,\"name\":\"Gabriel Albuquerque conquista o vice-campeonato europeu de trampolim individual\"}]},{\"@type\":\"WebSite\",\"@id\":\"https:\/\/portaltela.pt\/#website\",\"url\":\"https:\/\/portaltela.pt\/\",\"name\":\"Portal Tela Portugal\",\"description\":\"\",\"potentialAction\":[{\"@type\":\"SearchAction\",\"target\":{\"@type\":\"EntryPoint\",\"urlTemplate\":\"https:\/\/portaltela.pt\/?s={search_term_string}\"},\"query-input\":{\"@type\":\"PropertyValueSpecification\",\"valueRequired\":true,\"valueName\":\"search_term_string\"}}],\"inLanguage\":\"pt-PT\"},{\"@type\":\"Person\",\"@id\":\"https:\/\/portaltela.pt\/#\/schema\/person\/c4278d4a6028830caff9ee44b42d32ed\",\"name\":\"Telinha\",\"image\":{\"@type\":\"ImageObject\",\"inLanguage\":\"pt-PT\",\"@id\":\"https:\/\/portaltela.pt\/s.01k8rhncp4jt1\/2025\/11\/talking-bot-125x125.png\",\"url\":\"https:\/\/portaltela.pt\/s.01k8rhncp4jt1\/2025\/11\/talking-bot-125x125.png\",\"contentUrl\":\"https:\/\/portaltela.pt\/s.01k8rhncp4jt1\/2025\/11\/talking-bot-125x125.png\",\"caption\":\"Telinha\"},\"sameAs\":[\"https:\/\/portaltela.pt\/\"],\"url\":\"https:\/\/portaltela.pt\/por\/367410592786\/\"}]}<\/script>\n<!-- \/ Yoast SEO plugin. -->","yoast_head_json":{"title":"Gabriel Albuquerque conquista o vice-campeonato europeu de trampolim individual - Portal Tela Portugal","robots":{"index":"index","follow":"follow","max-snippet":"max-snippet:-1","max-image-preview":"max-image-preview:large","max-video-preview":"max-video-preview:-1"},"og_locale":"pt_PT","og_type":"article","og_title":"Gabriel Albuquerque conquista o vice-campeonato europeu de trampolim individual - Portal Tela Portugal","og_description":"Gabriel Albuquerque sagrou-se vice-campion europeu de trampolim individual masculino s\u00e9nior em Portim\u00e3o, apenas a um ponto do ouro. O ginasta da Associa\u00e7\u00e3o de Pais e Amigos de Loul\u00e9 bateu o recorde nacional de pontua\u00e7\u00e3o na modalidade. A prata sucede \u00e0 medalha de bronze conquistada na prova por equipas de seniores masculinos de trampolim individual, no s\u00e1bado. Portugal totaliza oito medalhas no Europeu: uma de ouro, duas de prata e cinco de bronze. Em tumbling, Vasco Peso conquistou ouro, abrindo uma s\u00e9rie de t\u00edtulos para o pa\u00eds; em trampolim sincronizado feminino, Catarina Nunes e Sofia Correia foram vice-campe\u00e3s europeias com prata in\u00e9dita para Portugal (47.360 pontos), atr\u00e1s da Bielorr\u00fassia (ouro).","og_url":"https:\/\/portaltela.pt\/noticias\/2026\/04\/12\/gabriel-albuquerque-conquista-o-vice-campeonato-europeu-de-trampolim-individual\/","og_site_name":"Portal Tela Portugal","article_published_time":"2026-04-12T17:02:24+00:00","author":"Telinha","twitter_card":"summary_large_image","twitter_misc":{"Escrito por":"Telinha","Tempo estimado de leitura":"1 minuto"},"schema":{"@context":"https:\/\/schema.org","@graph":[{"@type":"Article","@id":"https:\/\/portaltela.pt\/noticias\/2026\/04\/12\/gabriel-albuquerque-conquista-o-vice-campeonato-europeu-de-trampolim-individual\/#article","isPartOf":{"@id":"https:\/\/portaltela.pt\/noticias\/2026\/04\/12\/gabriel-albuquerque-conquista-o-vice-campeonato-europeu-de-trampolim-individual\/"},"author":{"name":"Telinha","@id":"https:\/\/portaltela.pt\/#\/schema\/person\/c4278d4a6028830caff9ee44b42d32ed"},"headline":"Gabriel Albuquerque conquista o vice-campeonato europeu de trampolim individual","datePublished":"2026-04-12T17:02:24+00:00","mainEntityOfPage":{"@id":"https:\/\/portaltela.pt\/noticias\/2026\/04\/12\/gabriel-albuquerque-conquista-o-vice-campeonato-europeu-de-trampolim-individual\/"},"wordCount":171,"image":{"@id":"https:\/\/portaltela.pt\/noticias\/2026\/04\/12\/gabriel-albuquerque-conquista-o-vice-campeonato-europeu-de-trampolim-individual\/#primaryimage"},"thumbnailUrl":"https:\/\/portaltela.pt\/s.01k8rhncp4jt1\/2026\/04\/img_920x518uu2026-04-12-17-48-34-2432610.jpg","keywords":["_desporto","Algarve","gin\u00e1stica","medalhas","Portim\u00e3o","Portugal"],"articleSection":["Desporto","Futebol"],"inLanguage":"pt-PT"},{"@type":"WebPage","@id":"https:\/\/portaltela.pt\/noticias\/2026\/04\/12\/gabriel-albuquerque-conquista-o-vice-campeonato-europeu-de-trampolim-individual\/","url":"https:\/\/portaltela.pt\/noticias\/2026\/04\/12\/gabriel-albuquerque-conquista-o-vice-campeonato-europeu-de-trampolim-individual\/","name":"Gabriel Albuquerque conquista o vice-campeonato europeu de trampolim individual - Portal Tela Portugal","isPartOf":{"@id":"https:\/\/portaltela.pt\/#website"},"primaryImageOfPage":{"@id":"https:\/\/portaltela.pt\/noticias\/2026\/04\/12\/gabriel-albuquerque-conquista-o-vice-campeonato-europeu-de-trampolim-individual\/#primaryimage"},"image":{"@id":"https:\/\/portaltela.pt\/noticias\/2026\/04\/12\/gabriel-albuquerque-conquista-o-vice-campeonato-europeu-de-trampolim-individual\/#primaryimage"},"thumbnailUrl":"https:\/\/portaltela.pt\/s.01k8rhncp4jt1\/2026\/04\/img_920x518uu2026-04-12-17-48-34-2432610.jpg","datePublished":"2026-04-12T17:02:24+00:00","author":{"@id":"https:\/\/portaltela.pt\/#\/schema\/person\/c4278d4a6028830caff9ee44b42d32ed"},"breadcrumb":{"@id":"https:\/\/portaltela.pt\/noticias\/2026\/04\/12\/gabriel-albuquerque-conquista-o-vice-campeonato-europeu-de-trampolim-individual\/#breadcrumb"},"inLanguage":"pt-PT","potentialAction":[{"@type":"ReadAction","target":["https:\/\/portaltela.pt\/noticias\/2026\/04\/12\/gabriel-albuquerque-conquista-o-vice-campeonato-europeu-de-trampolim-individual\/"]}]},{"@type":"ImageObject","inLanguage":"pt-PT","@id":"https:\/\/portaltela.pt\/noticias\/2026\/04\/12\/gabriel-albuquerque-conquista-o-vice-campeonato-europeu-de-trampolim-individual\/#primaryimage","url":"https:\/\/portaltela.pt\/s.01k8rhncp4jt1\/2026\/04\/img_920x518uu2026-04-12-17-48-34-2432610.jpg","contentUrl":"https:\/\/portaltela.pt\/s.01k8rhncp4jt1\/2026\/04\/img_920x518uu2026-04-12-17-48-34-2432610.jpg","width":796,"height":448,"caption":"Gabriel Albuquerque \u00e9 vice-campe\u00e3o europeu de trampolim"},{"@type":"BreadcrumbList","@id":"https:\/\/portaltela.pt\/noticias\/2026\/04\/12\/gabriel-albuquerque-conquista-o-vice-campeonato-europeu-de-trampolim-individual\/#breadcrumb","itemListElement":[{"@type":"ListItem","position":1,"name":"In\u00edcio","item":"https:\/\/portaltela.pt\/"},{"@type":"ListItem","position":2,"name":"Gabriel Albuquerque conquista o vice-campeonato europeu de trampolim individual"}]},{"@type":"WebSite","@id":"https:\/\/portaltela.pt\/#website","url":"https:\/\/portaltela.pt\/","name":"Portal Tela Portugal","description":"","potentialAction":[{"@type":"SearchAction","target":{"@type":"EntryPoint","urlTemplate":"https:\/\/portaltela.pt\/?s={search_term_string}"},"query-input":{"@type":"PropertyValueSpecification","valueRequired":true,"valueName":"search_term_string"}}],"inLanguage":"pt-PT"},{"@type":"Person","@id":"https:\/\/portaltela.pt\/#\/schema\/person\/c4278d4a6028830caff9ee44b42d32ed","name":"Telinha","image":{"@type":"ImageObject","inLanguage":"pt-PT","@id":"https:\/\/portaltela.pt\/s.01k8rhncp4jt1\/2025\/11\/talking-bot-125x125.png","url":"https:\/\/portaltela.pt\/s.01k8rhncp4jt1\/2025\/11\/talking-bot-125x125.png","contentUrl":"https:\/\/portaltela.pt\/s.01k8rhncp4jt1\/2025\/11\/talking-bot-125x125.png","caption":"Telinha"},"sameAs":["https:\/\/portaltela.pt\/"],"url":"https:\/\/portaltela.pt\/por\/367410592786\/"}]}},"_links":{"self":[{"href":"https:\/\/portaltela.pt\/api\/wp\/v2\/posts\/441576","targetHints":{"allow":["GET"]}}],"collection":[{"href":"https:\/\/portaltela.pt\/api\/wp\/v2\/posts"}],"about":[{"href":"https:\/\/portaltela.pt\/api\/wp\/v2\/types\/post"}],"author":[{"embeddable":true,"href":"https:\/\/portaltela.pt\/api\/wp\/v2\/users\/2"}],"replies":[{"embeddable":true,"href":"https:\/\/portaltela.pt\/api\/wp\/v2\/comments?post=441576"}],"version-history":[{"count":0,"href":"https:\/\/portaltela.pt\/api\/wp\/v2\/posts\/441576\/revisions"}],"wp:featuredmedia":[{"embeddable":true,"href":"https:\/\/portaltela.pt\/api\/wp\/v2\/media\/441579"}],"wp:attachment":[{"href":"https:\/\/portaltela.pt\/api\/wp\/v2\/media?parent=441576"}],"wp:term":[{"taxonomy":"category","embeddable":true,"href":"https:\/\/portaltela.pt\/api\/wp\/v2\/categories?post=441576"},{"taxonomy":"post_tag","embeddable":true,"href":"https:\/\/portaltela.pt\/api\/wp\/v2\/tags?post=441576"}],"curies":[{"name":"wp","href":"https:\/\/api.w.org\/{rel}","templated":true}]}}