{"id":441562,"date":"2026-04-12T13:47:11","date_gmt":"2026-04-12T16:47:11","guid":{"rendered":"https:\/\/portaltela.pt\/noticias\/2026\/04\/12\/benfica-vence-direito-e-recupera-lideranca-na-divisao-de-honra\/"},"modified":"2026-04-12T13:47:11","modified_gmt":"2026-04-12T16:47:11","slug":"benfica-vence-direito-e-recupera-lideranca-na-divisao-de-honra","status":"publish","type":"post","link":"https:\/\/portaltela.pt\/desporto\/futebol\/2026\/04\/12\/benfica-vence-direito-e-recupera-lideranca-na-divisao-de-honra\/","title":{"rendered":"Benfica vence Direito e recupera lideran\u00e7a na Divis\u00e3o de Honra"},"content":{"rendered":"<p>O Benfica venceu o Direito por 24-17 este domingo, em partida da 6.\u00aa jornada da Divis\u00e3o de Honra, retomando a lideran\u00e7a do campeonato. Os encarnados alcan\u00e7aram 23 pontos, tr\u00eas acima do Belenenses, que ganhou ao S\u00e3o Miguel no s\u00e1bado (45-19).<\/p>\n<p>Com o ponto de b\u00f3nus defensivo assegurado, o Benfica igualou o Cascais no 3.\u00ba lugar, ambos com 19 pontos.<\/p>\n<p>O Cascais venceu o CDUL por 35-14 e mant\u00e9m-se em posi\u00e7\u00e3o de treino para a frente da tabela, enquanto o Belenenses continua na luta pela lideran\u00e7a, com o Benfica na dianteira.<\/p>\n","protected":false},"excerpt":{"rendered":"<ul>\n<li>Benfica venceu o Direito por 24-17 na sexta jornada da Divis\u00e3o de Honra e retomou a lideran\u00e7a, com 23 pontos.<\/li>\n<li>O Belenenses venceu o S\u00e3o Miguel por 45-19 e ficou em segundo lugar.<\/li>\n<li>Com o ponto de b\u00f3nus defensivo garantido, o Direito igualou o Cascais no 3.\u00ba lugar, ambos com 19 pontos.<\/li>\n<li>O Cascais derrotou o CDUL por 35-14 para ficar no 3.\u00ba posto, com 19 pontos.<\/li>\n<li>O Benfica consolidou a lideran\u00e7a, mantendo-se \u00e0 frente dos advers\u00e1rios na tabela.<\/li>\n<\/ul>\n","protected":false},"author":2,"featured_media":441564,"comment_status":"closed","ping_status":"closed","sticky":false,"template":"","format":"standard","meta":{"footnotes":""},"categories":[21,24],"tags":[7902,4925,1946,1111,7692],"class_list":["post-441562","post","type-post","status-publish","format-standard","has-post-thumbnail","hentry","category-desporto","category-futebol","tag-_desporto","tag-belenenses","tag-benfica","tag-cascais","tag-cdul"],"yoast_head":"<!-- This site is optimized with the Yoast SEO plugin v27.2 - https:\/\/yoast.com\/product\/yoast-seo-wordpress\/ -->\n<title>Benfica vence Direito e recupera lideran\u00e7a na Divis\u00e3o de Honra - Portal Tela Portugal<\/title>\n<meta name=\"robots\" content=\"index, follow, max-snippet:-1, max-image-preview:large, max-video-preview:-1\" \/>\n<meta property=\"og:locale\" content=\"pt_PT\" \/>\n<meta property=\"og:type\" content=\"article\" \/>\n<meta property=\"og:title\" content=\"Benfica vence Direito e recupera lideran\u00e7a na Divis\u00e3o de Honra - Portal Tela Portugal\" \/>\n<meta property=\"og:description\" content=\"Benfica venceu o Direito por 24-17 na sexta jornada da Divis\u00e3o de Honra e retomou a lideran\u00e7a, com 23 pontos. O Belenenses venceu o S\u00e3o Miguel por 45-19 e ficou em segundo lugar. Com o ponto de b\u00f3nus defensivo garantido, o Direito igualou o Cascais no 3.\u00ba lugar, ambos com 19 pontos. O Cascais derrotou o CDUL por 35-14 para ficar no 3.\u00ba posto, com 19 pontos. O Benfica consolidou a lideran\u00e7a, mantendo-se \u00e0 frente dos advers\u00e1rios na tabela.\" \/>\n<meta property=\"og:url\" content=\"https:\/\/portaltela.pt\/noticias\/2026\/04\/12\/benfica-vence-direito-e-recupera-lideranca-na-divisao-de-honra\/\" \/>\n<meta property=\"og:site_name\" content=\"Portal Tela Portugal\" \/>\n<meta property=\"article:published_time\" content=\"2026-04-12T16:47:11+00:00\" \/>\n<meta name=\"author\" content=\"Telinha\" \/>\n<meta name=\"twitter:card\" content=\"summary_large_image\" \/>\n<meta name=\"twitter:label1\" content=\"Escrito por\" \/>\n\t<meta name=\"twitter:data1\" content=\"Telinha\" \/>\n<script type=\"application\/ld+json\" class=\"yoast-schema-graph\">{\"@context\":\"https:\/\/schema.org\",\"@graph\":[{\"@type\":\"Article\",\"@id\":\"https:\/\/portaltela.pt\/noticias\/2026\/04\/12\/benfica-vence-direito-e-recupera-lideranca-na-divisao-de-honra\/#article\",\"isPartOf\":{\"@id\":\"https:\/\/portaltela.pt\/noticias\/2026\/04\/12\/benfica-vence-direito-e-recupera-lideranca-na-divisao-de-honra\/\"},\"author\":{\"name\":\"Telinha\",\"@id\":\"https:\/\/portaltela.pt\/#\/schema\/person\/c4278d4a6028830caff9ee44b42d32ed\"},\"headline\":\"Benfica vence Direito e recupera lideran\u00e7a na Divis\u00e3o de Honra\",\"datePublished\":\"2026-04-12T16:47:11+00:00\",\"mainEntityOfPage\":{\"@id\":\"https:\/\/portaltela.pt\/noticias\/2026\/04\/12\/benfica-vence-direito-e-recupera-lideranca-na-divisao-de-honra\/\"},\"wordCount\":108,\"image\":{\"@id\":\"https:\/\/portaltela.pt\/noticias\/2026\/04\/12\/benfica-vence-direito-e-recupera-lideranca-na-divisao-de-honra\/#primaryimage\"},\"thumbnailUrl\":\"https:\/\/portaltela.pt\/s.01k8rhncp4jt1\/2026\/04\/img_920x518uu2026-04-12-17-39-00-2432607.jpg\",\"keywords\":[\"_desporto\",\"Belenenses\",\"Benfica\",\"Cascais\",\"CDUL\"],\"articleSection\":[\"Desporto\",\"Futebol\"],\"inLanguage\":\"pt-PT\"},{\"@type\":\"WebPage\",\"@id\":\"https:\/\/portaltela.pt\/noticias\/2026\/04\/12\/benfica-vence-direito-e-recupera-lideranca-na-divisao-de-honra\/\",\"url\":\"https:\/\/portaltela.pt\/noticias\/2026\/04\/12\/benfica-vence-direito-e-recupera-lideranca-na-divisao-de-honra\/\",\"name\":\"Benfica vence Direito e recupera lideran\u00e7a na Divis\u00e3o de Honra - Portal Tela Portugal\",\"isPartOf\":{\"@id\":\"https:\/\/portaltela.pt\/#website\"},\"primaryImageOfPage\":{\"@id\":\"https:\/\/portaltela.pt\/noticias\/2026\/04\/12\/benfica-vence-direito-e-recupera-lideranca-na-divisao-de-honra\/#primaryimage\"},\"image\":{\"@id\":\"https:\/\/portaltela.pt\/noticias\/2026\/04\/12\/benfica-vence-direito-e-recupera-lideranca-na-divisao-de-honra\/#primaryimage\"},\"thumbnailUrl\":\"https:\/\/portaltela.pt\/s.01k8rhncp4jt1\/2026\/04\/img_920x518uu2026-04-12-17-39-00-2432607.jpg\",\"datePublished\":\"2026-04-12T16:47:11+00:00\",\"author\":{\"@id\":\"https:\/\/portaltela.pt\/#\/schema\/person\/c4278d4a6028830caff9ee44b42d32ed\"},\"breadcrumb\":{\"@id\":\"https:\/\/portaltela.pt\/noticias\/2026\/04\/12\/benfica-vence-direito-e-recupera-lideranca-na-divisao-de-honra\/#breadcrumb\"},\"inLanguage\":\"pt-PT\",\"potentialAction\":[{\"@type\":\"ReadAction\",\"target\":[\"https:\/\/portaltela.pt\/noticias\/2026\/04\/12\/benfica-vence-direito-e-recupera-lideranca-na-divisao-de-honra\/\"]}]},{\"@type\":\"ImageObject\",\"inLanguage\":\"pt-PT\",\"@id\":\"https:\/\/portaltela.pt\/noticias\/2026\/04\/12\/benfica-vence-direito-e-recupera-lideranca-na-divisao-de-honra\/#primaryimage\",\"url\":\"https:\/\/portaltela.pt\/s.01k8rhncp4jt1\/2026\/04\/img_920x518uu2026-04-12-17-39-00-2432607.jpg\",\"contentUrl\":\"https:\/\/portaltela.pt\/s.01k8rhncp4jt1\/2026\/04\/img_920x518uu2026-04-12-17-39-00-2432607.jpg\",\"width\":796,\"height\":448,\"caption\":\"\u00c1guias festejam\"},{\"@type\":\"BreadcrumbList\",\"@id\":\"https:\/\/portaltela.pt\/noticias\/2026\/04\/12\/benfica-vence-direito-e-recupera-lideranca-na-divisao-de-honra\/#breadcrumb\",\"itemListElement\":[{\"@type\":\"ListItem\",\"position\":1,\"name\":\"In\u00edcio\",\"item\":\"https:\/\/portaltela.pt\/\"},{\"@type\":\"ListItem\",\"position\":2,\"name\":\"Benfica vence Direito e recupera lideran\u00e7a na Divis\u00e3o de Honra\"}]},{\"@type\":\"WebSite\",\"@id\":\"https:\/\/portaltela.pt\/#website\",\"url\":\"https:\/\/portaltela.pt\/\",\"name\":\"Portal Tela Portugal\",\"description\":\"\",\"potentialAction\":[{\"@type\":\"SearchAction\",\"target\":{\"@type\":\"EntryPoint\",\"urlTemplate\":\"https:\/\/portaltela.pt\/?s={search_term_string}\"},\"query-input\":{\"@type\":\"PropertyValueSpecification\",\"valueRequired\":true,\"valueName\":\"search_term_string\"}}],\"inLanguage\":\"pt-PT\"},{\"@type\":\"Person\",\"@id\":\"https:\/\/portaltela.pt\/#\/schema\/person\/c4278d4a6028830caff9ee44b42d32ed\",\"name\":\"Telinha\",\"image\":{\"@type\":\"ImageObject\",\"inLanguage\":\"pt-PT\",\"@id\":\"https:\/\/portaltela.pt\/s.01k8rhncp4jt1\/2025\/11\/talking-bot-125x125.png\",\"url\":\"https:\/\/portaltela.pt\/s.01k8rhncp4jt1\/2025\/11\/talking-bot-125x125.png\",\"contentUrl\":\"https:\/\/portaltela.pt\/s.01k8rhncp4jt1\/2025\/11\/talking-bot-125x125.png\",\"caption\":\"Telinha\"},\"sameAs\":[\"https:\/\/portaltela.pt\/\"],\"url\":\"https:\/\/portaltela.pt\/por\/367410592786\/\"}]}<\/script>\n<!-- \/ Yoast SEO plugin. -->","yoast_head_json":{"title":"Benfica vence Direito e recupera lideran\u00e7a na Divis\u00e3o de Honra - Portal Tela Portugal","robots":{"index":"index","follow":"follow","max-snippet":"max-snippet:-1","max-image-preview":"max-image-preview:large","max-video-preview":"max-video-preview:-1"},"og_locale":"pt_PT","og_type":"article","og_title":"Benfica vence Direito e recupera lideran\u00e7a na Divis\u00e3o de Honra - Portal Tela Portugal","og_description":"Benfica venceu o Direito por 24-17 na sexta jornada da Divis\u00e3o de Honra e retomou a lideran\u00e7a, com 23 pontos. O Belenenses venceu o S\u00e3o Miguel por 45-19 e ficou em segundo lugar. Com o ponto de b\u00f3nus defensivo garantido, o Direito igualou o Cascais no 3.\u00ba lugar, ambos com 19 pontos. O Cascais derrotou o CDUL por 35-14 para ficar no 3.\u00ba posto, com 19 pontos. O Benfica consolidou a lideran\u00e7a, mantendo-se \u00e0 frente dos advers\u00e1rios na tabela.","og_url":"https:\/\/portaltela.pt\/noticias\/2026\/04\/12\/benfica-vence-direito-e-recupera-lideranca-na-divisao-de-honra\/","og_site_name":"Portal Tela Portugal","article_published_time":"2026-04-12T16:47:11+00:00","author":"Telinha","twitter_card":"summary_large_image","twitter_misc":{"Escrito por":"Telinha"},"schema":{"@context":"https:\/\/schema.org","@graph":[{"@type":"Article","@id":"https:\/\/portaltela.pt\/noticias\/2026\/04\/12\/benfica-vence-direito-e-recupera-lideranca-na-divisao-de-honra\/#article","isPartOf":{"@id":"https:\/\/portaltela.pt\/noticias\/2026\/04\/12\/benfica-vence-direito-e-recupera-lideranca-na-divisao-de-honra\/"},"author":{"name":"Telinha","@id":"https:\/\/portaltela.pt\/#\/schema\/person\/c4278d4a6028830caff9ee44b42d32ed"},"headline":"Benfica vence Direito e recupera lideran\u00e7a na Divis\u00e3o de Honra","datePublished":"2026-04-12T16:47:11+00:00","mainEntityOfPage":{"@id":"https:\/\/portaltela.pt\/noticias\/2026\/04\/12\/benfica-vence-direito-e-recupera-lideranca-na-divisao-de-honra\/"},"wordCount":108,"image":{"@id":"https:\/\/portaltela.pt\/noticias\/2026\/04\/12\/benfica-vence-direito-e-recupera-lideranca-na-divisao-de-honra\/#primaryimage"},"thumbnailUrl":"https:\/\/portaltela.pt\/s.01k8rhncp4jt1\/2026\/04\/img_920x518uu2026-04-12-17-39-00-2432607.jpg","keywords":["_desporto","Belenenses","Benfica","Cascais","CDUL"],"articleSection":["Desporto","Futebol"],"inLanguage":"pt-PT"},{"@type":"WebPage","@id":"https:\/\/portaltela.pt\/noticias\/2026\/04\/12\/benfica-vence-direito-e-recupera-lideranca-na-divisao-de-honra\/","url":"https:\/\/portaltela.pt\/noticias\/2026\/04\/12\/benfica-vence-direito-e-recupera-lideranca-na-divisao-de-honra\/","name":"Benfica vence Direito e recupera lideran\u00e7a na Divis\u00e3o de Honra - Portal Tela Portugal","isPartOf":{"@id":"https:\/\/portaltela.pt\/#website"},"primaryImageOfPage":{"@id":"https:\/\/portaltela.pt\/noticias\/2026\/04\/12\/benfica-vence-direito-e-recupera-lideranca-na-divisao-de-honra\/#primaryimage"},"image":{"@id":"https:\/\/portaltela.pt\/noticias\/2026\/04\/12\/benfica-vence-direito-e-recupera-lideranca-na-divisao-de-honra\/#primaryimage"},"thumbnailUrl":"https:\/\/portaltela.pt\/s.01k8rhncp4jt1\/2026\/04\/img_920x518uu2026-04-12-17-39-00-2432607.jpg","datePublished":"2026-04-12T16:47:11+00:00","author":{"@id":"https:\/\/portaltela.pt\/#\/schema\/person\/c4278d4a6028830caff9ee44b42d32ed"},"breadcrumb":{"@id":"https:\/\/portaltela.pt\/noticias\/2026\/04\/12\/benfica-vence-direito-e-recupera-lideranca-na-divisao-de-honra\/#breadcrumb"},"inLanguage":"pt-PT","potentialAction":[{"@type":"ReadAction","target":["https:\/\/portaltela.pt\/noticias\/2026\/04\/12\/benfica-vence-direito-e-recupera-lideranca-na-divisao-de-honra\/"]}]},{"@type":"ImageObject","inLanguage":"pt-PT","@id":"https:\/\/portaltela.pt\/noticias\/2026\/04\/12\/benfica-vence-direito-e-recupera-lideranca-na-divisao-de-honra\/#primaryimage","url":"https:\/\/portaltela.pt\/s.01k8rhncp4jt1\/2026\/04\/img_920x518uu2026-04-12-17-39-00-2432607.jpg","contentUrl":"https:\/\/portaltela.pt\/s.01k8rhncp4jt1\/2026\/04\/img_920x518uu2026-04-12-17-39-00-2432607.jpg","width":796,"height":448,"caption":"\u00c1guias festejam"},{"@type":"BreadcrumbList","@id":"https:\/\/portaltela.pt\/noticias\/2026\/04\/12\/benfica-vence-direito-e-recupera-lideranca-na-divisao-de-honra\/#breadcrumb","itemListElement":[{"@type":"ListItem","position":1,"name":"In\u00edcio","item":"https:\/\/portaltela.pt\/"},{"@type":"ListItem","position":2,"name":"Benfica vence Direito e recupera lideran\u00e7a na Divis\u00e3o de Honra"}]},{"@type":"WebSite","@id":"https:\/\/portaltela.pt\/#website","url":"https:\/\/portaltela.pt\/","name":"Portal Tela Portugal","description":"","potentialAction":[{"@type":"SearchAction","target":{"@type":"EntryPoint","urlTemplate":"https:\/\/portaltela.pt\/?s={search_term_string}"},"query-input":{"@type":"PropertyValueSpecification","valueRequired":true,"valueName":"search_term_string"}}],"inLanguage":"pt-PT"},{"@type":"Person","@id":"https:\/\/portaltela.pt\/#\/schema\/person\/c4278d4a6028830caff9ee44b42d32ed","name":"Telinha","image":{"@type":"ImageObject","inLanguage":"pt-PT","@id":"https:\/\/portaltela.pt\/s.01k8rhncp4jt1\/2025\/11\/talking-bot-125x125.png","url":"https:\/\/portaltela.pt\/s.01k8rhncp4jt1\/2025\/11\/talking-bot-125x125.png","contentUrl":"https:\/\/portaltela.pt\/s.01k8rhncp4jt1\/2025\/11\/talking-bot-125x125.png","caption":"Telinha"},"sameAs":["https:\/\/portaltela.pt\/"],"url":"https:\/\/portaltela.pt\/por\/367410592786\/"}]}},"_links":{"self":[{"href":"https:\/\/portaltela.pt\/api\/wp\/v2\/posts\/441562","targetHints":{"allow":["GET"]}}],"collection":[{"href":"https:\/\/portaltela.pt\/api\/wp\/v2\/posts"}],"about":[{"href":"https:\/\/portaltela.pt\/api\/wp\/v2\/types\/post"}],"author":[{"embeddable":true,"href":"https:\/\/portaltela.pt\/api\/wp\/v2\/users\/2"}],"replies":[{"embeddable":true,"href":"https:\/\/portaltela.pt\/api\/wp\/v2\/comments?post=441562"}],"version-history":[{"count":0,"href":"https:\/\/portaltela.pt\/api\/wp\/v2\/posts\/441562\/revisions"}],"wp:featuredmedia":[{"embeddable":true,"href":"https:\/\/portaltela.pt\/api\/wp\/v2\/media\/441564"}],"wp:attachment":[{"href":"https:\/\/portaltela.pt\/api\/wp\/v2\/media?parent=441562"}],"wp:term":[{"taxonomy":"category","embeddable":true,"href":"https:\/\/portaltela.pt\/api\/wp\/v2\/categories?post=441562"},{"taxonomy":"post_tag","embeddable":true,"href":"https:\/\/portaltela.pt\/api\/wp\/v2\/tags?post=441562"}],"curies":[{"name":"wp","href":"https:\/\/api.w.org\/{rel}","templated":true}]}}