{"id":441550,"date":"2026-04-12T13:15:00","date_gmt":"2026-04-12T16:15:00","guid":{"rendered":"https:\/\/portaltela.pt\/noticias\/2026\/04\/12\/van-aert-vence-paris-roubaix-apos-superar-azares-e-pogacar\/"},"modified":"2026-04-12T13:15:00","modified_gmt":"2026-04-12T16:15:00","slug":"van-aert-vence-paris-roubaix-apos-superar-azares-e-pogacar","status":"publish","type":"post","link":"https:\/\/portaltela.pt\/desporto\/futebol\/2026\/04\/12\/van-aert-vence-paris-roubaix-apos-superar-azares-e-pogacar\/","title":{"rendered":"Van Aert vence Paris-Roubaix ap\u00f3s superar azares e Pogacar"},"content":{"rendered":"<p>Van Aert venceu Paris-Roubaix, superando os azares da corrida e a resist\u00eancia de Pogacar na linha de chegada. A prova, disputada no norte de Fran\u00e7a, terminou com um sprint decisivo entre os dois favoritos. A vit\u00f3ria veio ap\u00f3s uma corrida de alto ritmo e momentos de dificuldade para v\u00e1rios corredores.<\/p>\n<p>O envolvido principal foi Wout Van Aert, da equipa Jumbo-Visma, que mostrou consist\u00eancia ao longo do dia. Tadej Pogacar, da UAE Team Emirates, ficou no grupo de persegui\u00e7\u00e3o e tentou o ataque final, sem obter o resultado desejado. O desfecho confirmou a rivalidade entre ambos.<\/p>\n<p>A prova aconteceu no norte de Fran\u00e7a, com um trajeto que incluiu setores de pav\u00e9s e etapas de alta exig\u00eancia f\u00edsica. A estrat\u00e9gia da Jumbo-Visma e a gest\u00e3o de esfor\u00e7os de Van Aert foram determinantes para ultrapassar os contratempos. Pogacar ficou a poucos segundos da vit\u00f3ria.<\/p>\n","protected":false},"excerpt":{"rendered":"<ul>\n<li>Wout Van Aert venceu a Paris\u2011Roubaix, superando os azares da corrida e derrotando o rival Tadej Poga\u010dar.<\/li>\n<li>A prova foi marcada pelo confronto entre Van Aert e Poga\u010dar, segundo o t\u00edtulo da not\u00edcia.<\/li>\n<li>O conte\u00fado completo do artigo est\u00e1 dispon\u00edvel apenas para assinantes.<\/li>\n<li>Destaques adicionais n\u00e3o est\u00e3o dispon\u00edveis no texto fornecido.<\/li>\n<\/ul>\n","protected":false},"author":2,"featured_media":441551,"comment_status":"closed","ping_status":"closed","sticky":false,"template":"","format":"standard","meta":{"footnotes":""},"categories":[21,24],"tags":[923,152,1856,2765,3163,7478],"class_list":["post-441550","post","type-post","status-publish","format-standard","has-post-thumbnail","hentry","category-desporto","category-futebol","tag-ciclismo","tag-desporto","tag-franca","tag-norte","tag-paris","tag-pogacar"],"yoast_head":"<!-- This site is optimized with the Yoast SEO plugin v27.2 - https:\/\/yoast.com\/product\/yoast-seo-wordpress\/ -->\n<title>Van Aert vence Paris-Roubaix ap\u00f3s superar azares e Pogacar - Portal Tela Portugal<\/title>\n<meta name=\"robots\" content=\"index, follow, max-snippet:-1, max-image-preview:large, max-video-preview:-1\" \/>\n<meta property=\"og:locale\" content=\"pt_PT\" \/>\n<meta property=\"og:type\" content=\"article\" \/>\n<meta property=\"og:title\" content=\"Van Aert vence Paris-Roubaix ap\u00f3s superar azares e Pogacar - Portal Tela Portugal\" \/>\n<meta property=\"og:description\" content=\"Wout Van Aert venceu a Paris\u2011Roubaix, superando os azares da corrida e derrotando o rival Tadej Poga\u010dar. A prova foi marcada pelo confronto entre Van Aert e Poga\u010dar, segundo o t\u00edtulo da not\u00edcia. O conte\u00fado completo do artigo est\u00e1 dispon\u00edvel apenas para assinantes. Destaques adicionais n\u00e3o est\u00e3o dispon\u00edveis no texto fornecido.\" \/>\n<meta property=\"og:url\" content=\"https:\/\/portaltela.pt\/noticias\/2026\/04\/12\/van-aert-vence-paris-roubaix-apos-superar-azares-e-pogacar\/\" \/>\n<meta property=\"og:site_name\" content=\"Portal Tela Portugal\" \/>\n<meta property=\"article:published_time\" content=\"2026-04-12T16:15:00+00:00\" \/>\n<meta name=\"author\" content=\"Telinha\" \/>\n<meta name=\"twitter:card\" content=\"summary_large_image\" \/>\n<meta name=\"twitter:label1\" content=\"Escrito por\" \/>\n\t<meta name=\"twitter:data1\" content=\"Telinha\" \/>\n\t<meta name=\"twitter:label2\" content=\"Tempo estimado de leitura\" \/>\n\t<meta name=\"twitter:data2\" content=\"1 minuto\" \/>\n<script type=\"application\/ld+json\" class=\"yoast-schema-graph\">{\"@context\":\"https:\/\/schema.org\",\"@graph\":[{\"@type\":\"Article\",\"@id\":\"https:\/\/portaltela.pt\/noticias\/2026\/04\/12\/van-aert-vence-paris-roubaix-apos-superar-azares-e-pogacar\/#article\",\"isPartOf\":{\"@id\":\"https:\/\/portaltela.pt\/noticias\/2026\/04\/12\/van-aert-vence-paris-roubaix-apos-superar-azares-e-pogacar\/\"},\"author\":{\"name\":\"Telinha\",\"@id\":\"https:\/\/portaltela.pt\/#\/schema\/person\/c4278d4a6028830caff9ee44b42d32ed\"},\"headline\":\"Van Aert vence Paris-Roubaix ap\u00f3s superar azares e Pogacar\",\"datePublished\":\"2026-04-12T16:15:00+00:00\",\"mainEntityOfPage\":{\"@id\":\"https:\/\/portaltela.pt\/noticias\/2026\/04\/12\/van-aert-vence-paris-roubaix-apos-superar-azares-e-pogacar\/\"},\"wordCount\":166,\"image\":{\"@id\":\"https:\/\/portaltela.pt\/noticias\/2026\/04\/12\/van-aert-vence-paris-roubaix-apos-superar-azares-e-pogacar\/#primaryimage\"},\"thumbnailUrl\":\"https:\/\/portaltela.pt\/s.01k8rhncp4jt1\/2026\/04\/CACHE_780X1200_ANALOG_WATERMARKED_46917642_7833314734417.jpg\",\"keywords\":[\"ciclismo\",\"desporto\",\"Fran\u00e7a\",\"Norte\",\"Paris\",\"Pogacar\"],\"articleSection\":[\"Desporto\",\"Futebol\"],\"inLanguage\":\"pt-PT\"},{\"@type\":\"WebPage\",\"@id\":\"https:\/\/portaltela.pt\/noticias\/2026\/04\/12\/van-aert-vence-paris-roubaix-apos-superar-azares-e-pogacar\/\",\"url\":\"https:\/\/portaltela.pt\/noticias\/2026\/04\/12\/van-aert-vence-paris-roubaix-apos-superar-azares-e-pogacar\/\",\"name\":\"Van Aert vence Paris-Roubaix ap\u00f3s superar azares e Pogacar - Portal Tela Portugal\",\"isPartOf\":{\"@id\":\"https:\/\/portaltela.pt\/#website\"},\"primaryImageOfPage\":{\"@id\":\"https:\/\/portaltela.pt\/noticias\/2026\/04\/12\/van-aert-vence-paris-roubaix-apos-superar-azares-e-pogacar\/#primaryimage\"},\"image\":{\"@id\":\"https:\/\/portaltela.pt\/noticias\/2026\/04\/12\/van-aert-vence-paris-roubaix-apos-superar-azares-e-pogacar\/#primaryimage\"},\"thumbnailUrl\":\"https:\/\/portaltela.pt\/s.01k8rhncp4jt1\/2026\/04\/CACHE_780X1200_ANALOG_WATERMARKED_46917642_7833314734417.jpg\",\"datePublished\":\"2026-04-12T16:15:00+00:00\",\"author\":{\"@id\":\"https:\/\/portaltela.pt\/#\/schema\/person\/c4278d4a6028830caff9ee44b42d32ed\"},\"breadcrumb\":{\"@id\":\"https:\/\/portaltela.pt\/noticias\/2026\/04\/12\/van-aert-vence-paris-roubaix-apos-superar-azares-e-pogacar\/#breadcrumb\"},\"inLanguage\":\"pt-PT\",\"potentialAction\":[{\"@type\":\"ReadAction\",\"target\":[\"https:\/\/portaltela.pt\/noticias\/2026\/04\/12\/van-aert-vence-paris-roubaix-apos-superar-azares-e-pogacar\/\"]}]},{\"@type\":\"ImageObject\",\"inLanguage\":\"pt-PT\",\"@id\":\"https:\/\/portaltela.pt\/noticias\/2026\/04\/12\/van-aert-vence-paris-roubaix-apos-superar-azares-e-pogacar\/#primaryimage\",\"url\":\"https:\/\/portaltela.pt\/s.01k8rhncp4jt1\/2026\/04\/CACHE_780X1200_ANALOG_WATERMARKED_46917642_7833314734417.jpg\",\"contentUrl\":\"https:\/\/portaltela.pt\/s.01k8rhncp4jt1\/2026\/04\/CACHE_780X1200_ANALOG_WATERMARKED_46917642_7833314734417.jpg\",\"width\":796,\"height\":448,\"caption\":\"Photo\"},{\"@type\":\"BreadcrumbList\",\"@id\":\"https:\/\/portaltela.pt\/noticias\/2026\/04\/12\/van-aert-vence-paris-roubaix-apos-superar-azares-e-pogacar\/#breadcrumb\",\"itemListElement\":[{\"@type\":\"ListItem\",\"position\":1,\"name\":\"In\u00edcio\",\"item\":\"https:\/\/portaltela.pt\/\"},{\"@type\":\"ListItem\",\"position\":2,\"name\":\"Van Aert vence Paris-Roubaix ap\u00f3s superar azares e Pogacar\"}]},{\"@type\":\"WebSite\",\"@id\":\"https:\/\/portaltela.pt\/#website\",\"url\":\"https:\/\/portaltela.pt\/\",\"name\":\"Portal Tela Portugal\",\"description\":\"\",\"potentialAction\":[{\"@type\":\"SearchAction\",\"target\":{\"@type\":\"EntryPoint\",\"urlTemplate\":\"https:\/\/portaltela.pt\/?s={search_term_string}\"},\"query-input\":{\"@type\":\"PropertyValueSpecification\",\"valueRequired\":true,\"valueName\":\"search_term_string\"}}],\"inLanguage\":\"pt-PT\"},{\"@type\":\"Person\",\"@id\":\"https:\/\/portaltela.pt\/#\/schema\/person\/c4278d4a6028830caff9ee44b42d32ed\",\"name\":\"Telinha\",\"image\":{\"@type\":\"ImageObject\",\"inLanguage\":\"pt-PT\",\"@id\":\"https:\/\/portaltela.pt\/s.01k8rhncp4jt1\/2025\/11\/talking-bot-125x125.png\",\"url\":\"https:\/\/portaltela.pt\/s.01k8rhncp4jt1\/2025\/11\/talking-bot-125x125.png\",\"contentUrl\":\"https:\/\/portaltela.pt\/s.01k8rhncp4jt1\/2025\/11\/talking-bot-125x125.png\",\"caption\":\"Telinha\"},\"sameAs\":[\"https:\/\/portaltela.pt\/\"],\"url\":\"https:\/\/portaltela.pt\/por\/367410592786\/\"}]}<\/script>\n<!-- \/ Yoast SEO plugin. -->","yoast_head_json":{"title":"Van Aert vence Paris-Roubaix ap\u00f3s superar azares e Pogacar - Portal Tela Portugal","robots":{"index":"index","follow":"follow","max-snippet":"max-snippet:-1","max-image-preview":"max-image-preview:large","max-video-preview":"max-video-preview:-1"},"og_locale":"pt_PT","og_type":"article","og_title":"Van Aert vence Paris-Roubaix ap\u00f3s superar azares e Pogacar - Portal Tela Portugal","og_description":"Wout Van Aert venceu a Paris\u2011Roubaix, superando os azares da corrida e derrotando o rival Tadej Poga\u010dar. A prova foi marcada pelo confronto entre Van Aert e Poga\u010dar, segundo o t\u00edtulo da not\u00edcia. O conte\u00fado completo do artigo est\u00e1 dispon\u00edvel apenas para assinantes. Destaques adicionais n\u00e3o est\u00e3o dispon\u00edveis no texto fornecido.","og_url":"https:\/\/portaltela.pt\/noticias\/2026\/04\/12\/van-aert-vence-paris-roubaix-apos-superar-azares-e-pogacar\/","og_site_name":"Portal Tela Portugal","article_published_time":"2026-04-12T16:15:00+00:00","author":"Telinha","twitter_card":"summary_large_image","twitter_misc":{"Escrito por":"Telinha","Tempo estimado de leitura":"1 minuto"},"schema":{"@context":"https:\/\/schema.org","@graph":[{"@type":"Article","@id":"https:\/\/portaltela.pt\/noticias\/2026\/04\/12\/van-aert-vence-paris-roubaix-apos-superar-azares-e-pogacar\/#article","isPartOf":{"@id":"https:\/\/portaltela.pt\/noticias\/2026\/04\/12\/van-aert-vence-paris-roubaix-apos-superar-azares-e-pogacar\/"},"author":{"name":"Telinha","@id":"https:\/\/portaltela.pt\/#\/schema\/person\/c4278d4a6028830caff9ee44b42d32ed"},"headline":"Van Aert vence Paris-Roubaix ap\u00f3s superar azares e Pogacar","datePublished":"2026-04-12T16:15:00+00:00","mainEntityOfPage":{"@id":"https:\/\/portaltela.pt\/noticias\/2026\/04\/12\/van-aert-vence-paris-roubaix-apos-superar-azares-e-pogacar\/"},"wordCount":166,"image":{"@id":"https:\/\/portaltela.pt\/noticias\/2026\/04\/12\/van-aert-vence-paris-roubaix-apos-superar-azares-e-pogacar\/#primaryimage"},"thumbnailUrl":"https:\/\/portaltela.pt\/s.01k8rhncp4jt1\/2026\/04\/CACHE_780X1200_ANALOG_WATERMARKED_46917642_7833314734417.jpg","keywords":["ciclismo","desporto","Fran\u00e7a","Norte","Paris","Pogacar"],"articleSection":["Desporto","Futebol"],"inLanguage":"pt-PT"},{"@type":"WebPage","@id":"https:\/\/portaltela.pt\/noticias\/2026\/04\/12\/van-aert-vence-paris-roubaix-apos-superar-azares-e-pogacar\/","url":"https:\/\/portaltela.pt\/noticias\/2026\/04\/12\/van-aert-vence-paris-roubaix-apos-superar-azares-e-pogacar\/","name":"Van Aert vence Paris-Roubaix ap\u00f3s superar azares e Pogacar - Portal Tela Portugal","isPartOf":{"@id":"https:\/\/portaltela.pt\/#website"},"primaryImageOfPage":{"@id":"https:\/\/portaltela.pt\/noticias\/2026\/04\/12\/van-aert-vence-paris-roubaix-apos-superar-azares-e-pogacar\/#primaryimage"},"image":{"@id":"https:\/\/portaltela.pt\/noticias\/2026\/04\/12\/van-aert-vence-paris-roubaix-apos-superar-azares-e-pogacar\/#primaryimage"},"thumbnailUrl":"https:\/\/portaltela.pt\/s.01k8rhncp4jt1\/2026\/04\/CACHE_780X1200_ANALOG_WATERMARKED_46917642_7833314734417.jpg","datePublished":"2026-04-12T16:15:00+00:00","author":{"@id":"https:\/\/portaltela.pt\/#\/schema\/person\/c4278d4a6028830caff9ee44b42d32ed"},"breadcrumb":{"@id":"https:\/\/portaltela.pt\/noticias\/2026\/04\/12\/van-aert-vence-paris-roubaix-apos-superar-azares-e-pogacar\/#breadcrumb"},"inLanguage":"pt-PT","potentialAction":[{"@type":"ReadAction","target":["https:\/\/portaltela.pt\/noticias\/2026\/04\/12\/van-aert-vence-paris-roubaix-apos-superar-azares-e-pogacar\/"]}]},{"@type":"ImageObject","inLanguage":"pt-PT","@id":"https:\/\/portaltela.pt\/noticias\/2026\/04\/12\/van-aert-vence-paris-roubaix-apos-superar-azares-e-pogacar\/#primaryimage","url":"https:\/\/portaltela.pt\/s.01k8rhncp4jt1\/2026\/04\/CACHE_780X1200_ANALOG_WATERMARKED_46917642_7833314734417.jpg","contentUrl":"https:\/\/portaltela.pt\/s.01k8rhncp4jt1\/2026\/04\/CACHE_780X1200_ANALOG_WATERMARKED_46917642_7833314734417.jpg","width":796,"height":448,"caption":"Photo"},{"@type":"BreadcrumbList","@id":"https:\/\/portaltela.pt\/noticias\/2026\/04\/12\/van-aert-vence-paris-roubaix-apos-superar-azares-e-pogacar\/#breadcrumb","itemListElement":[{"@type":"ListItem","position":1,"name":"In\u00edcio","item":"https:\/\/portaltela.pt\/"},{"@type":"ListItem","position":2,"name":"Van Aert vence Paris-Roubaix ap\u00f3s superar azares e Pogacar"}]},{"@type":"WebSite","@id":"https:\/\/portaltela.pt\/#website","url":"https:\/\/portaltela.pt\/","name":"Portal Tela Portugal","description":"","potentialAction":[{"@type":"SearchAction","target":{"@type":"EntryPoint","urlTemplate":"https:\/\/portaltela.pt\/?s={search_term_string}"},"query-input":{"@type":"PropertyValueSpecification","valueRequired":true,"valueName":"search_term_string"}}],"inLanguage":"pt-PT"},{"@type":"Person","@id":"https:\/\/portaltela.pt\/#\/schema\/person\/c4278d4a6028830caff9ee44b42d32ed","name":"Telinha","image":{"@type":"ImageObject","inLanguage":"pt-PT","@id":"https:\/\/portaltela.pt\/s.01k8rhncp4jt1\/2025\/11\/talking-bot-125x125.png","url":"https:\/\/portaltela.pt\/s.01k8rhncp4jt1\/2025\/11\/talking-bot-125x125.png","contentUrl":"https:\/\/portaltela.pt\/s.01k8rhncp4jt1\/2025\/11\/talking-bot-125x125.png","caption":"Telinha"},"sameAs":["https:\/\/portaltela.pt\/"],"url":"https:\/\/portaltela.pt\/por\/367410592786\/"}]}},"_links":{"self":[{"href":"https:\/\/portaltela.pt\/api\/wp\/v2\/posts\/441550","targetHints":{"allow":["GET"]}}],"collection":[{"href":"https:\/\/portaltela.pt\/api\/wp\/v2\/posts"}],"about":[{"href":"https:\/\/portaltela.pt\/api\/wp\/v2\/types\/post"}],"author":[{"embeddable":true,"href":"https:\/\/portaltela.pt\/api\/wp\/v2\/users\/2"}],"replies":[{"embeddable":true,"href":"https:\/\/portaltela.pt\/api\/wp\/v2\/comments?post=441550"}],"version-history":[{"count":0,"href":"https:\/\/portaltela.pt\/api\/wp\/v2\/posts\/441550\/revisions"}],"wp:featuredmedia":[{"embeddable":true,"href":"https:\/\/portaltela.pt\/api\/wp\/v2\/media\/441551"}],"wp:attachment":[{"href":"https:\/\/portaltela.pt\/api\/wp\/v2\/media?parent=441550"}],"wp:term":[{"taxonomy":"category","embeddable":true,"href":"https:\/\/portaltela.pt\/api\/wp\/v2\/categories?post=441550"},{"taxonomy":"post_tag","embeddable":true,"href":"https:\/\/portaltela.pt\/api\/wp\/v2\/tags?post=441550"}],"curies":[{"name":"wp","href":"https:\/\/api.w.org\/{rel}","templated":true}]}}