{"id":441545,"date":"2026-04-12T13:32:31","date_gmt":"2026-04-12T16:32:31","guid":{"rendered":"https:\/\/portaltela.pt\/noticias\/2026\/04\/12\/sanjoanense-conquista-primeira-taca-europeia-feminina-de-hoquei-em-patins\/"},"modified":"2026-04-12T13:32:31","modified_gmt":"2026-04-12T16:32:31","slug":"sanjoanense-conquista-primeira-taca-europeia-feminina-de-hoquei-em-patins","status":"publish","type":"post","link":"https:\/\/portaltela.pt\/desporto\/futebol\/2026\/04\/12\/sanjoanense-conquista-primeira-taca-europeia-feminina-de-hoquei-em-patins\/","title":{"rendered":"Sanjoanense conquista primeira Ta\u00e7a Europeia feminina de h\u00f3quei em patins"},"content":{"rendered":"<p>A Sanjoanense conquistou a Ta\u00e7a Europeia feminina de h\u00f3quei em patins ao vencer, neste domingo, o Voltreg\u00e0 por 5-1 na final disputada em S\u00e3o Jo\u00e3o da Madeira. A equipa portuguesa, que disputava a segunda edi\u00e7\u00e3o da competi\u00e7\u00e3o, levou a melhor frente \u00e0s espanholas. Foi o segundo t\u00edtulo europeu de h\u00f3quei feminino para a Sanjoanense, ap\u00f3s j\u00e1 ter vencido a Ta\u00e7a das Ta\u00e7as em 1986 (na vertente masculina).<\/p>\n<p>O encontro come\u00e7ou dominante para os locais, com o apoio dos adeptos a empurrar a equipa de S\u00e3o Jo\u00e3o da Madeira. Aos 7 minutos, a jogadora chilena Sof\u00eda Reyes abriu o ativo, apontando o primeiro golo da partida. A Sanjoanense continuou a criar oportunidades e, mesmo com uma bola na barra, manteve o dom\u00ednio.<\/p>\n<p>Aos 31 minutos, Martina Sad entrou em modo decisivo ao marcar dois golos num \u00fanico minuto, levando o marcador a 3-0. O Voltreg\u00e0 n\u00e3o se entregou e reduziu logo de seguida, com Alexia Bosch a marcar aos 32 minutos.<\/p>\n<p>Com o jogo mais equilibrado, Joana Teixeira aumentou a vantagem aos 35 minutos e Catarina Costa fechou o marcador aos 40, garantindo o 5-1 final. Esta vit\u00f3ria ficou marcada como o primeiro trof\u00e9u europeu da hist\u00f3ria do h\u00f3quei feminino da Sanjoanense desde 2013, quando j\u00e1 havia triunfado na Ta\u00e7a de Portugal.<\/p>\n<p>Fonte: Sanjoanense.<\/p>\n","protected":false},"excerpt":{"rendered":"<ul>\n<li>A Sanjoanense venceu a Ta\u00e7a Europeia feminina de h\u00f3quei em patins ao golear o Voltreg\u00e0, de Espanha, por 5-1, na final disputada em S\u00e3o Jo\u00e3o da Madeira.<\/li>\n<li>O triunfo ocorreu na segunda edi\u00e7\u00e3o da competi\u00e7\u00e3o feminina europeia de clubes, com a Sanjoanense a conquistar o seu segundo t\u00edtulo europeu no h\u00f3quei, ap\u00f3s vencer a Ta\u00e7a das Ta\u00e7as em 1986 (masculino).<\/li>\n<li>Sof\u00eda Reyes abriu o marcador aos sete minutos, inaugurando um hat-trick na final anterior ao servi\u00e7o da Escola Livre.<\/li>\n<li>A equipa da casa ampliou a vantagem para 3-0 aos 31 minutos, com dois tentos de Martina Sad num \u00fanico minuto.<\/li>\n<li>No segundo tempo, Alexia Bosch reduziu aos 32 minutos, e Joana Teixeira aos 35 minutos, bem como Catarina Costa aos 40 minutos, fecharam o marcador em 5-1.<\/li>\n<\/ul>\n","protected":false},"author":2,"featured_media":441549,"comment_status":"closed","ping_status":"closed","sticky":false,"template":"","format":"standard","meta":{"footnotes":""},"categories":[21,24],"tags":[1367,152,2487,1242,273,1014],"class_list":["post-441545","post","type-post","status-publish","format-standard","has-post-thumbnail","hentry","category-desporto","category-futebol","tag-clubes","tag-desporto","tag-europa","tag-feminino","tag-hoquei","tag-portugal"],"yoast_head":"<!-- This site is optimized with the Yoast SEO plugin v27.2 - https:\/\/yoast.com\/product\/yoast-seo-wordpress\/ -->\n<title>Sanjoanense conquista primeira Ta\u00e7a Europeia feminina de h\u00f3quei em patins - Portal Tela Portugal<\/title>\n<meta name=\"robots\" content=\"index, follow, max-snippet:-1, max-image-preview:large, max-video-preview:-1\" \/>\n<meta property=\"og:locale\" content=\"pt_PT\" \/>\n<meta property=\"og:type\" content=\"article\" \/>\n<meta property=\"og:title\" content=\"Sanjoanense conquista primeira Ta\u00e7a Europeia feminina de h\u00f3quei em patins - Portal Tela Portugal\" \/>\n<meta property=\"og:description\" content=\"A Sanjoanense venceu a Ta\u00e7a Europeia feminina de h\u00f3quei em patins ao golear o Voltreg\u00e0, de Espanha, por 5-1, na final disputada em S\u00e3o Jo\u00e3o da Madeira. O triunfo ocorreu na segunda edi\u00e7\u00e3o da competi\u00e7\u00e3o feminina europeia de clubes, com a Sanjoanense a conquistar o seu segundo t\u00edtulo europeu no h\u00f3quei, ap\u00f3s vencer a Ta\u00e7a das Ta\u00e7as em 1986 (masculino). Sof\u00eda Reyes abriu o marcador aos sete minutos, inaugurando um hat-trick na final anterior ao servi\u00e7o da Escola Livre. A equipa da casa ampliou a vantagem para 3-0 aos 31 minutos, com dois tentos de Martina Sad num \u00fanico minuto. No segundo tempo, Alexia Bosch reduziu aos 32 minutos, e Joana Teixeira aos 35 minutos, bem como Catarina Costa aos 40 minutos, fecharam o marcador em 5-1.\" \/>\n<meta property=\"og:url\" content=\"https:\/\/portaltela.pt\/noticias\/2026\/04\/12\/sanjoanense-conquista-primeira-taca-europeia-feminina-de-hoquei-em-patins\/\" \/>\n<meta property=\"og:site_name\" content=\"Portal Tela Portugal\" \/>\n<meta property=\"article:published_time\" content=\"2026-04-12T16:32:31+00:00\" \/>\n<meta name=\"author\" content=\"Telinha\" \/>\n<meta name=\"twitter:card\" content=\"summary_large_image\" \/>\n<meta name=\"twitter:label1\" content=\"Escrito por\" \/>\n\t<meta name=\"twitter:data1\" content=\"Telinha\" \/>\n\t<meta name=\"twitter:label2\" content=\"Tempo estimado de leitura\" \/>\n\t<meta name=\"twitter:data2\" content=\"1 minuto\" \/>\n<script type=\"application\/ld+json\" class=\"yoast-schema-graph\">{\"@context\":\"https:\/\/schema.org\",\"@graph\":[{\"@type\":\"Article\",\"@id\":\"https:\/\/portaltela.pt\/noticias\/2026\/04\/12\/sanjoanense-conquista-primeira-taca-europeia-feminina-de-hoquei-em-patins\/#article\",\"isPartOf\":{\"@id\":\"https:\/\/portaltela.pt\/noticias\/2026\/04\/12\/sanjoanense-conquista-primeira-taca-europeia-feminina-de-hoquei-em-patins\/\"},\"author\":{\"name\":\"Telinha\",\"@id\":\"https:\/\/portaltela.pt\/#\/schema\/person\/c4278d4a6028830caff9ee44b42d32ed\"},\"headline\":\"Sanjoanense conquista primeira Ta\u00e7a Europeia feminina de h\u00f3quei em patins\",\"datePublished\":\"2026-04-12T16:32:31+00:00\",\"mainEntityOfPage\":{\"@id\":\"https:\/\/portaltela.pt\/noticias\/2026\/04\/12\/sanjoanense-conquista-primeira-taca-europeia-feminina-de-hoquei-em-patins\/\"},\"wordCount\":240,\"image\":{\"@id\":\"https:\/\/portaltela.pt\/noticias\/2026\/04\/12\/sanjoanense-conquista-primeira-taca-europeia-feminina-de-hoquei-em-patins\/#primaryimage\"},\"thumbnailUrl\":\"https:\/\/portaltela.pt\/s.01k8rhncp4jt1\/2026\/04\/image-705.jpg\",\"keywords\":[\"clubes\",\"desporto\",\"Europa\",\"feminino\",\"h\u00f3quei\",\"Portugal\"],\"articleSection\":[\"Desporto\",\"Futebol\"],\"inLanguage\":\"pt-PT\"},{\"@type\":\"WebPage\",\"@id\":\"https:\/\/portaltela.pt\/noticias\/2026\/04\/12\/sanjoanense-conquista-primeira-taca-europeia-feminina-de-hoquei-em-patins\/\",\"url\":\"https:\/\/portaltela.pt\/noticias\/2026\/04\/12\/sanjoanense-conquista-primeira-taca-europeia-feminina-de-hoquei-em-patins\/\",\"name\":\"Sanjoanense conquista primeira Ta\u00e7a Europeia feminina de h\u00f3quei em patins - Portal Tela Portugal\",\"isPartOf\":{\"@id\":\"https:\/\/portaltela.pt\/#website\"},\"primaryImageOfPage\":{\"@id\":\"https:\/\/portaltela.pt\/noticias\/2026\/04\/12\/sanjoanense-conquista-primeira-taca-europeia-feminina-de-hoquei-em-patins\/#primaryimage\"},\"image\":{\"@id\":\"https:\/\/portaltela.pt\/noticias\/2026\/04\/12\/sanjoanense-conquista-primeira-taca-europeia-feminina-de-hoquei-em-patins\/#primaryimage\"},\"thumbnailUrl\":\"https:\/\/portaltela.pt\/s.01k8rhncp4jt1\/2026\/04\/image-705.jpg\",\"datePublished\":\"2026-04-12T16:32:31+00:00\",\"author\":{\"@id\":\"https:\/\/portaltela.pt\/#\/schema\/person\/c4278d4a6028830caff9ee44b42d32ed\"},\"breadcrumb\":{\"@id\":\"https:\/\/portaltela.pt\/noticias\/2026\/04\/12\/sanjoanense-conquista-primeira-taca-europeia-feminina-de-hoquei-em-patins\/#breadcrumb\"},\"inLanguage\":\"pt-PT\",\"potentialAction\":[{\"@type\":\"ReadAction\",\"target\":[\"https:\/\/portaltela.pt\/noticias\/2026\/04\/12\/sanjoanense-conquista-primeira-taca-europeia-feminina-de-hoquei-em-patins\/\"]}]},{\"@type\":\"ImageObject\",\"inLanguage\":\"pt-PT\",\"@id\":\"https:\/\/portaltela.pt\/noticias\/2026\/04\/12\/sanjoanense-conquista-primeira-taca-europeia-feminina-de-hoquei-em-patins\/#primaryimage\",\"url\":\"https:\/\/portaltela.pt\/s.01k8rhncp4jt1\/2026\/04\/image-705.jpg\",\"contentUrl\":\"https:\/\/portaltela.pt\/s.01k8rhncp4jt1\/2026\/04\/image-705.jpg\",\"width\":796,\"height\":448,\"caption\":\"Sanjoanense em festa\"},{\"@type\":\"BreadcrumbList\",\"@id\":\"https:\/\/portaltela.pt\/noticias\/2026\/04\/12\/sanjoanense-conquista-primeira-taca-europeia-feminina-de-hoquei-em-patins\/#breadcrumb\",\"itemListElement\":[{\"@type\":\"ListItem\",\"position\":1,\"name\":\"In\u00edcio\",\"item\":\"https:\/\/portaltela.pt\/\"},{\"@type\":\"ListItem\",\"position\":2,\"name\":\"Sanjoanense conquista primeira Ta\u00e7a Europeia feminina de h\u00f3quei em patins\"}]},{\"@type\":\"WebSite\",\"@id\":\"https:\/\/portaltela.pt\/#website\",\"url\":\"https:\/\/portaltela.pt\/\",\"name\":\"Portal Tela Portugal\",\"description\":\"\",\"potentialAction\":[{\"@type\":\"SearchAction\",\"target\":{\"@type\":\"EntryPoint\",\"urlTemplate\":\"https:\/\/portaltela.pt\/?s={search_term_string}\"},\"query-input\":{\"@type\":\"PropertyValueSpecification\",\"valueRequired\":true,\"valueName\":\"search_term_string\"}}],\"inLanguage\":\"pt-PT\"},{\"@type\":\"Person\",\"@id\":\"https:\/\/portaltela.pt\/#\/schema\/person\/c4278d4a6028830caff9ee44b42d32ed\",\"name\":\"Telinha\",\"image\":{\"@type\":\"ImageObject\",\"inLanguage\":\"pt-PT\",\"@id\":\"https:\/\/portaltela.pt\/s.01k8rhncp4jt1\/2025\/11\/talking-bot-125x125.png\",\"url\":\"https:\/\/portaltela.pt\/s.01k8rhncp4jt1\/2025\/11\/talking-bot-125x125.png\",\"contentUrl\":\"https:\/\/portaltela.pt\/s.01k8rhncp4jt1\/2025\/11\/talking-bot-125x125.png\",\"caption\":\"Telinha\"},\"sameAs\":[\"https:\/\/portaltela.pt\/\"],\"url\":\"https:\/\/portaltela.pt\/por\/367410592786\/\"}]}<\/script>\n<!-- \/ Yoast SEO plugin. -->","yoast_head_json":{"title":"Sanjoanense conquista primeira Ta\u00e7a Europeia feminina de h\u00f3quei em patins - Portal Tela Portugal","robots":{"index":"index","follow":"follow","max-snippet":"max-snippet:-1","max-image-preview":"max-image-preview:large","max-video-preview":"max-video-preview:-1"},"og_locale":"pt_PT","og_type":"article","og_title":"Sanjoanense conquista primeira Ta\u00e7a Europeia feminina de h\u00f3quei em patins - Portal Tela Portugal","og_description":"A Sanjoanense venceu a Ta\u00e7a Europeia feminina de h\u00f3quei em patins ao golear o Voltreg\u00e0, de Espanha, por 5-1, na final disputada em S\u00e3o Jo\u00e3o da Madeira. O triunfo ocorreu na segunda edi\u00e7\u00e3o da competi\u00e7\u00e3o feminina europeia de clubes, com a Sanjoanense a conquistar o seu segundo t\u00edtulo europeu no h\u00f3quei, ap\u00f3s vencer a Ta\u00e7a das Ta\u00e7as em 1986 (masculino). Sof\u00eda Reyes abriu o marcador aos sete minutos, inaugurando um hat-trick na final anterior ao servi\u00e7o da Escola Livre. A equipa da casa ampliou a vantagem para 3-0 aos 31 minutos, com dois tentos de Martina Sad num \u00fanico minuto. No segundo tempo, Alexia Bosch reduziu aos 32 minutos, e Joana Teixeira aos 35 minutos, bem como Catarina Costa aos 40 minutos, fecharam o marcador em 5-1.","og_url":"https:\/\/portaltela.pt\/noticias\/2026\/04\/12\/sanjoanense-conquista-primeira-taca-europeia-feminina-de-hoquei-em-patins\/","og_site_name":"Portal Tela Portugal","article_published_time":"2026-04-12T16:32:31+00:00","author":"Telinha","twitter_card":"summary_large_image","twitter_misc":{"Escrito por":"Telinha","Tempo estimado de leitura":"1 minuto"},"schema":{"@context":"https:\/\/schema.org","@graph":[{"@type":"Article","@id":"https:\/\/portaltela.pt\/noticias\/2026\/04\/12\/sanjoanense-conquista-primeira-taca-europeia-feminina-de-hoquei-em-patins\/#article","isPartOf":{"@id":"https:\/\/portaltela.pt\/noticias\/2026\/04\/12\/sanjoanense-conquista-primeira-taca-europeia-feminina-de-hoquei-em-patins\/"},"author":{"name":"Telinha","@id":"https:\/\/portaltela.pt\/#\/schema\/person\/c4278d4a6028830caff9ee44b42d32ed"},"headline":"Sanjoanense conquista primeira Ta\u00e7a Europeia feminina de h\u00f3quei em patins","datePublished":"2026-04-12T16:32:31+00:00","mainEntityOfPage":{"@id":"https:\/\/portaltela.pt\/noticias\/2026\/04\/12\/sanjoanense-conquista-primeira-taca-europeia-feminina-de-hoquei-em-patins\/"},"wordCount":240,"image":{"@id":"https:\/\/portaltela.pt\/noticias\/2026\/04\/12\/sanjoanense-conquista-primeira-taca-europeia-feminina-de-hoquei-em-patins\/#primaryimage"},"thumbnailUrl":"https:\/\/portaltela.pt\/s.01k8rhncp4jt1\/2026\/04\/image-705.jpg","keywords":["clubes","desporto","Europa","feminino","h\u00f3quei","Portugal"],"articleSection":["Desporto","Futebol"],"inLanguage":"pt-PT"},{"@type":"WebPage","@id":"https:\/\/portaltela.pt\/noticias\/2026\/04\/12\/sanjoanense-conquista-primeira-taca-europeia-feminina-de-hoquei-em-patins\/","url":"https:\/\/portaltela.pt\/noticias\/2026\/04\/12\/sanjoanense-conquista-primeira-taca-europeia-feminina-de-hoquei-em-patins\/","name":"Sanjoanense conquista primeira Ta\u00e7a Europeia feminina de h\u00f3quei em patins - Portal Tela Portugal","isPartOf":{"@id":"https:\/\/portaltela.pt\/#website"},"primaryImageOfPage":{"@id":"https:\/\/portaltela.pt\/noticias\/2026\/04\/12\/sanjoanense-conquista-primeira-taca-europeia-feminina-de-hoquei-em-patins\/#primaryimage"},"image":{"@id":"https:\/\/portaltela.pt\/noticias\/2026\/04\/12\/sanjoanense-conquista-primeira-taca-europeia-feminina-de-hoquei-em-patins\/#primaryimage"},"thumbnailUrl":"https:\/\/portaltela.pt\/s.01k8rhncp4jt1\/2026\/04\/image-705.jpg","datePublished":"2026-04-12T16:32:31+00:00","author":{"@id":"https:\/\/portaltela.pt\/#\/schema\/person\/c4278d4a6028830caff9ee44b42d32ed"},"breadcrumb":{"@id":"https:\/\/portaltela.pt\/noticias\/2026\/04\/12\/sanjoanense-conquista-primeira-taca-europeia-feminina-de-hoquei-em-patins\/#breadcrumb"},"inLanguage":"pt-PT","potentialAction":[{"@type":"ReadAction","target":["https:\/\/portaltela.pt\/noticias\/2026\/04\/12\/sanjoanense-conquista-primeira-taca-europeia-feminina-de-hoquei-em-patins\/"]}]},{"@type":"ImageObject","inLanguage":"pt-PT","@id":"https:\/\/portaltela.pt\/noticias\/2026\/04\/12\/sanjoanense-conquista-primeira-taca-europeia-feminina-de-hoquei-em-patins\/#primaryimage","url":"https:\/\/portaltela.pt\/s.01k8rhncp4jt1\/2026\/04\/image-705.jpg","contentUrl":"https:\/\/portaltela.pt\/s.01k8rhncp4jt1\/2026\/04\/image-705.jpg","width":796,"height":448,"caption":"Sanjoanense em festa"},{"@type":"BreadcrumbList","@id":"https:\/\/portaltela.pt\/noticias\/2026\/04\/12\/sanjoanense-conquista-primeira-taca-europeia-feminina-de-hoquei-em-patins\/#breadcrumb","itemListElement":[{"@type":"ListItem","position":1,"name":"In\u00edcio","item":"https:\/\/portaltela.pt\/"},{"@type":"ListItem","position":2,"name":"Sanjoanense conquista primeira Ta\u00e7a Europeia feminina de h\u00f3quei em patins"}]},{"@type":"WebSite","@id":"https:\/\/portaltela.pt\/#website","url":"https:\/\/portaltela.pt\/","name":"Portal Tela Portugal","description":"","potentialAction":[{"@type":"SearchAction","target":{"@type":"EntryPoint","urlTemplate":"https:\/\/portaltela.pt\/?s={search_term_string}"},"query-input":{"@type":"PropertyValueSpecification","valueRequired":true,"valueName":"search_term_string"}}],"inLanguage":"pt-PT"},{"@type":"Person","@id":"https:\/\/portaltela.pt\/#\/schema\/person\/c4278d4a6028830caff9ee44b42d32ed","name":"Telinha","image":{"@type":"ImageObject","inLanguage":"pt-PT","@id":"https:\/\/portaltela.pt\/s.01k8rhncp4jt1\/2025\/11\/talking-bot-125x125.png","url":"https:\/\/portaltela.pt\/s.01k8rhncp4jt1\/2025\/11\/talking-bot-125x125.png","contentUrl":"https:\/\/portaltela.pt\/s.01k8rhncp4jt1\/2025\/11\/talking-bot-125x125.png","caption":"Telinha"},"sameAs":["https:\/\/portaltela.pt\/"],"url":"https:\/\/portaltela.pt\/por\/367410592786\/"}]}},"_links":{"self":[{"href":"https:\/\/portaltela.pt\/api\/wp\/v2\/posts\/441545","targetHints":{"allow":["GET"]}}],"collection":[{"href":"https:\/\/portaltela.pt\/api\/wp\/v2\/posts"}],"about":[{"href":"https:\/\/portaltela.pt\/api\/wp\/v2\/types\/post"}],"author":[{"embeddable":true,"href":"https:\/\/portaltela.pt\/api\/wp\/v2\/users\/2"}],"replies":[{"embeddable":true,"href":"https:\/\/portaltela.pt\/api\/wp\/v2\/comments?post=441545"}],"version-history":[{"count":0,"href":"https:\/\/portaltela.pt\/api\/wp\/v2\/posts\/441545\/revisions"}],"wp:featuredmedia":[{"embeddable":true,"href":"https:\/\/portaltela.pt\/api\/wp\/v2\/media\/441549"}],"wp:attachment":[{"href":"https:\/\/portaltela.pt\/api\/wp\/v2\/media?parent=441545"}],"wp:term":[{"taxonomy":"category","embeddable":true,"href":"https:\/\/portaltela.pt\/api\/wp\/v2\/categories?post=441545"},{"taxonomy":"post_tag","embeddable":true,"href":"https:\/\/portaltela.pt\/api\/wp\/v2\/tags?post=441545"}],"curies":[{"name":"wp","href":"https:\/\/api.w.org\/{rel}","templated":true}]}}