{"id":441541,"date":"2026-04-12T13:32:26","date_gmt":"2026-04-12T16:32:26","guid":{"rendered":"https:\/\/portaltela.pt\/noticias\/2026\/04\/12\/diogo-narciso-chega-isolado-para-vencer-a-classica-de-viana-do-castelo\/"},"modified":"2026-04-12T13:32:26","modified_gmt":"2026-04-12T16:32:26","slug":"diogo-narciso-chega-isolado-para-vencer-a-classica-de-viana-do-castelo","status":"publish","type":"post","link":"https:\/\/portaltela.pt\/desporto\/futebol\/2026\/04\/12\/diogo-narciso-chega-isolado-para-vencer-a-classica-de-viana-do-castelo\/","title":{"rendered":"Diogo Narciso chega isolado para vencer a Cl\u00e1ssica de Viana do Castelo"},"content":{"rendered":"<p>Diogo Narciso, 24 anos, da Credibom-LA Al\u00faminios-Marcos Car, venceu a 6.\u00aa edi\u00e7\u00e3o da Cl\u00e1ssica de Viana do Castelo. O ciclista integrou a fuga do dia e abriu vantagem a cerca de 10 quil\u00f3metros da meta, vencendo de forma isolada.<\/p>\n<p>Este triunfo marca a primeira vit\u00f3ria da temporada para Narciso, que tamb\u00e9m \u00e9 competitivo em pista. No final de 2025 tinha celebrado a vit\u00f3ria na segunda etapa do GP Jornal de Not\u00edcias, em Valongo.<\/p>\n<p>Na Praia do Norte, Tomas Contte (Aviludo) e Francisco Campos (Tavira) completaram o p\u00f3dio, a 15 segundos do vencedor. A corrida realizou-se em Viana do Castelo, com Narciso a solidificar a vantagem ap\u00f3s a fuga.<\/p>\n","protected":false},"excerpt":{"rendered":"<ul>\n<li>Diogo Narciso, de 24 anos, venceu a 6.\u00aa edi\u00e7\u00e3o da Cl\u00e1ssica de Viana do Castelo pela Credibom-LA Al\u00faminios-Marcos Car.<\/li>\n<li>O ciclista integrou a fuga do dia e venceu isolado a cerca de 10 quil\u00f3metros da meta.<\/li>\n<li>Esta \u00e9 a primeira vit\u00f3ria da temporada para Narciso, que terminou 2025 com a vit\u00f3ria na segunda etapa do GP Jornal de Not\u00edcias, em Valongo.<\/li>\n<li>O p\u00f3dio ficou completo por Tomas Contte (Aviludo) e Francisco Campos (Tavira), a 15 segundos do vencedor.<\/li>\n<li>A prova decorreu na Praia do Norte.<\/li>\n<\/ul>\n","protected":false},"author":2,"featured_media":441544,"comment_status":"closed","ping_status":"closed","sticky":false,"template":"","format":"standard","meta":{"footnotes":""},"categories":[21,24],"tags":[923,1285,152,7589,1530],"class_list":["post-441541","post","type-post","status-publish","format-standard","has-post-thumbnail","hentry","category-desporto","category-futebol","tag-ciclismo","tag-competicao","tag-desporto","tag-podios","tag-viana-do-castelo"],"yoast_head":"<!-- This site is optimized with the Yoast SEO plugin v27.2 - https:\/\/yoast.com\/product\/yoast-seo-wordpress\/ -->\n<title>Diogo Narciso chega isolado para vencer a Cl\u00e1ssica de Viana do Castelo - Portal Tela Portugal<\/title>\n<meta name=\"robots\" content=\"index, follow, max-snippet:-1, max-image-preview:large, max-video-preview:-1\" \/>\n<meta property=\"og:locale\" content=\"pt_PT\" \/>\n<meta property=\"og:type\" content=\"article\" \/>\n<meta property=\"og:title\" content=\"Diogo Narciso chega isolado para vencer a Cl\u00e1ssica de Viana do Castelo - Portal Tela Portugal\" \/>\n<meta property=\"og:description\" content=\"Diogo Narciso, de 24 anos, venceu a 6.\u00aa edi\u00e7\u00e3o da Cl\u00e1ssica de Viana do Castelo pela Credibom-LA Al\u00faminios-Marcos Car. O ciclista integrou a fuga do dia e venceu isolado a cerca de 10 quil\u00f3metros da meta. Esta \u00e9 a primeira vit\u00f3ria da temporada para Narciso, que terminou 2025 com a vit\u00f3ria na segunda etapa do GP Jornal de Not\u00edcias, em Valongo. O p\u00f3dio ficou completo por Tomas Contte (Aviludo) e Francisco Campos (Tavira), a 15 segundos do vencedor. A prova decorreu na Praia do Norte.\" \/>\n<meta property=\"og:url\" content=\"https:\/\/portaltela.pt\/noticias\/2026\/04\/12\/diogo-narciso-chega-isolado-para-vencer-a-classica-de-viana-do-castelo\/\" \/>\n<meta property=\"og:site_name\" content=\"Portal Tela Portugal\" \/>\n<meta property=\"article:published_time\" content=\"2026-04-12T16:32:26+00:00\" \/>\n<meta name=\"author\" content=\"Telinha\" \/>\n<meta name=\"twitter:card\" content=\"summary_large_image\" \/>\n<meta name=\"twitter:label1\" content=\"Escrito por\" \/>\n\t<meta name=\"twitter:data1\" content=\"Telinha\" \/>\n\t<meta name=\"twitter:label2\" content=\"Tempo estimado de leitura\" \/>\n\t<meta name=\"twitter:data2\" content=\"1 minuto\" \/>\n<script type=\"application\/ld+json\" class=\"yoast-schema-graph\">{\"@context\":\"https:\/\/schema.org\",\"@graph\":[{\"@type\":\"Article\",\"@id\":\"https:\/\/portaltela.pt\/noticias\/2026\/04\/12\/diogo-narciso-chega-isolado-para-vencer-a-classica-de-viana-do-castelo\/#article\",\"isPartOf\":{\"@id\":\"https:\/\/portaltela.pt\/noticias\/2026\/04\/12\/diogo-narciso-chega-isolado-para-vencer-a-classica-de-viana-do-castelo\/\"},\"author\":{\"name\":\"Telinha\",\"@id\":\"https:\/\/portaltela.pt\/#\/schema\/person\/c4278d4a6028830caff9ee44b42d32ed\"},\"headline\":\"Diogo Narciso chega isolado para vencer a Cl\u00e1ssica de Viana do Castelo\",\"datePublished\":\"2026-04-12T16:32:26+00:00\",\"mainEntityOfPage\":{\"@id\":\"https:\/\/portaltela.pt\/noticias\/2026\/04\/12\/diogo-narciso-chega-isolado-para-vencer-a-classica-de-viana-do-castelo\/\"},\"wordCount\":125,\"image\":{\"@id\":\"https:\/\/portaltela.pt\/noticias\/2026\/04\/12\/diogo-narciso-chega-isolado-para-vencer-a-classica-de-viana-do-castelo\/#primaryimage\"},\"thumbnailUrl\":\"https:\/\/portaltela.pt\/s.01k8rhncp4jt1\/2026\/04\/img_920x518uu2026-04-12-17-16-37-2432604-im-639116110273960957.jpg\",\"keywords\":[\"ciclismo\",\"competi\u00e7\u00e3o\",\"desporto\",\"p\u00f3dios\",\"Viana do Castelo\"],\"articleSection\":[\"Desporto\",\"Futebol\"],\"inLanguage\":\"pt-PT\"},{\"@type\":\"WebPage\",\"@id\":\"https:\/\/portaltela.pt\/noticias\/2026\/04\/12\/diogo-narciso-chega-isolado-para-vencer-a-classica-de-viana-do-castelo\/\",\"url\":\"https:\/\/portaltela.pt\/noticias\/2026\/04\/12\/diogo-narciso-chega-isolado-para-vencer-a-classica-de-viana-do-castelo\/\",\"name\":\"Diogo Narciso chega isolado para vencer a Cl\u00e1ssica de Viana do Castelo - Portal Tela Portugal\",\"isPartOf\":{\"@id\":\"https:\/\/portaltela.pt\/#website\"},\"primaryImageOfPage\":{\"@id\":\"https:\/\/portaltela.pt\/noticias\/2026\/04\/12\/diogo-narciso-chega-isolado-para-vencer-a-classica-de-viana-do-castelo\/#primaryimage\"},\"image\":{\"@id\":\"https:\/\/portaltela.pt\/noticias\/2026\/04\/12\/diogo-narciso-chega-isolado-para-vencer-a-classica-de-viana-do-castelo\/#primaryimage\"},\"thumbnailUrl\":\"https:\/\/portaltela.pt\/s.01k8rhncp4jt1\/2026\/04\/img_920x518uu2026-04-12-17-16-37-2432604-im-639116110273960957.jpg\",\"datePublished\":\"2026-04-12T16:32:26+00:00\",\"author\":{\"@id\":\"https:\/\/portaltela.pt\/#\/schema\/person\/c4278d4a6028830caff9ee44b42d32ed\"},\"breadcrumb\":{\"@id\":\"https:\/\/portaltela.pt\/noticias\/2026\/04\/12\/diogo-narciso-chega-isolado-para-vencer-a-classica-de-viana-do-castelo\/#breadcrumb\"},\"inLanguage\":\"pt-PT\",\"potentialAction\":[{\"@type\":\"ReadAction\",\"target\":[\"https:\/\/portaltela.pt\/noticias\/2026\/04\/12\/diogo-narciso-chega-isolado-para-vencer-a-classica-de-viana-do-castelo\/\"]}]},{\"@type\":\"ImageObject\",\"inLanguage\":\"pt-PT\",\"@id\":\"https:\/\/portaltela.pt\/noticias\/2026\/04\/12\/diogo-narciso-chega-isolado-para-vencer-a-classica-de-viana-do-castelo\/#primaryimage\",\"url\":\"https:\/\/portaltela.pt\/s.01k8rhncp4jt1\/2026\/04\/img_920x518uu2026-04-12-17-16-37-2432604-im-639116110273960957.jpg\",\"contentUrl\":\"https:\/\/portaltela.pt\/s.01k8rhncp4jt1\/2026\/04\/img_920x518uu2026-04-12-17-16-37-2432604-im-639116110273960957.jpg\",\"width\":796,\"height\":448,\"caption\":\"Diogo Narciso tem 24 anos\"},{\"@type\":\"BreadcrumbList\",\"@id\":\"https:\/\/portaltela.pt\/noticias\/2026\/04\/12\/diogo-narciso-chega-isolado-para-vencer-a-classica-de-viana-do-castelo\/#breadcrumb\",\"itemListElement\":[{\"@type\":\"ListItem\",\"position\":1,\"name\":\"In\u00edcio\",\"item\":\"https:\/\/portaltela.pt\/\"},{\"@type\":\"ListItem\",\"position\":2,\"name\":\"Diogo Narciso chega isolado para vencer a Cl\u00e1ssica de Viana do Castelo\"}]},{\"@type\":\"WebSite\",\"@id\":\"https:\/\/portaltela.pt\/#website\",\"url\":\"https:\/\/portaltela.pt\/\",\"name\":\"Portal Tela Portugal\",\"description\":\"\",\"potentialAction\":[{\"@type\":\"SearchAction\",\"target\":{\"@type\":\"EntryPoint\",\"urlTemplate\":\"https:\/\/portaltela.pt\/?s={search_term_string}\"},\"query-input\":{\"@type\":\"PropertyValueSpecification\",\"valueRequired\":true,\"valueName\":\"search_term_string\"}}],\"inLanguage\":\"pt-PT\"},{\"@type\":\"Person\",\"@id\":\"https:\/\/portaltela.pt\/#\/schema\/person\/c4278d4a6028830caff9ee44b42d32ed\",\"name\":\"Telinha\",\"image\":{\"@type\":\"ImageObject\",\"inLanguage\":\"pt-PT\",\"@id\":\"https:\/\/portaltela.pt\/s.01k8rhncp4jt1\/2025\/11\/talking-bot-125x125.png\",\"url\":\"https:\/\/portaltela.pt\/s.01k8rhncp4jt1\/2025\/11\/talking-bot-125x125.png\",\"contentUrl\":\"https:\/\/portaltela.pt\/s.01k8rhncp4jt1\/2025\/11\/talking-bot-125x125.png\",\"caption\":\"Telinha\"},\"sameAs\":[\"https:\/\/portaltela.pt\/\"],\"url\":\"https:\/\/portaltela.pt\/por\/367410592786\/\"}]}<\/script>\n<!-- \/ Yoast SEO plugin. -->","yoast_head_json":{"title":"Diogo Narciso chega isolado para vencer a Cl\u00e1ssica de Viana do Castelo - Portal Tela Portugal","robots":{"index":"index","follow":"follow","max-snippet":"max-snippet:-1","max-image-preview":"max-image-preview:large","max-video-preview":"max-video-preview:-1"},"og_locale":"pt_PT","og_type":"article","og_title":"Diogo Narciso chega isolado para vencer a Cl\u00e1ssica de Viana do Castelo - Portal Tela Portugal","og_description":"Diogo Narciso, de 24 anos, venceu a 6.\u00aa edi\u00e7\u00e3o da Cl\u00e1ssica de Viana do Castelo pela Credibom-LA Al\u00faminios-Marcos Car. O ciclista integrou a fuga do dia e venceu isolado a cerca de 10 quil\u00f3metros da meta. Esta \u00e9 a primeira vit\u00f3ria da temporada para Narciso, que terminou 2025 com a vit\u00f3ria na segunda etapa do GP Jornal de Not\u00edcias, em Valongo. O p\u00f3dio ficou completo por Tomas Contte (Aviludo) e Francisco Campos (Tavira), a 15 segundos do vencedor. A prova decorreu na Praia do Norte.","og_url":"https:\/\/portaltela.pt\/noticias\/2026\/04\/12\/diogo-narciso-chega-isolado-para-vencer-a-classica-de-viana-do-castelo\/","og_site_name":"Portal Tela Portugal","article_published_time":"2026-04-12T16:32:26+00:00","author":"Telinha","twitter_card":"summary_large_image","twitter_misc":{"Escrito por":"Telinha","Tempo estimado de leitura":"1 minuto"},"schema":{"@context":"https:\/\/schema.org","@graph":[{"@type":"Article","@id":"https:\/\/portaltela.pt\/noticias\/2026\/04\/12\/diogo-narciso-chega-isolado-para-vencer-a-classica-de-viana-do-castelo\/#article","isPartOf":{"@id":"https:\/\/portaltela.pt\/noticias\/2026\/04\/12\/diogo-narciso-chega-isolado-para-vencer-a-classica-de-viana-do-castelo\/"},"author":{"name":"Telinha","@id":"https:\/\/portaltela.pt\/#\/schema\/person\/c4278d4a6028830caff9ee44b42d32ed"},"headline":"Diogo Narciso chega isolado para vencer a Cl\u00e1ssica de Viana do Castelo","datePublished":"2026-04-12T16:32:26+00:00","mainEntityOfPage":{"@id":"https:\/\/portaltela.pt\/noticias\/2026\/04\/12\/diogo-narciso-chega-isolado-para-vencer-a-classica-de-viana-do-castelo\/"},"wordCount":125,"image":{"@id":"https:\/\/portaltela.pt\/noticias\/2026\/04\/12\/diogo-narciso-chega-isolado-para-vencer-a-classica-de-viana-do-castelo\/#primaryimage"},"thumbnailUrl":"https:\/\/portaltela.pt\/s.01k8rhncp4jt1\/2026\/04\/img_920x518uu2026-04-12-17-16-37-2432604-im-639116110273960957.jpg","keywords":["ciclismo","competi\u00e7\u00e3o","desporto","p\u00f3dios","Viana do Castelo"],"articleSection":["Desporto","Futebol"],"inLanguage":"pt-PT"},{"@type":"WebPage","@id":"https:\/\/portaltela.pt\/noticias\/2026\/04\/12\/diogo-narciso-chega-isolado-para-vencer-a-classica-de-viana-do-castelo\/","url":"https:\/\/portaltela.pt\/noticias\/2026\/04\/12\/diogo-narciso-chega-isolado-para-vencer-a-classica-de-viana-do-castelo\/","name":"Diogo Narciso chega isolado para vencer a Cl\u00e1ssica de Viana do Castelo - Portal Tela Portugal","isPartOf":{"@id":"https:\/\/portaltela.pt\/#website"},"primaryImageOfPage":{"@id":"https:\/\/portaltela.pt\/noticias\/2026\/04\/12\/diogo-narciso-chega-isolado-para-vencer-a-classica-de-viana-do-castelo\/#primaryimage"},"image":{"@id":"https:\/\/portaltela.pt\/noticias\/2026\/04\/12\/diogo-narciso-chega-isolado-para-vencer-a-classica-de-viana-do-castelo\/#primaryimage"},"thumbnailUrl":"https:\/\/portaltela.pt\/s.01k8rhncp4jt1\/2026\/04\/img_920x518uu2026-04-12-17-16-37-2432604-im-639116110273960957.jpg","datePublished":"2026-04-12T16:32:26+00:00","author":{"@id":"https:\/\/portaltela.pt\/#\/schema\/person\/c4278d4a6028830caff9ee44b42d32ed"},"breadcrumb":{"@id":"https:\/\/portaltela.pt\/noticias\/2026\/04\/12\/diogo-narciso-chega-isolado-para-vencer-a-classica-de-viana-do-castelo\/#breadcrumb"},"inLanguage":"pt-PT","potentialAction":[{"@type":"ReadAction","target":["https:\/\/portaltela.pt\/noticias\/2026\/04\/12\/diogo-narciso-chega-isolado-para-vencer-a-classica-de-viana-do-castelo\/"]}]},{"@type":"ImageObject","inLanguage":"pt-PT","@id":"https:\/\/portaltela.pt\/noticias\/2026\/04\/12\/diogo-narciso-chega-isolado-para-vencer-a-classica-de-viana-do-castelo\/#primaryimage","url":"https:\/\/portaltela.pt\/s.01k8rhncp4jt1\/2026\/04\/img_920x518uu2026-04-12-17-16-37-2432604-im-639116110273960957.jpg","contentUrl":"https:\/\/portaltela.pt\/s.01k8rhncp4jt1\/2026\/04\/img_920x518uu2026-04-12-17-16-37-2432604-im-639116110273960957.jpg","width":796,"height":448,"caption":"Diogo Narciso tem 24 anos"},{"@type":"BreadcrumbList","@id":"https:\/\/portaltela.pt\/noticias\/2026\/04\/12\/diogo-narciso-chega-isolado-para-vencer-a-classica-de-viana-do-castelo\/#breadcrumb","itemListElement":[{"@type":"ListItem","position":1,"name":"In\u00edcio","item":"https:\/\/portaltela.pt\/"},{"@type":"ListItem","position":2,"name":"Diogo Narciso chega isolado para vencer a Cl\u00e1ssica de Viana do Castelo"}]},{"@type":"WebSite","@id":"https:\/\/portaltela.pt\/#website","url":"https:\/\/portaltela.pt\/","name":"Portal Tela Portugal","description":"","potentialAction":[{"@type":"SearchAction","target":{"@type":"EntryPoint","urlTemplate":"https:\/\/portaltela.pt\/?s={search_term_string}"},"query-input":{"@type":"PropertyValueSpecification","valueRequired":true,"valueName":"search_term_string"}}],"inLanguage":"pt-PT"},{"@type":"Person","@id":"https:\/\/portaltela.pt\/#\/schema\/person\/c4278d4a6028830caff9ee44b42d32ed","name":"Telinha","image":{"@type":"ImageObject","inLanguage":"pt-PT","@id":"https:\/\/portaltela.pt\/s.01k8rhncp4jt1\/2025\/11\/talking-bot-125x125.png","url":"https:\/\/portaltela.pt\/s.01k8rhncp4jt1\/2025\/11\/talking-bot-125x125.png","contentUrl":"https:\/\/portaltela.pt\/s.01k8rhncp4jt1\/2025\/11\/talking-bot-125x125.png","caption":"Telinha"},"sameAs":["https:\/\/portaltela.pt\/"],"url":"https:\/\/portaltela.pt\/por\/367410592786\/"}]}},"_links":{"self":[{"href":"https:\/\/portaltela.pt\/api\/wp\/v2\/posts\/441541","targetHints":{"allow":["GET"]}}],"collection":[{"href":"https:\/\/portaltela.pt\/api\/wp\/v2\/posts"}],"about":[{"href":"https:\/\/portaltela.pt\/api\/wp\/v2\/types\/post"}],"author":[{"embeddable":true,"href":"https:\/\/portaltela.pt\/api\/wp\/v2\/users\/2"}],"replies":[{"embeddable":true,"href":"https:\/\/portaltela.pt\/api\/wp\/v2\/comments?post=441541"}],"version-history":[{"count":0,"href":"https:\/\/portaltela.pt\/api\/wp\/v2\/posts\/441541\/revisions"}],"wp:featuredmedia":[{"embeddable":true,"href":"https:\/\/portaltela.pt\/api\/wp\/v2\/media\/441544"}],"wp:attachment":[{"href":"https:\/\/portaltela.pt\/api\/wp\/v2\/media?parent=441541"}],"wp:term":[{"taxonomy":"category","embeddable":true,"href":"https:\/\/portaltela.pt\/api\/wp\/v2\/categories?post=441541"},{"taxonomy":"post_tag","embeddable":true,"href":"https:\/\/portaltela.pt\/api\/wp\/v2\/tags?post=441541"}],"curies":[{"name":"wp","href":"https:\/\/api.w.org\/{rel}","templated":true}]}}