{"id":441524,"date":"2026-04-12T13:17:05","date_gmt":"2026-04-12T16:17:05","guid":{"rendered":"https:\/\/portaltela.pt\/noticias\/2026\/04\/12\/gout-gout-bate-recorde-mundial-sub-20-nos-200m-aos-18-anos\/"},"modified":"2026-04-12T13:17:05","modified_gmt":"2026-04-12T16:17:05","slug":"gout-gout-bate-recorde-mundial-sub-20-nos-200m-aos-18-anos","status":"publish","type":"post","link":"https:\/\/portaltela.pt\/desporto\/futebol\/2026\/04\/12\/gout-gout-bate-recorde-mundial-sub-20-nos-200m-aos-18-anos\/","title":{"rendered":"Gout Gout bate recorde mundial Sub-20 nos 200m aos 18 anos"},"content":{"rendered":"<p>Gout Gout, com 18 anos, assinou neste domingo o recorde mundial sub-20 dos 200 metros. Nos Nacionais Australianos, o atleta venceu de forma folgada e estabeleceu 19,67 segundos na meia-fundo, o melhor tempo j\u00e1 para um sub-20 na dist\u00e2ncia.<\/p>\n<p>O feito coloca o jovem australiano acima de marcas hist\u00f3ricas, inclusive da pr\u00f3pria \u00e9poca j\u00fanior de Usain Bolt, cujo recorde era 19,93 segundos. Al\u00e9m disso, o triunfo teve outro destaque: Aidan Murphy, tamb\u00e9m australiano, ficou abaixo dos 20 segundos pela primeira vez.<\/p>\n<p>Com o tempo registrado, Gout fixou-se como o 16.\u00ba na lista hist\u00f3rica absoluta dos 200 metros e confirmou o status de promessa no atletismo de velocidade. A competi\u00e7\u00e3o ocorreu durante os Nacionais Australianos, com o progresso a chamar aten\u00e7\u00e3o internacional.<\/p>\n<p>A prova serviu para confirmar a evolu\u00e7\u00e3o r\u00e1pida do jovem velocista, que j\u00e1 era visto como uma das principais figuras emergentes do atletismo australiano. A organiza\u00e7\u00e3o ainda n\u00e3o divulgou detalhes adicionais sobre planos de competi\u00e7\u00e3o futuras.<\/p>\n","protected":false},"excerpt":{"rendered":"<ul>\n<li>Gout Gout, 18 anos, tornou-se o Sub-20 mais r\u00e1pido de sempre nos 200 metros, ao marcar 19,67 segundos nos Nacionais australianos.<\/li>\n<li>Venceu a final em que Aidan Murphy ficou abaixo de 20 segundos.<\/li>\n<li>O tempo de Gout Gout supera a melhor marca j\u00fanior de Usain Bolt (19,93 s).<\/li>\n<li>Fica em 16.\u00ba lugar na lista hist\u00f3rica mundial de 200 metros.<\/li>\n<li>A marca foi registada neste domingo, nos nacionais australianos.<\/li>\n<\/ul>\n","protected":false},"author":2,"featured_media":441528,"comment_status":"closed","ping_status":"closed","sticky":false,"template":"","format":"standard","meta":{"footnotes":""},"categories":[21,24],"tags":[7902,137,1602,152,81,1350],"class_list":["post-441524","post","type-post","status-publish","format-standard","has-post-thumbnail","hentry","category-desporto","category-futebol","tag-_desporto","tag-atletismo","tag-australia","tag-desporto","tag-internacionais","tag-nacionais"],"yoast_head":"<!-- This site is optimized with the Yoast SEO plugin v27.2 - https:\/\/yoast.com\/product\/yoast-seo-wordpress\/ -->\n<title>Gout Gout bate recorde mundial Sub-20 nos 200m aos 18 anos - Portal Tela Portugal<\/title>\n<meta name=\"robots\" content=\"index, follow, max-snippet:-1, max-image-preview:large, max-video-preview:-1\" \/>\n<meta property=\"og:locale\" content=\"pt_PT\" \/>\n<meta property=\"og:type\" content=\"article\" \/>\n<meta property=\"og:title\" content=\"Gout Gout bate recorde mundial Sub-20 nos 200m aos 18 anos - Portal Tela Portugal\" \/>\n<meta property=\"og:description\" content=\"Gout Gout, 18 anos, tornou-se o Sub-20 mais r\u00e1pido de sempre nos 200 metros, ao marcar 19,67 segundos nos Nacionais australianos. Venceu a final em que Aidan Murphy ficou abaixo de 20 segundos. O tempo de Gout Gout supera a melhor marca j\u00fanior de Usain Bolt (19,93 s). Fica em 16.\u00ba lugar na lista hist\u00f3rica mundial de 200 metros. A marca foi registada neste domingo, nos nacionais australianos.\" \/>\n<meta property=\"og:url\" content=\"https:\/\/portaltela.pt\/noticias\/2026\/04\/12\/gout-gout-bate-recorde-mundial-sub-20-nos-200m-aos-18-anos\/\" \/>\n<meta property=\"og:site_name\" content=\"Portal Tela Portugal\" \/>\n<meta property=\"article:published_time\" content=\"2026-04-12T16:17:05+00:00\" \/>\n<meta name=\"author\" content=\"Telinha\" \/>\n<meta name=\"twitter:card\" content=\"summary_large_image\" \/>\n<meta name=\"twitter:label1\" content=\"Escrito por\" \/>\n\t<meta name=\"twitter:data1\" content=\"Telinha\" \/>\n\t<meta name=\"twitter:label2\" content=\"Tempo estimado de leitura\" \/>\n\t<meta name=\"twitter:data2\" content=\"1 minuto\" \/>\n<script type=\"application\/ld+json\" class=\"yoast-schema-graph\">{\"@context\":\"https:\/\/schema.org\",\"@graph\":[{\"@type\":\"Article\",\"@id\":\"https:\/\/portaltela.pt\/noticias\/2026\/04\/12\/gout-gout-bate-recorde-mundial-sub-20-nos-200m-aos-18-anos\/#article\",\"isPartOf\":{\"@id\":\"https:\/\/portaltela.pt\/noticias\/2026\/04\/12\/gout-gout-bate-recorde-mundial-sub-20-nos-200m-aos-18-anos\/\"},\"author\":{\"name\":\"Telinha\",\"@id\":\"https:\/\/portaltela.pt\/#\/schema\/person\/c4278d4a6028830caff9ee44b42d32ed\"},\"headline\":\"Gout Gout bate recorde mundial Sub-20 nos 200m aos 18 anos\",\"datePublished\":\"2026-04-12T16:17:05+00:00\",\"mainEntityOfPage\":{\"@id\":\"https:\/\/portaltela.pt\/noticias\/2026\/04\/12\/gout-gout-bate-recorde-mundial-sub-20-nos-200m-aos-18-anos\/\"},\"wordCount\":174,\"image\":{\"@id\":\"https:\/\/portaltela.pt\/noticias\/2026\/04\/12\/gout-gout-bate-recorde-mundial-sub-20-nos-200m-aos-18-anos\/#primaryimage\"},\"thumbnailUrl\":\"https:\/\/portaltela.pt\/s.01k8rhncp4jt1\/2026\/04\/img_1200x721uu2026-04-12-16-57-10-2432595.jpg\",\"keywords\":[\"_desporto\",\"atletismo\",\"Austr\u00e1lia\",\"desporto\",\"internacionais\",\"Nacionais\"],\"articleSection\":[\"Desporto\",\"Futebol\"],\"inLanguage\":\"pt-PT\"},{\"@type\":\"WebPage\",\"@id\":\"https:\/\/portaltela.pt\/noticias\/2026\/04\/12\/gout-gout-bate-recorde-mundial-sub-20-nos-200m-aos-18-anos\/\",\"url\":\"https:\/\/portaltela.pt\/noticias\/2026\/04\/12\/gout-gout-bate-recorde-mundial-sub-20-nos-200m-aos-18-anos\/\",\"name\":\"Gout Gout bate recorde mundial Sub-20 nos 200m aos 18 anos - Portal Tela Portugal\",\"isPartOf\":{\"@id\":\"https:\/\/portaltela.pt\/#website\"},\"primaryImageOfPage\":{\"@id\":\"https:\/\/portaltela.pt\/noticias\/2026\/04\/12\/gout-gout-bate-recorde-mundial-sub-20-nos-200m-aos-18-anos\/#primaryimage\"},\"image\":{\"@id\":\"https:\/\/portaltela.pt\/noticias\/2026\/04\/12\/gout-gout-bate-recorde-mundial-sub-20-nos-200m-aos-18-anos\/#primaryimage\"},\"thumbnailUrl\":\"https:\/\/portaltela.pt\/s.01k8rhncp4jt1\/2026\/04\/img_1200x721uu2026-04-12-16-57-10-2432595.jpg\",\"datePublished\":\"2026-04-12T16:17:05+00:00\",\"author\":{\"@id\":\"https:\/\/portaltela.pt\/#\/schema\/person\/c4278d4a6028830caff9ee44b42d32ed\"},\"breadcrumb\":{\"@id\":\"https:\/\/portaltela.pt\/noticias\/2026\/04\/12\/gout-gout-bate-recorde-mundial-sub-20-nos-200m-aos-18-anos\/#breadcrumb\"},\"inLanguage\":\"pt-PT\",\"potentialAction\":[{\"@type\":\"ReadAction\",\"target\":[\"https:\/\/portaltela.pt\/noticias\/2026\/04\/12\/gout-gout-bate-recorde-mundial-sub-20-nos-200m-aos-18-anos\/\"]}]},{\"@type\":\"ImageObject\",\"inLanguage\":\"pt-PT\",\"@id\":\"https:\/\/portaltela.pt\/noticias\/2026\/04\/12\/gout-gout-bate-recorde-mundial-sub-20-nos-200m-aos-18-anos\/#primaryimage\",\"url\":\"https:\/\/portaltela.pt\/s.01k8rhncp4jt1\/2026\/04\/img_1200x721uu2026-04-12-16-57-10-2432595.jpg\",\"contentUrl\":\"https:\/\/portaltela.pt\/s.01k8rhncp4jt1\/2026\/04\/img_1200x721uu2026-04-12-16-57-10-2432595.jpg\",\"width\":796,\"height\":448,\"caption\":\"Gout Gout. 18 anos. A partir deste domingo oficialmente o Sub-20 mais r\u00e1pido da hist\u00f3ria nos 200 metros.\"},{\"@type\":\"BreadcrumbList\",\"@id\":\"https:\/\/portaltela.pt\/noticias\/2026\/04\/12\/gout-gout-bate-recorde-mundial-sub-20-nos-200m-aos-18-anos\/#breadcrumb\",\"itemListElement\":[{\"@type\":\"ListItem\",\"position\":1,\"name\":\"In\u00edcio\",\"item\":\"https:\/\/portaltela.pt\/\"},{\"@type\":\"ListItem\",\"position\":2,\"name\":\"Gout Gout bate recorde mundial Sub-20 nos 200m aos 18 anos\"}]},{\"@type\":\"WebSite\",\"@id\":\"https:\/\/portaltela.pt\/#website\",\"url\":\"https:\/\/portaltela.pt\/\",\"name\":\"Portal Tela Portugal\",\"description\":\"\",\"potentialAction\":[{\"@type\":\"SearchAction\",\"target\":{\"@type\":\"EntryPoint\",\"urlTemplate\":\"https:\/\/portaltela.pt\/?s={search_term_string}\"},\"query-input\":{\"@type\":\"PropertyValueSpecification\",\"valueRequired\":true,\"valueName\":\"search_term_string\"}}],\"inLanguage\":\"pt-PT\"},{\"@type\":\"Person\",\"@id\":\"https:\/\/portaltela.pt\/#\/schema\/person\/c4278d4a6028830caff9ee44b42d32ed\",\"name\":\"Telinha\",\"image\":{\"@type\":\"ImageObject\",\"inLanguage\":\"pt-PT\",\"@id\":\"https:\/\/portaltela.pt\/s.01k8rhncp4jt1\/2025\/11\/talking-bot-125x125.png\",\"url\":\"https:\/\/portaltela.pt\/s.01k8rhncp4jt1\/2025\/11\/talking-bot-125x125.png\",\"contentUrl\":\"https:\/\/portaltela.pt\/s.01k8rhncp4jt1\/2025\/11\/talking-bot-125x125.png\",\"caption\":\"Telinha\"},\"sameAs\":[\"https:\/\/portaltela.pt\/\"],\"url\":\"https:\/\/portaltela.pt\/por\/367410592786\/\"}]}<\/script>\n<!-- \/ Yoast SEO plugin. -->","yoast_head_json":{"title":"Gout Gout bate recorde mundial Sub-20 nos 200m aos 18 anos - Portal Tela Portugal","robots":{"index":"index","follow":"follow","max-snippet":"max-snippet:-1","max-image-preview":"max-image-preview:large","max-video-preview":"max-video-preview:-1"},"og_locale":"pt_PT","og_type":"article","og_title":"Gout Gout bate recorde mundial Sub-20 nos 200m aos 18 anos - Portal Tela Portugal","og_description":"Gout Gout, 18 anos, tornou-se o Sub-20 mais r\u00e1pido de sempre nos 200 metros, ao marcar 19,67 segundos nos Nacionais australianos. Venceu a final em que Aidan Murphy ficou abaixo de 20 segundos. O tempo de Gout Gout supera a melhor marca j\u00fanior de Usain Bolt (19,93 s). Fica em 16.\u00ba lugar na lista hist\u00f3rica mundial de 200 metros. A marca foi registada neste domingo, nos nacionais australianos.","og_url":"https:\/\/portaltela.pt\/noticias\/2026\/04\/12\/gout-gout-bate-recorde-mundial-sub-20-nos-200m-aos-18-anos\/","og_site_name":"Portal Tela Portugal","article_published_time":"2026-04-12T16:17:05+00:00","author":"Telinha","twitter_card":"summary_large_image","twitter_misc":{"Escrito por":"Telinha","Tempo estimado de leitura":"1 minuto"},"schema":{"@context":"https:\/\/schema.org","@graph":[{"@type":"Article","@id":"https:\/\/portaltela.pt\/noticias\/2026\/04\/12\/gout-gout-bate-recorde-mundial-sub-20-nos-200m-aos-18-anos\/#article","isPartOf":{"@id":"https:\/\/portaltela.pt\/noticias\/2026\/04\/12\/gout-gout-bate-recorde-mundial-sub-20-nos-200m-aos-18-anos\/"},"author":{"name":"Telinha","@id":"https:\/\/portaltela.pt\/#\/schema\/person\/c4278d4a6028830caff9ee44b42d32ed"},"headline":"Gout Gout bate recorde mundial Sub-20 nos 200m aos 18 anos","datePublished":"2026-04-12T16:17:05+00:00","mainEntityOfPage":{"@id":"https:\/\/portaltela.pt\/noticias\/2026\/04\/12\/gout-gout-bate-recorde-mundial-sub-20-nos-200m-aos-18-anos\/"},"wordCount":174,"image":{"@id":"https:\/\/portaltela.pt\/noticias\/2026\/04\/12\/gout-gout-bate-recorde-mundial-sub-20-nos-200m-aos-18-anos\/#primaryimage"},"thumbnailUrl":"https:\/\/portaltela.pt\/s.01k8rhncp4jt1\/2026\/04\/img_1200x721uu2026-04-12-16-57-10-2432595.jpg","keywords":["_desporto","atletismo","Austr\u00e1lia","desporto","internacionais","Nacionais"],"articleSection":["Desporto","Futebol"],"inLanguage":"pt-PT"},{"@type":"WebPage","@id":"https:\/\/portaltela.pt\/noticias\/2026\/04\/12\/gout-gout-bate-recorde-mundial-sub-20-nos-200m-aos-18-anos\/","url":"https:\/\/portaltela.pt\/noticias\/2026\/04\/12\/gout-gout-bate-recorde-mundial-sub-20-nos-200m-aos-18-anos\/","name":"Gout Gout bate recorde mundial Sub-20 nos 200m aos 18 anos - Portal Tela Portugal","isPartOf":{"@id":"https:\/\/portaltela.pt\/#website"},"primaryImageOfPage":{"@id":"https:\/\/portaltela.pt\/noticias\/2026\/04\/12\/gout-gout-bate-recorde-mundial-sub-20-nos-200m-aos-18-anos\/#primaryimage"},"image":{"@id":"https:\/\/portaltela.pt\/noticias\/2026\/04\/12\/gout-gout-bate-recorde-mundial-sub-20-nos-200m-aos-18-anos\/#primaryimage"},"thumbnailUrl":"https:\/\/portaltela.pt\/s.01k8rhncp4jt1\/2026\/04\/img_1200x721uu2026-04-12-16-57-10-2432595.jpg","datePublished":"2026-04-12T16:17:05+00:00","author":{"@id":"https:\/\/portaltela.pt\/#\/schema\/person\/c4278d4a6028830caff9ee44b42d32ed"},"breadcrumb":{"@id":"https:\/\/portaltela.pt\/noticias\/2026\/04\/12\/gout-gout-bate-recorde-mundial-sub-20-nos-200m-aos-18-anos\/#breadcrumb"},"inLanguage":"pt-PT","potentialAction":[{"@type":"ReadAction","target":["https:\/\/portaltela.pt\/noticias\/2026\/04\/12\/gout-gout-bate-recorde-mundial-sub-20-nos-200m-aos-18-anos\/"]}]},{"@type":"ImageObject","inLanguage":"pt-PT","@id":"https:\/\/portaltela.pt\/noticias\/2026\/04\/12\/gout-gout-bate-recorde-mundial-sub-20-nos-200m-aos-18-anos\/#primaryimage","url":"https:\/\/portaltela.pt\/s.01k8rhncp4jt1\/2026\/04\/img_1200x721uu2026-04-12-16-57-10-2432595.jpg","contentUrl":"https:\/\/portaltela.pt\/s.01k8rhncp4jt1\/2026\/04\/img_1200x721uu2026-04-12-16-57-10-2432595.jpg","width":796,"height":448,"caption":"Gout Gout. 18 anos. A partir deste domingo oficialmente o Sub-20 mais r\u00e1pido da hist\u00f3ria nos 200 metros."},{"@type":"BreadcrumbList","@id":"https:\/\/portaltela.pt\/noticias\/2026\/04\/12\/gout-gout-bate-recorde-mundial-sub-20-nos-200m-aos-18-anos\/#breadcrumb","itemListElement":[{"@type":"ListItem","position":1,"name":"In\u00edcio","item":"https:\/\/portaltela.pt\/"},{"@type":"ListItem","position":2,"name":"Gout Gout bate recorde mundial Sub-20 nos 200m aos 18 anos"}]},{"@type":"WebSite","@id":"https:\/\/portaltela.pt\/#website","url":"https:\/\/portaltela.pt\/","name":"Portal Tela Portugal","description":"","potentialAction":[{"@type":"SearchAction","target":{"@type":"EntryPoint","urlTemplate":"https:\/\/portaltela.pt\/?s={search_term_string}"},"query-input":{"@type":"PropertyValueSpecification","valueRequired":true,"valueName":"search_term_string"}}],"inLanguage":"pt-PT"},{"@type":"Person","@id":"https:\/\/portaltela.pt\/#\/schema\/person\/c4278d4a6028830caff9ee44b42d32ed","name":"Telinha","image":{"@type":"ImageObject","inLanguage":"pt-PT","@id":"https:\/\/portaltela.pt\/s.01k8rhncp4jt1\/2025\/11\/talking-bot-125x125.png","url":"https:\/\/portaltela.pt\/s.01k8rhncp4jt1\/2025\/11\/talking-bot-125x125.png","contentUrl":"https:\/\/portaltela.pt\/s.01k8rhncp4jt1\/2025\/11\/talking-bot-125x125.png","caption":"Telinha"},"sameAs":["https:\/\/portaltela.pt\/"],"url":"https:\/\/portaltela.pt\/por\/367410592786\/"}]}},"_links":{"self":[{"href":"https:\/\/portaltela.pt\/api\/wp\/v2\/posts\/441524","targetHints":{"allow":["GET"]}}],"collection":[{"href":"https:\/\/portaltela.pt\/api\/wp\/v2\/posts"}],"about":[{"href":"https:\/\/portaltela.pt\/api\/wp\/v2\/types\/post"}],"author":[{"embeddable":true,"href":"https:\/\/portaltela.pt\/api\/wp\/v2\/users\/2"}],"replies":[{"embeddable":true,"href":"https:\/\/portaltela.pt\/api\/wp\/v2\/comments?post=441524"}],"version-history":[{"count":0,"href":"https:\/\/portaltela.pt\/api\/wp\/v2\/posts\/441524\/revisions"}],"wp:featuredmedia":[{"embeddable":true,"href":"https:\/\/portaltela.pt\/api\/wp\/v2\/media\/441528"}],"wp:attachment":[{"href":"https:\/\/portaltela.pt\/api\/wp\/v2\/media?parent=441524"}],"wp:term":[{"taxonomy":"category","embeddable":true,"href":"https:\/\/portaltela.pt\/api\/wp\/v2\/categories?post=441524"},{"taxonomy":"post_tag","embeddable":true,"href":"https:\/\/portaltela.pt\/api\/wp\/v2\/tags?post=441524"}],"curies":[{"name":"wp","href":"https:\/\/api.w.org\/{rel}","templated":true}]}}