{"id":441523,"date":"2026-04-12T13:17:04","date_gmt":"2026-04-12T16:17:04","guid":{"rendered":"https:\/\/portaltela.pt\/noticias\/2026\/04\/12\/presidente-felicita-vasco-peso-pelo-titulo-europeu-de-tumbling\/"},"modified":"2026-04-12T13:17:04","modified_gmt":"2026-04-12T16:17:04","slug":"presidente-felicita-vasco-peso-pelo-titulo-europeu-de-tumbling","status":"publish","type":"post","link":"https:\/\/portaltela.pt\/desporto\/futebol\/2026\/04\/12\/presidente-felicita-vasco-peso-pelo-titulo-europeu-de-tumbling\/","title":{"rendered":"Presidente felicita Vasco Peso pelo t\u00edtulo europeu de tumbling"},"content":{"rendered":"<p>O Presidente da Rep\u00fablica, Ant\u00f3nio Jos\u00e9 Seguro, felicitou o ginasta Vasco Peso pela conquista do t\u00edtulo europeu em tumbling, alcan\u00e7ado em Portim\u00e3o, no Algarve. A mensagem foi publicada no site da Presid\u00eancia da Rep\u00fablica, com tom de celebra\u00e7\u00e3o.<\/p>\n<p>Vasco Peso tornou-se o primeiro atleta de Portugal a vencer o ouro nesta disciplina, terminando a prova com 41.400 pontos. O p\u00f3dio ficou completo com Tofig Aliyev, do Azerbaij\u00e3o, e o dinamarqu\u00eas Lindholmer Magnus, respetivamente em 2.\u00ba e 3.\u00ba lugares.<\/p>\n<p>Na final, Peso qualificou-se com o 1.\u00ba lugar, somando 56.600 pontos, \u00e0 frente do atual campe\u00e3o mundial, Mikhail Malkin, do Azerbaij\u00e3o, que fez 54.800. O ginasta \u00e9 estudante do Polit\u00e9cnico de Set\u00fabal.<\/p>\n<p>O chefe de Estado falou ainda com o Presidente da Federa\u00e7\u00e3o de Gin\u00e1stica de Portugal, Lu\u00eds Arrais, para lhe endere\u00e7ar calorosas sauda\u00e7\u00f5es pela vit\u00f3ria e pelos resultados do evento.<\/p>\n<p>Estes resultados j\u00e1 vinham a destacar Portugal na competi\u00e7\u00e3o, com a dupla Sofia Correia e Catarina Nunes a vencerem o vice-t\u00edtulo europeu em trampolim sincronizado, e Gabriel Albuquerque a obter igualmente o vice no trampolim individual, al\u00e9m de uma medalha de bronze por equipas no trampolim individual.<\/p>\n<p>Para Ant\u00f3nio Jos\u00e9 Seguro, as presta\u00e7\u00f5es refletem a dedica\u00e7\u00e3o e o desempenho dos atletas nacionais nesta modalidade, bem como o prest\u00edgio de Portugal ao organizar uma prova de grande express\u00e3o no panorama europeu.<\/p>\n","protected":false},"excerpt":{"rendered":"<ul>\n<li>O Presidente da Rep\u00fablica, Ant\u00f3nio Jos\u00e9 Seguro, felicita Vasco Peso pelo t\u00edtulo europeu de tumbling, em Portim\u00e3o, no Algarve.<\/li>\n<li>Peso conquistou a medalha de ouro com 41,400 pontos, sendo seguido no p\u00f3dio por Tofig Aliyev, do Azerbaij\u00e3o, e Lindholmer Magnus, da Dinamarca.<\/li>\n<li>Na final, o ginasta qualificou-se em primeiro lugar com 56,600 pontos, ultrapassando o atual campe\u00e3o mundial, Mikhail Malkin, do Azerbaij\u00e3o.<\/li>\n<li>Seguro manteve contacto com o presidente da Federa\u00e7\u00e3o de Gin\u00e1stica de Portugal, Lu\u00eds Arrais, para cumprimentar pelos resultados e pelo peso da prova para o pa\u00eds.<\/li>\n<li>Al\u00e9m de Peso, destacam-se vice-campeonatos de Sofia Correia e Catarina Nunes em trampolim sincronizado, de Gabriel Albuquerque em trampolim individual, e a medalha de bronze por equipas no trampolim.<\/li>\n<\/ul>\n","protected":false},"author":2,"featured_media":441526,"comment_status":"closed","ping_status":"closed","sticky":false,"template":"","format":"standard","meta":{"footnotes":""},"categories":[21,24],"tags":[252,152,120,6754,7589,1014],"class_list":["post-441523","post","type-post","status-publish","format-standard","has-post-thumbnail","hentry","category-desporto","category-futebol","tag-atletas","tag-desporto","tag-medalhas","tag-participacao-internacional","tag-podios","tag-portugal"],"yoast_head":"<!-- This site is optimized with the Yoast SEO plugin v27.2 - https:\/\/yoast.com\/product\/yoast-seo-wordpress\/ -->\n<title>Presidente felicita Vasco Peso pelo t\u00edtulo europeu de tumbling - Portal Tela Portugal<\/title>\n<meta name=\"robots\" content=\"index, follow, max-snippet:-1, max-image-preview:large, max-video-preview:-1\" \/>\n<meta property=\"og:locale\" content=\"pt_PT\" \/>\n<meta property=\"og:type\" content=\"article\" \/>\n<meta property=\"og:title\" content=\"Presidente felicita Vasco Peso pelo t\u00edtulo europeu de tumbling - Portal Tela Portugal\" \/>\n<meta property=\"og:description\" content=\"O Presidente da Rep\u00fablica, Ant\u00f3nio Jos\u00e9 Seguro, felicita Vasco Peso pelo t\u00edtulo europeu de tumbling, em Portim\u00e3o, no Algarve. Peso conquistou a medalha de ouro com 41,400 pontos, sendo seguido no p\u00f3dio por Tofig Aliyev, do Azerbaij\u00e3o, e Lindholmer Magnus, da Dinamarca. Na final, o ginasta qualificou-se em primeiro lugar com 56,600 pontos, ultrapassando o atual campe\u00e3o mundial, Mikhail Malkin, do Azerbaij\u00e3o. Seguro manteve contacto com o presidente da Federa\u00e7\u00e3o de Gin\u00e1stica de Portugal, Lu\u00eds Arrais, para cumprimentar pelos resultados e pelo peso da prova para o pa\u00eds. Al\u00e9m de Peso, destacam-se vice-campeonatos de Sofia Correia e Catarina Nunes em trampolim sincronizado, de Gabriel Albuquerque em trampolim individual, e a medalha de bronze por equipas no trampolim.\" \/>\n<meta property=\"og:url\" content=\"https:\/\/portaltela.pt\/noticias\/2026\/04\/12\/presidente-felicita-vasco-peso-pelo-titulo-europeu-de-tumbling\/\" \/>\n<meta property=\"og:site_name\" content=\"Portal Tela Portugal\" \/>\n<meta property=\"article:published_time\" content=\"2026-04-12T16:17:04+00:00\" \/>\n<meta name=\"author\" content=\"Telinha\" \/>\n<meta name=\"twitter:card\" content=\"summary_large_image\" \/>\n<meta name=\"twitter:label1\" content=\"Escrito por\" \/>\n\t<meta name=\"twitter:data1\" content=\"Telinha\" \/>\n\t<meta name=\"twitter:label2\" content=\"Tempo estimado de leitura\" \/>\n\t<meta name=\"twitter:data2\" content=\"1 minuto\" \/>\n<script type=\"application\/ld+json\" class=\"yoast-schema-graph\">{\"@context\":\"https:\/\/schema.org\",\"@graph\":[{\"@type\":\"Article\",\"@id\":\"https:\/\/portaltela.pt\/noticias\/2026\/04\/12\/presidente-felicita-vasco-peso-pelo-titulo-europeu-de-tumbling\/#article\",\"isPartOf\":{\"@id\":\"https:\/\/portaltela.pt\/noticias\/2026\/04\/12\/presidente-felicita-vasco-peso-pelo-titulo-europeu-de-tumbling\/\"},\"author\":{\"name\":\"Telinha\",\"@id\":\"https:\/\/portaltela.pt\/#\/schema\/person\/c4278d4a6028830caff9ee44b42d32ed\"},\"headline\":\"Presidente felicita Vasco Peso pelo t\u00edtulo europeu de tumbling\",\"datePublished\":\"2026-04-12T16:17:04+00:00\",\"mainEntityOfPage\":{\"@id\":\"https:\/\/portaltela.pt\/noticias\/2026\/04\/12\/presidente-felicita-vasco-peso-pelo-titulo-europeu-de-tumbling\/\"},\"wordCount\":250,\"image\":{\"@id\":\"https:\/\/portaltela.pt\/noticias\/2026\/04\/12\/presidente-felicita-vasco-peso-pelo-titulo-europeu-de-tumbling\/#primaryimage\"},\"thumbnailUrl\":\"https:\/\/portaltela.pt\/s.01k8rhncp4jt1\/2026\/04\/img_1500x1000uu2026-04-12-17-11-59-2278093-im-639116107424447838.jpg\",\"keywords\":[\"atletas\",\"desporto\",\"medalhas\",\"participa\u00e7\u00e3o internacional\",\"p\u00f3dios\",\"Portugal\"],\"articleSection\":[\"Desporto\",\"Futebol\"],\"inLanguage\":\"pt-PT\"},{\"@type\":\"WebPage\",\"@id\":\"https:\/\/portaltela.pt\/noticias\/2026\/04\/12\/presidente-felicita-vasco-peso-pelo-titulo-europeu-de-tumbling\/\",\"url\":\"https:\/\/portaltela.pt\/noticias\/2026\/04\/12\/presidente-felicita-vasco-peso-pelo-titulo-europeu-de-tumbling\/\",\"name\":\"Presidente felicita Vasco Peso pelo t\u00edtulo europeu de tumbling - Portal Tela Portugal\",\"isPartOf\":{\"@id\":\"https:\/\/portaltela.pt\/#website\"},\"primaryImageOfPage\":{\"@id\":\"https:\/\/portaltela.pt\/noticias\/2026\/04\/12\/presidente-felicita-vasco-peso-pelo-titulo-europeu-de-tumbling\/#primaryimage\"},\"image\":{\"@id\":\"https:\/\/portaltela.pt\/noticias\/2026\/04\/12\/presidente-felicita-vasco-peso-pelo-titulo-europeu-de-tumbling\/#primaryimage\"},\"thumbnailUrl\":\"https:\/\/portaltela.pt\/s.01k8rhncp4jt1\/2026\/04\/img_1500x1000uu2026-04-12-17-11-59-2278093-im-639116107424447838.jpg\",\"datePublished\":\"2026-04-12T16:17:04+00:00\",\"author\":{\"@id\":\"https:\/\/portaltela.pt\/#\/schema\/person\/c4278d4a6028830caff9ee44b42d32ed\"},\"breadcrumb\":{\"@id\":\"https:\/\/portaltela.pt\/noticias\/2026\/04\/12\/presidente-felicita-vasco-peso-pelo-titulo-europeu-de-tumbling\/#breadcrumb\"},\"inLanguage\":\"pt-PT\",\"potentialAction\":[{\"@type\":\"ReadAction\",\"target\":[\"https:\/\/portaltela.pt\/noticias\/2026\/04\/12\/presidente-felicita-vasco-peso-pelo-titulo-europeu-de-tumbling\/\"]}]},{\"@type\":\"ImageObject\",\"inLanguage\":\"pt-PT\",\"@id\":\"https:\/\/portaltela.pt\/noticias\/2026\/04\/12\/presidente-felicita-vasco-peso-pelo-titulo-europeu-de-tumbling\/#primaryimage\",\"url\":\"https:\/\/portaltela.pt\/s.01k8rhncp4jt1\/2026\/04\/img_1500x1000uu2026-04-12-17-11-59-2278093-im-639116107424447838.jpg\",\"contentUrl\":\"https:\/\/portaltela.pt\/s.01k8rhncp4jt1\/2026\/04\/img_1500x1000uu2026-04-12-17-11-59-2278093-im-639116107424447838.jpg\",\"width\":796,\"height\":448,\"caption\":\"Vasco Peso\"},{\"@type\":\"BreadcrumbList\",\"@id\":\"https:\/\/portaltela.pt\/noticias\/2026\/04\/12\/presidente-felicita-vasco-peso-pelo-titulo-europeu-de-tumbling\/#breadcrumb\",\"itemListElement\":[{\"@type\":\"ListItem\",\"position\":1,\"name\":\"In\u00edcio\",\"item\":\"https:\/\/portaltela.pt\/\"},{\"@type\":\"ListItem\",\"position\":2,\"name\":\"Presidente felicita Vasco Peso pelo t\u00edtulo europeu de tumbling\"}]},{\"@type\":\"WebSite\",\"@id\":\"https:\/\/portaltela.pt\/#website\",\"url\":\"https:\/\/portaltela.pt\/\",\"name\":\"Portal Tela Portugal\",\"description\":\"\",\"potentialAction\":[{\"@type\":\"SearchAction\",\"target\":{\"@type\":\"EntryPoint\",\"urlTemplate\":\"https:\/\/portaltela.pt\/?s={search_term_string}\"},\"query-input\":{\"@type\":\"PropertyValueSpecification\",\"valueRequired\":true,\"valueName\":\"search_term_string\"}}],\"inLanguage\":\"pt-PT\"},{\"@type\":\"Person\",\"@id\":\"https:\/\/portaltela.pt\/#\/schema\/person\/c4278d4a6028830caff9ee44b42d32ed\",\"name\":\"Telinha\",\"image\":{\"@type\":\"ImageObject\",\"inLanguage\":\"pt-PT\",\"@id\":\"https:\/\/portaltela.pt\/s.01k8rhncp4jt1\/2025\/11\/talking-bot-125x125.png\",\"url\":\"https:\/\/portaltela.pt\/s.01k8rhncp4jt1\/2025\/11\/talking-bot-125x125.png\",\"contentUrl\":\"https:\/\/portaltela.pt\/s.01k8rhncp4jt1\/2025\/11\/talking-bot-125x125.png\",\"caption\":\"Telinha\"},\"sameAs\":[\"https:\/\/portaltela.pt\/\"],\"url\":\"https:\/\/portaltela.pt\/por\/367410592786\/\"}]}<\/script>\n<!-- \/ Yoast SEO plugin. -->","yoast_head_json":{"title":"Presidente felicita Vasco Peso pelo t\u00edtulo europeu de tumbling - Portal Tela Portugal","robots":{"index":"index","follow":"follow","max-snippet":"max-snippet:-1","max-image-preview":"max-image-preview:large","max-video-preview":"max-video-preview:-1"},"og_locale":"pt_PT","og_type":"article","og_title":"Presidente felicita Vasco Peso pelo t\u00edtulo europeu de tumbling - Portal Tela Portugal","og_description":"O Presidente da Rep\u00fablica, Ant\u00f3nio Jos\u00e9 Seguro, felicita Vasco Peso pelo t\u00edtulo europeu de tumbling, em Portim\u00e3o, no Algarve. Peso conquistou a medalha de ouro com 41,400 pontos, sendo seguido no p\u00f3dio por Tofig Aliyev, do Azerbaij\u00e3o, e Lindholmer Magnus, da Dinamarca. Na final, o ginasta qualificou-se em primeiro lugar com 56,600 pontos, ultrapassando o atual campe\u00e3o mundial, Mikhail Malkin, do Azerbaij\u00e3o. Seguro manteve contacto com o presidente da Federa\u00e7\u00e3o de Gin\u00e1stica de Portugal, Lu\u00eds Arrais, para cumprimentar pelos resultados e pelo peso da prova para o pa\u00eds. Al\u00e9m de Peso, destacam-se vice-campeonatos de Sofia Correia e Catarina Nunes em trampolim sincronizado, de Gabriel Albuquerque em trampolim individual, e a medalha de bronze por equipas no trampolim.","og_url":"https:\/\/portaltela.pt\/noticias\/2026\/04\/12\/presidente-felicita-vasco-peso-pelo-titulo-europeu-de-tumbling\/","og_site_name":"Portal Tela Portugal","article_published_time":"2026-04-12T16:17:04+00:00","author":"Telinha","twitter_card":"summary_large_image","twitter_misc":{"Escrito por":"Telinha","Tempo estimado de leitura":"1 minuto"},"schema":{"@context":"https:\/\/schema.org","@graph":[{"@type":"Article","@id":"https:\/\/portaltela.pt\/noticias\/2026\/04\/12\/presidente-felicita-vasco-peso-pelo-titulo-europeu-de-tumbling\/#article","isPartOf":{"@id":"https:\/\/portaltela.pt\/noticias\/2026\/04\/12\/presidente-felicita-vasco-peso-pelo-titulo-europeu-de-tumbling\/"},"author":{"name":"Telinha","@id":"https:\/\/portaltela.pt\/#\/schema\/person\/c4278d4a6028830caff9ee44b42d32ed"},"headline":"Presidente felicita Vasco Peso pelo t\u00edtulo europeu de tumbling","datePublished":"2026-04-12T16:17:04+00:00","mainEntityOfPage":{"@id":"https:\/\/portaltela.pt\/noticias\/2026\/04\/12\/presidente-felicita-vasco-peso-pelo-titulo-europeu-de-tumbling\/"},"wordCount":250,"image":{"@id":"https:\/\/portaltela.pt\/noticias\/2026\/04\/12\/presidente-felicita-vasco-peso-pelo-titulo-europeu-de-tumbling\/#primaryimage"},"thumbnailUrl":"https:\/\/portaltela.pt\/s.01k8rhncp4jt1\/2026\/04\/img_1500x1000uu2026-04-12-17-11-59-2278093-im-639116107424447838.jpg","keywords":["atletas","desporto","medalhas","participa\u00e7\u00e3o internacional","p\u00f3dios","Portugal"],"articleSection":["Desporto","Futebol"],"inLanguage":"pt-PT"},{"@type":"WebPage","@id":"https:\/\/portaltela.pt\/noticias\/2026\/04\/12\/presidente-felicita-vasco-peso-pelo-titulo-europeu-de-tumbling\/","url":"https:\/\/portaltela.pt\/noticias\/2026\/04\/12\/presidente-felicita-vasco-peso-pelo-titulo-europeu-de-tumbling\/","name":"Presidente felicita Vasco Peso pelo t\u00edtulo europeu de tumbling - Portal Tela Portugal","isPartOf":{"@id":"https:\/\/portaltela.pt\/#website"},"primaryImageOfPage":{"@id":"https:\/\/portaltela.pt\/noticias\/2026\/04\/12\/presidente-felicita-vasco-peso-pelo-titulo-europeu-de-tumbling\/#primaryimage"},"image":{"@id":"https:\/\/portaltela.pt\/noticias\/2026\/04\/12\/presidente-felicita-vasco-peso-pelo-titulo-europeu-de-tumbling\/#primaryimage"},"thumbnailUrl":"https:\/\/portaltela.pt\/s.01k8rhncp4jt1\/2026\/04\/img_1500x1000uu2026-04-12-17-11-59-2278093-im-639116107424447838.jpg","datePublished":"2026-04-12T16:17:04+00:00","author":{"@id":"https:\/\/portaltela.pt\/#\/schema\/person\/c4278d4a6028830caff9ee44b42d32ed"},"breadcrumb":{"@id":"https:\/\/portaltela.pt\/noticias\/2026\/04\/12\/presidente-felicita-vasco-peso-pelo-titulo-europeu-de-tumbling\/#breadcrumb"},"inLanguage":"pt-PT","potentialAction":[{"@type":"ReadAction","target":["https:\/\/portaltela.pt\/noticias\/2026\/04\/12\/presidente-felicita-vasco-peso-pelo-titulo-europeu-de-tumbling\/"]}]},{"@type":"ImageObject","inLanguage":"pt-PT","@id":"https:\/\/portaltela.pt\/noticias\/2026\/04\/12\/presidente-felicita-vasco-peso-pelo-titulo-europeu-de-tumbling\/#primaryimage","url":"https:\/\/portaltela.pt\/s.01k8rhncp4jt1\/2026\/04\/img_1500x1000uu2026-04-12-17-11-59-2278093-im-639116107424447838.jpg","contentUrl":"https:\/\/portaltela.pt\/s.01k8rhncp4jt1\/2026\/04\/img_1500x1000uu2026-04-12-17-11-59-2278093-im-639116107424447838.jpg","width":796,"height":448,"caption":"Vasco Peso"},{"@type":"BreadcrumbList","@id":"https:\/\/portaltela.pt\/noticias\/2026\/04\/12\/presidente-felicita-vasco-peso-pelo-titulo-europeu-de-tumbling\/#breadcrumb","itemListElement":[{"@type":"ListItem","position":1,"name":"In\u00edcio","item":"https:\/\/portaltela.pt\/"},{"@type":"ListItem","position":2,"name":"Presidente felicita Vasco Peso pelo t\u00edtulo europeu de tumbling"}]},{"@type":"WebSite","@id":"https:\/\/portaltela.pt\/#website","url":"https:\/\/portaltela.pt\/","name":"Portal Tela Portugal","description":"","potentialAction":[{"@type":"SearchAction","target":{"@type":"EntryPoint","urlTemplate":"https:\/\/portaltela.pt\/?s={search_term_string}"},"query-input":{"@type":"PropertyValueSpecification","valueRequired":true,"valueName":"search_term_string"}}],"inLanguage":"pt-PT"},{"@type":"Person","@id":"https:\/\/portaltela.pt\/#\/schema\/person\/c4278d4a6028830caff9ee44b42d32ed","name":"Telinha","image":{"@type":"ImageObject","inLanguage":"pt-PT","@id":"https:\/\/portaltela.pt\/s.01k8rhncp4jt1\/2025\/11\/talking-bot-125x125.png","url":"https:\/\/portaltela.pt\/s.01k8rhncp4jt1\/2025\/11\/talking-bot-125x125.png","contentUrl":"https:\/\/portaltela.pt\/s.01k8rhncp4jt1\/2025\/11\/talking-bot-125x125.png","caption":"Telinha"},"sameAs":["https:\/\/portaltela.pt\/"],"url":"https:\/\/portaltela.pt\/por\/367410592786\/"}]}},"_links":{"self":[{"href":"https:\/\/portaltela.pt\/api\/wp\/v2\/posts\/441523","targetHints":{"allow":["GET"]}}],"collection":[{"href":"https:\/\/portaltela.pt\/api\/wp\/v2\/posts"}],"about":[{"href":"https:\/\/portaltela.pt\/api\/wp\/v2\/types\/post"}],"author":[{"embeddable":true,"href":"https:\/\/portaltela.pt\/api\/wp\/v2\/users\/2"}],"replies":[{"embeddable":true,"href":"https:\/\/portaltela.pt\/api\/wp\/v2\/comments?post=441523"}],"version-history":[{"count":0,"href":"https:\/\/portaltela.pt\/api\/wp\/v2\/posts\/441523\/revisions"}],"wp:featuredmedia":[{"embeddable":true,"href":"https:\/\/portaltela.pt\/api\/wp\/v2\/media\/441526"}],"wp:attachment":[{"href":"https:\/\/portaltela.pt\/api\/wp\/v2\/media?parent=441523"}],"wp:term":[{"taxonomy":"category","embeddable":true,"href":"https:\/\/portaltela.pt\/api\/wp\/v2\/categories?post=441523"},{"taxonomy":"post_tag","embeddable":true,"href":"https:\/\/portaltela.pt\/api\/wp\/v2\/tags?post=441523"}],"curies":[{"name":"wp","href":"https:\/\/api.w.org\/{rel}","templated":true}]}}