{"id":441519,"date":"2026-04-11T22:30:00","date_gmt":"2026-04-12T01:30:00","guid":{"rendered":"https:\/\/portaltela.pt\/noticias\/2026\/04\/11\/historia-que-vai-alem-do-romance-torna-se-lenda\/"},"modified":"2026-04-11T22:30:00","modified_gmt":"2026-04-12T01:30:00","slug":"historia-que-vai-alem-do-romance-torna-se-lenda","status":"publish","type":"post","link":"https:\/\/portaltela.pt\/noticias\/2026\/04\/11\/historia-que-vai-alem-do-romance-torna-se-lenda\/","title":{"rendered":"Hist\u00f3ria que vai al\u00e9m do romance, torna-se lenda"},"content":{"rendered":"<p>Herman Melville, escritor norte-americano do s\u00e9culo XIX, \u00e9 apresentado como destinado \u00e0 grandeza do romance americano, mesmo quando ainda n\u00e3o era reconhecido. A afirma\u00e7\u00e3o surge como leitura de que o autor, com Moby Dick, atingiu uma gl\u00f3ria que lhe seria reconhecida apenas posteriormente.<\/p>\n<p>O texto sugere que a obra Moby Dick n\u00e3o \u00e9 apenas romance, mas uma lenda liter\u00e1ria em constru\u00e7\u00e3o. O foco recai sobre a rela\u00e7\u00e3o entre Melville e a tradi\u00e7\u00e3o liter\u00e1ria ocidental, com especial \u00eanfase na influ\u00eancia de os Lus\u00edadas.<\/p>\n<p>Ao longo da leitura, \u00e9 destacada a passagem de Moby Dick que, na imagina\u00e7\u00e3o do autor, ecoa Cam\u00f5es e Os Lus\u00edadas. A cena da tripula\u00e7\u00e3o do Pequod a avistar fogos-de-santelmo \u00e9 associada a uma das passagens mais comoventes da epopeia portuguesa.<\/p>\n<h3>Contexto liter\u00e1rio<\/h3>\n<p>A compara\u00e7\u00e3o entre a aventura mar\u00edtima de Melville e o poema \u00e9 apresentada como uma ponte entre culturas. A refer\u00eancia a bramidos de trov\u00f5es e rel\u00e2mpagos destaca a grandiosidade do mar na literatura de ambos os autores.<\/p>\n<p>A an\u00e1lise refor\u00e7a que a passagem de Os Lus\u00edadas citada \u00e9 capaz de eternizar o Canto V, ao conectar temas de perigos do mar, tempestades e a irrup\u00e7\u00e3o do elemento religioso nas viagens. A liga\u00e7\u00e3o entre as obras \u00e9 apresentada como uma leitura interpretativa, n\u00e3o uma cr\u00edtica direta.<\/p>\n","protected":false},"excerpt":{"rendered":"<ul>\n<li>Herman Melville (1819-1891) n\u00e3o sabia que escreveria o grande romance americano.<\/li>\n<li>O texto concentra-se em Moby Dick, considerado o grande romance do pa\u00eds.<\/li>\n<li>Em uma passagem em que o Pequod avista fogos-de-santelmo, surge uma alus\u00e3o direta a Cam\u00f5es e aos Os Lus\u00edadas.<\/li>\n<li>A refer\u00eancia liter\u00e1ria a Os Lus\u00edadas \u00e9 apresentada como uma das mais comoventes, ligando o Canto V do poema \u00e0 cena mar\u00edtima.<\/li>\n<li>O trecho faz descri\u00e7\u00e3o dos perigos do mar, com rel\u00e2mpagos, ventos e noite sombria, enfatizando o poder do oceano.<\/li>\n<\/ul>\n","protected":false},"author":2,"featured_media":441522,"comment_status":"closed","ping_status":"closed","sticky":false,"template":"","format":"standard","meta":{"footnotes":""},"categories":[7375,1],"tags":[7756,2606,145,299,106,5553],"class_list":["post-441519","post","type-post","status-publish","format-standard","has-post-thumbnail","hentry","category-cultura","category-noticias","tag-_cultura","tag-camoes","tag-cultura","tag-historia","tag-literatura","tag-poesia"],"yoast_head":"<!-- This site is optimized with the Yoast SEO plugin v27.2 - https:\/\/yoast.com\/product\/yoast-seo-wordpress\/ -->\n<title>Hist\u00f3ria que vai al\u00e9m do romance, torna-se lenda - Portal Tela Portugal<\/title>\n<meta name=\"robots\" content=\"index, follow, max-snippet:-1, max-image-preview:large, max-video-preview:-1\" \/>\n<meta property=\"og:locale\" content=\"pt_PT\" \/>\n<meta property=\"og:type\" content=\"article\" \/>\n<meta property=\"og:title\" content=\"Hist\u00f3ria que vai al\u00e9m do romance, torna-se lenda - Portal Tela Portugal\" \/>\n<meta property=\"og:description\" content=\"Herman Melville (1819-1891) n\u00e3o sabia que escreveria o grande romance americano. O texto concentra-se em Moby Dick, considerado o grande romance do pa\u00eds. Em uma passagem em que o Pequod avista fogos-de-santelmo, surge uma alus\u00e3o direta a Cam\u00f5es e aos Os Lus\u00edadas. A refer\u00eancia liter\u00e1ria a Os Lus\u00edadas \u00e9 apresentada como uma das mais comoventes, ligando o Canto V do poema \u00e0 cena mar\u00edtima. O trecho faz descri\u00e7\u00e3o dos perigos do mar, com rel\u00e2mpagos, ventos e noite sombria, enfatizando o poder do oceano.\" \/>\n<meta property=\"og:url\" content=\"https:\/\/portaltela.pt\/noticias\/2026\/04\/11\/historia-que-vai-alem-do-romance-torna-se-lenda\/\" \/>\n<meta property=\"og:site_name\" content=\"Portal Tela Portugal\" \/>\n<meta property=\"article:published_time\" content=\"2026-04-12T01:30:00+00:00\" \/>\n<meta name=\"author\" content=\"Telinha\" \/>\n<meta name=\"twitter:card\" content=\"summary_large_image\" \/>\n<meta name=\"twitter:label1\" content=\"Escrito por\" \/>\n\t<meta name=\"twitter:data1\" content=\"Telinha\" \/>\n\t<meta name=\"twitter:label2\" content=\"Tempo estimado de leitura\" \/>\n\t<meta name=\"twitter:data2\" content=\"1 minuto\" \/>\n<script type=\"application\/ld+json\" class=\"yoast-schema-graph\">{\"@context\":\"https:\/\/schema.org\",\"@graph\":[{\"@type\":\"Article\",\"@id\":\"https:\/\/portaltela.pt\/noticias\/2026\/04\/11\/historia-que-vai-alem-do-romance-torna-se-lenda\/#article\",\"isPartOf\":{\"@id\":\"https:\/\/portaltela.pt\/noticias\/2026\/04\/11\/historia-que-vai-alem-do-romance-torna-se-lenda\/\"},\"author\":{\"name\":\"Telinha\",\"@id\":\"https:\/\/portaltela.pt\/#\/schema\/person\/c4278d4a6028830caff9ee44b42d32ed\"},\"headline\":\"Hist\u00f3ria que vai al\u00e9m do romance, torna-se lenda\",\"datePublished\":\"2026-04-12T01:30:00+00:00\",\"mainEntityOfPage\":{\"@id\":\"https:\/\/portaltela.pt\/noticias\/2026\/04\/11\/historia-que-vai-alem-do-romance-torna-se-lenda\/\"},\"wordCount\":241,\"image\":{\"@id\":\"https:\/\/portaltela.pt\/noticias\/2026\/04\/11\/historia-que-vai-alem-do-romance-torna-se-lenda\/#primaryimage\"},\"thumbnailUrl\":\"https:\/\/portaltela.pt\/s.01k8rhncp4jt1\/2026\/04\/img_1280x721uu2026-04-11-19-06-59-2277967.jpg\",\"keywords\":[\"_cultura\",\"Cam\u00f5es\",\"cultura\",\"hist\u00f3ria\",\"literatura\",\"poesia\"],\"articleSection\":[\"Cultura\",\"Not\u00edcias\"],\"inLanguage\":\"pt-PT\"},{\"@type\":\"WebPage\",\"@id\":\"https:\/\/portaltela.pt\/noticias\/2026\/04\/11\/historia-que-vai-alem-do-romance-torna-se-lenda\/\",\"url\":\"https:\/\/portaltela.pt\/noticias\/2026\/04\/11\/historia-que-vai-alem-do-romance-torna-se-lenda\/\",\"name\":\"Hist\u00f3ria que vai al\u00e9m do romance, torna-se lenda - Portal Tela Portugal\",\"isPartOf\":{\"@id\":\"https:\/\/portaltela.pt\/#website\"},\"primaryImageOfPage\":{\"@id\":\"https:\/\/portaltela.pt\/noticias\/2026\/04\/11\/historia-que-vai-alem-do-romance-torna-se-lenda\/#primaryimage\"},\"image\":{\"@id\":\"https:\/\/portaltela.pt\/noticias\/2026\/04\/11\/historia-que-vai-alem-do-romance-torna-se-lenda\/#primaryimage\"},\"thumbnailUrl\":\"https:\/\/portaltela.pt\/s.01k8rhncp4jt1\/2026\/04\/img_1280x721uu2026-04-11-19-06-59-2277967.jpg\",\"datePublished\":\"2026-04-12T01:30:00+00:00\",\"author\":{\"@id\":\"https:\/\/portaltela.pt\/#\/schema\/person\/c4278d4a6028830caff9ee44b42d32ed\"},\"breadcrumb\":{\"@id\":\"https:\/\/portaltela.pt\/noticias\/2026\/04\/11\/historia-que-vai-alem-do-romance-torna-se-lenda\/#breadcrumb\"},\"inLanguage\":\"pt-PT\",\"potentialAction\":[{\"@type\":\"ReadAction\",\"target\":[\"https:\/\/portaltela.pt\/noticias\/2026\/04\/11\/historia-que-vai-alem-do-romance-torna-se-lenda\/\"]}]},{\"@type\":\"ImageObject\",\"inLanguage\":\"pt-PT\",\"@id\":\"https:\/\/portaltela.pt\/noticias\/2026\/04\/11\/historia-que-vai-alem-do-romance-torna-se-lenda\/#primaryimage\",\"url\":\"https:\/\/portaltela.pt\/s.01k8rhncp4jt1\/2026\/04\/img_1280x721uu2026-04-11-19-06-59-2277967.jpg\",\"contentUrl\":\"https:\/\/portaltela.pt\/s.01k8rhncp4jt1\/2026\/04\/img_1280x721uu2026-04-11-19-06-59-2277967.jpg\",\"width\":796,\"height\":448,\"caption\":\"Photo\"},{\"@type\":\"BreadcrumbList\",\"@id\":\"https:\/\/portaltela.pt\/noticias\/2026\/04\/11\/historia-que-vai-alem-do-romance-torna-se-lenda\/#breadcrumb\",\"itemListElement\":[{\"@type\":\"ListItem\",\"position\":1,\"name\":\"In\u00edcio\",\"item\":\"https:\/\/portaltela.pt\/\"},{\"@type\":\"ListItem\",\"position\":2,\"name\":\"Hist\u00f3ria que vai al\u00e9m do romance, torna-se lenda\"}]},{\"@type\":\"WebSite\",\"@id\":\"https:\/\/portaltela.pt\/#website\",\"url\":\"https:\/\/portaltela.pt\/\",\"name\":\"Portal Tela Portugal\",\"description\":\"\",\"potentialAction\":[{\"@type\":\"SearchAction\",\"target\":{\"@type\":\"EntryPoint\",\"urlTemplate\":\"https:\/\/portaltela.pt\/?s={search_term_string}\"},\"query-input\":{\"@type\":\"PropertyValueSpecification\",\"valueRequired\":true,\"valueName\":\"search_term_string\"}}],\"inLanguage\":\"pt-PT\"},{\"@type\":\"Person\",\"@id\":\"https:\/\/portaltela.pt\/#\/schema\/person\/c4278d4a6028830caff9ee44b42d32ed\",\"name\":\"Telinha\",\"image\":{\"@type\":\"ImageObject\",\"inLanguage\":\"pt-PT\",\"@id\":\"https:\/\/portaltela.pt\/s.01k8rhncp4jt1\/2025\/11\/talking-bot-125x125.png\",\"url\":\"https:\/\/portaltela.pt\/s.01k8rhncp4jt1\/2025\/11\/talking-bot-125x125.png\",\"contentUrl\":\"https:\/\/portaltela.pt\/s.01k8rhncp4jt1\/2025\/11\/talking-bot-125x125.png\",\"caption\":\"Telinha\"},\"sameAs\":[\"https:\/\/portaltela.pt\/\"],\"url\":\"https:\/\/portaltela.pt\/por\/367410592786\/\"}]}<\/script>\n<!-- \/ Yoast SEO plugin. -->","yoast_head_json":{"title":"Hist\u00f3ria que vai al\u00e9m do romance, torna-se lenda - Portal Tela Portugal","robots":{"index":"index","follow":"follow","max-snippet":"max-snippet:-1","max-image-preview":"max-image-preview:large","max-video-preview":"max-video-preview:-1"},"og_locale":"pt_PT","og_type":"article","og_title":"Hist\u00f3ria que vai al\u00e9m do romance, torna-se lenda - Portal Tela Portugal","og_description":"Herman Melville (1819-1891) n\u00e3o sabia que escreveria o grande romance americano. O texto concentra-se em Moby Dick, considerado o grande romance do pa\u00eds. Em uma passagem em que o Pequod avista fogos-de-santelmo, surge uma alus\u00e3o direta a Cam\u00f5es e aos Os Lus\u00edadas. A refer\u00eancia liter\u00e1ria a Os Lus\u00edadas \u00e9 apresentada como uma das mais comoventes, ligando o Canto V do poema \u00e0 cena mar\u00edtima. O trecho faz descri\u00e7\u00e3o dos perigos do mar, com rel\u00e2mpagos, ventos e noite sombria, enfatizando o poder do oceano.","og_url":"https:\/\/portaltela.pt\/noticias\/2026\/04\/11\/historia-que-vai-alem-do-romance-torna-se-lenda\/","og_site_name":"Portal Tela Portugal","article_published_time":"2026-04-12T01:30:00+00:00","author":"Telinha","twitter_card":"summary_large_image","twitter_misc":{"Escrito por":"Telinha","Tempo estimado de leitura":"1 minuto"},"schema":{"@context":"https:\/\/schema.org","@graph":[{"@type":"Article","@id":"https:\/\/portaltela.pt\/noticias\/2026\/04\/11\/historia-que-vai-alem-do-romance-torna-se-lenda\/#article","isPartOf":{"@id":"https:\/\/portaltela.pt\/noticias\/2026\/04\/11\/historia-que-vai-alem-do-romance-torna-se-lenda\/"},"author":{"name":"Telinha","@id":"https:\/\/portaltela.pt\/#\/schema\/person\/c4278d4a6028830caff9ee44b42d32ed"},"headline":"Hist\u00f3ria que vai al\u00e9m do romance, torna-se lenda","datePublished":"2026-04-12T01:30:00+00:00","mainEntityOfPage":{"@id":"https:\/\/portaltela.pt\/noticias\/2026\/04\/11\/historia-que-vai-alem-do-romance-torna-se-lenda\/"},"wordCount":241,"image":{"@id":"https:\/\/portaltela.pt\/noticias\/2026\/04\/11\/historia-que-vai-alem-do-romance-torna-se-lenda\/#primaryimage"},"thumbnailUrl":"https:\/\/portaltela.pt\/s.01k8rhncp4jt1\/2026\/04\/img_1280x721uu2026-04-11-19-06-59-2277967.jpg","keywords":["_cultura","Cam\u00f5es","cultura","hist\u00f3ria","literatura","poesia"],"articleSection":["Cultura","Not\u00edcias"],"inLanguage":"pt-PT"},{"@type":"WebPage","@id":"https:\/\/portaltela.pt\/noticias\/2026\/04\/11\/historia-que-vai-alem-do-romance-torna-se-lenda\/","url":"https:\/\/portaltela.pt\/noticias\/2026\/04\/11\/historia-que-vai-alem-do-romance-torna-se-lenda\/","name":"Hist\u00f3ria que vai al\u00e9m do romance, torna-se lenda - Portal Tela Portugal","isPartOf":{"@id":"https:\/\/portaltela.pt\/#website"},"primaryImageOfPage":{"@id":"https:\/\/portaltela.pt\/noticias\/2026\/04\/11\/historia-que-vai-alem-do-romance-torna-se-lenda\/#primaryimage"},"image":{"@id":"https:\/\/portaltela.pt\/noticias\/2026\/04\/11\/historia-que-vai-alem-do-romance-torna-se-lenda\/#primaryimage"},"thumbnailUrl":"https:\/\/portaltela.pt\/s.01k8rhncp4jt1\/2026\/04\/img_1280x721uu2026-04-11-19-06-59-2277967.jpg","datePublished":"2026-04-12T01:30:00+00:00","author":{"@id":"https:\/\/portaltela.pt\/#\/schema\/person\/c4278d4a6028830caff9ee44b42d32ed"},"breadcrumb":{"@id":"https:\/\/portaltela.pt\/noticias\/2026\/04\/11\/historia-que-vai-alem-do-romance-torna-se-lenda\/#breadcrumb"},"inLanguage":"pt-PT","potentialAction":[{"@type":"ReadAction","target":["https:\/\/portaltela.pt\/noticias\/2026\/04\/11\/historia-que-vai-alem-do-romance-torna-se-lenda\/"]}]},{"@type":"ImageObject","inLanguage":"pt-PT","@id":"https:\/\/portaltela.pt\/noticias\/2026\/04\/11\/historia-que-vai-alem-do-romance-torna-se-lenda\/#primaryimage","url":"https:\/\/portaltela.pt\/s.01k8rhncp4jt1\/2026\/04\/img_1280x721uu2026-04-11-19-06-59-2277967.jpg","contentUrl":"https:\/\/portaltela.pt\/s.01k8rhncp4jt1\/2026\/04\/img_1280x721uu2026-04-11-19-06-59-2277967.jpg","width":796,"height":448,"caption":"Photo"},{"@type":"BreadcrumbList","@id":"https:\/\/portaltela.pt\/noticias\/2026\/04\/11\/historia-que-vai-alem-do-romance-torna-se-lenda\/#breadcrumb","itemListElement":[{"@type":"ListItem","position":1,"name":"In\u00edcio","item":"https:\/\/portaltela.pt\/"},{"@type":"ListItem","position":2,"name":"Hist\u00f3ria que vai al\u00e9m do romance, torna-se lenda"}]},{"@type":"WebSite","@id":"https:\/\/portaltela.pt\/#website","url":"https:\/\/portaltela.pt\/","name":"Portal Tela Portugal","description":"","potentialAction":[{"@type":"SearchAction","target":{"@type":"EntryPoint","urlTemplate":"https:\/\/portaltela.pt\/?s={search_term_string}"},"query-input":{"@type":"PropertyValueSpecification","valueRequired":true,"valueName":"search_term_string"}}],"inLanguage":"pt-PT"},{"@type":"Person","@id":"https:\/\/portaltela.pt\/#\/schema\/person\/c4278d4a6028830caff9ee44b42d32ed","name":"Telinha","image":{"@type":"ImageObject","inLanguage":"pt-PT","@id":"https:\/\/portaltela.pt\/s.01k8rhncp4jt1\/2025\/11\/talking-bot-125x125.png","url":"https:\/\/portaltela.pt\/s.01k8rhncp4jt1\/2025\/11\/talking-bot-125x125.png","contentUrl":"https:\/\/portaltela.pt\/s.01k8rhncp4jt1\/2025\/11\/talking-bot-125x125.png","caption":"Telinha"},"sameAs":["https:\/\/portaltela.pt\/"],"url":"https:\/\/portaltela.pt\/por\/367410592786\/"}]}},"_links":{"self":[{"href":"https:\/\/portaltela.pt\/api\/wp\/v2\/posts\/441519","targetHints":{"allow":["GET"]}}],"collection":[{"href":"https:\/\/portaltela.pt\/api\/wp\/v2\/posts"}],"about":[{"href":"https:\/\/portaltela.pt\/api\/wp\/v2\/types\/post"}],"author":[{"embeddable":true,"href":"https:\/\/portaltela.pt\/api\/wp\/v2\/users\/2"}],"replies":[{"embeddable":true,"href":"https:\/\/portaltela.pt\/api\/wp\/v2\/comments?post=441519"}],"version-history":[{"count":0,"href":"https:\/\/portaltela.pt\/api\/wp\/v2\/posts\/441519\/revisions"}],"wp:featuredmedia":[{"embeddable":true,"href":"https:\/\/portaltela.pt\/api\/wp\/v2\/media\/441522"}],"wp:attachment":[{"href":"https:\/\/portaltela.pt\/api\/wp\/v2\/media?parent=441519"}],"wp:term":[{"taxonomy":"category","embeddable":true,"href":"https:\/\/portaltela.pt\/api\/wp\/v2\/categories?post=441519"},{"taxonomy":"post_tag","embeddable":true,"href":"https:\/\/portaltela.pt\/api\/wp\/v2\/tags?post=441519"}],"curies":[{"name":"wp","href":"https:\/\/api.w.org\/{rel}","templated":true}]}}