{"id":441502,"date":"2026-04-12T08:38:00","date_gmt":"2026-04-12T11:38:00","guid":{"rendered":"https:\/\/portaltela.pt\/noticias\/2026\/04\/12\/observadores-internacionais-registam-forte-afluencia-nas-legislativas-da-hungria\/"},"modified":"2026-04-12T08:38:00","modified_gmt":"2026-04-12T11:38:00","slug":"observadores-internacionais-registam-forte-afluencia-nas-legislativas-da-hungria","status":"publish","type":"post","link":"https:\/\/portaltela.pt\/noticias\/politica\/2026\/04\/12\/observadores-internacionais-registam-forte-afluencia-nas-legislativas-da-hungria\/","title":{"rendered":"Observadores internacionais registam forte aflu\u00eancia nas legislativas da Hungria"},"content":{"rendered":"<p>Observadores internacionais registaram uma forte aflu\u00eancia \u00e0s urnas nas elei\u00e7\u00f5es legislativas da Hungria, com eleitores a dirigir-se aos locais de voto desde cedo.<\/p>\n<p>As miss\u00f5es incluem representantes de organiza\u00e7\u00f5es de monitoriza\u00e7\u00e3o eleitoral, que acompanham o funcionamento das mesas e o apuramento para garantir transpar\u00eancia e integridade do processo.<\/p>\n<p>As autoridades h\u00fangaras n\u00e3o divulgaram dados oficiais de participa\u00e7\u00e3o at\u00e9 ao momento, enquanto os observadores reiteram o compromisso de reportar eventuais irregularidades de forma independente.<\/p>\n","protected":false},"excerpt":{"rendered":"<ul>\n<li>Observadores internacionais registam forte aflu\u00eancia \u00e0s urnas nas legislativas da Hungria.<\/li>\n<li>A participa\u00e7\u00e3o dos eleitores \u00e9 destacada como elevada pelos observadores.<\/li>\n<li>As elei\u00e7\u00f5es decorrem no contexto h\u00fangaro, com foco na participa\u00e7\u00e3o c\u00edvica.<\/li>\n<li>N\u00e3o foram apresentadas declara\u00e7\u00f5es adicionais no momento sobre resultados ou incidentes.<\/li>\n<\/ul>\n","protected":false},"author":2,"featured_media":441504,"comment_status":"closed","ping_status":"closed","sticky":false,"template":"","format":"standard","meta":{"footnotes":""},"categories":[6912,5],"tags":[68,3228,2579,4756,5259,1249],"class_list":["post-441502","post","type-post","status-publish","format-standard","has-post-thumbnail","hentry","category-internacionais","category-politica","tag-eleicoes","tag-eleicoes-internacionais","tag-hungria","tag-observacao-internacional","tag-observadores-internacionais","tag-participacao"],"yoast_head":"<!-- This site is optimized with the Yoast SEO plugin v27.2 - https:\/\/yoast.com\/product\/yoast-seo-wordpress\/ -->\n<title>Observadores internacionais registam forte aflu\u00eancia nas legislativas da Hungria - Portal Tela Portugal<\/title>\n<meta name=\"robots\" content=\"index, follow, max-snippet:-1, max-image-preview:large, max-video-preview:-1\" \/>\n<meta property=\"og:locale\" content=\"pt_PT\" \/>\n<meta property=\"og:type\" content=\"article\" \/>\n<meta property=\"og:title\" content=\"Observadores internacionais registam forte aflu\u00eancia nas legislativas da Hungria - Portal Tela Portugal\" \/>\n<meta property=\"og:description\" content=\"Observadores internacionais registam forte aflu\u00eancia \u00e0s urnas nas legislativas da Hungria. A participa\u00e7\u00e3o dos eleitores \u00e9 destacada como elevada pelos observadores. As elei\u00e7\u00f5es decorrem no contexto h\u00fangaro, com foco na participa\u00e7\u00e3o c\u00edvica. N\u00e3o foram apresentadas declara\u00e7\u00f5es adicionais no momento sobre resultados ou incidentes.\" \/>\n<meta property=\"og:url\" content=\"https:\/\/portaltela.pt\/noticias\/2026\/04\/12\/observadores-internacionais-registam-forte-afluencia-nas-legislativas-da-hungria\/\" \/>\n<meta property=\"og:site_name\" content=\"Portal Tela Portugal\" \/>\n<meta property=\"article:published_time\" content=\"2026-04-12T11:38:00+00:00\" \/>\n<meta name=\"author\" content=\"Telinha\" \/>\n<meta name=\"twitter:card\" content=\"summary_large_image\" \/>\n<meta name=\"twitter:label1\" content=\"Escrito por\" \/>\n\t<meta name=\"twitter:data1\" content=\"Telinha\" \/>\n<script type=\"application\/ld+json\" class=\"yoast-schema-graph\">{\"@context\":\"https:\/\/schema.org\",\"@graph\":[{\"@type\":\"Article\",\"@id\":\"https:\/\/portaltela.pt\/noticias\/2026\/04\/12\/observadores-internacionais-registam-forte-afluencia-nas-legislativas-da-hungria\/#article\",\"isPartOf\":{\"@id\":\"https:\/\/portaltela.pt\/noticias\/2026\/04\/12\/observadores-internacionais-registam-forte-afluencia-nas-legislativas-da-hungria\/\"},\"author\":{\"name\":\"Telinha\",\"@id\":\"https:\/\/portaltela.pt\/#\/schema\/person\/c4278d4a6028830caff9ee44b42d32ed\"},\"headline\":\"Observadores internacionais registam forte aflu\u00eancia nas legislativas da Hungria\",\"datePublished\":\"2026-04-12T11:38:00+00:00\",\"mainEntityOfPage\":{\"@id\":\"https:\/\/portaltela.pt\/noticias\/2026\/04\/12\/observadores-internacionais-registam-forte-afluencia-nas-legislativas-da-hungria\/\"},\"wordCount\":92,\"image\":{\"@id\":\"https:\/\/portaltela.pt\/noticias\/2026\/04\/12\/observadores-internacionais-registam-forte-afluencia-nas-legislativas-da-hungria\/#primaryimage\"},\"thumbnailUrl\":\"https:\/\/portaltela.pt\/s.01k8rhncp4jt1\/2026\/04\/CACHE_780X1200_ANALOG_WATERMARKED_46916568_582532919483301.jpg\",\"keywords\":[\"elei\u00e7\u00f5es\",\"elei\u00e7\u00f5es internacionais\",\"Hungria\",\"observa\u00e7\u00e3o internacional\",\"observadores internacionais\",\"participa\u00e7\u00e3o\"],\"articleSection\":[\"Internacionais\",\"Pol\u00edtica\"],\"inLanguage\":\"pt-PT\"},{\"@type\":\"WebPage\",\"@id\":\"https:\/\/portaltela.pt\/noticias\/2026\/04\/12\/observadores-internacionais-registam-forte-afluencia-nas-legislativas-da-hungria\/\",\"url\":\"https:\/\/portaltela.pt\/noticias\/2026\/04\/12\/observadores-internacionais-registam-forte-afluencia-nas-legislativas-da-hungria\/\",\"name\":\"Observadores internacionais registam forte aflu\u00eancia nas legislativas da Hungria - Portal Tela Portugal\",\"isPartOf\":{\"@id\":\"https:\/\/portaltela.pt\/#website\"},\"primaryImageOfPage\":{\"@id\":\"https:\/\/portaltela.pt\/noticias\/2026\/04\/12\/observadores-internacionais-registam-forte-afluencia-nas-legislativas-da-hungria\/#primaryimage\"},\"image\":{\"@id\":\"https:\/\/portaltela.pt\/noticias\/2026\/04\/12\/observadores-internacionais-registam-forte-afluencia-nas-legislativas-da-hungria\/#primaryimage\"},\"thumbnailUrl\":\"https:\/\/portaltela.pt\/s.01k8rhncp4jt1\/2026\/04\/CACHE_780X1200_ANALOG_WATERMARKED_46916568_582532919483301.jpg\",\"datePublished\":\"2026-04-12T11:38:00+00:00\",\"author\":{\"@id\":\"https:\/\/portaltela.pt\/#\/schema\/person\/c4278d4a6028830caff9ee44b42d32ed\"},\"breadcrumb\":{\"@id\":\"https:\/\/portaltela.pt\/noticias\/2026\/04\/12\/observadores-internacionais-registam-forte-afluencia-nas-legislativas-da-hungria\/#breadcrumb\"},\"inLanguage\":\"pt-PT\",\"potentialAction\":[{\"@type\":\"ReadAction\",\"target\":[\"https:\/\/portaltela.pt\/noticias\/2026\/04\/12\/observadores-internacionais-registam-forte-afluencia-nas-legislativas-da-hungria\/\"]}]},{\"@type\":\"ImageObject\",\"inLanguage\":\"pt-PT\",\"@id\":\"https:\/\/portaltela.pt\/noticias\/2026\/04\/12\/observadores-internacionais-registam-forte-afluencia-nas-legislativas-da-hungria\/#primaryimage\",\"url\":\"https:\/\/portaltela.pt\/s.01k8rhncp4jt1\/2026\/04\/CACHE_780X1200_ANALOG_WATERMARKED_46916568_582532919483301.jpg\",\"contentUrl\":\"https:\/\/portaltela.pt\/s.01k8rhncp4jt1\/2026\/04\/CACHE_780X1200_ANALOG_WATERMARKED_46916568_582532919483301.jpg\",\"width\":796,\"height\":448,\"caption\":\"Observadores internacionais registam forte aflu\u00eancia \u00e0s urnas nas legislativas da Hungria\"},{\"@type\":\"BreadcrumbList\",\"@id\":\"https:\/\/portaltela.pt\/noticias\/2026\/04\/12\/observadores-internacionais-registam-forte-afluencia-nas-legislativas-da-hungria\/#breadcrumb\",\"itemListElement\":[{\"@type\":\"ListItem\",\"position\":1,\"name\":\"In\u00edcio\",\"item\":\"https:\/\/portaltela.pt\/\"},{\"@type\":\"ListItem\",\"position\":2,\"name\":\"Observadores internacionais registam forte aflu\u00eancia nas legislativas da Hungria\"}]},{\"@type\":\"WebSite\",\"@id\":\"https:\/\/portaltela.pt\/#website\",\"url\":\"https:\/\/portaltela.pt\/\",\"name\":\"Portal Tela Portugal\",\"description\":\"\",\"potentialAction\":[{\"@type\":\"SearchAction\",\"target\":{\"@type\":\"EntryPoint\",\"urlTemplate\":\"https:\/\/portaltela.pt\/?s={search_term_string}\"},\"query-input\":{\"@type\":\"PropertyValueSpecification\",\"valueRequired\":true,\"valueName\":\"search_term_string\"}}],\"inLanguage\":\"pt-PT\"},{\"@type\":\"Person\",\"@id\":\"https:\/\/portaltela.pt\/#\/schema\/person\/c4278d4a6028830caff9ee44b42d32ed\",\"name\":\"Telinha\",\"image\":{\"@type\":\"ImageObject\",\"inLanguage\":\"pt-PT\",\"@id\":\"https:\/\/portaltela.pt\/s.01k8rhncp4jt1\/2025\/11\/talking-bot-125x125.png\",\"url\":\"https:\/\/portaltela.pt\/s.01k8rhncp4jt1\/2025\/11\/talking-bot-125x125.png\",\"contentUrl\":\"https:\/\/portaltela.pt\/s.01k8rhncp4jt1\/2025\/11\/talking-bot-125x125.png\",\"caption\":\"Telinha\"},\"sameAs\":[\"https:\/\/portaltela.pt\/\"],\"url\":\"https:\/\/portaltela.pt\/por\/367410592786\/\"}]}<\/script>\n<!-- \/ Yoast SEO plugin. -->","yoast_head_json":{"title":"Observadores internacionais registam forte aflu\u00eancia nas legislativas da Hungria - Portal Tela Portugal","robots":{"index":"index","follow":"follow","max-snippet":"max-snippet:-1","max-image-preview":"max-image-preview:large","max-video-preview":"max-video-preview:-1"},"og_locale":"pt_PT","og_type":"article","og_title":"Observadores internacionais registam forte aflu\u00eancia nas legislativas da Hungria - Portal Tela Portugal","og_description":"Observadores internacionais registam forte aflu\u00eancia \u00e0s urnas nas legislativas da Hungria. A participa\u00e7\u00e3o dos eleitores \u00e9 destacada como elevada pelos observadores. As elei\u00e7\u00f5es decorrem no contexto h\u00fangaro, com foco na participa\u00e7\u00e3o c\u00edvica. N\u00e3o foram apresentadas declara\u00e7\u00f5es adicionais no momento sobre resultados ou incidentes.","og_url":"https:\/\/portaltela.pt\/noticias\/2026\/04\/12\/observadores-internacionais-registam-forte-afluencia-nas-legislativas-da-hungria\/","og_site_name":"Portal Tela Portugal","article_published_time":"2026-04-12T11:38:00+00:00","author":"Telinha","twitter_card":"summary_large_image","twitter_misc":{"Escrito por":"Telinha"},"schema":{"@context":"https:\/\/schema.org","@graph":[{"@type":"Article","@id":"https:\/\/portaltela.pt\/noticias\/2026\/04\/12\/observadores-internacionais-registam-forte-afluencia-nas-legislativas-da-hungria\/#article","isPartOf":{"@id":"https:\/\/portaltela.pt\/noticias\/2026\/04\/12\/observadores-internacionais-registam-forte-afluencia-nas-legislativas-da-hungria\/"},"author":{"name":"Telinha","@id":"https:\/\/portaltela.pt\/#\/schema\/person\/c4278d4a6028830caff9ee44b42d32ed"},"headline":"Observadores internacionais registam forte aflu\u00eancia nas legislativas da Hungria","datePublished":"2026-04-12T11:38:00+00:00","mainEntityOfPage":{"@id":"https:\/\/portaltela.pt\/noticias\/2026\/04\/12\/observadores-internacionais-registam-forte-afluencia-nas-legislativas-da-hungria\/"},"wordCount":92,"image":{"@id":"https:\/\/portaltela.pt\/noticias\/2026\/04\/12\/observadores-internacionais-registam-forte-afluencia-nas-legislativas-da-hungria\/#primaryimage"},"thumbnailUrl":"https:\/\/portaltela.pt\/s.01k8rhncp4jt1\/2026\/04\/CACHE_780X1200_ANALOG_WATERMARKED_46916568_582532919483301.jpg","keywords":["elei\u00e7\u00f5es","elei\u00e7\u00f5es internacionais","Hungria","observa\u00e7\u00e3o internacional","observadores internacionais","participa\u00e7\u00e3o"],"articleSection":["Internacionais","Pol\u00edtica"],"inLanguage":"pt-PT"},{"@type":"WebPage","@id":"https:\/\/portaltela.pt\/noticias\/2026\/04\/12\/observadores-internacionais-registam-forte-afluencia-nas-legislativas-da-hungria\/","url":"https:\/\/portaltela.pt\/noticias\/2026\/04\/12\/observadores-internacionais-registam-forte-afluencia-nas-legislativas-da-hungria\/","name":"Observadores internacionais registam forte aflu\u00eancia nas legislativas da Hungria - Portal Tela Portugal","isPartOf":{"@id":"https:\/\/portaltela.pt\/#website"},"primaryImageOfPage":{"@id":"https:\/\/portaltela.pt\/noticias\/2026\/04\/12\/observadores-internacionais-registam-forte-afluencia-nas-legislativas-da-hungria\/#primaryimage"},"image":{"@id":"https:\/\/portaltela.pt\/noticias\/2026\/04\/12\/observadores-internacionais-registam-forte-afluencia-nas-legislativas-da-hungria\/#primaryimage"},"thumbnailUrl":"https:\/\/portaltela.pt\/s.01k8rhncp4jt1\/2026\/04\/CACHE_780X1200_ANALOG_WATERMARKED_46916568_582532919483301.jpg","datePublished":"2026-04-12T11:38:00+00:00","author":{"@id":"https:\/\/portaltela.pt\/#\/schema\/person\/c4278d4a6028830caff9ee44b42d32ed"},"breadcrumb":{"@id":"https:\/\/portaltela.pt\/noticias\/2026\/04\/12\/observadores-internacionais-registam-forte-afluencia-nas-legislativas-da-hungria\/#breadcrumb"},"inLanguage":"pt-PT","potentialAction":[{"@type":"ReadAction","target":["https:\/\/portaltela.pt\/noticias\/2026\/04\/12\/observadores-internacionais-registam-forte-afluencia-nas-legislativas-da-hungria\/"]}]},{"@type":"ImageObject","inLanguage":"pt-PT","@id":"https:\/\/portaltela.pt\/noticias\/2026\/04\/12\/observadores-internacionais-registam-forte-afluencia-nas-legislativas-da-hungria\/#primaryimage","url":"https:\/\/portaltela.pt\/s.01k8rhncp4jt1\/2026\/04\/CACHE_780X1200_ANALOG_WATERMARKED_46916568_582532919483301.jpg","contentUrl":"https:\/\/portaltela.pt\/s.01k8rhncp4jt1\/2026\/04\/CACHE_780X1200_ANALOG_WATERMARKED_46916568_582532919483301.jpg","width":796,"height":448,"caption":"Observadores internacionais registam forte aflu\u00eancia \u00e0s urnas nas legislativas da Hungria"},{"@type":"BreadcrumbList","@id":"https:\/\/portaltela.pt\/noticias\/2026\/04\/12\/observadores-internacionais-registam-forte-afluencia-nas-legislativas-da-hungria\/#breadcrumb","itemListElement":[{"@type":"ListItem","position":1,"name":"In\u00edcio","item":"https:\/\/portaltela.pt\/"},{"@type":"ListItem","position":2,"name":"Observadores internacionais registam forte aflu\u00eancia nas legislativas da Hungria"}]},{"@type":"WebSite","@id":"https:\/\/portaltela.pt\/#website","url":"https:\/\/portaltela.pt\/","name":"Portal Tela Portugal","description":"","potentialAction":[{"@type":"SearchAction","target":{"@type":"EntryPoint","urlTemplate":"https:\/\/portaltela.pt\/?s={search_term_string}"},"query-input":{"@type":"PropertyValueSpecification","valueRequired":true,"valueName":"search_term_string"}}],"inLanguage":"pt-PT"},{"@type":"Person","@id":"https:\/\/portaltela.pt\/#\/schema\/person\/c4278d4a6028830caff9ee44b42d32ed","name":"Telinha","image":{"@type":"ImageObject","inLanguage":"pt-PT","@id":"https:\/\/portaltela.pt\/s.01k8rhncp4jt1\/2025\/11\/talking-bot-125x125.png","url":"https:\/\/portaltela.pt\/s.01k8rhncp4jt1\/2025\/11\/talking-bot-125x125.png","contentUrl":"https:\/\/portaltela.pt\/s.01k8rhncp4jt1\/2025\/11\/talking-bot-125x125.png","caption":"Telinha"},"sameAs":["https:\/\/portaltela.pt\/"],"url":"https:\/\/portaltela.pt\/por\/367410592786\/"}]}},"_links":{"self":[{"href":"https:\/\/portaltela.pt\/api\/wp\/v2\/posts\/441502","targetHints":{"allow":["GET"]}}],"collection":[{"href":"https:\/\/portaltela.pt\/api\/wp\/v2\/posts"}],"about":[{"href":"https:\/\/portaltela.pt\/api\/wp\/v2\/types\/post"}],"author":[{"embeddable":true,"href":"https:\/\/portaltela.pt\/api\/wp\/v2\/users\/2"}],"replies":[{"embeddable":true,"href":"https:\/\/portaltela.pt\/api\/wp\/v2\/comments?post=441502"}],"version-history":[{"count":0,"href":"https:\/\/portaltela.pt\/api\/wp\/v2\/posts\/441502\/revisions"}],"wp:featuredmedia":[{"embeddable":true,"href":"https:\/\/portaltela.pt\/api\/wp\/v2\/media\/441504"}],"wp:attachment":[{"href":"https:\/\/portaltela.pt\/api\/wp\/v2\/media?parent=441502"}],"wp:term":[{"taxonomy":"category","embeddable":true,"href":"https:\/\/portaltela.pt\/api\/wp\/v2\/categories?post=441502"},{"taxonomy":"post_tag","embeddable":true,"href":"https:\/\/portaltela.pt\/api\/wp\/v2\/tags?post=441502"}],"curies":[{"name":"wp","href":"https:\/\/api.w.org\/{rel}","templated":true}]}}