{"id":441485,"date":"2026-04-12T12:32:17","date_gmt":"2026-04-12T15:32:17","guid":{"rendered":"https:\/\/portaltela.pt\/noticias\/2026\/04\/12\/treino-da-selecao-feminina-contou-com-raquel-ferreira\/"},"modified":"2026-04-12T12:32:17","modified_gmt":"2026-04-12T15:32:17","slug":"treino-da-selecao-feminina-contou-com-raquel-ferreira","status":"publish","type":"post","link":"https:\/\/portaltela.pt\/desporto\/futebol\/2026\/04\/12\/treino-da-selecao-feminina-contou-com-raquel-ferreira\/","title":{"rendered":"Treino da Sele\u00e7\u00e3o Feminina contou com Raquel Ferreira"},"content":{"rendered":"<p>Raquel Ferreira, m\u00e9dio do Torreense, integrou pela primeira vez o est\u00e1gio da Sele\u00e7\u00e3o Nacional feminina este domingo, em substitui\u00e7\u00e3o de Andreia Jacinto, lesionada. A jogadora participou no treino na Cidade do Futebol.<\/p>\n<p>A sess\u00e3o foi a \u00faltima em territ\u00f3rio nacional antes das duas jornadas da Liga das Na\u00e7\u00f5es, diante de Let\u00f3nia, a 14 de abril, e Eslov\u00e1quia, a 18 de abril. Todas as convocadas estiveram sem limita\u00e7\u00f5es.<\/p>\n<p>O treino contou com a presen\u00e7a de Louren\u00e7o Coelho, diretor das sele\u00e7\u00f5es, que acompanhou a sess\u00e3o a partir do banco de suplentes. Ele dever\u00e1 estar presente no encontro na Let\u00f3nia.<\/p>\n<p>A equipa portuguesa parte para Riga na noite de domingo, com chegada prevista \u00e0s 23h40 locais. A viagem tem como objetivo preparar as partidas fora de portas da fase de grupos.<\/p>\n","protected":false},"excerpt":{"rendered":"<ul>\n<li>Raquel Ferreira integrou pela primeira vez o treino da Sele\u00e7\u00e3o Nacional feminina, no domingo, na Cidade do Futebol.<\/li>\n<li>A jogadora ficou como \u00faltima inclus\u00e3o do est\u00e1gio devido \u00e0 les\u00e3o de Andreia Jacinto.<\/li>\n<li>A sess\u00e3o, sem limita\u00e7\u00f5es, foi a \u00faltima em Portugal antes das jornadas fora para Let\u00f4nia, a 14 de abril, e Eslov\u00e1quia, a 18 de abril, para a Liga das Na\u00e7\u00f5es.<\/li>\n<li>Todas as convocadas treinaram em pleno, com a presen\u00e7a de Louren\u00e7o Coelho, que acompanhou a sess\u00e3o a partir do banco.<\/li>\n<li>A equipa segue viagem para Riga, com chegada marcada para as 23h40 locais de domingo.<\/li>\n<\/ul>\n","protected":false},"author":2,"featured_media":441488,"comment_status":"closed","ping_status":"closed","sticky":false,"template":"","format":"standard","meta":{"footnotes":""},"categories":[21,24],"tags":[152,5689,32,3338,2166,2057],"class_list":["post-441485","post","type-post","status-publish","format-standard","has-post-thumbnail","hentry","category-desporto","category-futebol","tag-desporto","tag-eslovaquia","tag-futebol","tag-futebol-internacional","tag-letonia","tag-selecao-nacional"],"yoast_head":"<!-- This site is optimized with the Yoast SEO plugin v27.2 - https:\/\/yoast.com\/product\/yoast-seo-wordpress\/ -->\n<title>Treino da Sele\u00e7\u00e3o Feminina contou com Raquel Ferreira - Portal Tela Portugal<\/title>\n<meta name=\"robots\" content=\"index, follow, max-snippet:-1, max-image-preview:large, max-video-preview:-1\" \/>\n<meta property=\"og:locale\" content=\"pt_PT\" \/>\n<meta property=\"og:type\" content=\"article\" \/>\n<meta property=\"og:title\" content=\"Treino da Sele\u00e7\u00e3o Feminina contou com Raquel Ferreira - Portal Tela Portugal\" \/>\n<meta property=\"og:description\" content=\"Raquel Ferreira integrou pela primeira vez o treino da Sele\u00e7\u00e3o Nacional feminina, no domingo, na Cidade do Futebol. A jogadora ficou como \u00faltima inclus\u00e3o do est\u00e1gio devido \u00e0 les\u00e3o de Andreia Jacinto. A sess\u00e3o, sem limita\u00e7\u00f5es, foi a \u00faltima em Portugal antes das jornadas fora para Let\u00f4nia, a 14 de abril, e Eslov\u00e1quia, a 18 de abril, para a Liga das Na\u00e7\u00f5es. Todas as convocadas treinaram em pleno, com a presen\u00e7a de Louren\u00e7o Coelho, que acompanhou a sess\u00e3o a partir do banco. A equipa segue viagem para Riga, com chegada marcada para as 23h40 locais de domingo.\" \/>\n<meta property=\"og:url\" content=\"https:\/\/portaltela.pt\/noticias\/2026\/04\/12\/treino-da-selecao-feminina-contou-com-raquel-ferreira\/\" \/>\n<meta property=\"og:site_name\" content=\"Portal Tela Portugal\" \/>\n<meta property=\"article:published_time\" content=\"2026-04-12T15:32:17+00:00\" \/>\n<meta name=\"author\" content=\"Telinha\" \/>\n<meta name=\"twitter:card\" content=\"summary_large_image\" \/>\n<meta name=\"twitter:label1\" content=\"Escrito por\" \/>\n\t<meta name=\"twitter:data1\" content=\"Telinha\" \/>\n\t<meta name=\"twitter:label2\" content=\"Tempo estimado de leitura\" \/>\n\t<meta name=\"twitter:data2\" content=\"1 minuto\" \/>\n<script type=\"application\/ld+json\" class=\"yoast-schema-graph\">{\"@context\":\"https:\/\/schema.org\",\"@graph\":[{\"@type\":\"Article\",\"@id\":\"https:\/\/portaltela.pt\/noticias\/2026\/04\/12\/treino-da-selecao-feminina-contou-com-raquel-ferreira\/#article\",\"isPartOf\":{\"@id\":\"https:\/\/portaltela.pt\/noticias\/2026\/04\/12\/treino-da-selecao-feminina-contou-com-raquel-ferreira\/\"},\"author\":{\"name\":\"Telinha\",\"@id\":\"https:\/\/portaltela.pt\/#\/schema\/person\/c4278d4a6028830caff9ee44b42d32ed\"},\"headline\":\"Treino da Sele\u00e7\u00e3o Feminina contou com Raquel Ferreira\",\"datePublished\":\"2026-04-12T15:32:17+00:00\",\"mainEntityOfPage\":{\"@id\":\"https:\/\/portaltela.pt\/noticias\/2026\/04\/12\/treino-da-selecao-feminina-contou-com-raquel-ferreira\/\"},\"wordCount\":150,\"image\":{\"@id\":\"https:\/\/portaltela.pt\/noticias\/2026\/04\/12\/treino-da-selecao-feminina-contou-com-raquel-ferreira\/#primaryimage\"},\"thumbnailUrl\":\"https:\/\/portaltela.pt\/s.01k8rhncp4jt1\/2026\/04\/img_920x518uu2026-04-11-17-25-17-2432394.jpg\",\"keywords\":[\"desporto\",\"Eslov\u00e1quia\",\"futebol\",\"futebol internacional\",\"Let\u00f3nia\",\"Sele\u00e7\u00e3o Nacional\"],\"articleSection\":[\"Desporto\",\"Futebol\"],\"inLanguage\":\"pt-PT\"},{\"@type\":\"WebPage\",\"@id\":\"https:\/\/portaltela.pt\/noticias\/2026\/04\/12\/treino-da-selecao-feminina-contou-com-raquel-ferreira\/\",\"url\":\"https:\/\/portaltela.pt\/noticias\/2026\/04\/12\/treino-da-selecao-feminina-contou-com-raquel-ferreira\/\",\"name\":\"Treino da Sele\u00e7\u00e3o Feminina contou com Raquel Ferreira - Portal Tela Portugal\",\"isPartOf\":{\"@id\":\"https:\/\/portaltela.pt\/#website\"},\"primaryImageOfPage\":{\"@id\":\"https:\/\/portaltela.pt\/noticias\/2026\/04\/12\/treino-da-selecao-feminina-contou-com-raquel-ferreira\/#primaryimage\"},\"image\":{\"@id\":\"https:\/\/portaltela.pt\/noticias\/2026\/04\/12\/treino-da-selecao-feminina-contou-com-raquel-ferreira\/#primaryimage\"},\"thumbnailUrl\":\"https:\/\/portaltela.pt\/s.01k8rhncp4jt1\/2026\/04\/img_920x518uu2026-04-11-17-25-17-2432394.jpg\",\"datePublished\":\"2026-04-12T15:32:17+00:00\",\"author\":{\"@id\":\"https:\/\/portaltela.pt\/#\/schema\/person\/c4278d4a6028830caff9ee44b42d32ed\"},\"breadcrumb\":{\"@id\":\"https:\/\/portaltela.pt\/noticias\/2026\/04\/12\/treino-da-selecao-feminina-contou-com-raquel-ferreira\/#breadcrumb\"},\"inLanguage\":\"pt-PT\",\"potentialAction\":[{\"@type\":\"ReadAction\",\"target\":[\"https:\/\/portaltela.pt\/noticias\/2026\/04\/12\/treino-da-selecao-feminina-contou-com-raquel-ferreira\/\"]}]},{\"@type\":\"ImageObject\",\"inLanguage\":\"pt-PT\",\"@id\":\"https:\/\/portaltela.pt\/noticias\/2026\/04\/12\/treino-da-selecao-feminina-contou-com-raquel-ferreira\/#primaryimage\",\"url\":\"https:\/\/portaltela.pt\/s.01k8rhncp4jt1\/2026\/04\/img_920x518uu2026-04-11-17-25-17-2432394.jpg\",\"contentUrl\":\"https:\/\/portaltela.pt\/s.01k8rhncp4jt1\/2026\/04\/img_920x518uu2026-04-11-17-25-17-2432394.jpg\",\"width\":796,\"height\":448,\"caption\":\"Raquel Ferreira durante o treino da Sele\u00e7\u00e3o Nacional feminina\"},{\"@type\":\"BreadcrumbList\",\"@id\":\"https:\/\/portaltela.pt\/noticias\/2026\/04\/12\/treino-da-selecao-feminina-contou-com-raquel-ferreira\/#breadcrumb\",\"itemListElement\":[{\"@type\":\"ListItem\",\"position\":1,\"name\":\"In\u00edcio\",\"item\":\"https:\/\/portaltela.pt\/\"},{\"@type\":\"ListItem\",\"position\":2,\"name\":\"Treino da Sele\u00e7\u00e3o Feminina contou com Raquel Ferreira\"}]},{\"@type\":\"WebSite\",\"@id\":\"https:\/\/portaltela.pt\/#website\",\"url\":\"https:\/\/portaltela.pt\/\",\"name\":\"Portal Tela Portugal\",\"description\":\"\",\"potentialAction\":[{\"@type\":\"SearchAction\",\"target\":{\"@type\":\"EntryPoint\",\"urlTemplate\":\"https:\/\/portaltela.pt\/?s={search_term_string}\"},\"query-input\":{\"@type\":\"PropertyValueSpecification\",\"valueRequired\":true,\"valueName\":\"search_term_string\"}}],\"inLanguage\":\"pt-PT\"},{\"@type\":\"Person\",\"@id\":\"https:\/\/portaltela.pt\/#\/schema\/person\/c4278d4a6028830caff9ee44b42d32ed\",\"name\":\"Telinha\",\"image\":{\"@type\":\"ImageObject\",\"inLanguage\":\"pt-PT\",\"@id\":\"https:\/\/portaltela.pt\/s.01k8rhncp4jt1\/2025\/11\/talking-bot-125x125.png\",\"url\":\"https:\/\/portaltela.pt\/s.01k8rhncp4jt1\/2025\/11\/talking-bot-125x125.png\",\"contentUrl\":\"https:\/\/portaltela.pt\/s.01k8rhncp4jt1\/2025\/11\/talking-bot-125x125.png\",\"caption\":\"Telinha\"},\"sameAs\":[\"https:\/\/portaltela.pt\/\"],\"url\":\"https:\/\/portaltela.pt\/por\/367410592786\/\"}]}<\/script>\n<!-- \/ Yoast SEO plugin. -->","yoast_head_json":{"title":"Treino da Sele\u00e7\u00e3o Feminina contou com Raquel Ferreira - Portal Tela Portugal","robots":{"index":"index","follow":"follow","max-snippet":"max-snippet:-1","max-image-preview":"max-image-preview:large","max-video-preview":"max-video-preview:-1"},"og_locale":"pt_PT","og_type":"article","og_title":"Treino da Sele\u00e7\u00e3o Feminina contou com Raquel Ferreira - Portal Tela Portugal","og_description":"Raquel Ferreira integrou pela primeira vez o treino da Sele\u00e7\u00e3o Nacional feminina, no domingo, na Cidade do Futebol. A jogadora ficou como \u00faltima inclus\u00e3o do est\u00e1gio devido \u00e0 les\u00e3o de Andreia Jacinto. A sess\u00e3o, sem limita\u00e7\u00f5es, foi a \u00faltima em Portugal antes das jornadas fora para Let\u00f4nia, a 14 de abril, e Eslov\u00e1quia, a 18 de abril, para a Liga das Na\u00e7\u00f5es. Todas as convocadas treinaram em pleno, com a presen\u00e7a de Louren\u00e7o Coelho, que acompanhou a sess\u00e3o a partir do banco. A equipa segue viagem para Riga, com chegada marcada para as 23h40 locais de domingo.","og_url":"https:\/\/portaltela.pt\/noticias\/2026\/04\/12\/treino-da-selecao-feminina-contou-com-raquel-ferreira\/","og_site_name":"Portal Tela Portugal","article_published_time":"2026-04-12T15:32:17+00:00","author":"Telinha","twitter_card":"summary_large_image","twitter_misc":{"Escrito por":"Telinha","Tempo estimado de leitura":"1 minuto"},"schema":{"@context":"https:\/\/schema.org","@graph":[{"@type":"Article","@id":"https:\/\/portaltela.pt\/noticias\/2026\/04\/12\/treino-da-selecao-feminina-contou-com-raquel-ferreira\/#article","isPartOf":{"@id":"https:\/\/portaltela.pt\/noticias\/2026\/04\/12\/treino-da-selecao-feminina-contou-com-raquel-ferreira\/"},"author":{"name":"Telinha","@id":"https:\/\/portaltela.pt\/#\/schema\/person\/c4278d4a6028830caff9ee44b42d32ed"},"headline":"Treino da Sele\u00e7\u00e3o Feminina contou com Raquel Ferreira","datePublished":"2026-04-12T15:32:17+00:00","mainEntityOfPage":{"@id":"https:\/\/portaltela.pt\/noticias\/2026\/04\/12\/treino-da-selecao-feminina-contou-com-raquel-ferreira\/"},"wordCount":150,"image":{"@id":"https:\/\/portaltela.pt\/noticias\/2026\/04\/12\/treino-da-selecao-feminina-contou-com-raquel-ferreira\/#primaryimage"},"thumbnailUrl":"https:\/\/portaltela.pt\/s.01k8rhncp4jt1\/2026\/04\/img_920x518uu2026-04-11-17-25-17-2432394.jpg","keywords":["desporto","Eslov\u00e1quia","futebol","futebol internacional","Let\u00f3nia","Sele\u00e7\u00e3o Nacional"],"articleSection":["Desporto","Futebol"],"inLanguage":"pt-PT"},{"@type":"WebPage","@id":"https:\/\/portaltela.pt\/noticias\/2026\/04\/12\/treino-da-selecao-feminina-contou-com-raquel-ferreira\/","url":"https:\/\/portaltela.pt\/noticias\/2026\/04\/12\/treino-da-selecao-feminina-contou-com-raquel-ferreira\/","name":"Treino da Sele\u00e7\u00e3o Feminina contou com Raquel Ferreira - Portal Tela Portugal","isPartOf":{"@id":"https:\/\/portaltela.pt\/#website"},"primaryImageOfPage":{"@id":"https:\/\/portaltela.pt\/noticias\/2026\/04\/12\/treino-da-selecao-feminina-contou-com-raquel-ferreira\/#primaryimage"},"image":{"@id":"https:\/\/portaltela.pt\/noticias\/2026\/04\/12\/treino-da-selecao-feminina-contou-com-raquel-ferreira\/#primaryimage"},"thumbnailUrl":"https:\/\/portaltela.pt\/s.01k8rhncp4jt1\/2026\/04\/img_920x518uu2026-04-11-17-25-17-2432394.jpg","datePublished":"2026-04-12T15:32:17+00:00","author":{"@id":"https:\/\/portaltela.pt\/#\/schema\/person\/c4278d4a6028830caff9ee44b42d32ed"},"breadcrumb":{"@id":"https:\/\/portaltela.pt\/noticias\/2026\/04\/12\/treino-da-selecao-feminina-contou-com-raquel-ferreira\/#breadcrumb"},"inLanguage":"pt-PT","potentialAction":[{"@type":"ReadAction","target":["https:\/\/portaltela.pt\/noticias\/2026\/04\/12\/treino-da-selecao-feminina-contou-com-raquel-ferreira\/"]}]},{"@type":"ImageObject","inLanguage":"pt-PT","@id":"https:\/\/portaltela.pt\/noticias\/2026\/04\/12\/treino-da-selecao-feminina-contou-com-raquel-ferreira\/#primaryimage","url":"https:\/\/portaltela.pt\/s.01k8rhncp4jt1\/2026\/04\/img_920x518uu2026-04-11-17-25-17-2432394.jpg","contentUrl":"https:\/\/portaltela.pt\/s.01k8rhncp4jt1\/2026\/04\/img_920x518uu2026-04-11-17-25-17-2432394.jpg","width":796,"height":448,"caption":"Raquel Ferreira durante o treino da Sele\u00e7\u00e3o Nacional feminina"},{"@type":"BreadcrumbList","@id":"https:\/\/portaltela.pt\/noticias\/2026\/04\/12\/treino-da-selecao-feminina-contou-com-raquel-ferreira\/#breadcrumb","itemListElement":[{"@type":"ListItem","position":1,"name":"In\u00edcio","item":"https:\/\/portaltela.pt\/"},{"@type":"ListItem","position":2,"name":"Treino da Sele\u00e7\u00e3o Feminina contou com Raquel Ferreira"}]},{"@type":"WebSite","@id":"https:\/\/portaltela.pt\/#website","url":"https:\/\/portaltela.pt\/","name":"Portal Tela Portugal","description":"","potentialAction":[{"@type":"SearchAction","target":{"@type":"EntryPoint","urlTemplate":"https:\/\/portaltela.pt\/?s={search_term_string}"},"query-input":{"@type":"PropertyValueSpecification","valueRequired":true,"valueName":"search_term_string"}}],"inLanguage":"pt-PT"},{"@type":"Person","@id":"https:\/\/portaltela.pt\/#\/schema\/person\/c4278d4a6028830caff9ee44b42d32ed","name":"Telinha","image":{"@type":"ImageObject","inLanguage":"pt-PT","@id":"https:\/\/portaltela.pt\/s.01k8rhncp4jt1\/2025\/11\/talking-bot-125x125.png","url":"https:\/\/portaltela.pt\/s.01k8rhncp4jt1\/2025\/11\/talking-bot-125x125.png","contentUrl":"https:\/\/portaltela.pt\/s.01k8rhncp4jt1\/2025\/11\/talking-bot-125x125.png","caption":"Telinha"},"sameAs":["https:\/\/portaltela.pt\/"],"url":"https:\/\/portaltela.pt\/por\/367410592786\/"}]}},"_links":{"self":[{"href":"https:\/\/portaltela.pt\/api\/wp\/v2\/posts\/441485","targetHints":{"allow":["GET"]}}],"collection":[{"href":"https:\/\/portaltela.pt\/api\/wp\/v2\/posts"}],"about":[{"href":"https:\/\/portaltela.pt\/api\/wp\/v2\/types\/post"}],"author":[{"embeddable":true,"href":"https:\/\/portaltela.pt\/api\/wp\/v2\/users\/2"}],"replies":[{"embeddable":true,"href":"https:\/\/portaltela.pt\/api\/wp\/v2\/comments?post=441485"}],"version-history":[{"count":0,"href":"https:\/\/portaltela.pt\/api\/wp\/v2\/posts\/441485\/revisions"}],"wp:featuredmedia":[{"embeddable":true,"href":"https:\/\/portaltela.pt\/api\/wp\/v2\/media\/441488"}],"wp:attachment":[{"href":"https:\/\/portaltela.pt\/api\/wp\/v2\/media?parent=441485"}],"wp:term":[{"taxonomy":"category","embeddable":true,"href":"https:\/\/portaltela.pt\/api\/wp\/v2\/categories?post=441485"},{"taxonomy":"post_tag","embeddable":true,"href":"https:\/\/portaltela.pt\/api\/wp\/v2\/tags?post=441485"}],"curies":[{"name":"wp","href":"https:\/\/api.w.org\/{rel}","templated":true}]}}