{"id":441476,"date":"2026-04-11T21:00:00","date_gmt":"2026-04-12T00:00:00","guid":{"rendered":"https:\/\/portaltela.pt\/noticias\/2026\/04\/11\/cessar-fogo-acordado-entre-as-partes-em-conflito-com-monitorizacao-internacional\/"},"modified":"2026-04-11T21:00:00","modified_gmt":"2026-04-12T00:00:00","slug":"cessar-fogo-acordado-entre-as-partes-em-conflito-com-monitorizacao-internacional","status":"publish","type":"post","link":"https:\/\/portaltela.pt\/noticias\/internacional\/2026\/04\/11\/cessar-fogo-acordado-entre-as-partes-em-conflito-com-monitorizacao-internacional\/","title":{"rendered":"Cessar-fogo acordado entre as partes em conflito com monitoriza\u00e7\u00e3o internacional"},"content":{"rendered":"<p>A R\u00fassia e a Ucr\u00e2nia acusaram-se mutuamente de violar o cessar-fogo estabelecido para a P\u00e1scoa. As informa\u00e7\u00f5es chegam num momento de tens\u00f5es renovadas na regi\u00e3o do conflito, com ambas as partes a sustentar as suas acusa\u00e7\u00f5es.<\/p>\n<p>O cessar-fogo, acordado para o per\u00edodo pascal, \u00e9 visto por cada lado como essencial para evitar novas hostilidades durante as celebra\u00e7\u00f5es. Fontes oficiais indicam incidentes em zonas com controlo disputed, sem esclarecer a gravidade exacta.<\/p>\n<p>Pelo lado ucraniano, h\u00e1 relatos de movimenta\u00e7\u00e3o russa perto das linhas de frente; j\u00e1 a R\u00fassia aponta para a\u00e7\u00f5es de combate lideradas por for\u00e7as ucranianas em \u00e1reas vizinhas. As declara\u00e7\u00f5es chegam num contexto de tentativas internacionais de monitorizar o cessar-fogo.<\/p>\n<p>Na regi\u00e3o de Pyrohiv, junto a Kiev, o dia 12 de abril de 2026 foi marcado pela b\u00ean\u00e7\u00e3o de fi\u00e9is ortodoxos e de cestos de P\u00e1scoa, segundo testemunhos locais. As cerim\u00f3nias destacam a dimens\u00e3o religiosa associada ao per\u00edodo.<\/p>\n<p>Perante o impasse, n\u00e3o h\u00e1 confirma\u00e7\u00e3o independente sobre viola\u00e7\u00f5es espec\u00edficas. Observadores internacionais pedem prud\u00eancia e continuidade de mecanismos de monitoriza\u00e7\u00e3o para evitar escaramu\u00e7as que comprometam o cessar-fogo.<\/p>\n","protected":false},"excerpt":{"rendered":"<ul>\n<li>A R\u00fassia e a Ucr\u00e2nia acusam-se mutuamente de violar o cessar-fogo da P\u00e1scoa.<\/li>\n<li>O cessar-fogo foi criado para reduzir confrontos durante a celebra\u00e7\u00e3o ortodoxa.<\/li>\n<li>Sacerdotes aben\u00e7oam fi\u00e9is e cestos de P\u00e1scoa em Pyrohiv, perto de Kiev, no domingo, 12 de abril de 2026.<\/li>\n<li>Ambos os lados justificam as acusa\u00e7\u00f5es sem confirma\u00e7\u00e3o independente de viola\u00e7\u00f5es no momento.<\/li>\n<\/ul>\n","protected":false},"author":2,"featured_media":441480,"comment_status":"closed","ping_status":"closed","sticky":false,"template":"","format":"standard","meta":{"footnotes":""},"categories":[6804,4],"tags":[7899,2198,5259,2832,3110,2134],"class_list":["post-441476","post","type-post","status-publish","format-standard","has-post-thumbnail","hentry","category-guerra","category-internacional","tag-_seguranca-internacional","tag-conflitos-internacionais","tag-observadores-internacionais","tag-politica","tag-russia","tag-ucrania"],"yoast_head":"<!-- This site is optimized with the Yoast SEO plugin v27.2 - https:\/\/yoast.com\/product\/yoast-seo-wordpress\/ -->\n<title>Cessar-fogo acordado entre as partes em conflito com monitoriza\u00e7\u00e3o internacional - Portal Tela Portugal<\/title>\n<meta name=\"robots\" content=\"index, follow, max-snippet:-1, max-image-preview:large, max-video-preview:-1\" \/>\n<meta property=\"og:locale\" content=\"pt_PT\" \/>\n<meta property=\"og:type\" content=\"article\" \/>\n<meta property=\"og:title\" content=\"Cessar-fogo acordado entre as partes em conflito com monitoriza\u00e7\u00e3o internacional - Portal Tela Portugal\" \/>\n<meta property=\"og:description\" content=\"A R\u00fassia e a Ucr\u00e2nia acusam-se mutuamente de violar o cessar-fogo da P\u00e1scoa. O cessar-fogo foi criado para reduzir confrontos durante a celebra\u00e7\u00e3o ortodoxa. Sacerdotes aben\u00e7oam fi\u00e9is e cestos de P\u00e1scoa em Pyrohiv, perto de Kiev, no domingo, 12 de abril de 2026. Ambos os lados justificam as acusa\u00e7\u00f5es sem confirma\u00e7\u00e3o independente de viola\u00e7\u00f5es no momento.\" \/>\n<meta property=\"og:url\" content=\"https:\/\/portaltela.pt\/noticias\/2026\/04\/11\/cessar-fogo-acordado-entre-as-partes-em-conflito-com-monitorizacao-internacional\/\" \/>\n<meta property=\"og:site_name\" content=\"Portal Tela Portugal\" \/>\n<meta property=\"article:published_time\" content=\"2026-04-12T00:00:00+00:00\" \/>\n<meta name=\"author\" content=\"Telinha\" \/>\n<meta name=\"twitter:card\" content=\"summary_large_image\" \/>\n<meta name=\"twitter:label1\" content=\"Escrito por\" \/>\n\t<meta name=\"twitter:data1\" content=\"Telinha\" \/>\n\t<meta name=\"twitter:label2\" content=\"Tempo estimado de leitura\" \/>\n\t<meta name=\"twitter:data2\" content=\"1 minuto\" \/>\n<script type=\"application\/ld+json\" class=\"yoast-schema-graph\">{\"@context\":\"https:\/\/schema.org\",\"@graph\":[{\"@type\":\"Article\",\"@id\":\"https:\/\/portaltela.pt\/noticias\/2026\/04\/11\/cessar-fogo-acordado-entre-as-partes-em-conflito-com-monitorizacao-internacional\/#article\",\"isPartOf\":{\"@id\":\"https:\/\/portaltela.pt\/noticias\/2026\/04\/11\/cessar-fogo-acordado-entre-as-partes-em-conflito-com-monitorizacao-internacional\/\"},\"author\":{\"name\":\"Telinha\",\"@id\":\"https:\/\/portaltela.pt\/#\/schema\/person\/c4278d4a6028830caff9ee44b42d32ed\"},\"headline\":\"Cessar-fogo acordado entre as partes em conflito com monitoriza\u00e7\u00e3o internacional\",\"datePublished\":\"2026-04-12T00:00:00+00:00\",\"mainEntityOfPage\":{\"@id\":\"https:\/\/portaltela.pt\/noticias\/2026\/04\/11\/cessar-fogo-acordado-entre-as-partes-em-conflito-com-monitorizacao-internacional\/\"},\"wordCount\":213,\"image\":{\"@id\":\"https:\/\/portaltela.pt\/noticias\/2026\/04\/11\/cessar-fogo-acordado-entre-as-partes-em-conflito-com-monitorizacao-internacional\/#primaryimage\"},\"thumbnailUrl\":\"https:\/\/portaltela.pt\/s.01k8rhncp4jt1\/2026\/04\/320x180_cmsv2_f8ff3cc0-1b14-5413-a623-4dca76660dca-9718825.jpg\",\"keywords\":[\"_seguran\u00e7a internacional\",\"conflitos internacionais\",\"observadores internacionais\",\"pol\u00edtica\",\"R\u00fassia\",\"Ucr\u00e2nia\"],\"articleSection\":[\"Guerra\",\"Internacional\"],\"inLanguage\":\"pt-PT\"},{\"@type\":\"WebPage\",\"@id\":\"https:\/\/portaltela.pt\/noticias\/2026\/04\/11\/cessar-fogo-acordado-entre-as-partes-em-conflito-com-monitorizacao-internacional\/\",\"url\":\"https:\/\/portaltela.pt\/noticias\/2026\/04\/11\/cessar-fogo-acordado-entre-as-partes-em-conflito-com-monitorizacao-internacional\/\",\"name\":\"Cessar-fogo acordado entre as partes em conflito com monitoriza\u00e7\u00e3o internacional - Portal Tela Portugal\",\"isPartOf\":{\"@id\":\"https:\/\/portaltela.pt\/#website\"},\"primaryImageOfPage\":{\"@id\":\"https:\/\/portaltela.pt\/noticias\/2026\/04\/11\/cessar-fogo-acordado-entre-as-partes-em-conflito-com-monitorizacao-internacional\/#primaryimage\"},\"image\":{\"@id\":\"https:\/\/portaltela.pt\/noticias\/2026\/04\/11\/cessar-fogo-acordado-entre-as-partes-em-conflito-com-monitorizacao-internacional\/#primaryimage\"},\"thumbnailUrl\":\"https:\/\/portaltela.pt\/s.01k8rhncp4jt1\/2026\/04\/320x180_cmsv2_f8ff3cc0-1b14-5413-a623-4dca76660dca-9718825.jpg\",\"datePublished\":\"2026-04-12T00:00:00+00:00\",\"author\":{\"@id\":\"https:\/\/portaltela.pt\/#\/schema\/person\/c4278d4a6028830caff9ee44b42d32ed\"},\"breadcrumb\":{\"@id\":\"https:\/\/portaltela.pt\/noticias\/2026\/04\/11\/cessar-fogo-acordado-entre-as-partes-em-conflito-com-monitorizacao-internacional\/#breadcrumb\"},\"inLanguage\":\"pt-PT\",\"potentialAction\":[{\"@type\":\"ReadAction\",\"target\":[\"https:\/\/portaltela.pt\/noticias\/2026\/04\/11\/cessar-fogo-acordado-entre-as-partes-em-conflito-com-monitorizacao-internacional\/\"]}]},{\"@type\":\"ImageObject\",\"inLanguage\":\"pt-PT\",\"@id\":\"https:\/\/portaltela.pt\/noticias\/2026\/04\/11\/cessar-fogo-acordado-entre-as-partes-em-conflito-com-monitorizacao-internacional\/#primaryimage\",\"url\":\"https:\/\/portaltela.pt\/s.01k8rhncp4jt1\/2026\/04\/320x180_cmsv2_f8ff3cc0-1b14-5413-a623-4dca76660dca-9718825.jpg\",\"contentUrl\":\"https:\/\/portaltela.pt\/s.01k8rhncp4jt1\/2026\/04\/320x180_cmsv2_f8ff3cc0-1b14-5413-a623-4dca76660dca-9718825.jpg\",\"width\":796,\"height\":448,\"caption\":\"Sacerdotes aben\u00e7oam os fi\u00e9is e os seus cestos de P\u00e1scoa para assinalar a P\u00e1scoa ortodoxa, em Pyrohiv, perto de Kiev, Ucr\u00e2nia, domingo, 12 de abril de 2026.\"},{\"@type\":\"BreadcrumbList\",\"@id\":\"https:\/\/portaltela.pt\/noticias\/2026\/04\/11\/cessar-fogo-acordado-entre-as-partes-em-conflito-com-monitorizacao-internacional\/#breadcrumb\",\"itemListElement\":[{\"@type\":\"ListItem\",\"position\":1,\"name\":\"In\u00edcio\",\"item\":\"https:\/\/portaltela.pt\/\"},{\"@type\":\"ListItem\",\"position\":2,\"name\":\"Cessar-fogo acordado entre as partes em conflito com monitoriza\u00e7\u00e3o internacional\"}]},{\"@type\":\"WebSite\",\"@id\":\"https:\/\/portaltela.pt\/#website\",\"url\":\"https:\/\/portaltela.pt\/\",\"name\":\"Portal Tela Portugal\",\"description\":\"\",\"potentialAction\":[{\"@type\":\"SearchAction\",\"target\":{\"@type\":\"EntryPoint\",\"urlTemplate\":\"https:\/\/portaltela.pt\/?s={search_term_string}\"},\"query-input\":{\"@type\":\"PropertyValueSpecification\",\"valueRequired\":true,\"valueName\":\"search_term_string\"}}],\"inLanguage\":\"pt-PT\"},{\"@type\":\"Person\",\"@id\":\"https:\/\/portaltela.pt\/#\/schema\/person\/c4278d4a6028830caff9ee44b42d32ed\",\"name\":\"Telinha\",\"image\":{\"@type\":\"ImageObject\",\"inLanguage\":\"pt-PT\",\"@id\":\"https:\/\/portaltela.pt\/s.01k8rhncp4jt1\/2025\/11\/talking-bot-125x125.png\",\"url\":\"https:\/\/portaltela.pt\/s.01k8rhncp4jt1\/2025\/11\/talking-bot-125x125.png\",\"contentUrl\":\"https:\/\/portaltela.pt\/s.01k8rhncp4jt1\/2025\/11\/talking-bot-125x125.png\",\"caption\":\"Telinha\"},\"sameAs\":[\"https:\/\/portaltela.pt\/\"],\"url\":\"https:\/\/portaltela.pt\/por\/367410592786\/\"}]}<\/script>\n<!-- \/ Yoast SEO plugin. -->","yoast_head_json":{"title":"Cessar-fogo acordado entre as partes em conflito com monitoriza\u00e7\u00e3o internacional - Portal Tela Portugal","robots":{"index":"index","follow":"follow","max-snippet":"max-snippet:-1","max-image-preview":"max-image-preview:large","max-video-preview":"max-video-preview:-1"},"og_locale":"pt_PT","og_type":"article","og_title":"Cessar-fogo acordado entre as partes em conflito com monitoriza\u00e7\u00e3o internacional - Portal Tela Portugal","og_description":"A R\u00fassia e a Ucr\u00e2nia acusam-se mutuamente de violar o cessar-fogo da P\u00e1scoa. O cessar-fogo foi criado para reduzir confrontos durante a celebra\u00e7\u00e3o ortodoxa. Sacerdotes aben\u00e7oam fi\u00e9is e cestos de P\u00e1scoa em Pyrohiv, perto de Kiev, no domingo, 12 de abril de 2026. Ambos os lados justificam as acusa\u00e7\u00f5es sem confirma\u00e7\u00e3o independente de viola\u00e7\u00f5es no momento.","og_url":"https:\/\/portaltela.pt\/noticias\/2026\/04\/11\/cessar-fogo-acordado-entre-as-partes-em-conflito-com-monitorizacao-internacional\/","og_site_name":"Portal Tela Portugal","article_published_time":"2026-04-12T00:00:00+00:00","author":"Telinha","twitter_card":"summary_large_image","twitter_misc":{"Escrito por":"Telinha","Tempo estimado de leitura":"1 minuto"},"schema":{"@context":"https:\/\/schema.org","@graph":[{"@type":"Article","@id":"https:\/\/portaltela.pt\/noticias\/2026\/04\/11\/cessar-fogo-acordado-entre-as-partes-em-conflito-com-monitorizacao-internacional\/#article","isPartOf":{"@id":"https:\/\/portaltela.pt\/noticias\/2026\/04\/11\/cessar-fogo-acordado-entre-as-partes-em-conflito-com-monitorizacao-internacional\/"},"author":{"name":"Telinha","@id":"https:\/\/portaltela.pt\/#\/schema\/person\/c4278d4a6028830caff9ee44b42d32ed"},"headline":"Cessar-fogo acordado entre as partes em conflito com monitoriza\u00e7\u00e3o internacional","datePublished":"2026-04-12T00:00:00+00:00","mainEntityOfPage":{"@id":"https:\/\/portaltela.pt\/noticias\/2026\/04\/11\/cessar-fogo-acordado-entre-as-partes-em-conflito-com-monitorizacao-internacional\/"},"wordCount":213,"image":{"@id":"https:\/\/portaltela.pt\/noticias\/2026\/04\/11\/cessar-fogo-acordado-entre-as-partes-em-conflito-com-monitorizacao-internacional\/#primaryimage"},"thumbnailUrl":"https:\/\/portaltela.pt\/s.01k8rhncp4jt1\/2026\/04\/320x180_cmsv2_f8ff3cc0-1b14-5413-a623-4dca76660dca-9718825.jpg","keywords":["_seguran\u00e7a internacional","conflitos internacionais","observadores internacionais","pol\u00edtica","R\u00fassia","Ucr\u00e2nia"],"articleSection":["Guerra","Internacional"],"inLanguage":"pt-PT"},{"@type":"WebPage","@id":"https:\/\/portaltela.pt\/noticias\/2026\/04\/11\/cessar-fogo-acordado-entre-as-partes-em-conflito-com-monitorizacao-internacional\/","url":"https:\/\/portaltela.pt\/noticias\/2026\/04\/11\/cessar-fogo-acordado-entre-as-partes-em-conflito-com-monitorizacao-internacional\/","name":"Cessar-fogo acordado entre as partes em conflito com monitoriza\u00e7\u00e3o internacional - Portal Tela Portugal","isPartOf":{"@id":"https:\/\/portaltela.pt\/#website"},"primaryImageOfPage":{"@id":"https:\/\/portaltela.pt\/noticias\/2026\/04\/11\/cessar-fogo-acordado-entre-as-partes-em-conflito-com-monitorizacao-internacional\/#primaryimage"},"image":{"@id":"https:\/\/portaltela.pt\/noticias\/2026\/04\/11\/cessar-fogo-acordado-entre-as-partes-em-conflito-com-monitorizacao-internacional\/#primaryimage"},"thumbnailUrl":"https:\/\/portaltela.pt\/s.01k8rhncp4jt1\/2026\/04\/320x180_cmsv2_f8ff3cc0-1b14-5413-a623-4dca76660dca-9718825.jpg","datePublished":"2026-04-12T00:00:00+00:00","author":{"@id":"https:\/\/portaltela.pt\/#\/schema\/person\/c4278d4a6028830caff9ee44b42d32ed"},"breadcrumb":{"@id":"https:\/\/portaltela.pt\/noticias\/2026\/04\/11\/cessar-fogo-acordado-entre-as-partes-em-conflito-com-monitorizacao-internacional\/#breadcrumb"},"inLanguage":"pt-PT","potentialAction":[{"@type":"ReadAction","target":["https:\/\/portaltela.pt\/noticias\/2026\/04\/11\/cessar-fogo-acordado-entre-as-partes-em-conflito-com-monitorizacao-internacional\/"]}]},{"@type":"ImageObject","inLanguage":"pt-PT","@id":"https:\/\/portaltela.pt\/noticias\/2026\/04\/11\/cessar-fogo-acordado-entre-as-partes-em-conflito-com-monitorizacao-internacional\/#primaryimage","url":"https:\/\/portaltela.pt\/s.01k8rhncp4jt1\/2026\/04\/320x180_cmsv2_f8ff3cc0-1b14-5413-a623-4dca76660dca-9718825.jpg","contentUrl":"https:\/\/portaltela.pt\/s.01k8rhncp4jt1\/2026\/04\/320x180_cmsv2_f8ff3cc0-1b14-5413-a623-4dca76660dca-9718825.jpg","width":796,"height":448,"caption":"Sacerdotes aben\u00e7oam os fi\u00e9is e os seus cestos de P\u00e1scoa para assinalar a P\u00e1scoa ortodoxa, em Pyrohiv, perto de Kiev, Ucr\u00e2nia, domingo, 12 de abril de 2026."},{"@type":"BreadcrumbList","@id":"https:\/\/portaltela.pt\/noticias\/2026\/04\/11\/cessar-fogo-acordado-entre-as-partes-em-conflito-com-monitorizacao-internacional\/#breadcrumb","itemListElement":[{"@type":"ListItem","position":1,"name":"In\u00edcio","item":"https:\/\/portaltela.pt\/"},{"@type":"ListItem","position":2,"name":"Cessar-fogo acordado entre as partes em conflito com monitoriza\u00e7\u00e3o internacional"}]},{"@type":"WebSite","@id":"https:\/\/portaltela.pt\/#website","url":"https:\/\/portaltela.pt\/","name":"Portal Tela Portugal","description":"","potentialAction":[{"@type":"SearchAction","target":{"@type":"EntryPoint","urlTemplate":"https:\/\/portaltela.pt\/?s={search_term_string}"},"query-input":{"@type":"PropertyValueSpecification","valueRequired":true,"valueName":"search_term_string"}}],"inLanguage":"pt-PT"},{"@type":"Person","@id":"https:\/\/portaltela.pt\/#\/schema\/person\/c4278d4a6028830caff9ee44b42d32ed","name":"Telinha","image":{"@type":"ImageObject","inLanguage":"pt-PT","@id":"https:\/\/portaltela.pt\/s.01k8rhncp4jt1\/2025\/11\/talking-bot-125x125.png","url":"https:\/\/portaltela.pt\/s.01k8rhncp4jt1\/2025\/11\/talking-bot-125x125.png","contentUrl":"https:\/\/portaltela.pt\/s.01k8rhncp4jt1\/2025\/11\/talking-bot-125x125.png","caption":"Telinha"},"sameAs":["https:\/\/portaltela.pt\/"],"url":"https:\/\/portaltela.pt\/por\/367410592786\/"}]}},"_links":{"self":[{"href":"https:\/\/portaltela.pt\/api\/wp\/v2\/posts\/441476","targetHints":{"allow":["GET"]}}],"collection":[{"href":"https:\/\/portaltela.pt\/api\/wp\/v2\/posts"}],"about":[{"href":"https:\/\/portaltela.pt\/api\/wp\/v2\/types\/post"}],"author":[{"embeddable":true,"href":"https:\/\/portaltela.pt\/api\/wp\/v2\/users\/2"}],"replies":[{"embeddable":true,"href":"https:\/\/portaltela.pt\/api\/wp\/v2\/comments?post=441476"}],"version-history":[{"count":0,"href":"https:\/\/portaltela.pt\/api\/wp\/v2\/posts\/441476\/revisions"}],"wp:featuredmedia":[{"embeddable":true,"href":"https:\/\/portaltela.pt\/api\/wp\/v2\/media\/441480"}],"wp:attachment":[{"href":"https:\/\/portaltela.pt\/api\/wp\/v2\/media?parent=441476"}],"wp:term":[{"taxonomy":"category","embeddable":true,"href":"https:\/\/portaltela.pt\/api\/wp\/v2\/categories?post=441476"},{"taxonomy":"post_tag","embeddable":true,"href":"https:\/\/portaltela.pt\/api\/wp\/v2\/tags?post=441476"}],"curies":[{"name":"wp","href":"https:\/\/api.w.org\/{rel}","templated":true}]}}