{"id":441469,"date":"2026-04-12T12:17:11","date_gmt":"2026-04-12T15:17:11","guid":{"rendered":"https:\/\/portaltela.pt\/noticias\/2026\/04\/12\/joao-brandao-aponta-evolucao-do-fc-porto-b-com-novidades\/"},"modified":"2026-04-12T12:17:11","modified_gmt":"2026-04-12T15:17:11","slug":"joao-brandao-aponta-evolucao-do-fc-porto-b-com-novidades","status":"publish","type":"post","link":"https:\/\/portaltela.pt\/desporto\/futebol\/2026\/04\/12\/joao-brandao-aponta-evolucao-do-fc-porto-b-com-novidades\/","title":{"rendered":"Jo\u00e3o Brand\u00e3o aponta evolu\u00e7\u00e3o do FC Porto B com novidades"},"content":{"rendered":"<p>O FC Porto B vai a Pa\u00e7os de Ferreira enfrentar o Lus. Lourosa na 29.\u00aa jornada, com casa emprestada para o Est\u00e1dio Capital do M\u00f3vel. Jo\u00e3o Brand\u00e3o mostrou-se satisfeito com o momento da equipa ap\u00f3s a vit\u00f3ria diante do Chaves, valorizando o trabalho di\u00e1rio.<\/p>\n<p>O treinador explicou que o objetivo \u00e9 testar novos jogadores e explorar diferentes combina\u00e7\u00f5es t\u00e1ticas. O foco est\u00e1 no presente e no futuro, com o objetivo de manter o desempenho ao n\u00edvel do triunfo sobre o Chaves e preparar o grupo para os desafios seguintes.<\/p>\n<p>Brand\u00e3o quer manter os n\u00edveis elevados e promover evolu\u00e7\u00e3o coletiva e individual. O plantel vai ter a oportunidade de atuar em posi\u00e7\u00f5es diferentes, avaliando prontid\u00e3o e adapta\u00e7\u00e3o frente a um advers\u00e1rio que promete adversidade.<\/p>\n<p>Advers\u00e1rio<\/p>\n<p>O Lus. Lourosa \u00e9 a equipa da 2.\u00aa Liga com a m\u00e9dia de idades mais alta, o que aponta para experi\u00eancia. O FC Porto B reconhece o contexto e promete manter o equil\u00edbrio emocional, impondo o seu jogo e buscando crescer nos princ\u00edpios que tem vindo a trabalhar.<\/p>\n<p>Derrota na 1.\u00aa volta<\/p>\n<p>Na primeira volta, os fatores disciplinares desequilibraram o jogo para o Porto B. A experi\u00eancia mostrada nessa altura \u00e9 utilizada para refor\u00e7ar a maturidade competitiva, mantendo a leitura do advers\u00e1rio e a fidelidade ao pr\u00f3prio plano.<\/p>\n<p>Registo do Lourosa frente a equipas B<\/p>\n<p>O Lourosa tem um registo agressivo desde o ponto de vista ofensivo, com n\u00famero elevado de cantos e remates. O Porto B pretende igualar o ritmo, destacando a constru\u00e7\u00e3o de jogo, a chegada \u00e0s zonas de finaliza\u00e7\u00e3o e as transi\u00e7\u00f5es r\u00e1pidas, sem perder o fio ao estilo do treinador.<\/p>\n","protected":false},"excerpt":{"rendered":"<ul>\n<li>O FC Porto B, na 29.\u00aa jornada, visita o Lus Lourosa no Est\u00e1dio Capital do M\u00f3vel, em Pa\u00e7os de Ferreira, com posi\u00e7\u00e3o de meio da tabela est\u00e1vel.<\/li>\n<li>O treinador Jo\u00e3o Brand\u00e3o elogiou o momento da equipa ap\u00f3s a vit\u00f3ria frente ao Chaves e indicou foco no futuro.<\/li>\n<li>O objetivo \u00e9 testar novos jogadores, evoluir a din\u00e2mica ofensiva e defensiva e analisar o desempenho coletivo e individual em diferentes posi\u00e7\u00f5es.<\/li>\n<li>O Lus Lourosa \u00e9 a equipa da 2.\u00aa Liga com a m\u00e9dia de idades mais alta, o que acrescenta experi\u00eancia ao advers\u00e1rio e exige concentra\u00e7\u00e3o emocional.<\/li>\n<li>Na primeira volta houve derrota para o Lourosa, com expuls\u00f5es, o que tornou necess\u00e1rio demonstrar maturidade competitiva ao manterem-se fi\u00e9is aos princ\u00edpios do FC Porto B.<\/li>\n<\/ul>\n","protected":false},"author":2,"featured_media":441471,"comment_status":"closed","ping_status":"closed","sticky":false,"template":"","format":"standard","meta":{"footnotes":""},"categories":[21,24],"tags":[7902,7755,4175,32,1499,982],"class_list":["post-441469","post","type-post","status-publish","format-standard","has-post-thumbnail","hentry","category-desporto","category-futebol","tag-_desporto","tag-_futebol","tag-2-a-liga","tag-futebol","tag-pacos-de-ferreira","tag-porto"],"yoast_head":"<!-- This site is optimized with the Yoast SEO plugin v27.2 - https:\/\/yoast.com\/product\/yoast-seo-wordpress\/ -->\n<title>Jo\u00e3o Brand\u00e3o aponta evolu\u00e7\u00e3o do FC Porto B com novidades - Portal Tela Portugal<\/title>\n<meta name=\"robots\" content=\"index, follow, max-snippet:-1, max-image-preview:large, max-video-preview:-1\" \/>\n<meta property=\"og:locale\" content=\"pt_PT\" \/>\n<meta property=\"og:type\" content=\"article\" \/>\n<meta property=\"og:title\" content=\"Jo\u00e3o Brand\u00e3o aponta evolu\u00e7\u00e3o do FC Porto B com novidades - Portal Tela Portugal\" \/>\n<meta property=\"og:description\" content=\"O FC Porto B, na 29.\u00aa jornada, visita o Lus Lourosa no Est\u00e1dio Capital do M\u00f3vel, em Pa\u00e7os de Ferreira, com posi\u00e7\u00e3o de meio da tabela est\u00e1vel. O treinador Jo\u00e3o Brand\u00e3o elogiou o momento da equipa ap\u00f3s a vit\u00f3ria frente ao Chaves e indicou foco no futuro. O objetivo \u00e9 testar novos jogadores, evoluir a din\u00e2mica ofensiva e defensiva e analisar o desempenho coletivo e individual em diferentes posi\u00e7\u00f5es. O Lus Lourosa \u00e9 a equipa da 2.\u00aa Liga com a m\u00e9dia de idades mais alta, o que acrescenta experi\u00eancia ao advers\u00e1rio e exige concentra\u00e7\u00e3o emocional. Na primeira volta houve derrota para o Lourosa, com expuls\u00f5es, o que tornou necess\u00e1rio demonstrar maturidade competitiva ao manterem-se fi\u00e9is aos princ\u00edpios do FC Porto B.\" \/>\n<meta property=\"og:url\" content=\"https:\/\/portaltela.pt\/noticias\/2026\/04\/12\/joao-brandao-aponta-evolucao-do-fc-porto-b-com-novidades\/\" \/>\n<meta property=\"og:site_name\" content=\"Portal Tela Portugal\" \/>\n<meta property=\"article:published_time\" content=\"2026-04-12T15:17:11+00:00\" \/>\n<meta name=\"author\" content=\"Telinha\" \/>\n<meta name=\"twitter:card\" content=\"summary_large_image\" \/>\n<meta name=\"twitter:label1\" content=\"Escrito por\" \/>\n\t<meta name=\"twitter:data1\" content=\"Telinha\" \/>\n\t<meta name=\"twitter:label2\" content=\"Tempo estimado de leitura\" \/>\n\t<meta name=\"twitter:data2\" content=\"1 minuto\" \/>\n<script type=\"application\/ld+json\" class=\"yoast-schema-graph\">{\"@context\":\"https:\/\/schema.org\",\"@graph\":[{\"@type\":\"Article\",\"@id\":\"https:\/\/portaltela.pt\/noticias\/2026\/04\/12\/joao-brandao-aponta-evolucao-do-fc-porto-b-com-novidades\/#article\",\"isPartOf\":{\"@id\":\"https:\/\/portaltela.pt\/noticias\/2026\/04\/12\/joao-brandao-aponta-evolucao-do-fc-porto-b-com-novidades\/\"},\"author\":{\"name\":\"Telinha\",\"@id\":\"https:\/\/portaltela.pt\/#\/schema\/person\/c4278d4a6028830caff9ee44b42d32ed\"},\"headline\":\"Jo\u00e3o Brand\u00e3o aponta evolu\u00e7\u00e3o do FC Porto B com novidades\",\"datePublished\":\"2026-04-12T15:17:11+00:00\",\"mainEntityOfPage\":{\"@id\":\"https:\/\/portaltela.pt\/noticias\/2026\/04\/12\/joao-brandao-aponta-evolucao-do-fc-porto-b-com-novidades\/\"},\"wordCount\":307,\"image\":{\"@id\":\"https:\/\/portaltela.pt\/noticias\/2026\/04\/12\/joao-brandao-aponta-evolucao-do-fc-porto-b-com-novidades\/#primaryimage\"},\"thumbnailUrl\":\"https:\/\/portaltela.pt\/s.01k8rhncp4jt1\/2026\/04\/img_920x518uu2025-07-07-16-35-24-2374897-im-638875029512720940.jpg\",\"keywords\":[\"_desporto\",\"_futebol\",\"2.\u00aa Liga\",\"futebol\",\"Pa\u00e7os de Ferreira\",\"Porto\"],\"articleSection\":[\"Desporto\",\"Futebol\"],\"inLanguage\":\"pt-PT\"},{\"@type\":\"WebPage\",\"@id\":\"https:\/\/portaltela.pt\/noticias\/2026\/04\/12\/joao-brandao-aponta-evolucao-do-fc-porto-b-com-novidades\/\",\"url\":\"https:\/\/portaltela.pt\/noticias\/2026\/04\/12\/joao-brandao-aponta-evolucao-do-fc-porto-b-com-novidades\/\",\"name\":\"Jo\u00e3o Brand\u00e3o aponta evolu\u00e7\u00e3o do FC Porto B com novidades - Portal Tela Portugal\",\"isPartOf\":{\"@id\":\"https:\/\/portaltela.pt\/#website\"},\"primaryImageOfPage\":{\"@id\":\"https:\/\/portaltela.pt\/noticias\/2026\/04\/12\/joao-brandao-aponta-evolucao-do-fc-porto-b-com-novidades\/#primaryimage\"},\"image\":{\"@id\":\"https:\/\/portaltela.pt\/noticias\/2026\/04\/12\/joao-brandao-aponta-evolucao-do-fc-porto-b-com-novidades\/#primaryimage\"},\"thumbnailUrl\":\"https:\/\/portaltela.pt\/s.01k8rhncp4jt1\/2026\/04\/img_920x518uu2025-07-07-16-35-24-2374897-im-638875029512720940.jpg\",\"datePublished\":\"2026-04-12T15:17:11+00:00\",\"author\":{\"@id\":\"https:\/\/portaltela.pt\/#\/schema\/person\/c4278d4a6028830caff9ee44b42d32ed\"},\"breadcrumb\":{\"@id\":\"https:\/\/portaltela.pt\/noticias\/2026\/04\/12\/joao-brandao-aponta-evolucao-do-fc-porto-b-com-novidades\/#breadcrumb\"},\"inLanguage\":\"pt-PT\",\"potentialAction\":[{\"@type\":\"ReadAction\",\"target\":[\"https:\/\/portaltela.pt\/noticias\/2026\/04\/12\/joao-brandao-aponta-evolucao-do-fc-porto-b-com-novidades\/\"]}]},{\"@type\":\"ImageObject\",\"inLanguage\":\"pt-PT\",\"@id\":\"https:\/\/portaltela.pt\/noticias\/2026\/04\/12\/joao-brandao-aponta-evolucao-do-fc-porto-b-com-novidades\/#primaryimage\",\"url\":\"https:\/\/portaltela.pt\/s.01k8rhncp4jt1\/2026\/04\/img_920x518uu2025-07-07-16-35-24-2374897-im-638875029512720940.jpg\",\"contentUrl\":\"https:\/\/portaltela.pt\/s.01k8rhncp4jt1\/2026\/04\/img_920x518uu2025-07-07-16-35-24-2374897-im-638875029512720940.jpg\",\"width\":796,\"height\":448,\"caption\":\"Jo\u00e3o Brand\u00e3o, treinador do FC Porto B\"},{\"@type\":\"BreadcrumbList\",\"@id\":\"https:\/\/portaltela.pt\/noticias\/2026\/04\/12\/joao-brandao-aponta-evolucao-do-fc-porto-b-com-novidades\/#breadcrumb\",\"itemListElement\":[{\"@type\":\"ListItem\",\"position\":1,\"name\":\"In\u00edcio\",\"item\":\"https:\/\/portaltela.pt\/\"},{\"@type\":\"ListItem\",\"position\":2,\"name\":\"Jo\u00e3o Brand\u00e3o aponta evolu\u00e7\u00e3o do FC Porto B com novidades\"}]},{\"@type\":\"WebSite\",\"@id\":\"https:\/\/portaltela.pt\/#website\",\"url\":\"https:\/\/portaltela.pt\/\",\"name\":\"Portal Tela Portugal\",\"description\":\"\",\"potentialAction\":[{\"@type\":\"SearchAction\",\"target\":{\"@type\":\"EntryPoint\",\"urlTemplate\":\"https:\/\/portaltela.pt\/?s={search_term_string}\"},\"query-input\":{\"@type\":\"PropertyValueSpecification\",\"valueRequired\":true,\"valueName\":\"search_term_string\"}}],\"inLanguage\":\"pt-PT\"},{\"@type\":\"Person\",\"@id\":\"https:\/\/portaltela.pt\/#\/schema\/person\/c4278d4a6028830caff9ee44b42d32ed\",\"name\":\"Telinha\",\"image\":{\"@type\":\"ImageObject\",\"inLanguage\":\"pt-PT\",\"@id\":\"https:\/\/portaltela.pt\/s.01k8rhncp4jt1\/2025\/11\/talking-bot-125x125.png\",\"url\":\"https:\/\/portaltela.pt\/s.01k8rhncp4jt1\/2025\/11\/talking-bot-125x125.png\",\"contentUrl\":\"https:\/\/portaltela.pt\/s.01k8rhncp4jt1\/2025\/11\/talking-bot-125x125.png\",\"caption\":\"Telinha\"},\"sameAs\":[\"https:\/\/portaltela.pt\/\"],\"url\":\"https:\/\/portaltela.pt\/por\/367410592786\/\"}]}<\/script>\n<!-- \/ Yoast SEO plugin. -->","yoast_head_json":{"title":"Jo\u00e3o Brand\u00e3o aponta evolu\u00e7\u00e3o do FC Porto B com novidades - Portal Tela Portugal","robots":{"index":"index","follow":"follow","max-snippet":"max-snippet:-1","max-image-preview":"max-image-preview:large","max-video-preview":"max-video-preview:-1"},"og_locale":"pt_PT","og_type":"article","og_title":"Jo\u00e3o Brand\u00e3o aponta evolu\u00e7\u00e3o do FC Porto B com novidades - Portal Tela Portugal","og_description":"O FC Porto B, na 29.\u00aa jornada, visita o Lus Lourosa no Est\u00e1dio Capital do M\u00f3vel, em Pa\u00e7os de Ferreira, com posi\u00e7\u00e3o de meio da tabela est\u00e1vel. O treinador Jo\u00e3o Brand\u00e3o elogiou o momento da equipa ap\u00f3s a vit\u00f3ria frente ao Chaves e indicou foco no futuro. O objetivo \u00e9 testar novos jogadores, evoluir a din\u00e2mica ofensiva e defensiva e analisar o desempenho coletivo e individual em diferentes posi\u00e7\u00f5es. O Lus Lourosa \u00e9 a equipa da 2.\u00aa Liga com a m\u00e9dia de idades mais alta, o que acrescenta experi\u00eancia ao advers\u00e1rio e exige concentra\u00e7\u00e3o emocional. Na primeira volta houve derrota para o Lourosa, com expuls\u00f5es, o que tornou necess\u00e1rio demonstrar maturidade competitiva ao manterem-se fi\u00e9is aos princ\u00edpios do FC Porto B.","og_url":"https:\/\/portaltela.pt\/noticias\/2026\/04\/12\/joao-brandao-aponta-evolucao-do-fc-porto-b-com-novidades\/","og_site_name":"Portal Tela Portugal","article_published_time":"2026-04-12T15:17:11+00:00","author":"Telinha","twitter_card":"summary_large_image","twitter_misc":{"Escrito por":"Telinha","Tempo estimado de leitura":"1 minuto"},"schema":{"@context":"https:\/\/schema.org","@graph":[{"@type":"Article","@id":"https:\/\/portaltela.pt\/noticias\/2026\/04\/12\/joao-brandao-aponta-evolucao-do-fc-porto-b-com-novidades\/#article","isPartOf":{"@id":"https:\/\/portaltela.pt\/noticias\/2026\/04\/12\/joao-brandao-aponta-evolucao-do-fc-porto-b-com-novidades\/"},"author":{"name":"Telinha","@id":"https:\/\/portaltela.pt\/#\/schema\/person\/c4278d4a6028830caff9ee44b42d32ed"},"headline":"Jo\u00e3o Brand\u00e3o aponta evolu\u00e7\u00e3o do FC Porto B com novidades","datePublished":"2026-04-12T15:17:11+00:00","mainEntityOfPage":{"@id":"https:\/\/portaltela.pt\/noticias\/2026\/04\/12\/joao-brandao-aponta-evolucao-do-fc-porto-b-com-novidades\/"},"wordCount":307,"image":{"@id":"https:\/\/portaltela.pt\/noticias\/2026\/04\/12\/joao-brandao-aponta-evolucao-do-fc-porto-b-com-novidades\/#primaryimage"},"thumbnailUrl":"https:\/\/portaltela.pt\/s.01k8rhncp4jt1\/2026\/04\/img_920x518uu2025-07-07-16-35-24-2374897-im-638875029512720940.jpg","keywords":["_desporto","_futebol","2.\u00aa Liga","futebol","Pa\u00e7os de Ferreira","Porto"],"articleSection":["Desporto","Futebol"],"inLanguage":"pt-PT"},{"@type":"WebPage","@id":"https:\/\/portaltela.pt\/noticias\/2026\/04\/12\/joao-brandao-aponta-evolucao-do-fc-porto-b-com-novidades\/","url":"https:\/\/portaltela.pt\/noticias\/2026\/04\/12\/joao-brandao-aponta-evolucao-do-fc-porto-b-com-novidades\/","name":"Jo\u00e3o Brand\u00e3o aponta evolu\u00e7\u00e3o do FC Porto B com novidades - Portal Tela Portugal","isPartOf":{"@id":"https:\/\/portaltela.pt\/#website"},"primaryImageOfPage":{"@id":"https:\/\/portaltela.pt\/noticias\/2026\/04\/12\/joao-brandao-aponta-evolucao-do-fc-porto-b-com-novidades\/#primaryimage"},"image":{"@id":"https:\/\/portaltela.pt\/noticias\/2026\/04\/12\/joao-brandao-aponta-evolucao-do-fc-porto-b-com-novidades\/#primaryimage"},"thumbnailUrl":"https:\/\/portaltela.pt\/s.01k8rhncp4jt1\/2026\/04\/img_920x518uu2025-07-07-16-35-24-2374897-im-638875029512720940.jpg","datePublished":"2026-04-12T15:17:11+00:00","author":{"@id":"https:\/\/portaltela.pt\/#\/schema\/person\/c4278d4a6028830caff9ee44b42d32ed"},"breadcrumb":{"@id":"https:\/\/portaltela.pt\/noticias\/2026\/04\/12\/joao-brandao-aponta-evolucao-do-fc-porto-b-com-novidades\/#breadcrumb"},"inLanguage":"pt-PT","potentialAction":[{"@type":"ReadAction","target":["https:\/\/portaltela.pt\/noticias\/2026\/04\/12\/joao-brandao-aponta-evolucao-do-fc-porto-b-com-novidades\/"]}]},{"@type":"ImageObject","inLanguage":"pt-PT","@id":"https:\/\/portaltela.pt\/noticias\/2026\/04\/12\/joao-brandao-aponta-evolucao-do-fc-porto-b-com-novidades\/#primaryimage","url":"https:\/\/portaltela.pt\/s.01k8rhncp4jt1\/2026\/04\/img_920x518uu2025-07-07-16-35-24-2374897-im-638875029512720940.jpg","contentUrl":"https:\/\/portaltela.pt\/s.01k8rhncp4jt1\/2026\/04\/img_920x518uu2025-07-07-16-35-24-2374897-im-638875029512720940.jpg","width":796,"height":448,"caption":"Jo\u00e3o Brand\u00e3o, treinador do FC Porto B"},{"@type":"BreadcrumbList","@id":"https:\/\/portaltela.pt\/noticias\/2026\/04\/12\/joao-brandao-aponta-evolucao-do-fc-porto-b-com-novidades\/#breadcrumb","itemListElement":[{"@type":"ListItem","position":1,"name":"In\u00edcio","item":"https:\/\/portaltela.pt\/"},{"@type":"ListItem","position":2,"name":"Jo\u00e3o Brand\u00e3o aponta evolu\u00e7\u00e3o do FC Porto B com novidades"}]},{"@type":"WebSite","@id":"https:\/\/portaltela.pt\/#website","url":"https:\/\/portaltela.pt\/","name":"Portal Tela Portugal","description":"","potentialAction":[{"@type":"SearchAction","target":{"@type":"EntryPoint","urlTemplate":"https:\/\/portaltela.pt\/?s={search_term_string}"},"query-input":{"@type":"PropertyValueSpecification","valueRequired":true,"valueName":"search_term_string"}}],"inLanguage":"pt-PT"},{"@type":"Person","@id":"https:\/\/portaltela.pt\/#\/schema\/person\/c4278d4a6028830caff9ee44b42d32ed","name":"Telinha","image":{"@type":"ImageObject","inLanguage":"pt-PT","@id":"https:\/\/portaltela.pt\/s.01k8rhncp4jt1\/2025\/11\/talking-bot-125x125.png","url":"https:\/\/portaltela.pt\/s.01k8rhncp4jt1\/2025\/11\/talking-bot-125x125.png","contentUrl":"https:\/\/portaltela.pt\/s.01k8rhncp4jt1\/2025\/11\/talking-bot-125x125.png","caption":"Telinha"},"sameAs":["https:\/\/portaltela.pt\/"],"url":"https:\/\/portaltela.pt\/por\/367410592786\/"}]}},"_links":{"self":[{"href":"https:\/\/portaltela.pt\/api\/wp\/v2\/posts\/441469","targetHints":{"allow":["GET"]}}],"collection":[{"href":"https:\/\/portaltela.pt\/api\/wp\/v2\/posts"}],"about":[{"href":"https:\/\/portaltela.pt\/api\/wp\/v2\/types\/post"}],"author":[{"embeddable":true,"href":"https:\/\/portaltela.pt\/api\/wp\/v2\/users\/2"}],"replies":[{"embeddable":true,"href":"https:\/\/portaltela.pt\/api\/wp\/v2\/comments?post=441469"}],"version-history":[{"count":0,"href":"https:\/\/portaltela.pt\/api\/wp\/v2\/posts\/441469\/revisions"}],"wp:featuredmedia":[{"embeddable":true,"href":"https:\/\/portaltela.pt\/api\/wp\/v2\/media\/441471"}],"wp:attachment":[{"href":"https:\/\/portaltela.pt\/api\/wp\/v2\/media?parent=441469"}],"wp:term":[{"taxonomy":"category","embeddable":true,"href":"https:\/\/portaltela.pt\/api\/wp\/v2\/categories?post=441469"},{"taxonomy":"post_tag","embeddable":true,"href":"https:\/\/portaltela.pt\/api\/wp\/v2\/tags?post=441469"}],"curies":[{"name":"wp","href":"https:\/\/api.w.org\/{rel}","templated":true}]}}