{"id":441392,"date":"2026-04-12T10:47:08","date_gmt":"2026-04-12T13:47:08","guid":{"rendered":"https:\/\/portaltela.pt\/noticias\/2026\/04\/12\/hungaros-mostram-incerteza-numa-corrida-renhida-entre-pm-e-opositor\/"},"modified":"2026-04-12T10:47:08","modified_gmt":"2026-04-12T13:47:08","slug":"hungaros-mostram-incerteza-numa-corrida-renhida-entre-pm-e-opositor","status":"publish","type":"post","link":"https:\/\/portaltela.pt\/noticias\/politica\/2026\/04\/12\/hungaros-mostram-incerteza-numa-corrida-renhida-entre-pm-e-opositor\/","title":{"rendered":"H\u00fangaros mostram incerteza numa corrida renhida entre PM e opositor"},"content":{"rendered":"<p>Os eleitores h\u00fangaros votaram neste domingo em Budapeste, numa legislativa considerada a mais disputada desde o regresso de Viktor Orb\u00e1n ao poder em 2010. A expectativa \u00e9 de uma batalha entre o partido no poder, Fidesz, liderado por Orb\u00e1n, e a for\u00e7a opositora liderada por P\u00e9ter Magyar.<\/p>\n<p>Um morador de Budapeste, com 27 anos, afirmou que a elei\u00e7\u00e3o pode ser a mais concorrida dos \u00faltimos anos e que o resultado \u00e9 incerto. A sua leitura \u00e9 de que o desfecho depende de muitos fatores, incluindo o desempenho dos dois principais blocos.<\/p>\n<p>O ambiente pol\u00edtico em Ungria associou a an\u00e1lise a um quadro de mudan\u00e7a de equil\u00edbrio. Orb\u00e1n j\u00e1 tinha governado entre 1998 e 2002, regressando em 2010, e permanece no poder. Magyar, dissidente do Fidesz, tem sido destacado como l\u00edder da oposi\u00e7\u00e3o com ascens\u00e3o r\u00e1pida.<\/p>\n<p>As sondagens, mencionadas pelos analistas, sugerem uma vit\u00f3ria potencial para Magyar, num contexto de desgaste e competi\u00e7\u00e3o acentuada entre as for\u00e7as pol\u00edticas. A elei\u00e7\u00e3o deste domingo \u00e9 considerada decisiva para o futuro pol\u00edtico do pa\u00eds.<\/p>\n","protected":false},"excerpt":{"rendered":"<ul>\n<li>Eleitores em Budapeste mostraram incerteza sobre o resultado das legislativas deste domingo, previa uma corrida renhida entre Fidesz e Tisza.<\/li>\n<li>A vota\u00e7\u00e3o ocorre numa altura em que as sondagens apontam vit\u00f3ria para P\u00e9ter Magyar, l\u00edder da oposi\u00e7\u00e3o, dissidente do Fidesz.<\/li>\n<li>Yonathan, de 27 anos, afirmou que ser\u00e1 a elei\u00e7\u00e3o mais disputada e que o resultado \u00e9 imprevis\u00edvel, ap\u00f3s votar numa escola da capital.<\/li>\n<li>As legislativas s\u00e3o descritas como as mais disputadas desde que Viktor Orb\u00e1n regressou ao poder, em 2010 (tinha estado entre 1998 e 2002).<\/li>\n<\/ul>\n","protected":false},"author":2,"featured_media":441395,"comment_status":"closed","ping_status":"closed","sticky":false,"template":"","format":"standard","meta":{"footnotes":""},"categories":[6912,5],"tags":[68,2579,3767,2832],"class_list":["post-441392","post","type-post","status-publish","format-standard","has-post-thumbnail","hentry","category-internacionais","category-politica","tag-eleicoes","tag-hungria","tag-oposicao","tag-politica"],"yoast_head":"<!-- This site is optimized with the Yoast SEO plugin v27.2 - https:\/\/yoast.com\/product\/yoast-seo-wordpress\/ -->\n<title>H\u00fangaros mostram incerteza numa corrida renhida entre PM e opositor - Portal Tela Portugal<\/title>\n<meta name=\"robots\" content=\"index, follow, max-snippet:-1, max-image-preview:large, max-video-preview:-1\" \/>\n<meta property=\"og:locale\" content=\"pt_PT\" \/>\n<meta property=\"og:type\" content=\"article\" \/>\n<meta property=\"og:title\" content=\"H\u00fangaros mostram incerteza numa corrida renhida entre PM e opositor - Portal Tela Portugal\" \/>\n<meta property=\"og:description\" content=\"Eleitores em Budapeste mostraram incerteza sobre o resultado das legislativas deste domingo, previa uma corrida renhida entre Fidesz e Tisza. A vota\u00e7\u00e3o ocorre numa altura em que as sondagens apontam vit\u00f3ria para P\u00e9ter Magyar, l\u00edder da oposi\u00e7\u00e3o, dissidente do Fidesz. Yonathan, de 27 anos, afirmou que ser\u00e1 a elei\u00e7\u00e3o mais disputada e que o resultado \u00e9 imprevis\u00edvel, ap\u00f3s votar numa escola da capital. As legislativas s\u00e3o descritas como as mais disputadas desde que Viktor Orb\u00e1n regressou ao poder, em 2010 (tinha estado entre 1998 e 2002).\" \/>\n<meta property=\"og:url\" content=\"https:\/\/portaltela.pt\/noticias\/2026\/04\/12\/hungaros-mostram-incerteza-numa-corrida-renhida-entre-pm-e-opositor\/\" \/>\n<meta property=\"og:site_name\" content=\"Portal Tela Portugal\" \/>\n<meta property=\"article:published_time\" content=\"2026-04-12T13:47:08+00:00\" \/>\n<meta name=\"author\" content=\"Telinha\" \/>\n<meta name=\"twitter:card\" content=\"summary_large_image\" \/>\n<meta name=\"twitter:label1\" content=\"Escrito por\" \/>\n\t<meta name=\"twitter:data1\" content=\"Telinha\" \/>\n\t<meta name=\"twitter:label2\" content=\"Tempo estimado de leitura\" \/>\n\t<meta name=\"twitter:data2\" content=\"1 minuto\" \/>\n<script type=\"application\/ld+json\" class=\"yoast-schema-graph\">{\"@context\":\"https:\/\/schema.org\",\"@graph\":[{\"@type\":\"Article\",\"@id\":\"https:\/\/portaltela.pt\/noticias\/2026\/04\/12\/hungaros-mostram-incerteza-numa-corrida-renhida-entre-pm-e-opositor\/#article\",\"isPartOf\":{\"@id\":\"https:\/\/portaltela.pt\/noticias\/2026\/04\/12\/hungaros-mostram-incerteza-numa-corrida-renhida-entre-pm-e-opositor\/\"},\"author\":{\"name\":\"Telinha\",\"@id\":\"https:\/\/portaltela.pt\/#\/schema\/person\/c4278d4a6028830caff9ee44b42d32ed\"},\"headline\":\"H\u00fangaros mostram incerteza numa corrida renhida entre PM e opositor\",\"datePublished\":\"2026-04-12T13:47:08+00:00\",\"mainEntityOfPage\":{\"@id\":\"https:\/\/portaltela.pt\/noticias\/2026\/04\/12\/hungaros-mostram-incerteza-numa-corrida-renhida-entre-pm-e-opositor\/\"},\"wordCount\":194,\"image\":{\"@id\":\"https:\/\/portaltela.pt\/noticias\/2026\/04\/12\/hungaros-mostram-incerteza-numa-corrida-renhida-entre-pm-e-opositor\/#primaryimage\"},\"thumbnailUrl\":\"https:\/\/portaltela.pt\/s.01k8rhncp4jt1\/2026\/04\/img_1500x1000uu2026-04-12-14-35-01-2278080.jpg\",\"keywords\":[\"elei\u00e7\u00f5es\",\"Hungria\",\"oposi\u00e7\u00e3o\",\"pol\u00edtica\"],\"articleSection\":[\"Internacionais\",\"Pol\u00edtica\"],\"inLanguage\":\"pt-PT\"},{\"@type\":\"WebPage\",\"@id\":\"https:\/\/portaltela.pt\/noticias\/2026\/04\/12\/hungaros-mostram-incerteza-numa-corrida-renhida-entre-pm-e-opositor\/\",\"url\":\"https:\/\/portaltela.pt\/noticias\/2026\/04\/12\/hungaros-mostram-incerteza-numa-corrida-renhida-entre-pm-e-opositor\/\",\"name\":\"H\u00fangaros mostram incerteza numa corrida renhida entre PM e opositor - Portal Tela Portugal\",\"isPartOf\":{\"@id\":\"https:\/\/portaltela.pt\/#website\"},\"primaryImageOfPage\":{\"@id\":\"https:\/\/portaltela.pt\/noticias\/2026\/04\/12\/hungaros-mostram-incerteza-numa-corrida-renhida-entre-pm-e-opositor\/#primaryimage\"},\"image\":{\"@id\":\"https:\/\/portaltela.pt\/noticias\/2026\/04\/12\/hungaros-mostram-incerteza-numa-corrida-renhida-entre-pm-e-opositor\/#primaryimage\"},\"thumbnailUrl\":\"https:\/\/portaltela.pt\/s.01k8rhncp4jt1\/2026\/04\/img_1500x1000uu2026-04-12-14-35-01-2278080.jpg\",\"datePublished\":\"2026-04-12T13:47:08+00:00\",\"author\":{\"@id\":\"https:\/\/portaltela.pt\/#\/schema\/person\/c4278d4a6028830caff9ee44b42d32ed\"},\"breadcrumb\":{\"@id\":\"https:\/\/portaltela.pt\/noticias\/2026\/04\/12\/hungaros-mostram-incerteza-numa-corrida-renhida-entre-pm-e-opositor\/#breadcrumb\"},\"inLanguage\":\"pt-PT\",\"potentialAction\":[{\"@type\":\"ReadAction\",\"target\":[\"https:\/\/portaltela.pt\/noticias\/2026\/04\/12\/hungaros-mostram-incerteza-numa-corrida-renhida-entre-pm-e-opositor\/\"]}]},{\"@type\":\"ImageObject\",\"inLanguage\":\"pt-PT\",\"@id\":\"https:\/\/portaltela.pt\/noticias\/2026\/04\/12\/hungaros-mostram-incerteza-numa-corrida-renhida-entre-pm-e-opositor\/#primaryimage\",\"url\":\"https:\/\/portaltela.pt\/s.01k8rhncp4jt1\/2026\/04\/img_1500x1000uu2026-04-12-14-35-01-2278080.jpg\",\"contentUrl\":\"https:\/\/portaltela.pt\/s.01k8rhncp4jt1\/2026\/04\/img_1500x1000uu2026-04-12-14-35-01-2278080.jpg\",\"width\":796,\"height\":448,\"caption\":\"Filas para as urnas na Hungria durante vota\u00e7\u00e3o nas legislativas\"},{\"@type\":\"BreadcrumbList\",\"@id\":\"https:\/\/portaltela.pt\/noticias\/2026\/04\/12\/hungaros-mostram-incerteza-numa-corrida-renhida-entre-pm-e-opositor\/#breadcrumb\",\"itemListElement\":[{\"@type\":\"ListItem\",\"position\":1,\"name\":\"In\u00edcio\",\"item\":\"https:\/\/portaltela.pt\/\"},{\"@type\":\"ListItem\",\"position\":2,\"name\":\"H\u00fangaros mostram incerteza numa corrida renhida entre PM e opositor\"}]},{\"@type\":\"WebSite\",\"@id\":\"https:\/\/portaltela.pt\/#website\",\"url\":\"https:\/\/portaltela.pt\/\",\"name\":\"Portal Tela Portugal\",\"description\":\"\",\"potentialAction\":[{\"@type\":\"SearchAction\",\"target\":{\"@type\":\"EntryPoint\",\"urlTemplate\":\"https:\/\/portaltela.pt\/?s={search_term_string}\"},\"query-input\":{\"@type\":\"PropertyValueSpecification\",\"valueRequired\":true,\"valueName\":\"search_term_string\"}}],\"inLanguage\":\"pt-PT\"},{\"@type\":\"Person\",\"@id\":\"https:\/\/portaltela.pt\/#\/schema\/person\/c4278d4a6028830caff9ee44b42d32ed\",\"name\":\"Telinha\",\"image\":{\"@type\":\"ImageObject\",\"inLanguage\":\"pt-PT\",\"@id\":\"https:\/\/portaltela.pt\/s.01k8rhncp4jt1\/2025\/11\/talking-bot-125x125.png\",\"url\":\"https:\/\/portaltela.pt\/s.01k8rhncp4jt1\/2025\/11\/talking-bot-125x125.png\",\"contentUrl\":\"https:\/\/portaltela.pt\/s.01k8rhncp4jt1\/2025\/11\/talking-bot-125x125.png\",\"caption\":\"Telinha\"},\"sameAs\":[\"https:\/\/portaltela.pt\/\"],\"url\":\"https:\/\/portaltela.pt\/por\/367410592786\/\"}]}<\/script>\n<!-- \/ Yoast SEO plugin. -->","yoast_head_json":{"title":"H\u00fangaros mostram incerteza numa corrida renhida entre PM e opositor - Portal Tela Portugal","robots":{"index":"index","follow":"follow","max-snippet":"max-snippet:-1","max-image-preview":"max-image-preview:large","max-video-preview":"max-video-preview:-1"},"og_locale":"pt_PT","og_type":"article","og_title":"H\u00fangaros mostram incerteza numa corrida renhida entre PM e opositor - Portal Tela Portugal","og_description":"Eleitores em Budapeste mostraram incerteza sobre o resultado das legislativas deste domingo, previa uma corrida renhida entre Fidesz e Tisza. A vota\u00e7\u00e3o ocorre numa altura em que as sondagens apontam vit\u00f3ria para P\u00e9ter Magyar, l\u00edder da oposi\u00e7\u00e3o, dissidente do Fidesz. Yonathan, de 27 anos, afirmou que ser\u00e1 a elei\u00e7\u00e3o mais disputada e que o resultado \u00e9 imprevis\u00edvel, ap\u00f3s votar numa escola da capital. As legislativas s\u00e3o descritas como as mais disputadas desde que Viktor Orb\u00e1n regressou ao poder, em 2010 (tinha estado entre 1998 e 2002).","og_url":"https:\/\/portaltela.pt\/noticias\/2026\/04\/12\/hungaros-mostram-incerteza-numa-corrida-renhida-entre-pm-e-opositor\/","og_site_name":"Portal Tela Portugal","article_published_time":"2026-04-12T13:47:08+00:00","author":"Telinha","twitter_card":"summary_large_image","twitter_misc":{"Escrito por":"Telinha","Tempo estimado de leitura":"1 minuto"},"schema":{"@context":"https:\/\/schema.org","@graph":[{"@type":"Article","@id":"https:\/\/portaltela.pt\/noticias\/2026\/04\/12\/hungaros-mostram-incerteza-numa-corrida-renhida-entre-pm-e-opositor\/#article","isPartOf":{"@id":"https:\/\/portaltela.pt\/noticias\/2026\/04\/12\/hungaros-mostram-incerteza-numa-corrida-renhida-entre-pm-e-opositor\/"},"author":{"name":"Telinha","@id":"https:\/\/portaltela.pt\/#\/schema\/person\/c4278d4a6028830caff9ee44b42d32ed"},"headline":"H\u00fangaros mostram incerteza numa corrida renhida entre PM e opositor","datePublished":"2026-04-12T13:47:08+00:00","mainEntityOfPage":{"@id":"https:\/\/portaltela.pt\/noticias\/2026\/04\/12\/hungaros-mostram-incerteza-numa-corrida-renhida-entre-pm-e-opositor\/"},"wordCount":194,"image":{"@id":"https:\/\/portaltela.pt\/noticias\/2026\/04\/12\/hungaros-mostram-incerteza-numa-corrida-renhida-entre-pm-e-opositor\/#primaryimage"},"thumbnailUrl":"https:\/\/portaltela.pt\/s.01k8rhncp4jt1\/2026\/04\/img_1500x1000uu2026-04-12-14-35-01-2278080.jpg","keywords":["elei\u00e7\u00f5es","Hungria","oposi\u00e7\u00e3o","pol\u00edtica"],"articleSection":["Internacionais","Pol\u00edtica"],"inLanguage":"pt-PT"},{"@type":"WebPage","@id":"https:\/\/portaltela.pt\/noticias\/2026\/04\/12\/hungaros-mostram-incerteza-numa-corrida-renhida-entre-pm-e-opositor\/","url":"https:\/\/portaltela.pt\/noticias\/2026\/04\/12\/hungaros-mostram-incerteza-numa-corrida-renhida-entre-pm-e-opositor\/","name":"H\u00fangaros mostram incerteza numa corrida renhida entre PM e opositor - Portal Tela Portugal","isPartOf":{"@id":"https:\/\/portaltela.pt\/#website"},"primaryImageOfPage":{"@id":"https:\/\/portaltela.pt\/noticias\/2026\/04\/12\/hungaros-mostram-incerteza-numa-corrida-renhida-entre-pm-e-opositor\/#primaryimage"},"image":{"@id":"https:\/\/portaltela.pt\/noticias\/2026\/04\/12\/hungaros-mostram-incerteza-numa-corrida-renhida-entre-pm-e-opositor\/#primaryimage"},"thumbnailUrl":"https:\/\/portaltela.pt\/s.01k8rhncp4jt1\/2026\/04\/img_1500x1000uu2026-04-12-14-35-01-2278080.jpg","datePublished":"2026-04-12T13:47:08+00:00","author":{"@id":"https:\/\/portaltela.pt\/#\/schema\/person\/c4278d4a6028830caff9ee44b42d32ed"},"breadcrumb":{"@id":"https:\/\/portaltela.pt\/noticias\/2026\/04\/12\/hungaros-mostram-incerteza-numa-corrida-renhida-entre-pm-e-opositor\/#breadcrumb"},"inLanguage":"pt-PT","potentialAction":[{"@type":"ReadAction","target":["https:\/\/portaltela.pt\/noticias\/2026\/04\/12\/hungaros-mostram-incerteza-numa-corrida-renhida-entre-pm-e-opositor\/"]}]},{"@type":"ImageObject","inLanguage":"pt-PT","@id":"https:\/\/portaltela.pt\/noticias\/2026\/04\/12\/hungaros-mostram-incerteza-numa-corrida-renhida-entre-pm-e-opositor\/#primaryimage","url":"https:\/\/portaltela.pt\/s.01k8rhncp4jt1\/2026\/04\/img_1500x1000uu2026-04-12-14-35-01-2278080.jpg","contentUrl":"https:\/\/portaltela.pt\/s.01k8rhncp4jt1\/2026\/04\/img_1500x1000uu2026-04-12-14-35-01-2278080.jpg","width":796,"height":448,"caption":"Filas para as urnas na Hungria durante vota\u00e7\u00e3o nas legislativas"},{"@type":"BreadcrumbList","@id":"https:\/\/portaltela.pt\/noticias\/2026\/04\/12\/hungaros-mostram-incerteza-numa-corrida-renhida-entre-pm-e-opositor\/#breadcrumb","itemListElement":[{"@type":"ListItem","position":1,"name":"In\u00edcio","item":"https:\/\/portaltela.pt\/"},{"@type":"ListItem","position":2,"name":"H\u00fangaros mostram incerteza numa corrida renhida entre PM e opositor"}]},{"@type":"WebSite","@id":"https:\/\/portaltela.pt\/#website","url":"https:\/\/portaltela.pt\/","name":"Portal Tela Portugal","description":"","potentialAction":[{"@type":"SearchAction","target":{"@type":"EntryPoint","urlTemplate":"https:\/\/portaltela.pt\/?s={search_term_string}"},"query-input":{"@type":"PropertyValueSpecification","valueRequired":true,"valueName":"search_term_string"}}],"inLanguage":"pt-PT"},{"@type":"Person","@id":"https:\/\/portaltela.pt\/#\/schema\/person\/c4278d4a6028830caff9ee44b42d32ed","name":"Telinha","image":{"@type":"ImageObject","inLanguage":"pt-PT","@id":"https:\/\/portaltela.pt\/s.01k8rhncp4jt1\/2025\/11\/talking-bot-125x125.png","url":"https:\/\/portaltela.pt\/s.01k8rhncp4jt1\/2025\/11\/talking-bot-125x125.png","contentUrl":"https:\/\/portaltela.pt\/s.01k8rhncp4jt1\/2025\/11\/talking-bot-125x125.png","caption":"Telinha"},"sameAs":["https:\/\/portaltela.pt\/"],"url":"https:\/\/portaltela.pt\/por\/367410592786\/"}]}},"_links":{"self":[{"href":"https:\/\/portaltela.pt\/api\/wp\/v2\/posts\/441392","targetHints":{"allow":["GET"]}}],"collection":[{"href":"https:\/\/portaltela.pt\/api\/wp\/v2\/posts"}],"about":[{"href":"https:\/\/portaltela.pt\/api\/wp\/v2\/types\/post"}],"author":[{"embeddable":true,"href":"https:\/\/portaltela.pt\/api\/wp\/v2\/users\/2"}],"replies":[{"embeddable":true,"href":"https:\/\/portaltela.pt\/api\/wp\/v2\/comments?post=441392"}],"version-history":[{"count":0,"href":"https:\/\/portaltela.pt\/api\/wp\/v2\/posts\/441392\/revisions"}],"wp:featuredmedia":[{"embeddable":true,"href":"https:\/\/portaltela.pt\/api\/wp\/v2\/media\/441395"}],"wp:attachment":[{"href":"https:\/\/portaltela.pt\/api\/wp\/v2\/media?parent=441392"}],"wp:term":[{"taxonomy":"category","embeddable":true,"href":"https:\/\/portaltela.pt\/api\/wp\/v2\/categories?post=441392"},{"taxonomy":"post_tag","embeddable":true,"href":"https:\/\/portaltela.pt\/api\/wp\/v2\/tags?post=441392"}],"curies":[{"name":"wp","href":"https:\/\/api.w.org\/{rel}","templated":true}]}}