{"id":441369,"date":"2026-04-12T10:17:03","date_gmt":"2026-04-12T13:17:03","guid":{"rendered":"https:\/\/portaltela.pt\/noticias\/2026\/04\/12\/varandas-apito-dourado-e-emails-desabafo-que-envolveu-villas-boas-e-rui-costa\/"},"modified":"2026-04-12T10:17:03","modified_gmt":"2026-04-12T13:17:03","slug":"varandas-apito-dourado-e-emails-desabafo-que-envolveu-villas-boas-e-rui-costa","status":"publish","type":"post","link":"https:\/\/portaltela.pt\/desporto\/futebol\/2026\/04\/12\/varandas-apito-dourado-e-emails-desabafo-que-envolveu-villas-boas-e-rui-costa\/","title":{"rendered":"Varandas, Apito Dourado e emails: desabafo que envolveu Villas-Boas e Rui Costa"},"content":{"rendered":"<p>Frederico Varandas voltou a reagir este domingo aos eventos que envolvem Andr\u00e9 Villas-Boas, o caso do Apito Dourado e mensagens de email. O presidente do Sporting admitiu ter feito um pedido de desculpas a Villas-Boas, tal como este tinha alegado, mas revelou que recuou de uma reuni\u00e3o com os dois mandantes, Rui Costa e Ant\u00f3nio Salvador, que tinha sido sugerida.<\/p>\n<p>O conflito envolve a rela\u00e7\u00e3o entre Varandas, Villas-Boas e figuras ligadas ao futebol portugu\u00eas, num contexto j\u00e1 associado a acusa\u00e7\u00f5es e mensagens que vieram a p\u00fablico no \u00e2mbito do caso do Apito Dourado. A pol\u00e9mica ganhou contornos ao longo da \u00faltima semana, com declara\u00e7\u00f5es cruzadas entre as partes.<\/p>\n<p>Fontes pr\u00f3ximas do dossier indicam que a reuni\u00e3o mencionada, que reuniria Varandas, Villas-Boas, Rui Costa e Ant\u00f3nio Salvador, n\u00e3o avan\u00e7ou, deixada em aberto devido a dificuldades log\u00edsticas e a diverg\u00eancias de tom entre os intervenientes. N\u00e3o h\u00e1 confirma\u00e7\u00e3o de novas datas para esse encontro.<\/p>\n<p>Informa\u00e7\u00e3o dispon\u00edvel aponta ainda para que o foco medi\u00e1tico se tenha deslocado para a leitura de emails e para a forma como as mensagens foram utilizadas no debate p\u00fablico sobre o cheirinho de corrup\u00e7\u00e3o no desporto. As implica\u00e7\u00f5es pol\u00edticas e institucionais permanecem em an\u00e1lise pelos advogados e pelas entidades competentes.<\/p>\n<p>Paralelamente, as declara\u00e7\u00f5es de Varandas associam-se a uma resposta aos cr\u00edticos que questionam a forma como o caso tem sido conduzido pela dire\u00e7\u00e3o do Sporting e por advers\u00e1rios no panorama do futebol nacional. O objetivo, sublinha o presidente, \u00e9 esclarecer factos e restabelecer o \u00e2mbito institucional das institui\u00e7\u00f5es desportivas.<\/p>\n<p>Numa altura em que o tema continua a dominar o interesse p\u00fablico, o Sporting n\u00e3o divulgou novos desenvolvimentos oficiais para j\u00e1, mantendo o sil\u00eancio sobre poss\u00edveis outras reuni\u00f5es ou comunicados relativos ao assunto.<\/p>\n","protected":false},"excerpt":{"rendered":"<ul>\n<li>Frederico Varandas admitiu ter pedido desculpas a Andr\u00e9 Villas-Boas, conforme o dirigente do FC Porto tinha avan\u00e7ado.<\/li>\n<li>O presidente do Sporting recuou tamb\u00e9m sobre ter participado numa reuni\u00e3o com Villas-Boas, Rui Costa e Ant\u00f3nio Salvador, deixando um desafio no ar.<\/li>\n<li>A reuni\u00e3o em causa ter\u00e1 ocorrido antes da visita da equipa de andebol ao Drag\u00e3o Arena.<\/li>\n<li>O tema envolve o desabafo com liga\u00e7\u00f5es ao caso Apito Dourado e aos emails que ter\u00e3o envolvido Villas-Boas e Rui Costa.<\/li>\n<li>A pol\u00e9mica envolve, al\u00e9m de Varandas, os nomes de Villas-Boas, Rui Costa e Ant\u00f3nio Salvador, com foco no conte\u00fado das mensagens.<\/li>\n<\/ul>\n","protected":false},"author":2,"featured_media":441376,"comment_status":"closed","ping_status":"closed","sticky":false,"template":"","format":"standard","meta":{"footnotes":""},"categories":[21,24],"tags":[7902,7755,83,1469,195,2832],"class_list":["post-441369","post","type-post","status-publish","format-standard","has-post-thumbnail","hentry","category-desporto","category-futebol","tag-_desporto","tag-_futebol","tag-corrupcao","tag-desinformacao","tag-informacao","tag-politica"],"yoast_head":"<!-- This site is optimized with the Yoast SEO plugin v27.2 - https:\/\/yoast.com\/product\/yoast-seo-wordpress\/ -->\n<title>Varandas, Apito Dourado e emails: desabafo que envolveu Villas-Boas e Rui Costa - Portal Tela Portugal<\/title>\n<meta name=\"robots\" content=\"index, follow, max-snippet:-1, max-image-preview:large, max-video-preview:-1\" \/>\n<meta property=\"og:locale\" content=\"pt_PT\" \/>\n<meta property=\"og:type\" content=\"article\" \/>\n<meta property=\"og:title\" content=\"Varandas, Apito Dourado e emails: desabafo que envolveu Villas-Boas e Rui Costa - Portal Tela Portugal\" \/>\n<meta property=\"og:description\" content=\"Frederico Varandas admitiu ter pedido desculpas a Andr\u00e9 Villas-Boas, conforme o dirigente do FC Porto tinha avan\u00e7ado. O presidente do Sporting recuou tamb\u00e9m sobre ter participado numa reuni\u00e3o com Villas-Boas, Rui Costa e Ant\u00f3nio Salvador, deixando um desafio no ar. A reuni\u00e3o em causa ter\u00e1 ocorrido antes da visita da equipa de andebol ao Drag\u00e3o Arena. O tema envolve o desabafo com liga\u00e7\u00f5es ao caso Apito Dourado e aos emails que ter\u00e3o envolvido Villas-Boas e Rui Costa. A pol\u00e9mica envolve, al\u00e9m de Varandas, os nomes de Villas-Boas, Rui Costa e Ant\u00f3nio Salvador, com foco no conte\u00fado das mensagens.\" \/>\n<meta property=\"og:url\" content=\"https:\/\/portaltela.pt\/noticias\/2026\/04\/12\/varandas-apito-dourado-e-emails-desabafo-que-envolveu-villas-boas-e-rui-costa\/\" \/>\n<meta property=\"og:site_name\" content=\"Portal Tela Portugal\" \/>\n<meta property=\"article:published_time\" content=\"2026-04-12T13:17:03+00:00\" \/>\n<meta name=\"author\" content=\"Telinha\" \/>\n<meta name=\"twitter:card\" content=\"summary_large_image\" \/>\n<meta name=\"twitter:label1\" content=\"Escrito por\" \/>\n\t<meta name=\"twitter:data1\" content=\"Telinha\" \/>\n\t<meta name=\"twitter:label2\" content=\"Tempo estimado de leitura\" \/>\n\t<meta name=\"twitter:data2\" content=\"2 minutos\" \/>\n<script type=\"application\/ld+json\" class=\"yoast-schema-graph\">{\"@context\":\"https:\/\/schema.org\",\"@graph\":[{\"@type\":\"Article\",\"@id\":\"https:\/\/portaltela.pt\/noticias\/2026\/04\/12\/varandas-apito-dourado-e-emails-desabafo-que-envolveu-villas-boas-e-rui-costa\/#article\",\"isPartOf\":{\"@id\":\"https:\/\/portaltela.pt\/noticias\/2026\/04\/12\/varandas-apito-dourado-e-emails-desabafo-que-envolveu-villas-boas-e-rui-costa\/\"},\"author\":{\"name\":\"Telinha\",\"@id\":\"https:\/\/portaltela.pt\/#\/schema\/person\/c4278d4a6028830caff9ee44b42d32ed\"},\"headline\":\"Varandas, Apito Dourado e emails: desabafo que envolveu Villas-Boas e Rui Costa\",\"datePublished\":\"2026-04-12T13:17:03+00:00\",\"mainEntityOfPage\":{\"@id\":\"https:\/\/portaltela.pt\/noticias\/2026\/04\/12\/varandas-apito-dourado-e-emails-desabafo-que-envolveu-villas-boas-e-rui-costa\/\"},\"wordCount\":330,\"image\":{\"@id\":\"https:\/\/portaltela.pt\/noticias\/2026\/04\/12\/varandas-apito-dourado-e-emails-desabafo-que-envolveu-villas-boas-e-rui-costa\/#primaryimage\"},\"thumbnailUrl\":\"https:\/\/portaltela.pt\/s.01k8rhncp4jt1\/2026\/04\/img_1200x721uu2026-04-12-14-05-33-2432563.jpg\",\"keywords\":[\"_desporto\",\"_futebol\",\"corrup\u00e7\u00e3o\",\"desinforma\u00e7\u00e3o\",\"informa\u00e7\u00e3o\",\"pol\u00edtica\"],\"articleSection\":[\"Desporto\",\"Futebol\"],\"inLanguage\":\"pt-PT\"},{\"@type\":\"WebPage\",\"@id\":\"https:\/\/portaltela.pt\/noticias\/2026\/04\/12\/varandas-apito-dourado-e-emails-desabafo-que-envolveu-villas-boas-e-rui-costa\/\",\"url\":\"https:\/\/portaltela.pt\/noticias\/2026\/04\/12\/varandas-apito-dourado-e-emails-desabafo-que-envolveu-villas-boas-e-rui-costa\/\",\"name\":\"Varandas, Apito Dourado e emails: desabafo que envolveu Villas-Boas e Rui Costa - Portal Tela Portugal\",\"isPartOf\":{\"@id\":\"https:\/\/portaltela.pt\/#website\"},\"primaryImageOfPage\":{\"@id\":\"https:\/\/portaltela.pt\/noticias\/2026\/04\/12\/varandas-apito-dourado-e-emails-desabafo-que-envolveu-villas-boas-e-rui-costa\/#primaryimage\"},\"image\":{\"@id\":\"https:\/\/portaltela.pt\/noticias\/2026\/04\/12\/varandas-apito-dourado-e-emails-desabafo-que-envolveu-villas-boas-e-rui-costa\/#primaryimage\"},\"thumbnailUrl\":\"https:\/\/portaltela.pt\/s.01k8rhncp4jt1\/2026\/04\/img_1200x721uu2026-04-12-14-05-33-2432563.jpg\",\"datePublished\":\"2026-04-12T13:17:03+00:00\",\"author\":{\"@id\":\"https:\/\/portaltela.pt\/#\/schema\/person\/c4278d4a6028830caff9ee44b42d32ed\"},\"breadcrumb\":{\"@id\":\"https:\/\/portaltela.pt\/noticias\/2026\/04\/12\/varandas-apito-dourado-e-emails-desabafo-que-envolveu-villas-boas-e-rui-costa\/#breadcrumb\"},\"inLanguage\":\"pt-PT\",\"potentialAction\":[{\"@type\":\"ReadAction\",\"target\":[\"https:\/\/portaltela.pt\/noticias\/2026\/04\/12\/varandas-apito-dourado-e-emails-desabafo-que-envolveu-villas-boas-e-rui-costa\/\"]}]},{\"@type\":\"ImageObject\",\"inLanguage\":\"pt-PT\",\"@id\":\"https:\/\/portaltela.pt\/noticias\/2026\/04\/12\/varandas-apito-dourado-e-emails-desabafo-que-envolveu-villas-boas-e-rui-costa\/#primaryimage\",\"url\":\"https:\/\/portaltela.pt\/s.01k8rhncp4jt1\/2026\/04\/img_1200x721uu2026-04-12-14-05-33-2432563.jpg\",\"contentUrl\":\"https:\/\/portaltela.pt\/s.01k8rhncp4jt1\/2026\/04\/img_1200x721uu2026-04-12-14-05-33-2432563.jpg\",\"width\":796,\"height\":448,\"caption\":\"Varandas, o Apito Dourado e o caso dos emails: as revela\u00e7\u00f5es sobre desabafo que envolveu Villas-Boas e Rui Costa\"},{\"@type\":\"BreadcrumbList\",\"@id\":\"https:\/\/portaltela.pt\/noticias\/2026\/04\/12\/varandas-apito-dourado-e-emails-desabafo-que-envolveu-villas-boas-e-rui-costa\/#breadcrumb\",\"itemListElement\":[{\"@type\":\"ListItem\",\"position\":1,\"name\":\"In\u00edcio\",\"item\":\"https:\/\/portaltela.pt\/\"},{\"@type\":\"ListItem\",\"position\":2,\"name\":\"Varandas, Apito Dourado e emails: desabafo que envolveu Villas-Boas e Rui Costa\"}]},{\"@type\":\"WebSite\",\"@id\":\"https:\/\/portaltela.pt\/#website\",\"url\":\"https:\/\/portaltela.pt\/\",\"name\":\"Portal Tela Portugal\",\"description\":\"\",\"potentialAction\":[{\"@type\":\"SearchAction\",\"target\":{\"@type\":\"EntryPoint\",\"urlTemplate\":\"https:\/\/portaltela.pt\/?s={search_term_string}\"},\"query-input\":{\"@type\":\"PropertyValueSpecification\",\"valueRequired\":true,\"valueName\":\"search_term_string\"}}],\"inLanguage\":\"pt-PT\"},{\"@type\":\"Person\",\"@id\":\"https:\/\/portaltela.pt\/#\/schema\/person\/c4278d4a6028830caff9ee44b42d32ed\",\"name\":\"Telinha\",\"image\":{\"@type\":\"ImageObject\",\"inLanguage\":\"pt-PT\",\"@id\":\"https:\/\/portaltela.pt\/s.01k8rhncp4jt1\/2025\/11\/talking-bot-125x125.png\",\"url\":\"https:\/\/portaltela.pt\/s.01k8rhncp4jt1\/2025\/11\/talking-bot-125x125.png\",\"contentUrl\":\"https:\/\/portaltela.pt\/s.01k8rhncp4jt1\/2025\/11\/talking-bot-125x125.png\",\"caption\":\"Telinha\"},\"sameAs\":[\"https:\/\/portaltela.pt\/\"],\"url\":\"https:\/\/portaltela.pt\/por\/367410592786\/\"}]}<\/script>\n<!-- \/ Yoast SEO plugin. -->","yoast_head_json":{"title":"Varandas, Apito Dourado e emails: desabafo que envolveu Villas-Boas e Rui Costa - Portal Tela Portugal","robots":{"index":"index","follow":"follow","max-snippet":"max-snippet:-1","max-image-preview":"max-image-preview:large","max-video-preview":"max-video-preview:-1"},"og_locale":"pt_PT","og_type":"article","og_title":"Varandas, Apito Dourado e emails: desabafo que envolveu Villas-Boas e Rui Costa - Portal Tela Portugal","og_description":"Frederico Varandas admitiu ter pedido desculpas a Andr\u00e9 Villas-Boas, conforme o dirigente do FC Porto tinha avan\u00e7ado. O presidente do Sporting recuou tamb\u00e9m sobre ter participado numa reuni\u00e3o com Villas-Boas, Rui Costa e Ant\u00f3nio Salvador, deixando um desafio no ar. A reuni\u00e3o em causa ter\u00e1 ocorrido antes da visita da equipa de andebol ao Drag\u00e3o Arena. O tema envolve o desabafo com liga\u00e7\u00f5es ao caso Apito Dourado e aos emails que ter\u00e3o envolvido Villas-Boas e Rui Costa. A pol\u00e9mica envolve, al\u00e9m de Varandas, os nomes de Villas-Boas, Rui Costa e Ant\u00f3nio Salvador, com foco no conte\u00fado das mensagens.","og_url":"https:\/\/portaltela.pt\/noticias\/2026\/04\/12\/varandas-apito-dourado-e-emails-desabafo-que-envolveu-villas-boas-e-rui-costa\/","og_site_name":"Portal Tela Portugal","article_published_time":"2026-04-12T13:17:03+00:00","author":"Telinha","twitter_card":"summary_large_image","twitter_misc":{"Escrito por":"Telinha","Tempo estimado de leitura":"2 minutos"},"schema":{"@context":"https:\/\/schema.org","@graph":[{"@type":"Article","@id":"https:\/\/portaltela.pt\/noticias\/2026\/04\/12\/varandas-apito-dourado-e-emails-desabafo-que-envolveu-villas-boas-e-rui-costa\/#article","isPartOf":{"@id":"https:\/\/portaltela.pt\/noticias\/2026\/04\/12\/varandas-apito-dourado-e-emails-desabafo-que-envolveu-villas-boas-e-rui-costa\/"},"author":{"name":"Telinha","@id":"https:\/\/portaltela.pt\/#\/schema\/person\/c4278d4a6028830caff9ee44b42d32ed"},"headline":"Varandas, Apito Dourado e emails: desabafo que envolveu Villas-Boas e Rui Costa","datePublished":"2026-04-12T13:17:03+00:00","mainEntityOfPage":{"@id":"https:\/\/portaltela.pt\/noticias\/2026\/04\/12\/varandas-apito-dourado-e-emails-desabafo-que-envolveu-villas-boas-e-rui-costa\/"},"wordCount":330,"image":{"@id":"https:\/\/portaltela.pt\/noticias\/2026\/04\/12\/varandas-apito-dourado-e-emails-desabafo-que-envolveu-villas-boas-e-rui-costa\/#primaryimage"},"thumbnailUrl":"https:\/\/portaltela.pt\/s.01k8rhncp4jt1\/2026\/04\/img_1200x721uu2026-04-12-14-05-33-2432563.jpg","keywords":["_desporto","_futebol","corrup\u00e7\u00e3o","desinforma\u00e7\u00e3o","informa\u00e7\u00e3o","pol\u00edtica"],"articleSection":["Desporto","Futebol"],"inLanguage":"pt-PT"},{"@type":"WebPage","@id":"https:\/\/portaltela.pt\/noticias\/2026\/04\/12\/varandas-apito-dourado-e-emails-desabafo-que-envolveu-villas-boas-e-rui-costa\/","url":"https:\/\/portaltela.pt\/noticias\/2026\/04\/12\/varandas-apito-dourado-e-emails-desabafo-que-envolveu-villas-boas-e-rui-costa\/","name":"Varandas, Apito Dourado e emails: desabafo que envolveu Villas-Boas e Rui Costa - Portal Tela Portugal","isPartOf":{"@id":"https:\/\/portaltela.pt\/#website"},"primaryImageOfPage":{"@id":"https:\/\/portaltela.pt\/noticias\/2026\/04\/12\/varandas-apito-dourado-e-emails-desabafo-que-envolveu-villas-boas-e-rui-costa\/#primaryimage"},"image":{"@id":"https:\/\/portaltela.pt\/noticias\/2026\/04\/12\/varandas-apito-dourado-e-emails-desabafo-que-envolveu-villas-boas-e-rui-costa\/#primaryimage"},"thumbnailUrl":"https:\/\/portaltela.pt\/s.01k8rhncp4jt1\/2026\/04\/img_1200x721uu2026-04-12-14-05-33-2432563.jpg","datePublished":"2026-04-12T13:17:03+00:00","author":{"@id":"https:\/\/portaltela.pt\/#\/schema\/person\/c4278d4a6028830caff9ee44b42d32ed"},"breadcrumb":{"@id":"https:\/\/portaltela.pt\/noticias\/2026\/04\/12\/varandas-apito-dourado-e-emails-desabafo-que-envolveu-villas-boas-e-rui-costa\/#breadcrumb"},"inLanguage":"pt-PT","potentialAction":[{"@type":"ReadAction","target":["https:\/\/portaltela.pt\/noticias\/2026\/04\/12\/varandas-apito-dourado-e-emails-desabafo-que-envolveu-villas-boas-e-rui-costa\/"]}]},{"@type":"ImageObject","inLanguage":"pt-PT","@id":"https:\/\/portaltela.pt\/noticias\/2026\/04\/12\/varandas-apito-dourado-e-emails-desabafo-que-envolveu-villas-boas-e-rui-costa\/#primaryimage","url":"https:\/\/portaltela.pt\/s.01k8rhncp4jt1\/2026\/04\/img_1200x721uu2026-04-12-14-05-33-2432563.jpg","contentUrl":"https:\/\/portaltela.pt\/s.01k8rhncp4jt1\/2026\/04\/img_1200x721uu2026-04-12-14-05-33-2432563.jpg","width":796,"height":448,"caption":"Varandas, o Apito Dourado e o caso dos emails: as revela\u00e7\u00f5es sobre desabafo que envolveu Villas-Boas e Rui Costa"},{"@type":"BreadcrumbList","@id":"https:\/\/portaltela.pt\/noticias\/2026\/04\/12\/varandas-apito-dourado-e-emails-desabafo-que-envolveu-villas-boas-e-rui-costa\/#breadcrumb","itemListElement":[{"@type":"ListItem","position":1,"name":"In\u00edcio","item":"https:\/\/portaltela.pt\/"},{"@type":"ListItem","position":2,"name":"Varandas, Apito Dourado e emails: desabafo que envolveu Villas-Boas e Rui Costa"}]},{"@type":"WebSite","@id":"https:\/\/portaltela.pt\/#website","url":"https:\/\/portaltela.pt\/","name":"Portal Tela Portugal","description":"","potentialAction":[{"@type":"SearchAction","target":{"@type":"EntryPoint","urlTemplate":"https:\/\/portaltela.pt\/?s={search_term_string}"},"query-input":{"@type":"PropertyValueSpecification","valueRequired":true,"valueName":"search_term_string"}}],"inLanguage":"pt-PT"},{"@type":"Person","@id":"https:\/\/portaltela.pt\/#\/schema\/person\/c4278d4a6028830caff9ee44b42d32ed","name":"Telinha","image":{"@type":"ImageObject","inLanguage":"pt-PT","@id":"https:\/\/portaltela.pt\/s.01k8rhncp4jt1\/2025\/11\/talking-bot-125x125.png","url":"https:\/\/portaltela.pt\/s.01k8rhncp4jt1\/2025\/11\/talking-bot-125x125.png","contentUrl":"https:\/\/portaltela.pt\/s.01k8rhncp4jt1\/2025\/11\/talking-bot-125x125.png","caption":"Telinha"},"sameAs":["https:\/\/portaltela.pt\/"],"url":"https:\/\/portaltela.pt\/por\/367410592786\/"}]}},"_links":{"self":[{"href":"https:\/\/portaltela.pt\/api\/wp\/v2\/posts\/441369","targetHints":{"allow":["GET"]}}],"collection":[{"href":"https:\/\/portaltela.pt\/api\/wp\/v2\/posts"}],"about":[{"href":"https:\/\/portaltela.pt\/api\/wp\/v2\/types\/post"}],"author":[{"embeddable":true,"href":"https:\/\/portaltela.pt\/api\/wp\/v2\/users\/2"}],"replies":[{"embeddable":true,"href":"https:\/\/portaltela.pt\/api\/wp\/v2\/comments?post=441369"}],"version-history":[{"count":0,"href":"https:\/\/portaltela.pt\/api\/wp\/v2\/posts\/441369\/revisions"}],"wp:featuredmedia":[{"embeddable":true,"href":"https:\/\/portaltela.pt\/api\/wp\/v2\/media\/441376"}],"wp:attachment":[{"href":"https:\/\/portaltela.pt\/api\/wp\/v2\/media?parent=441369"}],"wp:term":[{"taxonomy":"category","embeddable":true,"href":"https:\/\/portaltela.pt\/api\/wp\/v2\/categories?post=441369"},{"taxonomy":"post_tag","embeddable":true,"href":"https:\/\/portaltela.pt\/api\/wp\/v2\/tags?post=441369"}],"curies":[{"name":"wp","href":"https:\/\/api.w.org\/{rel}","templated":true}]}}