{"id":441353,"date":"2026-04-12T10:02:05","date_gmt":"2026-04-12T13:02:05","guid":{"rendered":"https:\/\/portaltela.pt\/noticias\/2026\/04\/12\/varandas-questiona-villas-boas-sobre-dizer-que-o-apito-dourado-foi-uma-vergonha\/"},"modified":"2026-04-12T10:02:05","modified_gmt":"2026-04-12T13:02:05","slug":"varandas-questiona-villas-boas-sobre-dizer-que-o-apito-dourado-foi-uma-vergonha","status":"publish","type":"post","link":"https:\/\/portaltela.pt\/desporto\/futebol\/2026\/04\/12\/varandas-questiona-villas-boas-sobre-dizer-que-o-apito-dourado-foi-uma-vergonha\/","title":{"rendered":"Varandas questiona Villas-Boas sobre dizer que o Apito Dourado foi uma vergonha"},"content":{"rendered":"<p>Frederico Varandas, presidente do Sporting, respondeu hoje \u00e0s afirma\u00e7\u00f5es de Andr\u00e9 Villas-Boas sobre um suposto pedido de desculpas do l\u00edder do Porto. A interven\u00e7\u00e3o ocorreu no \u00e2mbito de um torneio em homenagem a Aur\u00e9lio Pereira, em Alvalade, este domingo, e foi feita em declara\u00e7\u00f5es \u00e0 imprensa.<\/p>\n<p>O dirigente do Sporting recordou um momento ocorrido h\u00e1 cerca de um ano, durante as elei\u00e7\u00f5es para a presid\u00eancia da Liga. Na ocasi\u00e3o, num encontro entre os quatro principais clubes com representantes, Villas-Boas ter\u00e1 colocado que a verdade desportiva exige m\u00e3o firme em casos de justi\u00e7a desportiva, mencionando o Apito Dourado e outros casos.<\/p>\n<p>Segundo Varandas, Villas-Boas insistiu que a Liga n\u00e3o deveria permitir determinados epis\u00f3dios, destacando o caso do Apito Dourado para o FC Porto e, em paralelo, o caso dos e-mails do Benfica, referenciado pelo grupo na altura.<\/p>\n<p>Varandas questionou publicamente se Villas-Boas manteria o mesmo posicionamento caso tivesse de o tornar p\u00fablico, sugerindo que o tema voltaria a representar um momento de vergonha para o futebol portugu\u00eas, tal como descrito na reuni\u00e3o com os outros presidentes.<\/p>\n<p>A interven\u00e7\u00e3o ocorre num contexto de discuss\u00f5es sobre a transpar\u00eancia e a integridade no futebol, com o foco nas liga\u00e7\u00f5es entre clubes e a condu\u00e7\u00e3o de casos disciplinares. Varandas n\u00e3o adiantou novidades sobre a\u00e7\u00f5es futuras.<\/p>\n","protected":false},"excerpt":{"rendered":"<ul>\n<li>Frederico Varandas, presidente do Sporting, respondeu \u00e0s afirma\u00e7\u00f5es de Andr\u00e9 Villas-Boas sobre o Apito Dourado.<\/li>\n<li>Questionou se Villas-Boas tamb\u00e9m diria publicamente que o Apito Dourado \u00e9 uma vergonha para o futebol portugu\u00eas.<\/li>\n<li>A interven\u00e7\u00e3o ocorreu em Alvalade, durante um torneio em homenagem a Aur\u00e9lio Pereira.<\/li>\n<li>O tema remete a uma conversa durante a entrevista dos quatro clubes a candidatos \u00e0 presid\u00eancia da Liga, hoje liderada por Reinaldo Teixeira.<\/li>\n<li>Varandas relembrou o epis\u00f3dio em Gaia, onde Villas-Boas afirmou que casos como o Apito Dourado s\u00e3o uma vergonha e pediu m\u00e3o firme da Liga.<\/li>\n<\/ul>\n","protected":false},"author":2,"featured_media":441356,"comment_status":"closed","ping_status":"closed","sticky":false,"template":"","format":"standard","meta":{"footnotes":""},"categories":[21,24],"tags":[7902,7182,32,1786,982,332],"class_list":["post-441353","post","type-post","status-publish","format-standard","has-post-thumbnail","hentry","category-desporto","category-futebol","tag-_desporto","tag-disciplinas","tag-futebol","tag-liga","tag-porto","tag-transparencia"],"yoast_head":"<!-- This site is optimized with the Yoast SEO plugin v27.2 - https:\/\/yoast.com\/product\/yoast-seo-wordpress\/ -->\n<title>Varandas questiona Villas-Boas sobre dizer que o Apito Dourado foi uma vergonha - Portal Tela Portugal<\/title>\n<meta name=\"robots\" content=\"index, follow, max-snippet:-1, max-image-preview:large, max-video-preview:-1\" \/>\n<meta property=\"og:locale\" content=\"pt_PT\" \/>\n<meta property=\"og:type\" content=\"article\" \/>\n<meta property=\"og:title\" content=\"Varandas questiona Villas-Boas sobre dizer que o Apito Dourado foi uma vergonha - Portal Tela Portugal\" \/>\n<meta property=\"og:description\" content=\"Frederico Varandas, presidente do Sporting, respondeu \u00e0s afirma\u00e7\u00f5es de Andr\u00e9 Villas-Boas sobre o Apito Dourado. Questionou se Villas-Boas tamb\u00e9m diria publicamente que o Apito Dourado \u00e9 uma vergonha para o futebol portugu\u00eas. A interven\u00e7\u00e3o ocorreu em Alvalade, durante um torneio em homenagem a Aur\u00e9lio Pereira. O tema remete a uma conversa durante a entrevista dos quatro clubes a candidatos \u00e0 presid\u00eancia da Liga, hoje liderada por Reinaldo Teixeira. Varandas relembrou o epis\u00f3dio em Gaia, onde Villas-Boas afirmou que casos como o Apito Dourado s\u00e3o uma vergonha e pediu m\u00e3o firme da Liga.\" \/>\n<meta property=\"og:url\" content=\"https:\/\/portaltela.pt\/noticias\/2026\/04\/12\/varandas-questiona-villas-boas-sobre-dizer-que-o-apito-dourado-foi-uma-vergonha\/\" \/>\n<meta property=\"og:site_name\" content=\"Portal Tela Portugal\" \/>\n<meta property=\"article:published_time\" content=\"2026-04-12T13:02:05+00:00\" \/>\n<meta name=\"author\" content=\"Telinha\" \/>\n<meta name=\"twitter:card\" content=\"summary_large_image\" \/>\n<meta name=\"twitter:label1\" content=\"Escrito por\" \/>\n\t<meta name=\"twitter:data1\" content=\"Telinha\" \/>\n\t<meta name=\"twitter:label2\" content=\"Tempo estimado de leitura\" \/>\n\t<meta name=\"twitter:data2\" content=\"1 minuto\" \/>\n<script type=\"application\/ld+json\" class=\"yoast-schema-graph\">{\"@context\":\"https:\/\/schema.org\",\"@graph\":[{\"@type\":\"Article\",\"@id\":\"https:\/\/portaltela.pt\/noticias\/2026\/04\/12\/varandas-questiona-villas-boas-sobre-dizer-que-o-apito-dourado-foi-uma-vergonha\/#article\",\"isPartOf\":{\"@id\":\"https:\/\/portaltela.pt\/noticias\/2026\/04\/12\/varandas-questiona-villas-boas-sobre-dizer-que-o-apito-dourado-foi-uma-vergonha\/\"},\"author\":{\"name\":\"Telinha\",\"@id\":\"https:\/\/portaltela.pt\/#\/schema\/person\/c4278d4a6028830caff9ee44b42d32ed\"},\"headline\":\"Varandas questiona Villas-Boas sobre dizer que o Apito Dourado foi uma vergonha\",\"datePublished\":\"2026-04-12T13:02:05+00:00\",\"mainEntityOfPage\":{\"@id\":\"https:\/\/portaltela.pt\/noticias\/2026\/04\/12\/varandas-questiona-villas-boas-sobre-dizer-que-o-apito-dourado-foi-uma-vergonha\/\"},\"wordCount\":243,\"image\":{\"@id\":\"https:\/\/portaltela.pt\/noticias\/2026\/04\/12\/varandas-questiona-villas-boas-sobre-dizer-que-o-apito-dourado-foi-uma-vergonha\/#primaryimage\"},\"thumbnailUrl\":\"https:\/\/portaltela.pt\/s.01k8rhncp4jt1\/2026\/04\/img_920x518uu2026-04-12-13-52-07-2432560.jpg\",\"keywords\":[\"_desporto\",\"disciplinas\",\"futebol\",\"Liga\",\"Porto\",\"transpar\u00eancia\"],\"articleSection\":[\"Desporto\",\"Futebol\"],\"inLanguage\":\"pt-PT\"},{\"@type\":\"WebPage\",\"@id\":\"https:\/\/portaltela.pt\/noticias\/2026\/04\/12\/varandas-questiona-villas-boas-sobre-dizer-que-o-apito-dourado-foi-uma-vergonha\/\",\"url\":\"https:\/\/portaltela.pt\/noticias\/2026\/04\/12\/varandas-questiona-villas-boas-sobre-dizer-que-o-apito-dourado-foi-uma-vergonha\/\",\"name\":\"Varandas questiona Villas-Boas sobre dizer que o Apito Dourado foi uma vergonha - Portal Tela Portugal\",\"isPartOf\":{\"@id\":\"https:\/\/portaltela.pt\/#website\"},\"primaryImageOfPage\":{\"@id\":\"https:\/\/portaltela.pt\/noticias\/2026\/04\/12\/varandas-questiona-villas-boas-sobre-dizer-que-o-apito-dourado-foi-uma-vergonha\/#primaryimage\"},\"image\":{\"@id\":\"https:\/\/portaltela.pt\/noticias\/2026\/04\/12\/varandas-questiona-villas-boas-sobre-dizer-que-o-apito-dourado-foi-uma-vergonha\/#primaryimage\"},\"thumbnailUrl\":\"https:\/\/portaltela.pt\/s.01k8rhncp4jt1\/2026\/04\/img_920x518uu2026-04-12-13-52-07-2432560.jpg\",\"datePublished\":\"2026-04-12T13:02:05+00:00\",\"author\":{\"@id\":\"https:\/\/portaltela.pt\/#\/schema\/person\/c4278d4a6028830caff9ee44b42d32ed\"},\"breadcrumb\":{\"@id\":\"https:\/\/portaltela.pt\/noticias\/2026\/04\/12\/varandas-questiona-villas-boas-sobre-dizer-que-o-apito-dourado-foi-uma-vergonha\/#breadcrumb\"},\"inLanguage\":\"pt-PT\",\"potentialAction\":[{\"@type\":\"ReadAction\",\"target\":[\"https:\/\/portaltela.pt\/noticias\/2026\/04\/12\/varandas-questiona-villas-boas-sobre-dizer-que-o-apito-dourado-foi-uma-vergonha\/\"]}]},{\"@type\":\"ImageObject\",\"inLanguage\":\"pt-PT\",\"@id\":\"https:\/\/portaltela.pt\/noticias\/2026\/04\/12\/varandas-questiona-villas-boas-sobre-dizer-que-o-apito-dourado-foi-uma-vergonha\/#primaryimage\",\"url\":\"https:\/\/portaltela.pt\/s.01k8rhncp4jt1\/2026\/04\/img_920x518uu2026-04-12-13-52-07-2432560.jpg\",\"contentUrl\":\"https:\/\/portaltela.pt\/s.01k8rhncp4jt1\/2026\/04\/img_920x518uu2026-04-12-13-52-07-2432560.jpg\",\"width\":796,\"height\":448,\"caption\":\"Frederico Varandas, presidente do Sporting, durante discurso\"},{\"@type\":\"BreadcrumbList\",\"@id\":\"https:\/\/portaltela.pt\/noticias\/2026\/04\/12\/varandas-questiona-villas-boas-sobre-dizer-que-o-apito-dourado-foi-uma-vergonha\/#breadcrumb\",\"itemListElement\":[{\"@type\":\"ListItem\",\"position\":1,\"name\":\"In\u00edcio\",\"item\":\"https:\/\/portaltela.pt\/\"},{\"@type\":\"ListItem\",\"position\":2,\"name\":\"Varandas questiona Villas-Boas sobre dizer que o Apito Dourado foi uma vergonha\"}]},{\"@type\":\"WebSite\",\"@id\":\"https:\/\/portaltela.pt\/#website\",\"url\":\"https:\/\/portaltela.pt\/\",\"name\":\"Portal Tela Portugal\",\"description\":\"\",\"potentialAction\":[{\"@type\":\"SearchAction\",\"target\":{\"@type\":\"EntryPoint\",\"urlTemplate\":\"https:\/\/portaltela.pt\/?s={search_term_string}\"},\"query-input\":{\"@type\":\"PropertyValueSpecification\",\"valueRequired\":true,\"valueName\":\"search_term_string\"}}],\"inLanguage\":\"pt-PT\"},{\"@type\":\"Person\",\"@id\":\"https:\/\/portaltela.pt\/#\/schema\/person\/c4278d4a6028830caff9ee44b42d32ed\",\"name\":\"Telinha\",\"image\":{\"@type\":\"ImageObject\",\"inLanguage\":\"pt-PT\",\"@id\":\"https:\/\/portaltela.pt\/s.01k8rhncp4jt1\/2025\/11\/talking-bot-125x125.png\",\"url\":\"https:\/\/portaltela.pt\/s.01k8rhncp4jt1\/2025\/11\/talking-bot-125x125.png\",\"contentUrl\":\"https:\/\/portaltela.pt\/s.01k8rhncp4jt1\/2025\/11\/talking-bot-125x125.png\",\"caption\":\"Telinha\"},\"sameAs\":[\"https:\/\/portaltela.pt\/\"],\"url\":\"https:\/\/portaltela.pt\/por\/367410592786\/\"}]}<\/script>\n<!-- \/ Yoast SEO plugin. -->","yoast_head_json":{"title":"Varandas questiona Villas-Boas sobre dizer que o Apito Dourado foi uma vergonha - Portal Tela Portugal","robots":{"index":"index","follow":"follow","max-snippet":"max-snippet:-1","max-image-preview":"max-image-preview:large","max-video-preview":"max-video-preview:-1"},"og_locale":"pt_PT","og_type":"article","og_title":"Varandas questiona Villas-Boas sobre dizer que o Apito Dourado foi uma vergonha - Portal Tela Portugal","og_description":"Frederico Varandas, presidente do Sporting, respondeu \u00e0s afirma\u00e7\u00f5es de Andr\u00e9 Villas-Boas sobre o Apito Dourado. Questionou se Villas-Boas tamb\u00e9m diria publicamente que o Apito Dourado \u00e9 uma vergonha para o futebol portugu\u00eas. A interven\u00e7\u00e3o ocorreu em Alvalade, durante um torneio em homenagem a Aur\u00e9lio Pereira. O tema remete a uma conversa durante a entrevista dos quatro clubes a candidatos \u00e0 presid\u00eancia da Liga, hoje liderada por Reinaldo Teixeira. Varandas relembrou o epis\u00f3dio em Gaia, onde Villas-Boas afirmou que casos como o Apito Dourado s\u00e3o uma vergonha e pediu m\u00e3o firme da Liga.","og_url":"https:\/\/portaltela.pt\/noticias\/2026\/04\/12\/varandas-questiona-villas-boas-sobre-dizer-que-o-apito-dourado-foi-uma-vergonha\/","og_site_name":"Portal Tela Portugal","article_published_time":"2026-04-12T13:02:05+00:00","author":"Telinha","twitter_card":"summary_large_image","twitter_misc":{"Escrito por":"Telinha","Tempo estimado de leitura":"1 minuto"},"schema":{"@context":"https:\/\/schema.org","@graph":[{"@type":"Article","@id":"https:\/\/portaltela.pt\/noticias\/2026\/04\/12\/varandas-questiona-villas-boas-sobre-dizer-que-o-apito-dourado-foi-uma-vergonha\/#article","isPartOf":{"@id":"https:\/\/portaltela.pt\/noticias\/2026\/04\/12\/varandas-questiona-villas-boas-sobre-dizer-que-o-apito-dourado-foi-uma-vergonha\/"},"author":{"name":"Telinha","@id":"https:\/\/portaltela.pt\/#\/schema\/person\/c4278d4a6028830caff9ee44b42d32ed"},"headline":"Varandas questiona Villas-Boas sobre dizer que o Apito Dourado foi uma vergonha","datePublished":"2026-04-12T13:02:05+00:00","mainEntityOfPage":{"@id":"https:\/\/portaltela.pt\/noticias\/2026\/04\/12\/varandas-questiona-villas-boas-sobre-dizer-que-o-apito-dourado-foi-uma-vergonha\/"},"wordCount":243,"image":{"@id":"https:\/\/portaltela.pt\/noticias\/2026\/04\/12\/varandas-questiona-villas-boas-sobre-dizer-que-o-apito-dourado-foi-uma-vergonha\/#primaryimage"},"thumbnailUrl":"https:\/\/portaltela.pt\/s.01k8rhncp4jt1\/2026\/04\/img_920x518uu2026-04-12-13-52-07-2432560.jpg","keywords":["_desporto","disciplinas","futebol","Liga","Porto","transpar\u00eancia"],"articleSection":["Desporto","Futebol"],"inLanguage":"pt-PT"},{"@type":"WebPage","@id":"https:\/\/portaltela.pt\/noticias\/2026\/04\/12\/varandas-questiona-villas-boas-sobre-dizer-que-o-apito-dourado-foi-uma-vergonha\/","url":"https:\/\/portaltela.pt\/noticias\/2026\/04\/12\/varandas-questiona-villas-boas-sobre-dizer-que-o-apito-dourado-foi-uma-vergonha\/","name":"Varandas questiona Villas-Boas sobre dizer que o Apito Dourado foi uma vergonha - Portal Tela Portugal","isPartOf":{"@id":"https:\/\/portaltela.pt\/#website"},"primaryImageOfPage":{"@id":"https:\/\/portaltela.pt\/noticias\/2026\/04\/12\/varandas-questiona-villas-boas-sobre-dizer-que-o-apito-dourado-foi-uma-vergonha\/#primaryimage"},"image":{"@id":"https:\/\/portaltela.pt\/noticias\/2026\/04\/12\/varandas-questiona-villas-boas-sobre-dizer-que-o-apito-dourado-foi-uma-vergonha\/#primaryimage"},"thumbnailUrl":"https:\/\/portaltela.pt\/s.01k8rhncp4jt1\/2026\/04\/img_920x518uu2026-04-12-13-52-07-2432560.jpg","datePublished":"2026-04-12T13:02:05+00:00","author":{"@id":"https:\/\/portaltela.pt\/#\/schema\/person\/c4278d4a6028830caff9ee44b42d32ed"},"breadcrumb":{"@id":"https:\/\/portaltela.pt\/noticias\/2026\/04\/12\/varandas-questiona-villas-boas-sobre-dizer-que-o-apito-dourado-foi-uma-vergonha\/#breadcrumb"},"inLanguage":"pt-PT","potentialAction":[{"@type":"ReadAction","target":["https:\/\/portaltela.pt\/noticias\/2026\/04\/12\/varandas-questiona-villas-boas-sobre-dizer-que-o-apito-dourado-foi-uma-vergonha\/"]}]},{"@type":"ImageObject","inLanguage":"pt-PT","@id":"https:\/\/portaltela.pt\/noticias\/2026\/04\/12\/varandas-questiona-villas-boas-sobre-dizer-que-o-apito-dourado-foi-uma-vergonha\/#primaryimage","url":"https:\/\/portaltela.pt\/s.01k8rhncp4jt1\/2026\/04\/img_920x518uu2026-04-12-13-52-07-2432560.jpg","contentUrl":"https:\/\/portaltela.pt\/s.01k8rhncp4jt1\/2026\/04\/img_920x518uu2026-04-12-13-52-07-2432560.jpg","width":796,"height":448,"caption":"Frederico Varandas, presidente do Sporting, durante discurso"},{"@type":"BreadcrumbList","@id":"https:\/\/portaltela.pt\/noticias\/2026\/04\/12\/varandas-questiona-villas-boas-sobre-dizer-que-o-apito-dourado-foi-uma-vergonha\/#breadcrumb","itemListElement":[{"@type":"ListItem","position":1,"name":"In\u00edcio","item":"https:\/\/portaltela.pt\/"},{"@type":"ListItem","position":2,"name":"Varandas questiona Villas-Boas sobre dizer que o Apito Dourado foi uma vergonha"}]},{"@type":"WebSite","@id":"https:\/\/portaltela.pt\/#website","url":"https:\/\/portaltela.pt\/","name":"Portal Tela Portugal","description":"","potentialAction":[{"@type":"SearchAction","target":{"@type":"EntryPoint","urlTemplate":"https:\/\/portaltela.pt\/?s={search_term_string}"},"query-input":{"@type":"PropertyValueSpecification","valueRequired":true,"valueName":"search_term_string"}}],"inLanguage":"pt-PT"},{"@type":"Person","@id":"https:\/\/portaltela.pt\/#\/schema\/person\/c4278d4a6028830caff9ee44b42d32ed","name":"Telinha","image":{"@type":"ImageObject","inLanguage":"pt-PT","@id":"https:\/\/portaltela.pt\/s.01k8rhncp4jt1\/2025\/11\/talking-bot-125x125.png","url":"https:\/\/portaltela.pt\/s.01k8rhncp4jt1\/2025\/11\/talking-bot-125x125.png","contentUrl":"https:\/\/portaltela.pt\/s.01k8rhncp4jt1\/2025\/11\/talking-bot-125x125.png","caption":"Telinha"},"sameAs":["https:\/\/portaltela.pt\/"],"url":"https:\/\/portaltela.pt\/por\/367410592786\/"}]}},"_links":{"self":[{"href":"https:\/\/portaltela.pt\/api\/wp\/v2\/posts\/441353","targetHints":{"allow":["GET"]}}],"collection":[{"href":"https:\/\/portaltela.pt\/api\/wp\/v2\/posts"}],"about":[{"href":"https:\/\/portaltela.pt\/api\/wp\/v2\/types\/post"}],"author":[{"embeddable":true,"href":"https:\/\/portaltela.pt\/api\/wp\/v2\/users\/2"}],"replies":[{"embeddable":true,"href":"https:\/\/portaltela.pt\/api\/wp\/v2\/comments?post=441353"}],"version-history":[{"count":0,"href":"https:\/\/portaltela.pt\/api\/wp\/v2\/posts\/441353\/revisions"}],"wp:featuredmedia":[{"embeddable":true,"href":"https:\/\/portaltela.pt\/api\/wp\/v2\/media\/441356"}],"wp:attachment":[{"href":"https:\/\/portaltela.pt\/api\/wp\/v2\/media?parent=441353"}],"wp:term":[{"taxonomy":"category","embeddable":true,"href":"https:\/\/portaltela.pt\/api\/wp\/v2\/categories?post=441353"},{"taxonomy":"post_tag","embeddable":true,"href":"https:\/\/portaltela.pt\/api\/wp\/v2\/tags?post=441353"}],"curies":[{"name":"wp","href":"https:\/\/api.w.org\/{rel}","templated":true}]}}