{"id":441351,"date":"2026-04-12T10:02:04","date_gmt":"2026-04-12T13:02:04","guid":{"rendered":"https:\/\/portaltela.pt\/noticias\/2026\/04\/12\/sindicato-de-pilotos-marca-greve-de-dois-dias-na-lufthansa-segunda-e-terca\/"},"modified":"2026-04-12T10:02:04","modified_gmt":"2026-04-12T13:02:04","slug":"sindicato-de-pilotos-marca-greve-de-dois-dias-na-lufthansa-segunda-e-terca","status":"publish","type":"post","link":"https:\/\/portaltela.pt\/noticias\/economia\/2026\/04\/12\/sindicato-de-pilotos-marca-greve-de-dois-dias-na-lufthansa-segunda-e-terca\/","title":{"rendered":"Sindicato de pilotos marca greve de dois dias na Lufthansa, segunda e ter\u00e7a"},"content":{"rendered":"<p>A Alemanha volta a enfrentar perturba\u00e7\u00f5es no transporte a\u00e9reo, com a greve de dois dias anunciada pelo sindicato de pilotos Vereinigung Cockpit (VC). A paralisa\u00e7\u00e3o afeta principalmente a Lufthansa, incluindo as suas empresas do grupo, entre 13 e 14 de abril, a n\u00edvel nacional. O objetivo \u00e9 pressionar a empresa para avan\u00e7ar com propostas salariais e sobre pens\u00f5es, numa altura em que as negocia\u00e7\u00f5es estavam\u51e0 falhadas.<\/p>\n<p>O VC representa cerca de 10 000 pilotos em v\u00e1rias companhias do grupo Lufthansa. O sindicato pediu aos membros que cruzassem os bra\u00e7os em 13 e 14 de abril, entre as 00h01 e as 23h59, hor\u00e1rio local. Al\u00e9m disso, os voos da Eurowings, com partida de aeroportos alem\u00e3es, tamb\u00e9m devem ser afetados pela greve.<\/p>\n<p>Aerona\u00e7\u00f5es em Frankfurt e Munique dever\u00e3o sofrer o impacto mais significativo, com indica\u00e7\u00f5es de que pelo menos 80% dos voos podem ser adiados ou cancelados. Estima-se que mais de 50 000 passageiros possam ficar retidos ou sem solu\u00e7\u00e3o durante o fim de semana da greve.<\/p>\n<h3>Contexto e impacto<\/h3>\n<p>A greve surge ap\u00f3s falhas nas negocia\u00e7\u00f5es salariais entre a Lufthansa e o VC. O presidente do VC, Andreas Pinheiro, afirma que n\u00e3o houve qualquer proposta s\u00e9ria por parte dos empregadores e que a greve era uma op\u00e7\u00e3o de \u00faltimo recurso para abrir o canal negocial.<\/p>\n<p>A Lufthansa respondeu que est\u00e1 a envidar esfor\u00e7os para manter o impacto nos passageiros o mais baixo poss\u00edvel. A transportadora anunciou que os passageiros podem remarcar gratuitamente para voos do grupo Lufthansa entre 11 e 21 de abril ou solicitar reembolso at\u00e9 13 de abril.<\/p>\n<p>Para quem tiver bilhetes emitidos at\u00e9 11 de abril, a Lufthansa oferece remarca\u00e7\u00e3o e, em alguns casos, disponibilidade de bilhetes de comboio da Deutsche Bahn para passageiros afetados por cancelamentos sem alternativas de transporte.<\/p>\n<h3>Situa\u00e7\u00e3o adicional e precedentes<\/h3>\n<p>A paralisa\u00e7\u00e3o atual ocorre ap\u00f3s outra greve de um dia, na sexta-feira anterior, causada pelo sindicato UFO, que representa tripulantes de cabine. Essa greve provocou dezenas de milhares de perturba\u00e7\u00f5es, com cerca de 580 cancelamentos em Frankfurt e relatos de milhares de passageiros afetados.<\/p>\n<p>O UFO alega que existem diverg\u00eancias salariais por resolver, defendendo que a administra\u00e7\u00e3o se recusou a iniciar negocia\u00e7\u00f5es para um plano social conjunto. A situa\u00e7\u00e3o cont\u00ednua de negocia\u00e7\u00f5es colocou os passageiros em posi\u00e7\u00e3o de incerteza durante o per\u00edodo de f\u00e9rias de P\u00e1scoa.<\/p>\n","protected":false},"excerpt":{"rendered":"<ul>\n<li>O sindicato alem\u00e3o de pilotos Vereinigung Cockpit anunciou uma greve de dois dias na Lufthansa, para segunda e ter\u00e7a-feira, come\u00e7ando \u00e0s 00h01 de 13 de abril e terminando \u00e0s 23h59 de 14 de abril, afetando a Deutsche Lufthansa AG, Lufthansa Cargo AG e Lufthansa CityLine, bem como a Eurowings com partidas de aeroportos alem\u00e3es nesse intervalo.<\/li>\n<li>A paralisa\u00e7\u00e3o pode p\u00f4r em causa pelo menos 80% dos voos em Frankfurt e Munique, potencialmente deixando mais de 50 mil passageiros sem solu\u00e7\u00e3o.<\/li>\n<li>A Lufthansa est\u00e1 a substituir voos programados por servi\u00e7os operados por outras empresas do Grupo ou por parceiras, e avisa que os afetados ser\u00e3o informados apenas at\u00e9 12 de abril devido ao elevado volume de chamadas.<\/li>\n<li>Os passageiros com bilhetes emitidos at\u00e9 11 de abril para voos operados pela Lufthansa, incluindo CityLine, podem remarcar gratuitamente entre 11 e 21 de abril ou pedir reembolso at\u00e9 13 de abril; a transportadora tamb\u00e9m disponibiliza bilhetes de comboio da Deutsche Bahn paratraslado quando n\u00e3o houver alternativa.<\/li>\n<li>A greve surge ap\u00f3s perturba\u00e7\u00f5es na semana anterior, com uma greve de um dia promovida pela UFO (tripulantes de cabine) em voos da Lufthansa e CityLine, causando centenas de cancelamentos em Frankfurt.<\/li>\n<\/ul>\n","protected":false},"author":2,"featured_media":441354,"comment_status":"closed","ping_status":"closed","sticky":false,"template":"","format":"standard","meta":{"footnotes":""},"categories":[2,6735],"tags":[7891,7890,6107,7799,28,4536],"class_list":["post-441351","post","type-post","status-publish","format-standard","has-post-thumbnail","hentry","category-economia","category-negocios","tag-_aeronautica","tag-_aeroportos","tag-a-aviacao","tag-aviao","tag-economia","tag-seguranca"],"yoast_head":"<!-- This site is optimized with the Yoast SEO plugin v27.2 - https:\/\/yoast.com\/product\/yoast-seo-wordpress\/ -->\n<title>Sindicato de pilotos marca greve de dois dias na Lufthansa, segunda e ter\u00e7a - Portal Tela Portugal<\/title>\n<meta name=\"robots\" content=\"index, follow, max-snippet:-1, max-image-preview:large, max-video-preview:-1\" \/>\n<meta property=\"og:locale\" content=\"pt_PT\" \/>\n<meta property=\"og:type\" content=\"article\" \/>\n<meta property=\"og:title\" content=\"Sindicato de pilotos marca greve de dois dias na Lufthansa, segunda e ter\u00e7a - Portal Tela Portugal\" \/>\n<meta property=\"og:description\" content=\"O sindicato alem\u00e3o de pilotos Vereinigung Cockpit anunciou uma greve de dois dias na Lufthansa, para segunda e ter\u00e7a-feira, come\u00e7ando \u00e0s 00h01 de 13 de abril e terminando \u00e0s 23h59 de 14 de abril, afetando a Deutsche Lufthansa AG, Lufthansa Cargo AG e Lufthansa CityLine, bem como a Eurowings com partidas de aeroportos alem\u00e3es nesse intervalo. A paralisa\u00e7\u00e3o pode p\u00f4r em causa pelo menos 80% dos voos em Frankfurt e Munique, potencialmente deixando mais de 50 mil passageiros sem solu\u00e7\u00e3o. A Lufthansa est\u00e1 a substituir voos programados por servi\u00e7os operados por outras empresas do Grupo ou por parceiras, e avisa que os afetados ser\u00e3o informados apenas at\u00e9 12 de abril devido ao elevado volume de chamadas. Os passageiros com bilhetes emitidos at\u00e9 11 de abril para voos operados pela Lufthansa, incluindo CityLine, podem remarcar gratuitamente entre 11 e 21 de abril ou pedir reembolso at\u00e9 13 de abril; a transportadora tamb\u00e9m disponibiliza bilhetes de comboio da Deutsche Bahn paratraslado quando n\u00e3o houver alternativa. A greve surge ap\u00f3s perturba\u00e7\u00f5es na semana anterior, com uma greve de um dia promovida pela UFO (tripulantes de cabine) em voos da Lufthansa e CityLine, causando centenas de cancelamentos em Frankfurt.\" \/>\n<meta property=\"og:url\" content=\"https:\/\/portaltela.pt\/noticias\/2026\/04\/12\/sindicato-de-pilotos-marca-greve-de-dois-dias-na-lufthansa-segunda-e-terca\/\" \/>\n<meta property=\"og:site_name\" content=\"Portal Tela Portugal\" \/>\n<meta property=\"article:published_time\" content=\"2026-04-12T13:02:04+00:00\" \/>\n<meta name=\"author\" content=\"Telinha\" \/>\n<meta name=\"twitter:card\" content=\"summary_large_image\" \/>\n<meta name=\"twitter:label1\" content=\"Escrito por\" \/>\n\t<meta name=\"twitter:data1\" content=\"Telinha\" \/>\n\t<meta name=\"twitter:label2\" content=\"Tempo estimado de leitura\" \/>\n\t<meta name=\"twitter:data2\" content=\"2 minutos\" \/>\n<script type=\"application\/ld+json\" class=\"yoast-schema-graph\">{\"@context\":\"https:\/\/schema.org\",\"@graph\":[{\"@type\":\"Article\",\"@id\":\"https:\/\/portaltela.pt\/noticias\/2026\/04\/12\/sindicato-de-pilotos-marca-greve-de-dois-dias-na-lufthansa-segunda-e-terca\/#article\",\"isPartOf\":{\"@id\":\"https:\/\/portaltela.pt\/noticias\/2026\/04\/12\/sindicato-de-pilotos-marca-greve-de-dois-dias-na-lufthansa-segunda-e-terca\/\"},\"author\":{\"name\":\"Telinha\",\"@id\":\"https:\/\/portaltela.pt\/#\/schema\/person\/c4278d4a6028830caff9ee44b42d32ed\"},\"headline\":\"Sindicato de pilotos marca greve de dois dias na Lufthansa, segunda e ter\u00e7a\",\"datePublished\":\"2026-04-12T13:02:04+00:00\",\"mainEntityOfPage\":{\"@id\":\"https:\/\/portaltela.pt\/noticias\/2026\/04\/12\/sindicato-de-pilotos-marca-greve-de-dois-dias-na-lufthansa-segunda-e-terca\/\"},\"wordCount\":421,\"image\":{\"@id\":\"https:\/\/portaltela.pt\/noticias\/2026\/04\/12\/sindicato-de-pilotos-marca-greve-de-dois-dias-na-lufthansa-segunda-e-terca\/#primaryimage\"},\"thumbnailUrl\":\"https:\/\/portaltela.pt\/s.01k8rhncp4jt1\/2026\/04\/1536x864_cmsv2_d369c708-d93b-51bc-bfbb-bd96eb79510d-9718983.jpg\",\"keywords\":[\"_aeron\u00e1utica\",\"_aeroportos\",\"a avia\u00e7\u00e3o\",\"avi\u00e3o\",\"economia\",\"seguran\u00e7a\"],\"articleSection\":[\"Economia\",\"Neg\u00f3cios\"],\"inLanguage\":\"pt-PT\"},{\"@type\":\"WebPage\",\"@id\":\"https:\/\/portaltela.pt\/noticias\/2026\/04\/12\/sindicato-de-pilotos-marca-greve-de-dois-dias-na-lufthansa-segunda-e-terca\/\",\"url\":\"https:\/\/portaltela.pt\/noticias\/2026\/04\/12\/sindicato-de-pilotos-marca-greve-de-dois-dias-na-lufthansa-segunda-e-terca\/\",\"name\":\"Sindicato de pilotos marca greve de dois dias na Lufthansa, segunda e ter\u00e7a - Portal Tela Portugal\",\"isPartOf\":{\"@id\":\"https:\/\/portaltela.pt\/#website\"},\"primaryImageOfPage\":{\"@id\":\"https:\/\/portaltela.pt\/noticias\/2026\/04\/12\/sindicato-de-pilotos-marca-greve-de-dois-dias-na-lufthansa-segunda-e-terca\/#primaryimage\"},\"image\":{\"@id\":\"https:\/\/portaltela.pt\/noticias\/2026\/04\/12\/sindicato-de-pilotos-marca-greve-de-dois-dias-na-lufthansa-segunda-e-terca\/#primaryimage\"},\"thumbnailUrl\":\"https:\/\/portaltela.pt\/s.01k8rhncp4jt1\/2026\/04\/1536x864_cmsv2_d369c708-d93b-51bc-bfbb-bd96eb79510d-9718983.jpg\",\"datePublished\":\"2026-04-12T13:02:04+00:00\",\"author\":{\"@id\":\"https:\/\/portaltela.pt\/#\/schema\/person\/c4278d4a6028830caff9ee44b42d32ed\"},\"breadcrumb\":{\"@id\":\"https:\/\/portaltela.pt\/noticias\/2026\/04\/12\/sindicato-de-pilotos-marca-greve-de-dois-dias-na-lufthansa-segunda-e-terca\/#breadcrumb\"},\"inLanguage\":\"pt-PT\",\"potentialAction\":[{\"@type\":\"ReadAction\",\"target\":[\"https:\/\/portaltela.pt\/noticias\/2026\/04\/12\/sindicato-de-pilotos-marca-greve-de-dois-dias-na-lufthansa-segunda-e-terca\/\"]}]},{\"@type\":\"ImageObject\",\"inLanguage\":\"pt-PT\",\"@id\":\"https:\/\/portaltela.pt\/noticias\/2026\/04\/12\/sindicato-de-pilotos-marca-greve-de-dois-dias-na-lufthansa-segunda-e-terca\/#primaryimage\",\"url\":\"https:\/\/portaltela.pt\/s.01k8rhncp4jt1\/2026\/04\/1536x864_cmsv2_d369c708-d93b-51bc-bfbb-bd96eb79510d-9718983.jpg\",\"contentUrl\":\"https:\/\/portaltela.pt\/s.01k8rhncp4jt1\/2026\/04\/1536x864_cmsv2_d369c708-d93b-51bc-bfbb-bd96eb79510d-9718983.jpg\",\"width\":796,\"height\":448,\"caption\":\"Greve, anunciada com menos de dois dias de anteced\u00eancia, pode p\u00f4r em causa 80% dos voos de Frankfurt e Munique\"},{\"@type\":\"BreadcrumbList\",\"@id\":\"https:\/\/portaltela.pt\/noticias\/2026\/04\/12\/sindicato-de-pilotos-marca-greve-de-dois-dias-na-lufthansa-segunda-e-terca\/#breadcrumb\",\"itemListElement\":[{\"@type\":\"ListItem\",\"position\":1,\"name\":\"In\u00edcio\",\"item\":\"https:\/\/portaltela.pt\/\"},{\"@type\":\"ListItem\",\"position\":2,\"name\":\"Sindicato de pilotos marca greve de dois dias na Lufthansa, segunda e ter\u00e7a\"}]},{\"@type\":\"WebSite\",\"@id\":\"https:\/\/portaltela.pt\/#website\",\"url\":\"https:\/\/portaltela.pt\/\",\"name\":\"Portal Tela Portugal\",\"description\":\"\",\"potentialAction\":[{\"@type\":\"SearchAction\",\"target\":{\"@type\":\"EntryPoint\",\"urlTemplate\":\"https:\/\/portaltela.pt\/?s={search_term_string}\"},\"query-input\":{\"@type\":\"PropertyValueSpecification\",\"valueRequired\":true,\"valueName\":\"search_term_string\"}}],\"inLanguage\":\"pt-PT\"},{\"@type\":\"Person\",\"@id\":\"https:\/\/portaltela.pt\/#\/schema\/person\/c4278d4a6028830caff9ee44b42d32ed\",\"name\":\"Telinha\",\"image\":{\"@type\":\"ImageObject\",\"inLanguage\":\"pt-PT\",\"@id\":\"https:\/\/portaltela.pt\/s.01k8rhncp4jt1\/2025\/11\/talking-bot-125x125.png\",\"url\":\"https:\/\/portaltela.pt\/s.01k8rhncp4jt1\/2025\/11\/talking-bot-125x125.png\",\"contentUrl\":\"https:\/\/portaltela.pt\/s.01k8rhncp4jt1\/2025\/11\/talking-bot-125x125.png\",\"caption\":\"Telinha\"},\"sameAs\":[\"https:\/\/portaltela.pt\/\"],\"url\":\"https:\/\/portaltela.pt\/por\/367410592786\/\"}]}<\/script>\n<!-- \/ Yoast SEO plugin. -->","yoast_head_json":{"title":"Sindicato de pilotos marca greve de dois dias na Lufthansa, segunda e ter\u00e7a - Portal Tela Portugal","robots":{"index":"index","follow":"follow","max-snippet":"max-snippet:-1","max-image-preview":"max-image-preview:large","max-video-preview":"max-video-preview:-1"},"og_locale":"pt_PT","og_type":"article","og_title":"Sindicato de pilotos marca greve de dois dias na Lufthansa, segunda e ter\u00e7a - Portal Tela Portugal","og_description":"O sindicato alem\u00e3o de pilotos Vereinigung Cockpit anunciou uma greve de dois dias na Lufthansa, para segunda e ter\u00e7a-feira, come\u00e7ando \u00e0s 00h01 de 13 de abril e terminando \u00e0s 23h59 de 14 de abril, afetando a Deutsche Lufthansa AG, Lufthansa Cargo AG e Lufthansa CityLine, bem como a Eurowings com partidas de aeroportos alem\u00e3es nesse intervalo. A paralisa\u00e7\u00e3o pode p\u00f4r em causa pelo menos 80% dos voos em Frankfurt e Munique, potencialmente deixando mais de 50 mil passageiros sem solu\u00e7\u00e3o. A Lufthansa est\u00e1 a substituir voos programados por servi\u00e7os operados por outras empresas do Grupo ou por parceiras, e avisa que os afetados ser\u00e3o informados apenas at\u00e9 12 de abril devido ao elevado volume de chamadas. Os passageiros com bilhetes emitidos at\u00e9 11 de abril para voos operados pela Lufthansa, incluindo CityLine, podem remarcar gratuitamente entre 11 e 21 de abril ou pedir reembolso at\u00e9 13 de abril; a transportadora tamb\u00e9m disponibiliza bilhetes de comboio da Deutsche Bahn paratraslado quando n\u00e3o houver alternativa. A greve surge ap\u00f3s perturba\u00e7\u00f5es na semana anterior, com uma greve de um dia promovida pela UFO (tripulantes de cabine) em voos da Lufthansa e CityLine, causando centenas de cancelamentos em Frankfurt.","og_url":"https:\/\/portaltela.pt\/noticias\/2026\/04\/12\/sindicato-de-pilotos-marca-greve-de-dois-dias-na-lufthansa-segunda-e-terca\/","og_site_name":"Portal Tela Portugal","article_published_time":"2026-04-12T13:02:04+00:00","author":"Telinha","twitter_card":"summary_large_image","twitter_misc":{"Escrito por":"Telinha","Tempo estimado de leitura":"2 minutos"},"schema":{"@context":"https:\/\/schema.org","@graph":[{"@type":"Article","@id":"https:\/\/portaltela.pt\/noticias\/2026\/04\/12\/sindicato-de-pilotos-marca-greve-de-dois-dias-na-lufthansa-segunda-e-terca\/#article","isPartOf":{"@id":"https:\/\/portaltela.pt\/noticias\/2026\/04\/12\/sindicato-de-pilotos-marca-greve-de-dois-dias-na-lufthansa-segunda-e-terca\/"},"author":{"name":"Telinha","@id":"https:\/\/portaltela.pt\/#\/schema\/person\/c4278d4a6028830caff9ee44b42d32ed"},"headline":"Sindicato de pilotos marca greve de dois dias na Lufthansa, segunda e ter\u00e7a","datePublished":"2026-04-12T13:02:04+00:00","mainEntityOfPage":{"@id":"https:\/\/portaltela.pt\/noticias\/2026\/04\/12\/sindicato-de-pilotos-marca-greve-de-dois-dias-na-lufthansa-segunda-e-terca\/"},"wordCount":421,"image":{"@id":"https:\/\/portaltela.pt\/noticias\/2026\/04\/12\/sindicato-de-pilotos-marca-greve-de-dois-dias-na-lufthansa-segunda-e-terca\/#primaryimage"},"thumbnailUrl":"https:\/\/portaltela.pt\/s.01k8rhncp4jt1\/2026\/04\/1536x864_cmsv2_d369c708-d93b-51bc-bfbb-bd96eb79510d-9718983.jpg","keywords":["_aeron\u00e1utica","_aeroportos","a avia\u00e7\u00e3o","avi\u00e3o","economia","seguran\u00e7a"],"articleSection":["Economia","Neg\u00f3cios"],"inLanguage":"pt-PT"},{"@type":"WebPage","@id":"https:\/\/portaltela.pt\/noticias\/2026\/04\/12\/sindicato-de-pilotos-marca-greve-de-dois-dias-na-lufthansa-segunda-e-terca\/","url":"https:\/\/portaltela.pt\/noticias\/2026\/04\/12\/sindicato-de-pilotos-marca-greve-de-dois-dias-na-lufthansa-segunda-e-terca\/","name":"Sindicato de pilotos marca greve de dois dias na Lufthansa, segunda e ter\u00e7a - Portal Tela Portugal","isPartOf":{"@id":"https:\/\/portaltela.pt\/#website"},"primaryImageOfPage":{"@id":"https:\/\/portaltela.pt\/noticias\/2026\/04\/12\/sindicato-de-pilotos-marca-greve-de-dois-dias-na-lufthansa-segunda-e-terca\/#primaryimage"},"image":{"@id":"https:\/\/portaltela.pt\/noticias\/2026\/04\/12\/sindicato-de-pilotos-marca-greve-de-dois-dias-na-lufthansa-segunda-e-terca\/#primaryimage"},"thumbnailUrl":"https:\/\/portaltela.pt\/s.01k8rhncp4jt1\/2026\/04\/1536x864_cmsv2_d369c708-d93b-51bc-bfbb-bd96eb79510d-9718983.jpg","datePublished":"2026-04-12T13:02:04+00:00","author":{"@id":"https:\/\/portaltela.pt\/#\/schema\/person\/c4278d4a6028830caff9ee44b42d32ed"},"breadcrumb":{"@id":"https:\/\/portaltela.pt\/noticias\/2026\/04\/12\/sindicato-de-pilotos-marca-greve-de-dois-dias-na-lufthansa-segunda-e-terca\/#breadcrumb"},"inLanguage":"pt-PT","potentialAction":[{"@type":"ReadAction","target":["https:\/\/portaltela.pt\/noticias\/2026\/04\/12\/sindicato-de-pilotos-marca-greve-de-dois-dias-na-lufthansa-segunda-e-terca\/"]}]},{"@type":"ImageObject","inLanguage":"pt-PT","@id":"https:\/\/portaltela.pt\/noticias\/2026\/04\/12\/sindicato-de-pilotos-marca-greve-de-dois-dias-na-lufthansa-segunda-e-terca\/#primaryimage","url":"https:\/\/portaltela.pt\/s.01k8rhncp4jt1\/2026\/04\/1536x864_cmsv2_d369c708-d93b-51bc-bfbb-bd96eb79510d-9718983.jpg","contentUrl":"https:\/\/portaltela.pt\/s.01k8rhncp4jt1\/2026\/04\/1536x864_cmsv2_d369c708-d93b-51bc-bfbb-bd96eb79510d-9718983.jpg","width":796,"height":448,"caption":"Greve, anunciada com menos de dois dias de anteced\u00eancia, pode p\u00f4r em causa 80% dos voos de Frankfurt e Munique"},{"@type":"BreadcrumbList","@id":"https:\/\/portaltela.pt\/noticias\/2026\/04\/12\/sindicato-de-pilotos-marca-greve-de-dois-dias-na-lufthansa-segunda-e-terca\/#breadcrumb","itemListElement":[{"@type":"ListItem","position":1,"name":"In\u00edcio","item":"https:\/\/portaltela.pt\/"},{"@type":"ListItem","position":2,"name":"Sindicato de pilotos marca greve de dois dias na Lufthansa, segunda e ter\u00e7a"}]},{"@type":"WebSite","@id":"https:\/\/portaltela.pt\/#website","url":"https:\/\/portaltela.pt\/","name":"Portal Tela Portugal","description":"","potentialAction":[{"@type":"SearchAction","target":{"@type":"EntryPoint","urlTemplate":"https:\/\/portaltela.pt\/?s={search_term_string}"},"query-input":{"@type":"PropertyValueSpecification","valueRequired":true,"valueName":"search_term_string"}}],"inLanguage":"pt-PT"},{"@type":"Person","@id":"https:\/\/portaltela.pt\/#\/schema\/person\/c4278d4a6028830caff9ee44b42d32ed","name":"Telinha","image":{"@type":"ImageObject","inLanguage":"pt-PT","@id":"https:\/\/portaltela.pt\/s.01k8rhncp4jt1\/2025\/11\/talking-bot-125x125.png","url":"https:\/\/portaltela.pt\/s.01k8rhncp4jt1\/2025\/11\/talking-bot-125x125.png","contentUrl":"https:\/\/portaltela.pt\/s.01k8rhncp4jt1\/2025\/11\/talking-bot-125x125.png","caption":"Telinha"},"sameAs":["https:\/\/portaltela.pt\/"],"url":"https:\/\/portaltela.pt\/por\/367410592786\/"}]}},"_links":{"self":[{"href":"https:\/\/portaltela.pt\/api\/wp\/v2\/posts\/441351","targetHints":{"allow":["GET"]}}],"collection":[{"href":"https:\/\/portaltela.pt\/api\/wp\/v2\/posts"}],"about":[{"href":"https:\/\/portaltela.pt\/api\/wp\/v2\/types\/post"}],"author":[{"embeddable":true,"href":"https:\/\/portaltela.pt\/api\/wp\/v2\/users\/2"}],"replies":[{"embeddable":true,"href":"https:\/\/portaltela.pt\/api\/wp\/v2\/comments?post=441351"}],"version-history":[{"count":0,"href":"https:\/\/portaltela.pt\/api\/wp\/v2\/posts\/441351\/revisions"}],"wp:featuredmedia":[{"embeddable":true,"href":"https:\/\/portaltela.pt\/api\/wp\/v2\/media\/441354"}],"wp:attachment":[{"href":"https:\/\/portaltela.pt\/api\/wp\/v2\/media?parent=441351"}],"wp:term":[{"taxonomy":"category","embeddable":true,"href":"https:\/\/portaltela.pt\/api\/wp\/v2\/categories?post=441351"},{"taxonomy":"post_tag","embeddable":true,"href":"https:\/\/portaltela.pt\/api\/wp\/v2\/tags?post=441351"}],"curies":[{"name":"wp","href":"https:\/\/api.w.org\/{rel}","templated":true}]}}