{"id":441345,"date":"2026-04-12T09:47:13","date_gmt":"2026-04-12T12:47:13","guid":{"rendered":"https:\/\/portaltela.pt\/noticias\/2026\/04\/12\/o-papa-leao-xiv-pede-fim-da-idolatria-e-critica-a-guerra\/"},"modified":"2026-04-12T09:47:13","modified_gmt":"2026-04-12T12:47:13","slug":"o-papa-leao-xiv-pede-fim-da-idolatria-e-critica-a-guerra","status":"publish","type":"post","link":"https:\/\/portaltela.pt\/guerra\/2026\/04\/12\/o-papa-leao-xiv-pede-fim-da-idolatria-e-critica-a-guerra\/","title":{"rendered":"O Papa Le\u00e3o XIV pede fim da idolatria e critica a guerra"},"content":{"rendered":"<p>O Papa Le\u00e3o XIV invocou o fim da idolatria e criticou a escalada da guerra entre os EUA e o Ir\u00e3o, durante uma vig\u00edlia na Bas\u00edlica de S\u00e3o Pedro, no Vaticano, no s\u00e1bado. O pont\u00edfice exigiu que l\u00edderes pol\u00edticos abracem o di\u00e1logo e encerrem o conflito, apontando para um uso desajustado da f\u00e9 para justificar a viol\u00eancia. A cerim\u00f3nia reuniu fi\u00e9is e figuras religiosas, em contexto de tens\u00f5es regionais.<\/p>\n<p>Rel\u00f3gios indicam que negociadores dos EUA e do Ir\u00e3o iniciaram conversa\u00e7\u00f5es de paz no Paquist\u00e3o, em paralelo ao refor\u00e7o de discursos de apoio \u00e0 interven\u00e7\u00e3o militar. O Papa n\u00e3o citou explicitamente os EUA nem o presidente norte-americano, mas o tom do discurso refletiu cr\u00edticas a estrat\u00e9gias que associam poder militar a legitimidade religiosa.<\/p>\n<p>A Funda\u00e7\u00e3o para a Liberdade Religiosa Militar dos EUA comunicou, a 3 de mar\u00e7o de 2026, ter recebido mais de 200 queixas de militares, de v\u00e1rias ramifica\u00e7\u00f5es, acusando comandantes de utilizarem uma ret\u00f3rica religiosa extremista para justificar a\u00e7\u00f5es contra o Ir\u00e3o.<\/p>\n<h3>Interlocutores e contexto<\/h3>\n<p>Entre os presentes na bas\u00edlica esteve o arcebispo de Teer\u00e3o, Dominique Joseph Mathieu, com representa\u00e7\u00e3o norte-americana pela chefe de miss\u00e3o adjunta Laura Hochla, segundo a Embaixada dos EUA. O Papa Le\u00e3o XIV, natural dos EUA, inicialmente mostrou relut\u00e2ncia em criticar a guerra, mas intensificou as cr\u00edticas ap\u00f3s o Domingo de Ramos.<\/p>\n<p>Nesta semana, o pont\u00edfice descreveu as amea\u00e7as de um l\u00edder norte-americano de erigir a aniquila\u00e7\u00e3o do Ir\u00e3o como inaceit\u00e1veis, apelando a prioridade do di\u00e1logo e da diplomacia. No s\u00e1bado, pediu a todos que rezassem pela paz e pressionassem os seus governos para p\u00f4r fim \u00e0 guerra.<\/p>\n<p>Para o Vaticano, a prioridade \u00e9 evitar uma escalada na regi\u00e3o, com especial preocupa\u00e7\u00e3o pela guerra de Israel contra o Hezbollah, que est\u00e1 a gerar impactos no Lib\u00e3o e afetar comunidades crist\u00e3s do sul. Le\u00e3o XIV reiterou que Deus n\u00e3o apoia guerras e que a viol\u00eancia n\u00e3o pode ser justificada pela f\u00e9.<\/p>\n<p>O pont\u00edfice descreveu a busca pela paz como meio de romper o ciclo de viol\u00eancia que alimenta uma guerra cada vez mais imprevis\u00edvel. Reiterou que o uso de for\u00e7a, drones ou lucros indevidos n\u00e3o representa o caminho de uma sociedade justa.<\/p>\n","protected":false},"excerpt":{"rendered":"<ul>\n<li>O Papa Le\u00e3o XIV liderou uma vig\u00edlia pela paz na Bas\u00edlica de S\u00e3o Pedro, denunciando o \u201cdel\u00edrio de omnipot\u00eancia\u201d por tr\u00e1s da guerra entre EUA, Israel e Ir\u00e3o.<\/li>\n<li>O pont\u00edfice exortou l\u00edderes pol\u00edticos a parar a guerra e priorizar o di\u00e1logo, sem mencionar diretamente os EUA ou Donald Trump, mas apontando para cr\u00edticas \u00e0 ret\u00f3rica militar que usa a f\u00e9.<\/li>\n<li>As negocia\u00e7\u00f5es de paz entre EUA e Ir\u00e3o come\u00e7aram no Paquist\u00e3o, em meio a cr\u00edticas do Vaticano sobre o uso da religi\u00e3o para justificar conflitos.<\/li>\n<li>A Funda\u00e7\u00e3o para a Liberdade Religiosa Militar dos EUA disse ter recebido mais de 200 queixas de militares que acusam comandantes de usar uma ret\u00f3rica crist\u00e3 extremista para sustentar a guerra.<\/li>\n<li>O Vaticano expressou preocupa\u00e7\u00e3o com a guerra de Israel contra o Hezbollah, que pode alastrar ao L\u00edbano e afetar comunidades crist\u00e3s no sul do pa\u00eds.<\/li>\n<\/ul>\n","protected":false},"author":2,"featured_media":441347,"comment_status":"closed","ping_status":"closed","sticky":false,"template":"","format":"standard","meta":{"footnotes":""},"categories":[6790,6804],"tags":[7777,6703,1600,126,2470,4222],"class_list":["post-441345","post","type-post","status-publish","format-standard","has-post-thumbnail","hentry","category-conflitos","category-guerra","tag-a-religiao","tag-diplomacia-internacional","tag-estados-unidos","tag-fe","tag-irao","tag-seguranca-internacional"],"yoast_head":"<!-- This site is optimized with the Yoast SEO plugin v27.2 - https:\/\/yoast.com\/product\/yoast-seo-wordpress\/ -->\n<title>O Papa Le\u00e3o XIV pede fim da idolatria e critica a guerra - Portal Tela Portugal<\/title>\n<meta name=\"robots\" content=\"index, follow, max-snippet:-1, max-image-preview:large, max-video-preview:-1\" \/>\n<meta property=\"og:locale\" content=\"pt_PT\" \/>\n<meta property=\"og:type\" content=\"article\" \/>\n<meta property=\"og:title\" content=\"O Papa Le\u00e3o XIV pede fim da idolatria e critica a guerra - Portal Tela Portugal\" \/>\n<meta property=\"og:description\" content=\"O Papa Le\u00e3o XIV liderou uma vig\u00edlia pela paz na Bas\u00edlica de S\u00e3o Pedro, denunciando o \u201cdel\u00edrio de omnipot\u00eancia\u201d por tr\u00e1s da guerra entre EUA, Israel e Ir\u00e3o. O pont\u00edfice exortou l\u00edderes pol\u00edticos a parar a guerra e priorizar o di\u00e1logo, sem mencionar diretamente os EUA ou Donald Trump, mas apontando para cr\u00edticas \u00e0 ret\u00f3rica militar que usa a f\u00e9. As negocia\u00e7\u00f5es de paz entre EUA e Ir\u00e3o come\u00e7aram no Paquist\u00e3o, em meio a cr\u00edticas do Vaticano sobre o uso da religi\u00e3o para justificar conflitos. A Funda\u00e7\u00e3o para a Liberdade Religiosa Militar dos EUA disse ter recebido mais de 200 queixas de militares que acusam comandantes de usar uma ret\u00f3rica crist\u00e3 extremista para sustentar a guerra. O Vaticano expressou preocupa\u00e7\u00e3o com a guerra de Israel contra o Hezbollah, que pode alastrar ao L\u00edbano e afetar comunidades crist\u00e3s no sul do pa\u00eds.\" \/>\n<meta property=\"og:url\" content=\"https:\/\/portaltela.pt\/noticias\/2026\/04\/12\/o-papa-leao-xiv-pede-fim-da-idolatria-e-critica-a-guerra\/\" \/>\n<meta property=\"og:site_name\" content=\"Portal Tela Portugal\" \/>\n<meta property=\"article:published_time\" content=\"2026-04-12T12:47:13+00:00\" \/>\n<meta name=\"author\" content=\"Telinha\" \/>\n<meta name=\"twitter:card\" content=\"summary_large_image\" \/>\n<meta name=\"twitter:label1\" content=\"Escrito por\" \/>\n\t<meta name=\"twitter:data1\" content=\"Telinha\" \/>\n\t<meta name=\"twitter:label2\" content=\"Tempo estimado de leitura\" \/>\n\t<meta name=\"twitter:data2\" content=\"2 minutos\" \/>\n<script type=\"application\/ld+json\" class=\"yoast-schema-graph\">{\"@context\":\"https:\/\/schema.org\",\"@graph\":[{\"@type\":\"Article\",\"@id\":\"https:\/\/portaltela.pt\/noticias\/2026\/04\/12\/o-papa-leao-xiv-pede-fim-da-idolatria-e-critica-a-guerra\/#article\",\"isPartOf\":{\"@id\":\"https:\/\/portaltela.pt\/noticias\/2026\/04\/12\/o-papa-leao-xiv-pede-fim-da-idolatria-e-critica-a-guerra\/\"},\"author\":{\"name\":\"Telinha\",\"@id\":\"https:\/\/portaltela.pt\/#\/schema\/person\/c4278d4a6028830caff9ee44b42d32ed\"},\"headline\":\"O Papa Le\u00e3o XIV pede fim da idolatria e critica a guerra\",\"datePublished\":\"2026-04-12T12:47:13+00:00\",\"mainEntityOfPage\":{\"@id\":\"https:\/\/portaltela.pt\/noticias\/2026\/04\/12\/o-papa-leao-xiv-pede-fim-da-idolatria-e-critica-a-guerra\/\"},\"wordCount\":423,\"image\":{\"@id\":\"https:\/\/portaltela.pt\/noticias\/2026\/04\/12\/o-papa-leao-xiv-pede-fim-da-idolatria-e-critica-a-guerra\/#primaryimage\"},\"thumbnailUrl\":\"https:\/\/portaltela.pt\/s.01k8rhncp4jt1\/2026\/04\/1536x864_cmsv2_4368446d-0e95-54fd-aefb-d0f9825f9756-9718633.jpg\",\"keywords\":[\"a religi\u00e3o\",\"diplomacia internacional\",\"Estados Unidos\",\"f\u00e9\",\"Ir\u00e3o\",\"seguran\u00e7a internacional\"],\"articleSection\":[\"Conflitos\",\"Guerra\"],\"inLanguage\":\"pt-PT\"},{\"@type\":\"WebPage\",\"@id\":\"https:\/\/portaltela.pt\/noticias\/2026\/04\/12\/o-papa-leao-xiv-pede-fim-da-idolatria-e-critica-a-guerra\/\",\"url\":\"https:\/\/portaltela.pt\/noticias\/2026\/04\/12\/o-papa-leao-xiv-pede-fim-da-idolatria-e-critica-a-guerra\/\",\"name\":\"O Papa Le\u00e3o XIV pede fim da idolatria e critica a guerra - Portal Tela Portugal\",\"isPartOf\":{\"@id\":\"https:\/\/portaltela.pt\/#website\"},\"primaryImageOfPage\":{\"@id\":\"https:\/\/portaltela.pt\/noticias\/2026\/04\/12\/o-papa-leao-xiv-pede-fim-da-idolatria-e-critica-a-guerra\/#primaryimage\"},\"image\":{\"@id\":\"https:\/\/portaltela.pt\/noticias\/2026\/04\/12\/o-papa-leao-xiv-pede-fim-da-idolatria-e-critica-a-guerra\/#primaryimage\"},\"thumbnailUrl\":\"https:\/\/portaltela.pt\/s.01k8rhncp4jt1\/2026\/04\/1536x864_cmsv2_4368446d-0e95-54fd-aefb-d0f9825f9756-9718633.jpg\",\"datePublished\":\"2026-04-12T12:47:13+00:00\",\"author\":{\"@id\":\"https:\/\/portaltela.pt\/#\/schema\/person\/c4278d4a6028830caff9ee44b42d32ed\"},\"breadcrumb\":{\"@id\":\"https:\/\/portaltela.pt\/noticias\/2026\/04\/12\/o-papa-leao-xiv-pede-fim-da-idolatria-e-critica-a-guerra\/#breadcrumb\"},\"inLanguage\":\"pt-PT\",\"potentialAction\":[{\"@type\":\"ReadAction\",\"target\":[\"https:\/\/portaltela.pt\/noticias\/2026\/04\/12\/o-papa-leao-xiv-pede-fim-da-idolatria-e-critica-a-guerra\/\"]}]},{\"@type\":\"ImageObject\",\"inLanguage\":\"pt-PT\",\"@id\":\"https:\/\/portaltela.pt\/noticias\/2026\/04\/12\/o-papa-leao-xiv-pede-fim-da-idolatria-e-critica-a-guerra\/#primaryimage\",\"url\":\"https:\/\/portaltela.pt\/s.01k8rhncp4jt1\/2026\/04\/1536x864_cmsv2_4368446d-0e95-54fd-aefb-d0f9825f9756-9718633.jpg\",\"contentUrl\":\"https:\/\/portaltela.pt\/s.01k8rhncp4jt1\/2026\/04\/1536x864_cmsv2_4368446d-0e95-54fd-aefb-d0f9825f9756-9718633.jpg\",\"width\":796,\"height\":448,\"caption\":\"O Papa Le\u00e3o XIV lidera uma vig\u00edlia pela paz na Bas\u00edlica de S\u00e3o Pedro, no Vaticano, s\u00e1bado, 11 de abril de 2026.\"},{\"@type\":\"BreadcrumbList\",\"@id\":\"https:\/\/portaltela.pt\/noticias\/2026\/04\/12\/o-papa-leao-xiv-pede-fim-da-idolatria-e-critica-a-guerra\/#breadcrumb\",\"itemListElement\":[{\"@type\":\"ListItem\",\"position\":1,\"name\":\"In\u00edcio\",\"item\":\"https:\/\/portaltela.pt\/\"},{\"@type\":\"ListItem\",\"position\":2,\"name\":\"O Papa Le\u00e3o XIV pede fim da idolatria e critica a guerra\"}]},{\"@type\":\"WebSite\",\"@id\":\"https:\/\/portaltela.pt\/#website\",\"url\":\"https:\/\/portaltela.pt\/\",\"name\":\"Portal Tela Portugal\",\"description\":\"\",\"potentialAction\":[{\"@type\":\"SearchAction\",\"target\":{\"@type\":\"EntryPoint\",\"urlTemplate\":\"https:\/\/portaltela.pt\/?s={search_term_string}\"},\"query-input\":{\"@type\":\"PropertyValueSpecification\",\"valueRequired\":true,\"valueName\":\"search_term_string\"}}],\"inLanguage\":\"pt-PT\"},{\"@type\":\"Person\",\"@id\":\"https:\/\/portaltela.pt\/#\/schema\/person\/c4278d4a6028830caff9ee44b42d32ed\",\"name\":\"Telinha\",\"image\":{\"@type\":\"ImageObject\",\"inLanguage\":\"pt-PT\",\"@id\":\"https:\/\/portaltela.pt\/s.01k8rhncp4jt1\/2025\/11\/talking-bot-125x125.png\",\"url\":\"https:\/\/portaltela.pt\/s.01k8rhncp4jt1\/2025\/11\/talking-bot-125x125.png\",\"contentUrl\":\"https:\/\/portaltela.pt\/s.01k8rhncp4jt1\/2025\/11\/talking-bot-125x125.png\",\"caption\":\"Telinha\"},\"sameAs\":[\"https:\/\/portaltela.pt\/\"],\"url\":\"https:\/\/portaltela.pt\/por\/367410592786\/\"}]}<\/script>\n<!-- \/ Yoast SEO plugin. -->","yoast_head_json":{"title":"O Papa Le\u00e3o XIV pede fim da idolatria e critica a guerra - Portal Tela Portugal","robots":{"index":"index","follow":"follow","max-snippet":"max-snippet:-1","max-image-preview":"max-image-preview:large","max-video-preview":"max-video-preview:-1"},"og_locale":"pt_PT","og_type":"article","og_title":"O Papa Le\u00e3o XIV pede fim da idolatria e critica a guerra - Portal Tela Portugal","og_description":"O Papa Le\u00e3o XIV liderou uma vig\u00edlia pela paz na Bas\u00edlica de S\u00e3o Pedro, denunciando o \u201cdel\u00edrio de omnipot\u00eancia\u201d por tr\u00e1s da guerra entre EUA, Israel e Ir\u00e3o. O pont\u00edfice exortou l\u00edderes pol\u00edticos a parar a guerra e priorizar o di\u00e1logo, sem mencionar diretamente os EUA ou Donald Trump, mas apontando para cr\u00edticas \u00e0 ret\u00f3rica militar que usa a f\u00e9. As negocia\u00e7\u00f5es de paz entre EUA e Ir\u00e3o come\u00e7aram no Paquist\u00e3o, em meio a cr\u00edticas do Vaticano sobre o uso da religi\u00e3o para justificar conflitos. A Funda\u00e7\u00e3o para a Liberdade Religiosa Militar dos EUA disse ter recebido mais de 200 queixas de militares que acusam comandantes de usar uma ret\u00f3rica crist\u00e3 extremista para sustentar a guerra. O Vaticano expressou preocupa\u00e7\u00e3o com a guerra de Israel contra o Hezbollah, que pode alastrar ao L\u00edbano e afetar comunidades crist\u00e3s no sul do pa\u00eds.","og_url":"https:\/\/portaltela.pt\/noticias\/2026\/04\/12\/o-papa-leao-xiv-pede-fim-da-idolatria-e-critica-a-guerra\/","og_site_name":"Portal Tela Portugal","article_published_time":"2026-04-12T12:47:13+00:00","author":"Telinha","twitter_card":"summary_large_image","twitter_misc":{"Escrito por":"Telinha","Tempo estimado de leitura":"2 minutos"},"schema":{"@context":"https:\/\/schema.org","@graph":[{"@type":"Article","@id":"https:\/\/portaltela.pt\/noticias\/2026\/04\/12\/o-papa-leao-xiv-pede-fim-da-idolatria-e-critica-a-guerra\/#article","isPartOf":{"@id":"https:\/\/portaltela.pt\/noticias\/2026\/04\/12\/o-papa-leao-xiv-pede-fim-da-idolatria-e-critica-a-guerra\/"},"author":{"name":"Telinha","@id":"https:\/\/portaltela.pt\/#\/schema\/person\/c4278d4a6028830caff9ee44b42d32ed"},"headline":"O Papa Le\u00e3o XIV pede fim da idolatria e critica a guerra","datePublished":"2026-04-12T12:47:13+00:00","mainEntityOfPage":{"@id":"https:\/\/portaltela.pt\/noticias\/2026\/04\/12\/o-papa-leao-xiv-pede-fim-da-idolatria-e-critica-a-guerra\/"},"wordCount":423,"image":{"@id":"https:\/\/portaltela.pt\/noticias\/2026\/04\/12\/o-papa-leao-xiv-pede-fim-da-idolatria-e-critica-a-guerra\/#primaryimage"},"thumbnailUrl":"https:\/\/portaltela.pt\/s.01k8rhncp4jt1\/2026\/04\/1536x864_cmsv2_4368446d-0e95-54fd-aefb-d0f9825f9756-9718633.jpg","keywords":["a religi\u00e3o","diplomacia internacional","Estados Unidos","f\u00e9","Ir\u00e3o","seguran\u00e7a internacional"],"articleSection":["Conflitos","Guerra"],"inLanguage":"pt-PT"},{"@type":"WebPage","@id":"https:\/\/portaltela.pt\/noticias\/2026\/04\/12\/o-papa-leao-xiv-pede-fim-da-idolatria-e-critica-a-guerra\/","url":"https:\/\/portaltela.pt\/noticias\/2026\/04\/12\/o-papa-leao-xiv-pede-fim-da-idolatria-e-critica-a-guerra\/","name":"O Papa Le\u00e3o XIV pede fim da idolatria e critica a guerra - Portal Tela Portugal","isPartOf":{"@id":"https:\/\/portaltela.pt\/#website"},"primaryImageOfPage":{"@id":"https:\/\/portaltela.pt\/noticias\/2026\/04\/12\/o-papa-leao-xiv-pede-fim-da-idolatria-e-critica-a-guerra\/#primaryimage"},"image":{"@id":"https:\/\/portaltela.pt\/noticias\/2026\/04\/12\/o-papa-leao-xiv-pede-fim-da-idolatria-e-critica-a-guerra\/#primaryimage"},"thumbnailUrl":"https:\/\/portaltela.pt\/s.01k8rhncp4jt1\/2026\/04\/1536x864_cmsv2_4368446d-0e95-54fd-aefb-d0f9825f9756-9718633.jpg","datePublished":"2026-04-12T12:47:13+00:00","author":{"@id":"https:\/\/portaltela.pt\/#\/schema\/person\/c4278d4a6028830caff9ee44b42d32ed"},"breadcrumb":{"@id":"https:\/\/portaltela.pt\/noticias\/2026\/04\/12\/o-papa-leao-xiv-pede-fim-da-idolatria-e-critica-a-guerra\/#breadcrumb"},"inLanguage":"pt-PT","potentialAction":[{"@type":"ReadAction","target":["https:\/\/portaltela.pt\/noticias\/2026\/04\/12\/o-papa-leao-xiv-pede-fim-da-idolatria-e-critica-a-guerra\/"]}]},{"@type":"ImageObject","inLanguage":"pt-PT","@id":"https:\/\/portaltela.pt\/noticias\/2026\/04\/12\/o-papa-leao-xiv-pede-fim-da-idolatria-e-critica-a-guerra\/#primaryimage","url":"https:\/\/portaltela.pt\/s.01k8rhncp4jt1\/2026\/04\/1536x864_cmsv2_4368446d-0e95-54fd-aefb-d0f9825f9756-9718633.jpg","contentUrl":"https:\/\/portaltela.pt\/s.01k8rhncp4jt1\/2026\/04\/1536x864_cmsv2_4368446d-0e95-54fd-aefb-d0f9825f9756-9718633.jpg","width":796,"height":448,"caption":"O Papa Le\u00e3o XIV lidera uma vig\u00edlia pela paz na Bas\u00edlica de S\u00e3o Pedro, no Vaticano, s\u00e1bado, 11 de abril de 2026."},{"@type":"BreadcrumbList","@id":"https:\/\/portaltela.pt\/noticias\/2026\/04\/12\/o-papa-leao-xiv-pede-fim-da-idolatria-e-critica-a-guerra\/#breadcrumb","itemListElement":[{"@type":"ListItem","position":1,"name":"In\u00edcio","item":"https:\/\/portaltela.pt\/"},{"@type":"ListItem","position":2,"name":"O Papa Le\u00e3o XIV pede fim da idolatria e critica a guerra"}]},{"@type":"WebSite","@id":"https:\/\/portaltela.pt\/#website","url":"https:\/\/portaltela.pt\/","name":"Portal Tela Portugal","description":"","potentialAction":[{"@type":"SearchAction","target":{"@type":"EntryPoint","urlTemplate":"https:\/\/portaltela.pt\/?s={search_term_string}"},"query-input":{"@type":"PropertyValueSpecification","valueRequired":true,"valueName":"search_term_string"}}],"inLanguage":"pt-PT"},{"@type":"Person","@id":"https:\/\/portaltela.pt\/#\/schema\/person\/c4278d4a6028830caff9ee44b42d32ed","name":"Telinha","image":{"@type":"ImageObject","inLanguage":"pt-PT","@id":"https:\/\/portaltela.pt\/s.01k8rhncp4jt1\/2025\/11\/talking-bot-125x125.png","url":"https:\/\/portaltela.pt\/s.01k8rhncp4jt1\/2025\/11\/talking-bot-125x125.png","contentUrl":"https:\/\/portaltela.pt\/s.01k8rhncp4jt1\/2025\/11\/talking-bot-125x125.png","caption":"Telinha"},"sameAs":["https:\/\/portaltela.pt\/"],"url":"https:\/\/portaltela.pt\/por\/367410592786\/"}]}},"_links":{"self":[{"href":"https:\/\/portaltela.pt\/api\/wp\/v2\/posts\/441345","targetHints":{"allow":["GET"]}}],"collection":[{"href":"https:\/\/portaltela.pt\/api\/wp\/v2\/posts"}],"about":[{"href":"https:\/\/portaltela.pt\/api\/wp\/v2\/types\/post"}],"author":[{"embeddable":true,"href":"https:\/\/portaltela.pt\/api\/wp\/v2\/users\/2"}],"replies":[{"embeddable":true,"href":"https:\/\/portaltela.pt\/api\/wp\/v2\/comments?post=441345"}],"version-history":[{"count":0,"href":"https:\/\/portaltela.pt\/api\/wp\/v2\/posts\/441345\/revisions"}],"wp:featuredmedia":[{"embeddable":true,"href":"https:\/\/portaltela.pt\/api\/wp\/v2\/media\/441347"}],"wp:attachment":[{"href":"https:\/\/portaltela.pt\/api\/wp\/v2\/media?parent=441345"}],"wp:term":[{"taxonomy":"category","embeddable":true,"href":"https:\/\/portaltela.pt\/api\/wp\/v2\/categories?post=441345"},{"taxonomy":"post_tag","embeddable":true,"href":"https:\/\/portaltela.pt\/api\/wp\/v2\/tags?post=441345"}],"curies":[{"name":"wp","href":"https:\/\/api.w.org\/{rel}","templated":true}]}}