{"id":441334,"date":"2026-04-12T06:22:00","date_gmt":"2026-04-12T09:22:00","guid":{"rendered":"https:\/\/portaltela.pt\/noticias\/2026\/04\/12\/pobreza-e-justica-social-marcam-3a-visita-papal-a-angola\/"},"modified":"2026-04-12T06:22:00","modified_gmt":"2026-04-12T09:22:00","slug":"pobreza-e-justica-social-marcam-3a-visita-papal-a-angola","status":"publish","type":"post","link":"https:\/\/portaltela.pt\/sociedade\/2026\/04\/12\/pobreza-e-justica-social-marcam-3a-visita-papal-a-angola\/","title":{"rendered":"Pobreza e justi\u00e7a social marcam 3\u00aa visita papal a Angola"},"content":{"rendered":"<p>O Papa Francisco est\u00e1 envolvido na terceira visita papal a Angola, com a pobreza e a justi\u00e7a social a permanecem na agenda oficial, conforme a not\u00edcia veiculada pela Lusa. O foco \u00e9 apresentado como central na digress\u00e3o do l\u00edder religioso.<\/p>\n<p>A cobertura completa n\u00e3o est\u00e1 dispon\u00edvel para o p\u00fablico geral, estando reservada a subscritores. O texto completo inclui detalhes sobre atividades, discursos e iniciativas associadas a este tema.<\/p>\n<p>At\u00e9 ao momento, n\u00e3o h\u00e1 informa\u00e7\u00f5es publicadas para este artigo sobre datas precisas, locais espec\u00edficos ou intervenientes adicionais. A publica\u00e7\u00e3o resume o enquadramento do tema sem emitir opini\u00f5es ou conclus\u00f5es.<\/p>\n","protected":false},"excerpt":{"rendered":"<ul>\n<li>O foco na pobreza e na justi\u00e7a social permanece na agenda da terceira visita papal a Angola.<\/li>\n<li>A not\u00edcia indica que esses temas continuam a constar na interven\u00e7\u00e3o do Papa durante a visita.<\/li>\n<li>O conte\u00fado completo est\u00e1 dispon\u00edvel apenas para subscritores, com acesso mediante login.<\/li>\n<li>A publica\u00e7\u00e3o \u00e9 da ag\u00eancia Lusa.<\/li>\n<li>N\u00e3o h\u00e1 informa\u00e7\u00f5es adicionais fornecidas no texto dispon\u00edvel.<\/li>\n<\/ul>\n","protected":false},"author":2,"featured_media":441336,"comment_status":"closed","ping_status":"closed","sticky":false,"template":"","format":"standard","meta":{"footnotes":""},"categories":[6871],"tags":[4837,803,6642,104,2318],"class_list":["post-441334","post","type-post","status-publish","format-standard","has-post-thumbnail","hentry","category-sociedade","tag-angola","tag-justica","tag-pobreza","tag-religiao","tag-sociedade"],"yoast_head":"<!-- This site is optimized with the Yoast SEO plugin v27.2 - https:\/\/yoast.com\/product\/yoast-seo-wordpress\/ -->\n<title>Pobreza e justi\u00e7a social marcam 3\u00aa visita papal a Angola - Portal Tela Portugal<\/title>\n<meta name=\"robots\" content=\"index, follow, max-snippet:-1, max-image-preview:large, max-video-preview:-1\" \/>\n<meta property=\"og:locale\" content=\"pt_PT\" \/>\n<meta property=\"og:type\" content=\"article\" \/>\n<meta property=\"og:title\" content=\"Pobreza e justi\u00e7a social marcam 3\u00aa visita papal a Angola - Portal Tela Portugal\" \/>\n<meta property=\"og:description\" content=\"O foco na pobreza e na justi\u00e7a social permanece na agenda da terceira visita papal a Angola. A not\u00edcia indica que esses temas continuam a constar na interven\u00e7\u00e3o do Papa durante a visita. O conte\u00fado completo est\u00e1 dispon\u00edvel apenas para subscritores, com acesso mediante login. A publica\u00e7\u00e3o \u00e9 da ag\u00eancia Lusa. N\u00e3o h\u00e1 informa\u00e7\u00f5es adicionais fornecidas no texto dispon\u00edvel.\" \/>\n<meta property=\"og:url\" content=\"https:\/\/portaltela.pt\/noticias\/2026\/04\/12\/pobreza-e-justica-social-marcam-3a-visita-papal-a-angola\/\" \/>\n<meta property=\"og:site_name\" content=\"Portal Tela Portugal\" \/>\n<meta property=\"article:published_time\" content=\"2026-04-12T09:22:00+00:00\" \/>\n<meta name=\"author\" content=\"Telinha\" \/>\n<meta name=\"twitter:card\" content=\"summary_large_image\" \/>\n<meta name=\"twitter:label1\" content=\"Escrito por\" \/>\n\t<meta name=\"twitter:data1\" content=\"Telinha\" \/>\n\t<meta name=\"twitter:label2\" content=\"Tempo estimado de leitura\" \/>\n\t<meta name=\"twitter:data2\" content=\"1 minuto\" \/>\n<script type=\"application\/ld+json\" class=\"yoast-schema-graph\">{\"@context\":\"https:\/\/schema.org\",\"@graph\":[{\"@type\":\"Article\",\"@id\":\"https:\/\/portaltela.pt\/noticias\/2026\/04\/12\/pobreza-e-justica-social-marcam-3a-visita-papal-a-angola\/#article\",\"isPartOf\":{\"@id\":\"https:\/\/portaltela.pt\/noticias\/2026\/04\/12\/pobreza-e-justica-social-marcam-3a-visita-papal-a-angola\/\"},\"author\":{\"name\":\"Telinha\",\"@id\":\"https:\/\/portaltela.pt\/#\/schema\/person\/c4278d4a6028830caff9ee44b42d32ed\"},\"headline\":\"Pobreza e justi\u00e7a social marcam 3\u00aa visita papal a Angola\",\"datePublished\":\"2026-04-12T09:22:00+00:00\",\"mainEntityOfPage\":{\"@id\":\"https:\/\/portaltela.pt\/noticias\/2026\/04\/12\/pobreza-e-justica-social-marcam-3a-visita-papal-a-angola\/\"},\"wordCount\":120,\"image\":{\"@id\":\"https:\/\/portaltela.pt\/noticias\/2026\/04\/12\/pobreza-e-justica-social-marcam-3a-visita-papal-a-angola\/#primaryimage\"},\"thumbnailUrl\":\"https:\/\/portaltela.pt\/s.01k8rhncp4jt1\/2026\/04\/CACHE_780X1200_ANALOG_WATERMARKED_46864470_1180451_09042026040250.jpg\",\"keywords\":[\"Angola\",\"justi\u00e7a\",\"pobreza\",\"religi\u00e3o\",\"sociedade\"],\"articleSection\":[\"Sociedade\"],\"inLanguage\":\"pt-PT\"},{\"@type\":\"WebPage\",\"@id\":\"https:\/\/portaltela.pt\/noticias\/2026\/04\/12\/pobreza-e-justica-social-marcam-3a-visita-papal-a-angola\/\",\"url\":\"https:\/\/portaltela.pt\/noticias\/2026\/04\/12\/pobreza-e-justica-social-marcam-3a-visita-papal-a-angola\/\",\"name\":\"Pobreza e justi\u00e7a social marcam 3\u00aa visita papal a Angola - Portal Tela Portugal\",\"isPartOf\":{\"@id\":\"https:\/\/portaltela.pt\/#website\"},\"primaryImageOfPage\":{\"@id\":\"https:\/\/portaltela.pt\/noticias\/2026\/04\/12\/pobreza-e-justica-social-marcam-3a-visita-papal-a-angola\/#primaryimage\"},\"image\":{\"@id\":\"https:\/\/portaltela.pt\/noticias\/2026\/04\/12\/pobreza-e-justica-social-marcam-3a-visita-papal-a-angola\/#primaryimage\"},\"thumbnailUrl\":\"https:\/\/portaltela.pt\/s.01k8rhncp4jt1\/2026\/04\/CACHE_780X1200_ANALOG_WATERMARKED_46864470_1180451_09042026040250.jpg\",\"datePublished\":\"2026-04-12T09:22:00+00:00\",\"author\":{\"@id\":\"https:\/\/portaltela.pt\/#\/schema\/person\/c4278d4a6028830caff9ee44b42d32ed\"},\"breadcrumb\":{\"@id\":\"https:\/\/portaltela.pt\/noticias\/2026\/04\/12\/pobreza-e-justica-social-marcam-3a-visita-papal-a-angola\/#breadcrumb\"},\"inLanguage\":\"pt-PT\",\"potentialAction\":[{\"@type\":\"ReadAction\",\"target\":[\"https:\/\/portaltela.pt\/noticias\/2026\/04\/12\/pobreza-e-justica-social-marcam-3a-visita-papal-a-angola\/\"]}]},{\"@type\":\"ImageObject\",\"inLanguage\":\"pt-PT\",\"@id\":\"https:\/\/portaltela.pt\/noticias\/2026\/04\/12\/pobreza-e-justica-social-marcam-3a-visita-papal-a-angola\/#primaryimage\",\"url\":\"https:\/\/portaltela.pt\/s.01k8rhncp4jt1\/2026\/04\/CACHE_780X1200_ANALOG_WATERMARKED_46864470_1180451_09042026040250.jpg\",\"contentUrl\":\"https:\/\/portaltela.pt\/s.01k8rhncp4jt1\/2026\/04\/CACHE_780X1200_ANALOG_WATERMARKED_46864470_1180451_09042026040250.jpg\",\"width\":796,\"height\":448,\"caption\":\"Pobreza e justi\u00e7a social permanecem na agenda da terceira visita papal a Angola\"},{\"@type\":\"BreadcrumbList\",\"@id\":\"https:\/\/portaltela.pt\/noticias\/2026\/04\/12\/pobreza-e-justica-social-marcam-3a-visita-papal-a-angola\/#breadcrumb\",\"itemListElement\":[{\"@type\":\"ListItem\",\"position\":1,\"name\":\"In\u00edcio\",\"item\":\"https:\/\/portaltela.pt\/\"},{\"@type\":\"ListItem\",\"position\":2,\"name\":\"Pobreza e justi\u00e7a social marcam 3\u00aa visita papal a Angola\"}]},{\"@type\":\"WebSite\",\"@id\":\"https:\/\/portaltela.pt\/#website\",\"url\":\"https:\/\/portaltela.pt\/\",\"name\":\"Portal Tela Portugal\",\"description\":\"\",\"potentialAction\":[{\"@type\":\"SearchAction\",\"target\":{\"@type\":\"EntryPoint\",\"urlTemplate\":\"https:\/\/portaltela.pt\/?s={search_term_string}\"},\"query-input\":{\"@type\":\"PropertyValueSpecification\",\"valueRequired\":true,\"valueName\":\"search_term_string\"}}],\"inLanguage\":\"pt-PT\"},{\"@type\":\"Person\",\"@id\":\"https:\/\/portaltela.pt\/#\/schema\/person\/c4278d4a6028830caff9ee44b42d32ed\",\"name\":\"Telinha\",\"image\":{\"@type\":\"ImageObject\",\"inLanguage\":\"pt-PT\",\"@id\":\"https:\/\/portaltela.pt\/s.01k8rhncp4jt1\/2025\/11\/talking-bot-125x125.png\",\"url\":\"https:\/\/portaltela.pt\/s.01k8rhncp4jt1\/2025\/11\/talking-bot-125x125.png\",\"contentUrl\":\"https:\/\/portaltela.pt\/s.01k8rhncp4jt1\/2025\/11\/talking-bot-125x125.png\",\"caption\":\"Telinha\"},\"sameAs\":[\"https:\/\/portaltela.pt\/\"],\"url\":\"https:\/\/portaltela.pt\/por\/367410592786\/\"}]}<\/script>\n<!-- \/ Yoast SEO plugin. -->","yoast_head_json":{"title":"Pobreza e justi\u00e7a social marcam 3\u00aa visita papal a Angola - Portal Tela Portugal","robots":{"index":"index","follow":"follow","max-snippet":"max-snippet:-1","max-image-preview":"max-image-preview:large","max-video-preview":"max-video-preview:-1"},"og_locale":"pt_PT","og_type":"article","og_title":"Pobreza e justi\u00e7a social marcam 3\u00aa visita papal a Angola - Portal Tela Portugal","og_description":"O foco na pobreza e na justi\u00e7a social permanece na agenda da terceira visita papal a Angola. A not\u00edcia indica que esses temas continuam a constar na interven\u00e7\u00e3o do Papa durante a visita. O conte\u00fado completo est\u00e1 dispon\u00edvel apenas para subscritores, com acesso mediante login. A publica\u00e7\u00e3o \u00e9 da ag\u00eancia Lusa. N\u00e3o h\u00e1 informa\u00e7\u00f5es adicionais fornecidas no texto dispon\u00edvel.","og_url":"https:\/\/portaltela.pt\/noticias\/2026\/04\/12\/pobreza-e-justica-social-marcam-3a-visita-papal-a-angola\/","og_site_name":"Portal Tela Portugal","article_published_time":"2026-04-12T09:22:00+00:00","author":"Telinha","twitter_card":"summary_large_image","twitter_misc":{"Escrito por":"Telinha","Tempo estimado de leitura":"1 minuto"},"schema":{"@context":"https:\/\/schema.org","@graph":[{"@type":"Article","@id":"https:\/\/portaltela.pt\/noticias\/2026\/04\/12\/pobreza-e-justica-social-marcam-3a-visita-papal-a-angola\/#article","isPartOf":{"@id":"https:\/\/portaltela.pt\/noticias\/2026\/04\/12\/pobreza-e-justica-social-marcam-3a-visita-papal-a-angola\/"},"author":{"name":"Telinha","@id":"https:\/\/portaltela.pt\/#\/schema\/person\/c4278d4a6028830caff9ee44b42d32ed"},"headline":"Pobreza e justi\u00e7a social marcam 3\u00aa visita papal a Angola","datePublished":"2026-04-12T09:22:00+00:00","mainEntityOfPage":{"@id":"https:\/\/portaltela.pt\/noticias\/2026\/04\/12\/pobreza-e-justica-social-marcam-3a-visita-papal-a-angola\/"},"wordCount":120,"image":{"@id":"https:\/\/portaltela.pt\/noticias\/2026\/04\/12\/pobreza-e-justica-social-marcam-3a-visita-papal-a-angola\/#primaryimage"},"thumbnailUrl":"https:\/\/portaltela.pt\/s.01k8rhncp4jt1\/2026\/04\/CACHE_780X1200_ANALOG_WATERMARKED_46864470_1180451_09042026040250.jpg","keywords":["Angola","justi\u00e7a","pobreza","religi\u00e3o","sociedade"],"articleSection":["Sociedade"],"inLanguage":"pt-PT"},{"@type":"WebPage","@id":"https:\/\/portaltela.pt\/noticias\/2026\/04\/12\/pobreza-e-justica-social-marcam-3a-visita-papal-a-angola\/","url":"https:\/\/portaltela.pt\/noticias\/2026\/04\/12\/pobreza-e-justica-social-marcam-3a-visita-papal-a-angola\/","name":"Pobreza e justi\u00e7a social marcam 3\u00aa visita papal a Angola - Portal Tela Portugal","isPartOf":{"@id":"https:\/\/portaltela.pt\/#website"},"primaryImageOfPage":{"@id":"https:\/\/portaltela.pt\/noticias\/2026\/04\/12\/pobreza-e-justica-social-marcam-3a-visita-papal-a-angola\/#primaryimage"},"image":{"@id":"https:\/\/portaltela.pt\/noticias\/2026\/04\/12\/pobreza-e-justica-social-marcam-3a-visita-papal-a-angola\/#primaryimage"},"thumbnailUrl":"https:\/\/portaltela.pt\/s.01k8rhncp4jt1\/2026\/04\/CACHE_780X1200_ANALOG_WATERMARKED_46864470_1180451_09042026040250.jpg","datePublished":"2026-04-12T09:22:00+00:00","author":{"@id":"https:\/\/portaltela.pt\/#\/schema\/person\/c4278d4a6028830caff9ee44b42d32ed"},"breadcrumb":{"@id":"https:\/\/portaltela.pt\/noticias\/2026\/04\/12\/pobreza-e-justica-social-marcam-3a-visita-papal-a-angola\/#breadcrumb"},"inLanguage":"pt-PT","potentialAction":[{"@type":"ReadAction","target":["https:\/\/portaltela.pt\/noticias\/2026\/04\/12\/pobreza-e-justica-social-marcam-3a-visita-papal-a-angola\/"]}]},{"@type":"ImageObject","inLanguage":"pt-PT","@id":"https:\/\/portaltela.pt\/noticias\/2026\/04\/12\/pobreza-e-justica-social-marcam-3a-visita-papal-a-angola\/#primaryimage","url":"https:\/\/portaltela.pt\/s.01k8rhncp4jt1\/2026\/04\/CACHE_780X1200_ANALOG_WATERMARKED_46864470_1180451_09042026040250.jpg","contentUrl":"https:\/\/portaltela.pt\/s.01k8rhncp4jt1\/2026\/04\/CACHE_780X1200_ANALOG_WATERMARKED_46864470_1180451_09042026040250.jpg","width":796,"height":448,"caption":"Pobreza e justi\u00e7a social permanecem na agenda da terceira visita papal a Angola"},{"@type":"BreadcrumbList","@id":"https:\/\/portaltela.pt\/noticias\/2026\/04\/12\/pobreza-e-justica-social-marcam-3a-visita-papal-a-angola\/#breadcrumb","itemListElement":[{"@type":"ListItem","position":1,"name":"In\u00edcio","item":"https:\/\/portaltela.pt\/"},{"@type":"ListItem","position":2,"name":"Pobreza e justi\u00e7a social marcam 3\u00aa visita papal a Angola"}]},{"@type":"WebSite","@id":"https:\/\/portaltela.pt\/#website","url":"https:\/\/portaltela.pt\/","name":"Portal Tela Portugal","description":"","potentialAction":[{"@type":"SearchAction","target":{"@type":"EntryPoint","urlTemplate":"https:\/\/portaltela.pt\/?s={search_term_string}"},"query-input":{"@type":"PropertyValueSpecification","valueRequired":true,"valueName":"search_term_string"}}],"inLanguage":"pt-PT"},{"@type":"Person","@id":"https:\/\/portaltela.pt\/#\/schema\/person\/c4278d4a6028830caff9ee44b42d32ed","name":"Telinha","image":{"@type":"ImageObject","inLanguage":"pt-PT","@id":"https:\/\/portaltela.pt\/s.01k8rhncp4jt1\/2025\/11\/talking-bot-125x125.png","url":"https:\/\/portaltela.pt\/s.01k8rhncp4jt1\/2025\/11\/talking-bot-125x125.png","contentUrl":"https:\/\/portaltela.pt\/s.01k8rhncp4jt1\/2025\/11\/talking-bot-125x125.png","caption":"Telinha"},"sameAs":["https:\/\/portaltela.pt\/"],"url":"https:\/\/portaltela.pt\/por\/367410592786\/"}]}},"_links":{"self":[{"href":"https:\/\/portaltela.pt\/api\/wp\/v2\/posts\/441334","targetHints":{"allow":["GET"]}}],"collection":[{"href":"https:\/\/portaltela.pt\/api\/wp\/v2\/posts"}],"about":[{"href":"https:\/\/portaltela.pt\/api\/wp\/v2\/types\/post"}],"author":[{"embeddable":true,"href":"https:\/\/portaltela.pt\/api\/wp\/v2\/users\/2"}],"replies":[{"embeddable":true,"href":"https:\/\/portaltela.pt\/api\/wp\/v2\/comments?post=441334"}],"version-history":[{"count":0,"href":"https:\/\/portaltela.pt\/api\/wp\/v2\/posts\/441334\/revisions"}],"wp:featuredmedia":[{"embeddable":true,"href":"https:\/\/portaltela.pt\/api\/wp\/v2\/media\/441336"}],"wp:attachment":[{"href":"https:\/\/portaltela.pt\/api\/wp\/v2\/media?parent=441334"}],"wp:term":[{"taxonomy":"category","embeddable":true,"href":"https:\/\/portaltela.pt\/api\/wp\/v2\/categories?post=441334"},{"taxonomy":"post_tag","embeddable":true,"href":"https:\/\/portaltela.pt\/api\/wp\/v2\/tags?post=441334"}],"curies":[{"name":"wp","href":"https:\/\/api.w.org\/{rel}","templated":true}]}}