{"id":441290,"date":"2026-04-12T08:32:02","date_gmt":"2026-04-12T11:32:02","guid":{"rendered":"https:\/\/portaltela.pt\/noticias\/2026\/04\/12\/diogo-ramada-curto-um-amigo\/"},"modified":"2026-04-12T08:32:02","modified_gmt":"2026-04-12T11:32:02","slug":"diogo-ramada-curto-um-amigo","status":"publish","type":"post","link":"https:\/\/portaltela.pt\/noticias\/2026\/04\/12\/diogo-ramada-curto-um-amigo\/","title":{"rendered":"Diogo Ramada Curto, um amigo"},"content":{"rendered":"<p>Diogo Ramada Curto, historiador portugu\u00eas, faleceu recentemente. Mestre do estudo rigoroso, marcou gera\u00e7\u00f5es com uma produ\u00e7\u00e3o extensa em hist\u00f3ria, pol\u00edtica, cultura e artes. A sua vida esteve ligada a uma sala de leitura onde passava horas entre livros.<\/p>\n<p>Capaz de cruzar \u00e9pocas, elencava interesses que iam do livro antigo \u00e0 arte contempor\u00e2nea, com foco em v\u00e1rias regi\u00f5es, como Europa, Brasil e \u00c1frica. Mantinha uma vis\u00e3o cosmopolita, sem ficar preso a tribos acad\u00e9micas, e defendia uma literatura s\u00e9ria e aberta.<\/p>\n<p>Foi professor na Universidade Nova de Lisboa, formando v\u00e1rias gera\u00e7\u00f5es de investigadores. Na dire\u00e7\u00e3o da Biblioteca Nacional de Portugal promoveu mudan\u00e7as relevantes, incluindo a Sala Azul para estudantes. O legado inclui dezenas de obras e artigos marcantes.<\/p>\n<p>Constituiu-se como refer\u00eancia pela qualidade de an\u00e1lise e pela capacidade de intervir publicamente com independ\u00eancia intelectual. Deixou um percurso marcado pela curiosidade, pela \u00e9tica de trabalho e pela paix\u00e3o pelos arquivos.<\/p>\n<p>Paralelamente, destacou-se pela conviv\u00eancia com colegas, amigos de v\u00e1rias idades e c\u00edrculos culturais. O seu dinamismo institucional permanece nos registos da BN e na qualidade de muitas obras que permanece como legado.<\/p>\n","protected":false},"excerpt":{"rendered":"<ul>\n<li>Diogo Ramada Curto foi dos historiadores mais completos da sua gera\u00e7\u00e3o, com um leque de interesses que abrangia desde o livro antigo at\u00e9 \u00e0 arte contempor\u00e2nea e \u00e0 hist\u00f3ria pol\u00edtica, social e cultural.<\/li>\n<li>Passou longos per\u00edodos na sala de leitura da Biblioteca Nacional, sendo uma presen\u00e7a constante e dedicada ao estudo.<\/li>\n<li>Foi professor na Universidade Nova de Lisboa e teve uma carreira internacional em cidades como Floren\u00e7a, Paris e na Brown University.<\/li>\n<li>Liderou a Biblioteca Nacional de Portugal, deixando obras j\u00e1 conclu\u00eddas ou em curso e impulsionando a Sala Azul como espa\u00e7o de trabalho para estudantes.<\/li>\n<li>Era visto como esp\u00edrito livre e cr\u00edtico do meio acad\u00e9mico, com uma vis\u00e3o cosmopolita e uma produ\u00e7\u00e3o cient\u00edfica marcante.<\/li>\n<\/ul>\n","protected":false},"author":2,"featured_media":441292,"comment_status":"closed","ping_status":"closed","sticky":false,"template":"","format":"standard","meta":{"footnotes":""},"categories":[7375,1],"tags":[1078,145,163,299,7283,1014],"class_list":["post-441290","post","type-post","status-publish","format-standard","has-post-thumbnail","hentry","category-cultura","category-noticias","tag-bibliotecas-arquivos","tag-cultura","tag-educacao","tag-historia","tag-instituicao-publica","tag-portugal"],"yoast_head":"<!-- This site is optimized with the Yoast SEO plugin v27.2 - https:\/\/yoast.com\/product\/yoast-seo-wordpress\/ -->\n<title>Diogo Ramada Curto, um amigo - Portal Tela Portugal<\/title>\n<meta name=\"robots\" content=\"index, follow, max-snippet:-1, max-image-preview:large, max-video-preview:-1\" \/>\n<meta property=\"og:locale\" content=\"pt_PT\" \/>\n<meta property=\"og:type\" content=\"article\" \/>\n<meta property=\"og:title\" content=\"Diogo Ramada Curto, um amigo - Portal Tela Portugal\" \/>\n<meta property=\"og:description\" content=\"Diogo Ramada Curto foi dos historiadores mais completos da sua gera\u00e7\u00e3o, com um leque de interesses que abrangia desde o livro antigo at\u00e9 \u00e0 arte contempor\u00e2nea e \u00e0 hist\u00f3ria pol\u00edtica, social e cultural. Passou longos per\u00edodos na sala de leitura da Biblioteca Nacional, sendo uma presen\u00e7a constante e dedicada ao estudo. Foi professor na Universidade Nova de Lisboa e teve uma carreira internacional em cidades como Floren\u00e7a, Paris e na Brown University. Liderou a Biblioteca Nacional de Portugal, deixando obras j\u00e1 conclu\u00eddas ou em curso e impulsionando a Sala Azul como espa\u00e7o de trabalho para estudantes. Era visto como esp\u00edrito livre e cr\u00edtico do meio acad\u00e9mico, com uma vis\u00e3o cosmopolita e uma produ\u00e7\u00e3o cient\u00edfica marcante.\" \/>\n<meta property=\"og:url\" content=\"https:\/\/portaltela.pt\/noticias\/2026\/04\/12\/diogo-ramada-curto-um-amigo\/\" \/>\n<meta property=\"og:site_name\" content=\"Portal Tela Portugal\" \/>\n<meta property=\"article:published_time\" content=\"2026-04-12T11:32:02+00:00\" \/>\n<meta name=\"author\" content=\"Telinha\" \/>\n<meta name=\"twitter:card\" content=\"summary_large_image\" \/>\n<meta name=\"twitter:label1\" content=\"Escrito por\" \/>\n\t<meta name=\"twitter:data1\" content=\"Telinha\" \/>\n\t<meta name=\"twitter:label2\" content=\"Tempo estimado de leitura\" \/>\n\t<meta name=\"twitter:data2\" content=\"1 minuto\" \/>\n<script type=\"application\/ld+json\" class=\"yoast-schema-graph\">{\"@context\":\"https:\/\/schema.org\",\"@graph\":[{\"@type\":\"Article\",\"@id\":\"https:\/\/portaltela.pt\/noticias\/2026\/04\/12\/diogo-ramada-curto-um-amigo\/#article\",\"isPartOf\":{\"@id\":\"https:\/\/portaltela.pt\/noticias\/2026\/04\/12\/diogo-ramada-curto-um-amigo\/\"},\"author\":{\"name\":\"Telinha\",\"@id\":\"https:\/\/portaltela.pt\/#\/schema\/person\/c4278d4a6028830caff9ee44b42d32ed\"},\"headline\":\"Diogo Ramada Curto, um amigo\",\"datePublished\":\"2026-04-12T11:32:02+00:00\",\"mainEntityOfPage\":{\"@id\":\"https:\/\/portaltela.pt\/noticias\/2026\/04\/12\/diogo-ramada-curto-um-amigo\/\"},\"wordCount\":205,\"image\":{\"@id\":\"https:\/\/portaltela.pt\/noticias\/2026\/04\/12\/diogo-ramada-curto-um-amigo\/#primaryimage\"},\"thumbnailUrl\":\"https:\/\/portaltela.pt\/s.01k8rhncp4jt1\/2026\/04\/1052778.jpg\",\"keywords\":[\"bibliotecas\/arquivos\",\"cultura\",\"educa\u00e7\u00e3o\",\"hist\u00f3ria\",\"institui\u00e7\u00e3o p\u00fablica\",\"Portugal\"],\"articleSection\":[\"Cultura\",\"Not\u00edcias\"],\"inLanguage\":\"pt-PT\"},{\"@type\":\"WebPage\",\"@id\":\"https:\/\/portaltela.pt\/noticias\/2026\/04\/12\/diogo-ramada-curto-um-amigo\/\",\"url\":\"https:\/\/portaltela.pt\/noticias\/2026\/04\/12\/diogo-ramada-curto-um-amigo\/\",\"name\":\"Diogo Ramada Curto, um amigo - Portal Tela Portugal\",\"isPartOf\":{\"@id\":\"https:\/\/portaltela.pt\/#website\"},\"primaryImageOfPage\":{\"@id\":\"https:\/\/portaltela.pt\/noticias\/2026\/04\/12\/diogo-ramada-curto-um-amigo\/#primaryimage\"},\"image\":{\"@id\":\"https:\/\/portaltela.pt\/noticias\/2026\/04\/12\/diogo-ramada-curto-um-amigo\/#primaryimage\"},\"thumbnailUrl\":\"https:\/\/portaltela.pt\/s.01k8rhncp4jt1\/2026\/04\/1052778.jpg\",\"datePublished\":\"2026-04-12T11:32:02+00:00\",\"author\":{\"@id\":\"https:\/\/portaltela.pt\/#\/schema\/person\/c4278d4a6028830caff9ee44b42d32ed\"},\"breadcrumb\":{\"@id\":\"https:\/\/portaltela.pt\/noticias\/2026\/04\/12\/diogo-ramada-curto-um-amigo\/#breadcrumb\"},\"inLanguage\":\"pt-PT\",\"potentialAction\":[{\"@type\":\"ReadAction\",\"target\":[\"https:\/\/portaltela.pt\/noticias\/2026\/04\/12\/diogo-ramada-curto-um-amigo\/\"]}]},{\"@type\":\"ImageObject\",\"inLanguage\":\"pt-PT\",\"@id\":\"https:\/\/portaltela.pt\/noticias\/2026\/04\/12\/diogo-ramada-curto-um-amigo\/#primaryimage\",\"url\":\"https:\/\/portaltela.pt\/s.01k8rhncp4jt1\/2026\/04\/1052778.jpg\",\"contentUrl\":\"https:\/\/portaltela.pt\/s.01k8rhncp4jt1\/2026\/04\/1052778.jpg\",\"width\":796,\"height\":448,\"caption\":\"Photo\"},{\"@type\":\"BreadcrumbList\",\"@id\":\"https:\/\/portaltela.pt\/noticias\/2026\/04\/12\/diogo-ramada-curto-um-amigo\/#breadcrumb\",\"itemListElement\":[{\"@type\":\"ListItem\",\"position\":1,\"name\":\"In\u00edcio\",\"item\":\"https:\/\/portaltela.pt\/\"},{\"@type\":\"ListItem\",\"position\":2,\"name\":\"Diogo Ramada Curto, um amigo\"}]},{\"@type\":\"WebSite\",\"@id\":\"https:\/\/portaltela.pt\/#website\",\"url\":\"https:\/\/portaltela.pt\/\",\"name\":\"Portal Tela Portugal\",\"description\":\"\",\"potentialAction\":[{\"@type\":\"SearchAction\",\"target\":{\"@type\":\"EntryPoint\",\"urlTemplate\":\"https:\/\/portaltela.pt\/?s={search_term_string}\"},\"query-input\":{\"@type\":\"PropertyValueSpecification\",\"valueRequired\":true,\"valueName\":\"search_term_string\"}}],\"inLanguage\":\"pt-PT\"},{\"@type\":\"Person\",\"@id\":\"https:\/\/portaltela.pt\/#\/schema\/person\/c4278d4a6028830caff9ee44b42d32ed\",\"name\":\"Telinha\",\"image\":{\"@type\":\"ImageObject\",\"inLanguage\":\"pt-PT\",\"@id\":\"https:\/\/portaltela.pt\/s.01k8rhncp4jt1\/2025\/11\/talking-bot-125x125.png\",\"url\":\"https:\/\/portaltela.pt\/s.01k8rhncp4jt1\/2025\/11\/talking-bot-125x125.png\",\"contentUrl\":\"https:\/\/portaltela.pt\/s.01k8rhncp4jt1\/2025\/11\/talking-bot-125x125.png\",\"caption\":\"Telinha\"},\"sameAs\":[\"https:\/\/portaltela.pt\/\"],\"url\":\"https:\/\/portaltela.pt\/por\/367410592786\/\"}]}<\/script>\n<!-- \/ Yoast SEO plugin. -->","yoast_head_json":{"title":"Diogo Ramada Curto, um amigo - Portal Tela Portugal","robots":{"index":"index","follow":"follow","max-snippet":"max-snippet:-1","max-image-preview":"max-image-preview:large","max-video-preview":"max-video-preview:-1"},"og_locale":"pt_PT","og_type":"article","og_title":"Diogo Ramada Curto, um amigo - Portal Tela Portugal","og_description":"Diogo Ramada Curto foi dos historiadores mais completos da sua gera\u00e7\u00e3o, com um leque de interesses que abrangia desde o livro antigo at\u00e9 \u00e0 arte contempor\u00e2nea e \u00e0 hist\u00f3ria pol\u00edtica, social e cultural. Passou longos per\u00edodos na sala de leitura da Biblioteca Nacional, sendo uma presen\u00e7a constante e dedicada ao estudo. Foi professor na Universidade Nova de Lisboa e teve uma carreira internacional em cidades como Floren\u00e7a, Paris e na Brown University. Liderou a Biblioteca Nacional de Portugal, deixando obras j\u00e1 conclu\u00eddas ou em curso e impulsionando a Sala Azul como espa\u00e7o de trabalho para estudantes. Era visto como esp\u00edrito livre e cr\u00edtico do meio acad\u00e9mico, com uma vis\u00e3o cosmopolita e uma produ\u00e7\u00e3o cient\u00edfica marcante.","og_url":"https:\/\/portaltela.pt\/noticias\/2026\/04\/12\/diogo-ramada-curto-um-amigo\/","og_site_name":"Portal Tela Portugal","article_published_time":"2026-04-12T11:32:02+00:00","author":"Telinha","twitter_card":"summary_large_image","twitter_misc":{"Escrito por":"Telinha","Tempo estimado de leitura":"1 minuto"},"schema":{"@context":"https:\/\/schema.org","@graph":[{"@type":"Article","@id":"https:\/\/portaltela.pt\/noticias\/2026\/04\/12\/diogo-ramada-curto-um-amigo\/#article","isPartOf":{"@id":"https:\/\/portaltela.pt\/noticias\/2026\/04\/12\/diogo-ramada-curto-um-amigo\/"},"author":{"name":"Telinha","@id":"https:\/\/portaltela.pt\/#\/schema\/person\/c4278d4a6028830caff9ee44b42d32ed"},"headline":"Diogo Ramada Curto, um amigo","datePublished":"2026-04-12T11:32:02+00:00","mainEntityOfPage":{"@id":"https:\/\/portaltela.pt\/noticias\/2026\/04\/12\/diogo-ramada-curto-um-amigo\/"},"wordCount":205,"image":{"@id":"https:\/\/portaltela.pt\/noticias\/2026\/04\/12\/diogo-ramada-curto-um-amigo\/#primaryimage"},"thumbnailUrl":"https:\/\/portaltela.pt\/s.01k8rhncp4jt1\/2026\/04\/1052778.jpg","keywords":["bibliotecas\/arquivos","cultura","educa\u00e7\u00e3o","hist\u00f3ria","institui\u00e7\u00e3o p\u00fablica","Portugal"],"articleSection":["Cultura","Not\u00edcias"],"inLanguage":"pt-PT"},{"@type":"WebPage","@id":"https:\/\/portaltela.pt\/noticias\/2026\/04\/12\/diogo-ramada-curto-um-amigo\/","url":"https:\/\/portaltela.pt\/noticias\/2026\/04\/12\/diogo-ramada-curto-um-amigo\/","name":"Diogo Ramada Curto, um amigo - Portal Tela Portugal","isPartOf":{"@id":"https:\/\/portaltela.pt\/#website"},"primaryImageOfPage":{"@id":"https:\/\/portaltela.pt\/noticias\/2026\/04\/12\/diogo-ramada-curto-um-amigo\/#primaryimage"},"image":{"@id":"https:\/\/portaltela.pt\/noticias\/2026\/04\/12\/diogo-ramada-curto-um-amigo\/#primaryimage"},"thumbnailUrl":"https:\/\/portaltela.pt\/s.01k8rhncp4jt1\/2026\/04\/1052778.jpg","datePublished":"2026-04-12T11:32:02+00:00","author":{"@id":"https:\/\/portaltela.pt\/#\/schema\/person\/c4278d4a6028830caff9ee44b42d32ed"},"breadcrumb":{"@id":"https:\/\/portaltela.pt\/noticias\/2026\/04\/12\/diogo-ramada-curto-um-amigo\/#breadcrumb"},"inLanguage":"pt-PT","potentialAction":[{"@type":"ReadAction","target":["https:\/\/portaltela.pt\/noticias\/2026\/04\/12\/diogo-ramada-curto-um-amigo\/"]}]},{"@type":"ImageObject","inLanguage":"pt-PT","@id":"https:\/\/portaltela.pt\/noticias\/2026\/04\/12\/diogo-ramada-curto-um-amigo\/#primaryimage","url":"https:\/\/portaltela.pt\/s.01k8rhncp4jt1\/2026\/04\/1052778.jpg","contentUrl":"https:\/\/portaltela.pt\/s.01k8rhncp4jt1\/2026\/04\/1052778.jpg","width":796,"height":448,"caption":"Photo"},{"@type":"BreadcrumbList","@id":"https:\/\/portaltela.pt\/noticias\/2026\/04\/12\/diogo-ramada-curto-um-amigo\/#breadcrumb","itemListElement":[{"@type":"ListItem","position":1,"name":"In\u00edcio","item":"https:\/\/portaltela.pt\/"},{"@type":"ListItem","position":2,"name":"Diogo Ramada Curto, um amigo"}]},{"@type":"WebSite","@id":"https:\/\/portaltela.pt\/#website","url":"https:\/\/portaltela.pt\/","name":"Portal Tela Portugal","description":"","potentialAction":[{"@type":"SearchAction","target":{"@type":"EntryPoint","urlTemplate":"https:\/\/portaltela.pt\/?s={search_term_string}"},"query-input":{"@type":"PropertyValueSpecification","valueRequired":true,"valueName":"search_term_string"}}],"inLanguage":"pt-PT"},{"@type":"Person","@id":"https:\/\/portaltela.pt\/#\/schema\/person\/c4278d4a6028830caff9ee44b42d32ed","name":"Telinha","image":{"@type":"ImageObject","inLanguage":"pt-PT","@id":"https:\/\/portaltela.pt\/s.01k8rhncp4jt1\/2025\/11\/talking-bot-125x125.png","url":"https:\/\/portaltela.pt\/s.01k8rhncp4jt1\/2025\/11\/talking-bot-125x125.png","contentUrl":"https:\/\/portaltela.pt\/s.01k8rhncp4jt1\/2025\/11\/talking-bot-125x125.png","caption":"Telinha"},"sameAs":["https:\/\/portaltela.pt\/"],"url":"https:\/\/portaltela.pt\/por\/367410592786\/"}]}},"_links":{"self":[{"href":"https:\/\/portaltela.pt\/api\/wp\/v2\/posts\/441290","targetHints":{"allow":["GET"]}}],"collection":[{"href":"https:\/\/portaltela.pt\/api\/wp\/v2\/posts"}],"about":[{"href":"https:\/\/portaltela.pt\/api\/wp\/v2\/types\/post"}],"author":[{"embeddable":true,"href":"https:\/\/portaltela.pt\/api\/wp\/v2\/users\/2"}],"replies":[{"embeddable":true,"href":"https:\/\/portaltela.pt\/api\/wp\/v2\/comments?post=441290"}],"version-history":[{"count":0,"href":"https:\/\/portaltela.pt\/api\/wp\/v2\/posts\/441290\/revisions"}],"wp:featuredmedia":[{"embeddable":true,"href":"https:\/\/portaltela.pt\/api\/wp\/v2\/media\/441292"}],"wp:attachment":[{"href":"https:\/\/portaltela.pt\/api\/wp\/v2\/media?parent=441290"}],"wp:term":[{"taxonomy":"category","embeddable":true,"href":"https:\/\/portaltela.pt\/api\/wp\/v2\/categories?post=441290"},{"taxonomy":"post_tag","embeddable":true,"href":"https:\/\/portaltela.pt\/api\/wp\/v2\/tags?post=441290"}],"curies":[{"name":"wp","href":"https:\/\/api.w.org\/{rel}","templated":true}]}}