{"id":441268,"date":"2026-04-12T02:48:00","date_gmt":"2026-04-12T05:48:00","guid":{"rendered":"https:\/\/portaltela.pt\/noticias\/2026\/04\/12\/hungaros-ja-votam-nas-legislativas-para-escolher-entre-orban-e-magyar\/"},"modified":"2026-04-12T02:48:00","modified_gmt":"2026-04-12T05:48:00","slug":"hungaros-ja-votam-nas-legislativas-para-escolher-entre-orban-e-magyar","status":"publish","type":"post","link":"https:\/\/portaltela.pt\/noticias\/politica\/2026\/04\/12\/hungaros-ja-votam-nas-legislativas-para-escolher-entre-orban-e-magyar\/","title":{"rendered":"H\u00fangaros j\u00e1 votam nas legislativas para escolher entre Orb\u00e1n e Magyar"},"content":{"rendered":"<p>Os h\u00fangaros come\u00e7aram hoje a votar nas legislativas, num escrut\u00ednio que pode p\u00f4r fim a 16 anos de governo de Viktor Orb\u00e1n; o confronto \u00e9 entre Orb\u00e1n e o candidato Magyar.<\/p>\n<p>As autoridades eleitorais indicam que as urnas est\u00e3o abertas em todo o pa\u00eds, com hor\u00e1rios que variam por regi\u00e3o e com locais de voto distribu\u00eddos para facilitar a participa\u00e7\u00e3o.<\/p>\n<p>Observadores internacionais, entre capitais europeias e Washington, acompanham o dia para avaliar impactos no panorama pol\u00edtico e nas rela\u00e7\u00f5es com a Uni\u00e3o Europeia.<\/p>\n<p>O escrut\u00ednio ocorre num contexto de debate sobre pol\u00edticas internas do governo, reformas estatais e liberdades c\u00edvicas, com an\u00e1lises de analistas e da oposi\u00e7\u00e3o.<\/p>\n<p>Ainda n\u00e3o foram divulgados resultados; as proje\u00e7\u00f5es dever\u00e3o indicar se Orb\u00e1n mant\u00e9m o poder ou se ocorre uma mudan\u00e7a de lideran\u00e7a.<\/p>\n","protected":false},"excerpt":{"rendered":"<ul>\n<li>Os h\u00fangaros come\u00e7aram hoje a votar nas elei\u00e7\u00f5es legislativas.<\/li>\n<li>O escrut\u00ednio pode p\u00f4r fim a 16 anos de governo de Viktor Orb\u00e1n.<\/li>\n<li>O pleito \u00e9 acompanhado de perto por capitais na Europa e nos Estados Unidos.<\/li>\n<li>A escolha \u00e9 entre Viktor Orb\u00e1n e Magyar, segundo o que se verifica no cen\u00e1rio eleitoral.<\/li>\n<\/ul>\n","protected":false},"author":2,"featured_media":441276,"comment_status":"closed","ping_status":"closed","sticky":false,"template":"","format":"standard","meta":{"footnotes":""},"categories":[6912,5],"tags":[68,2487,2579,5259,2832,27],"class_list":["post-441268","post","type-post","status-publish","format-standard","has-post-thumbnail","hentry","category-internacionais","category-politica","tag-eleicoes","tag-europa","tag-hungria","tag-observadores-internacionais","tag-politica","tag-relacoes-internacionais"],"yoast_head":"<!-- This site is optimized with the Yoast SEO plugin v27.2 - https:\/\/yoast.com\/product\/yoast-seo-wordpress\/ -->\n<title>H\u00fangaros j\u00e1 votam nas legislativas para escolher entre Orb\u00e1n e Magyar - Portal Tela Portugal<\/title>\n<meta name=\"robots\" content=\"index, follow, max-snippet:-1, max-image-preview:large, max-video-preview:-1\" \/>\n<meta property=\"og:locale\" content=\"pt_PT\" \/>\n<meta property=\"og:type\" content=\"article\" \/>\n<meta property=\"og:title\" content=\"H\u00fangaros j\u00e1 votam nas legislativas para escolher entre Orb\u00e1n e Magyar - Portal Tela Portugal\" \/>\n<meta property=\"og:description\" content=\"Os h\u00fangaros come\u00e7aram hoje a votar nas elei\u00e7\u00f5es legislativas. O escrut\u00ednio pode p\u00f4r fim a 16 anos de governo de Viktor Orb\u00e1n. O pleito \u00e9 acompanhado de perto por capitais na Europa e nos Estados Unidos. A escolha \u00e9 entre Viktor Orb\u00e1n e Magyar, segundo o que se verifica no cen\u00e1rio eleitoral.\" \/>\n<meta property=\"og:url\" content=\"https:\/\/portaltela.pt\/noticias\/2026\/04\/12\/hungaros-ja-votam-nas-legislativas-para-escolher-entre-orban-e-magyar\/\" \/>\n<meta property=\"og:site_name\" content=\"Portal Tela Portugal\" \/>\n<meta property=\"article:published_time\" content=\"2026-04-12T05:48:00+00:00\" \/>\n<meta name=\"author\" content=\"Telinha\" \/>\n<meta name=\"twitter:card\" content=\"summary_large_image\" \/>\n<meta name=\"twitter:label1\" content=\"Escrito por\" \/>\n\t<meta name=\"twitter:data1\" content=\"Telinha\" \/>\n\t<meta name=\"twitter:label2\" content=\"Tempo estimado de leitura\" \/>\n\t<meta name=\"twitter:data2\" content=\"1 minuto\" \/>\n<script type=\"application\/ld+json\" class=\"yoast-schema-graph\">{\"@context\":\"https:\/\/schema.org\",\"@graph\":[{\"@type\":\"Article\",\"@id\":\"https:\/\/portaltela.pt\/noticias\/2026\/04\/12\/hungaros-ja-votam-nas-legislativas-para-escolher-entre-orban-e-magyar\/#article\",\"isPartOf\":{\"@id\":\"https:\/\/portaltela.pt\/noticias\/2026\/04\/12\/hungaros-ja-votam-nas-legislativas-para-escolher-entre-orban-e-magyar\/\"},\"author\":{\"name\":\"Telinha\",\"@id\":\"https:\/\/portaltela.pt\/#\/schema\/person\/c4278d4a6028830caff9ee44b42d32ed\"},\"headline\":\"H\u00fangaros j\u00e1 votam nas legislativas para escolher entre Orb\u00e1n e Magyar\",\"datePublished\":\"2026-04-12T05:48:00+00:00\",\"mainEntityOfPage\":{\"@id\":\"https:\/\/portaltela.pt\/noticias\/2026\/04\/12\/hungaros-ja-votam-nas-legislativas-para-escolher-entre-orban-e-magyar\/\"},\"wordCount\":166,\"image\":{\"@id\":\"https:\/\/portaltela.pt\/noticias\/2026\/04\/12\/hungaros-ja-votam-nas-legislativas-para-escolher-entre-orban-e-magyar\/#primaryimage\"},\"thumbnailUrl\":\"https:\/\/portaltela.pt\/s.01k8rhncp4jt1\/2026\/04\/CACHE_780X1200_ANALOG_WATERMARKED_46914045_193912210672077.jpg\",\"keywords\":[\"elei\u00e7\u00f5es\",\"Europa\",\"Hungria\",\"observadores internacionais\",\"pol\u00edtica\",\"rela\u00e7\u00f5es internacionais\"],\"articleSection\":[\"Internacionais\",\"Pol\u00edtica\"],\"inLanguage\":\"pt-PT\"},{\"@type\":\"WebPage\",\"@id\":\"https:\/\/portaltela.pt\/noticias\/2026\/04\/12\/hungaros-ja-votam-nas-legislativas-para-escolher-entre-orban-e-magyar\/\",\"url\":\"https:\/\/portaltela.pt\/noticias\/2026\/04\/12\/hungaros-ja-votam-nas-legislativas-para-escolher-entre-orban-e-magyar\/\",\"name\":\"H\u00fangaros j\u00e1 votam nas legislativas para escolher entre Orb\u00e1n e Magyar - Portal Tela Portugal\",\"isPartOf\":{\"@id\":\"https:\/\/portaltela.pt\/#website\"},\"primaryImageOfPage\":{\"@id\":\"https:\/\/portaltela.pt\/noticias\/2026\/04\/12\/hungaros-ja-votam-nas-legislativas-para-escolher-entre-orban-e-magyar\/#primaryimage\"},\"image\":{\"@id\":\"https:\/\/portaltela.pt\/noticias\/2026\/04\/12\/hungaros-ja-votam-nas-legislativas-para-escolher-entre-orban-e-magyar\/#primaryimage\"},\"thumbnailUrl\":\"https:\/\/portaltela.pt\/s.01k8rhncp4jt1\/2026\/04\/CACHE_780X1200_ANALOG_WATERMARKED_46914045_193912210672077.jpg\",\"datePublished\":\"2026-04-12T05:48:00+00:00\",\"author\":{\"@id\":\"https:\/\/portaltela.pt\/#\/schema\/person\/c4278d4a6028830caff9ee44b42d32ed\"},\"breadcrumb\":{\"@id\":\"https:\/\/portaltela.pt\/noticias\/2026\/04\/12\/hungaros-ja-votam-nas-legislativas-para-escolher-entre-orban-e-magyar\/#breadcrumb\"},\"inLanguage\":\"pt-PT\",\"potentialAction\":[{\"@type\":\"ReadAction\",\"target\":[\"https:\/\/portaltela.pt\/noticias\/2026\/04\/12\/hungaros-ja-votam-nas-legislativas-para-escolher-entre-orban-e-magyar\/\"]}]},{\"@type\":\"ImageObject\",\"inLanguage\":\"pt-PT\",\"@id\":\"https:\/\/portaltela.pt\/noticias\/2026\/04\/12\/hungaros-ja-votam-nas-legislativas-para-escolher-entre-orban-e-magyar\/#primaryimage\",\"url\":\"https:\/\/portaltela.pt\/s.01k8rhncp4jt1\/2026\/04\/CACHE_780X1200_ANALOG_WATERMARKED_46914045_193912210672077.jpg\",\"contentUrl\":\"https:\/\/portaltela.pt\/s.01k8rhncp4jt1\/2026\/04\/CACHE_780X1200_ANALOG_WATERMARKED_46914045_193912210672077.jpg\",\"width\":796,\"height\":448,\"caption\":\"H\u00fangaros j\u00e1 est\u00e3o a votar nas legislativas para escolher entre Orb\u00e1n e Magyar\"},{\"@type\":\"BreadcrumbList\",\"@id\":\"https:\/\/portaltela.pt\/noticias\/2026\/04\/12\/hungaros-ja-votam-nas-legislativas-para-escolher-entre-orban-e-magyar\/#breadcrumb\",\"itemListElement\":[{\"@type\":\"ListItem\",\"position\":1,\"name\":\"In\u00edcio\",\"item\":\"https:\/\/portaltela.pt\/\"},{\"@type\":\"ListItem\",\"position\":2,\"name\":\"H\u00fangaros j\u00e1 votam nas legislativas para escolher entre Orb\u00e1n e Magyar\"}]},{\"@type\":\"WebSite\",\"@id\":\"https:\/\/portaltela.pt\/#website\",\"url\":\"https:\/\/portaltela.pt\/\",\"name\":\"Portal Tela Portugal\",\"description\":\"\",\"potentialAction\":[{\"@type\":\"SearchAction\",\"target\":{\"@type\":\"EntryPoint\",\"urlTemplate\":\"https:\/\/portaltela.pt\/?s={search_term_string}\"},\"query-input\":{\"@type\":\"PropertyValueSpecification\",\"valueRequired\":true,\"valueName\":\"search_term_string\"}}],\"inLanguage\":\"pt-PT\"},{\"@type\":\"Person\",\"@id\":\"https:\/\/portaltela.pt\/#\/schema\/person\/c4278d4a6028830caff9ee44b42d32ed\",\"name\":\"Telinha\",\"image\":{\"@type\":\"ImageObject\",\"inLanguage\":\"pt-PT\",\"@id\":\"https:\/\/portaltela.pt\/s.01k8rhncp4jt1\/2025\/11\/talking-bot-125x125.png\",\"url\":\"https:\/\/portaltela.pt\/s.01k8rhncp4jt1\/2025\/11\/talking-bot-125x125.png\",\"contentUrl\":\"https:\/\/portaltela.pt\/s.01k8rhncp4jt1\/2025\/11\/talking-bot-125x125.png\",\"caption\":\"Telinha\"},\"sameAs\":[\"https:\/\/portaltela.pt\/\"],\"url\":\"https:\/\/portaltela.pt\/por\/367410592786\/\"}]}<\/script>\n<!-- \/ Yoast SEO plugin. -->","yoast_head_json":{"title":"H\u00fangaros j\u00e1 votam nas legislativas para escolher entre Orb\u00e1n e Magyar - Portal Tela Portugal","robots":{"index":"index","follow":"follow","max-snippet":"max-snippet:-1","max-image-preview":"max-image-preview:large","max-video-preview":"max-video-preview:-1"},"og_locale":"pt_PT","og_type":"article","og_title":"H\u00fangaros j\u00e1 votam nas legislativas para escolher entre Orb\u00e1n e Magyar - Portal Tela Portugal","og_description":"Os h\u00fangaros come\u00e7aram hoje a votar nas elei\u00e7\u00f5es legislativas. O escrut\u00ednio pode p\u00f4r fim a 16 anos de governo de Viktor Orb\u00e1n. O pleito \u00e9 acompanhado de perto por capitais na Europa e nos Estados Unidos. A escolha \u00e9 entre Viktor Orb\u00e1n e Magyar, segundo o que se verifica no cen\u00e1rio eleitoral.","og_url":"https:\/\/portaltela.pt\/noticias\/2026\/04\/12\/hungaros-ja-votam-nas-legislativas-para-escolher-entre-orban-e-magyar\/","og_site_name":"Portal Tela Portugal","article_published_time":"2026-04-12T05:48:00+00:00","author":"Telinha","twitter_card":"summary_large_image","twitter_misc":{"Escrito por":"Telinha","Tempo estimado de leitura":"1 minuto"},"schema":{"@context":"https:\/\/schema.org","@graph":[{"@type":"Article","@id":"https:\/\/portaltela.pt\/noticias\/2026\/04\/12\/hungaros-ja-votam-nas-legislativas-para-escolher-entre-orban-e-magyar\/#article","isPartOf":{"@id":"https:\/\/portaltela.pt\/noticias\/2026\/04\/12\/hungaros-ja-votam-nas-legislativas-para-escolher-entre-orban-e-magyar\/"},"author":{"name":"Telinha","@id":"https:\/\/portaltela.pt\/#\/schema\/person\/c4278d4a6028830caff9ee44b42d32ed"},"headline":"H\u00fangaros j\u00e1 votam nas legislativas para escolher entre Orb\u00e1n e Magyar","datePublished":"2026-04-12T05:48:00+00:00","mainEntityOfPage":{"@id":"https:\/\/portaltela.pt\/noticias\/2026\/04\/12\/hungaros-ja-votam-nas-legislativas-para-escolher-entre-orban-e-magyar\/"},"wordCount":166,"image":{"@id":"https:\/\/portaltela.pt\/noticias\/2026\/04\/12\/hungaros-ja-votam-nas-legislativas-para-escolher-entre-orban-e-magyar\/#primaryimage"},"thumbnailUrl":"https:\/\/portaltela.pt\/s.01k8rhncp4jt1\/2026\/04\/CACHE_780X1200_ANALOG_WATERMARKED_46914045_193912210672077.jpg","keywords":["elei\u00e7\u00f5es","Europa","Hungria","observadores internacionais","pol\u00edtica","rela\u00e7\u00f5es internacionais"],"articleSection":["Internacionais","Pol\u00edtica"],"inLanguage":"pt-PT"},{"@type":"WebPage","@id":"https:\/\/portaltela.pt\/noticias\/2026\/04\/12\/hungaros-ja-votam-nas-legislativas-para-escolher-entre-orban-e-magyar\/","url":"https:\/\/portaltela.pt\/noticias\/2026\/04\/12\/hungaros-ja-votam-nas-legislativas-para-escolher-entre-orban-e-magyar\/","name":"H\u00fangaros j\u00e1 votam nas legislativas para escolher entre Orb\u00e1n e Magyar - Portal Tela Portugal","isPartOf":{"@id":"https:\/\/portaltela.pt\/#website"},"primaryImageOfPage":{"@id":"https:\/\/portaltela.pt\/noticias\/2026\/04\/12\/hungaros-ja-votam-nas-legislativas-para-escolher-entre-orban-e-magyar\/#primaryimage"},"image":{"@id":"https:\/\/portaltela.pt\/noticias\/2026\/04\/12\/hungaros-ja-votam-nas-legislativas-para-escolher-entre-orban-e-magyar\/#primaryimage"},"thumbnailUrl":"https:\/\/portaltela.pt\/s.01k8rhncp4jt1\/2026\/04\/CACHE_780X1200_ANALOG_WATERMARKED_46914045_193912210672077.jpg","datePublished":"2026-04-12T05:48:00+00:00","author":{"@id":"https:\/\/portaltela.pt\/#\/schema\/person\/c4278d4a6028830caff9ee44b42d32ed"},"breadcrumb":{"@id":"https:\/\/portaltela.pt\/noticias\/2026\/04\/12\/hungaros-ja-votam-nas-legislativas-para-escolher-entre-orban-e-magyar\/#breadcrumb"},"inLanguage":"pt-PT","potentialAction":[{"@type":"ReadAction","target":["https:\/\/portaltela.pt\/noticias\/2026\/04\/12\/hungaros-ja-votam-nas-legislativas-para-escolher-entre-orban-e-magyar\/"]}]},{"@type":"ImageObject","inLanguage":"pt-PT","@id":"https:\/\/portaltela.pt\/noticias\/2026\/04\/12\/hungaros-ja-votam-nas-legislativas-para-escolher-entre-orban-e-magyar\/#primaryimage","url":"https:\/\/portaltela.pt\/s.01k8rhncp4jt1\/2026\/04\/CACHE_780X1200_ANALOG_WATERMARKED_46914045_193912210672077.jpg","contentUrl":"https:\/\/portaltela.pt\/s.01k8rhncp4jt1\/2026\/04\/CACHE_780X1200_ANALOG_WATERMARKED_46914045_193912210672077.jpg","width":796,"height":448,"caption":"H\u00fangaros j\u00e1 est\u00e3o a votar nas legislativas para escolher entre Orb\u00e1n e Magyar"},{"@type":"BreadcrumbList","@id":"https:\/\/portaltela.pt\/noticias\/2026\/04\/12\/hungaros-ja-votam-nas-legislativas-para-escolher-entre-orban-e-magyar\/#breadcrumb","itemListElement":[{"@type":"ListItem","position":1,"name":"In\u00edcio","item":"https:\/\/portaltela.pt\/"},{"@type":"ListItem","position":2,"name":"H\u00fangaros j\u00e1 votam nas legislativas para escolher entre Orb\u00e1n e Magyar"}]},{"@type":"WebSite","@id":"https:\/\/portaltela.pt\/#website","url":"https:\/\/portaltela.pt\/","name":"Portal Tela Portugal","description":"","potentialAction":[{"@type":"SearchAction","target":{"@type":"EntryPoint","urlTemplate":"https:\/\/portaltela.pt\/?s={search_term_string}"},"query-input":{"@type":"PropertyValueSpecification","valueRequired":true,"valueName":"search_term_string"}}],"inLanguage":"pt-PT"},{"@type":"Person","@id":"https:\/\/portaltela.pt\/#\/schema\/person\/c4278d4a6028830caff9ee44b42d32ed","name":"Telinha","image":{"@type":"ImageObject","inLanguage":"pt-PT","@id":"https:\/\/portaltela.pt\/s.01k8rhncp4jt1\/2025\/11\/talking-bot-125x125.png","url":"https:\/\/portaltela.pt\/s.01k8rhncp4jt1\/2025\/11\/talking-bot-125x125.png","contentUrl":"https:\/\/portaltela.pt\/s.01k8rhncp4jt1\/2025\/11\/talking-bot-125x125.png","caption":"Telinha"},"sameAs":["https:\/\/portaltela.pt\/"],"url":"https:\/\/portaltela.pt\/por\/367410592786\/"}]}},"_links":{"self":[{"href":"https:\/\/portaltela.pt\/api\/wp\/v2\/posts\/441268","targetHints":{"allow":["GET"]}}],"collection":[{"href":"https:\/\/portaltela.pt\/api\/wp\/v2\/posts"}],"about":[{"href":"https:\/\/portaltela.pt\/api\/wp\/v2\/types\/post"}],"author":[{"embeddable":true,"href":"https:\/\/portaltela.pt\/api\/wp\/v2\/users\/2"}],"replies":[{"embeddable":true,"href":"https:\/\/portaltela.pt\/api\/wp\/v2\/comments?post=441268"}],"version-history":[{"count":0,"href":"https:\/\/portaltela.pt\/api\/wp\/v2\/posts\/441268\/revisions"}],"wp:featuredmedia":[{"embeddable":true,"href":"https:\/\/portaltela.pt\/api\/wp\/v2\/media\/441276"}],"wp:attachment":[{"href":"https:\/\/portaltela.pt\/api\/wp\/v2\/media?parent=441268"}],"wp:term":[{"taxonomy":"category","embeddable":true,"href":"https:\/\/portaltela.pt\/api\/wp\/v2\/categories?post=441268"},{"taxonomy":"post_tag","embeddable":true,"href":"https:\/\/portaltela.pt\/api\/wp\/v2\/tags?post=441268"}],"curies":[{"name":"wp","href":"https:\/\/api.w.org\/{rel}","templated":true}]}}