{"id":441264,"date":"2026-04-12T08:02:20","date_gmt":"2026-04-12T11:02:20","guid":{"rendered":"https:\/\/portaltela.pt\/noticias\/2026\/04\/12\/detido-homem-que-arrastou-mulher-com-carro-por-200-metros-no-montijo\/"},"modified":"2026-04-12T08:02:20","modified_gmt":"2026-04-12T11:02:20","slug":"detido-homem-que-arrastou-mulher-com-carro-por-200-metros-no-montijo","status":"publish","type":"post","link":"https:\/\/portaltela.pt\/policia\/2026\/04\/12\/detido-homem-que-arrastou-mulher-com-carro-por-200-metros-no-montijo\/","title":{"rendered":"Detido homem que arrastou mulher com carro por 200 metros no Montijo"},"content":{"rendered":"<p>O Servi\u00e7o de Pol\u00edcia de Seguran\u00e7a P\u00fablica (PSP) detetou, em flagrante, uma situa\u00e7\u00e3o de viol\u00eancia dom\u00e9stica no Montijo. Um homem, de cerca de 40 anos, arrastou a companheira no interior da viatura que conduzia, durante aproximadamente 200 metros. A mulher ficou hospitalizada, apesar de n\u00e3o ter sofrido ferimentos graves. O incidente ocorreu na sexta-feira, por volta das 13h00, na rua Joaquim de Almeida, junto \u00e0 esquadra da PSP do Montijo.<\/p>\n<p>Um agente em patrulha observou a discuss\u00e3o entre agressor e v\u00edtima, com a mulher a agarrar-se \u00e0 porta do carro pela janela. O ve\u00edculo arrancou com a viatura em movimento, e a mulher foi arrastada at\u00e9 o autom\u00f3vel ficar imobilizado. O agente pronunciou a deten\u00e7\u00e3o do suspeito, que j\u00e1 era conhecido por ter apresentado queixas de viol\u00eancia dom\u00e9stica contra a companheira.<\/p>\n<p>A v\u00edtima teve o cal\u00e7ado danificado devido \u00e0 fric\u00e7\u00e3o no piso provocada pelo arrastamento e necessitou de tratamento hospitalar. O agressor foi entregue ao tribunal para aplica\u00e7\u00e3o de medidas de coa\u00e7\u00e3o, segundo informa\u00e7\u00f5es policiais.<\/p>\n","protected":false},"excerpt":{"rendered":"<ul>\n<li>A PSP do Montijo deteve em flagrante um homem de cerca de 40 anos por viol\u00eancia dom\u00e9stica, ap\u00f3s arrastar a companheira no carro durante aproximadamente 200 metros.<\/li>\n<li>O ocorrido teve lugar perto da esquadra da PSP do Montijo, na rua Joaquim de Almeida, por volta das 13h00 de sexta-feira.<\/li>\n<li>Um agente em patrulha assistiu \u00e0 discuss\u00e3o e interveio quando a mulher tentou agarrar o agressor pela janela do ve\u00edculo.<\/li>\n<li>A viatura arrancou e a v\u00edtima ficou com o cal\u00e7ado danificado, tendo de receber tratamento hospitalar, sem ferimentos graves.<\/li>\n<li>O agressor foi entregue ao tribunal para aplica\u00e7\u00e3o de medidas de coa\u00e7\u00e3o.<\/li>\n<\/ul>\n","protected":false},"author":2,"featured_media":441270,"comment_status":"closed","ping_status":"closed","sticky":false,"template":"","format":"standard","meta":{"footnotes":""},"categories":[6907,6781],"tags":[2079,147,1058,1381,250,214],"class_list":["post-441264","post","type-post","status-publish","format-standard","has-post-thumbnail","hentry","category-crime","category-policia","tag-agressoes","tag-crime","tag-montijo","tag-psp","tag-seguranca-publica","tag-violencia-domestica"],"yoast_head":"<!-- This site is optimized with the Yoast SEO plugin v27.2 - https:\/\/yoast.com\/product\/yoast-seo-wordpress\/ -->\n<title>Detido homem que arrastou mulher com carro por 200 metros no Montijo - Portal Tela Portugal<\/title>\n<meta name=\"robots\" content=\"index, follow, max-snippet:-1, max-image-preview:large, max-video-preview:-1\" \/>\n<meta property=\"og:locale\" content=\"pt_PT\" \/>\n<meta property=\"og:type\" content=\"article\" \/>\n<meta property=\"og:title\" content=\"Detido homem que arrastou mulher com carro por 200 metros no Montijo - Portal Tela Portugal\" \/>\n<meta property=\"og:description\" content=\"A PSP do Montijo deteve em flagrante um homem de cerca de 40 anos por viol\u00eancia dom\u00e9stica, ap\u00f3s arrastar a companheira no carro durante aproximadamente 200 metros. O ocorrido teve lugar perto da esquadra da PSP do Montijo, na rua Joaquim de Almeida, por volta das 13h00 de sexta-feira. Um agente em patrulha assistiu \u00e0 discuss\u00e3o e interveio quando a mulher tentou agarrar o agressor pela janela do ve\u00edculo. A viatura arrancou e a v\u00edtima ficou com o cal\u00e7ado danificado, tendo de receber tratamento hospitalar, sem ferimentos graves. O agressor foi entregue ao tribunal para aplica\u00e7\u00e3o de medidas de coa\u00e7\u00e3o.\" \/>\n<meta property=\"og:url\" content=\"https:\/\/portaltela.pt\/noticias\/2026\/04\/12\/detido-homem-que-arrastou-mulher-com-carro-por-200-metros-no-montijo\/\" \/>\n<meta property=\"og:site_name\" content=\"Portal Tela Portugal\" \/>\n<meta property=\"article:published_time\" content=\"2026-04-12T11:02:20+00:00\" \/>\n<meta name=\"author\" content=\"Telinha\" \/>\n<meta name=\"twitter:card\" content=\"summary_large_image\" \/>\n<meta name=\"twitter:label1\" content=\"Escrito por\" \/>\n\t<meta name=\"twitter:data1\" content=\"Telinha\" \/>\n\t<meta name=\"twitter:label2\" content=\"Tempo estimado de leitura\" \/>\n\t<meta name=\"twitter:data2\" content=\"1 minuto\" \/>\n<script type=\"application\/ld+json\" class=\"yoast-schema-graph\">{\"@context\":\"https:\/\/schema.org\",\"@graph\":[{\"@type\":\"Article\",\"@id\":\"https:\/\/portaltela.pt\/noticias\/2026\/04\/12\/detido-homem-que-arrastou-mulher-com-carro-por-200-metros-no-montijo\/#article\",\"isPartOf\":{\"@id\":\"https:\/\/portaltela.pt\/noticias\/2026\/04\/12\/detido-homem-que-arrastou-mulher-com-carro-por-200-metros-no-montijo\/\"},\"author\":{\"name\":\"Telinha\",\"@id\":\"https:\/\/portaltela.pt\/#\/schema\/person\/c4278d4a6028830caff9ee44b42d32ed\"},\"headline\":\"Detido homem que arrastou mulher com carro por 200 metros no Montijo\",\"datePublished\":\"2026-04-12T11:02:20+00:00\",\"mainEntityOfPage\":{\"@id\":\"https:\/\/portaltela.pt\/noticias\/2026\/04\/12\/detido-homem-que-arrastou-mulher-com-carro-por-200-metros-no-montijo\/\"},\"wordCount\":192,\"image\":{\"@id\":\"https:\/\/portaltela.pt\/noticias\/2026\/04\/12\/detido-homem-que-arrastou-mulher-com-carro-por-200-metros-no-montijo\/#primaryimage\"},\"thumbnailUrl\":\"https:\/\/portaltela.pt\/s.01k8rhncp4jt1\/2026\/04\/img_1500x1000uu2026-04-12-11-31-16-2278059-im-639115914311484167.jpg\",\"keywords\":[\"agress\u00f5es\",\"crime\",\"Montijo\",\"PSP\",\"seguran\u00e7a p\u00fablica\",\"viol\u00eancia dom\u00e9stica\"],\"articleSection\":[\"Crime\",\"Pol\u00edcia\"],\"inLanguage\":\"pt-PT\"},{\"@type\":\"WebPage\",\"@id\":\"https:\/\/portaltela.pt\/noticias\/2026\/04\/12\/detido-homem-que-arrastou-mulher-com-carro-por-200-metros-no-montijo\/\",\"url\":\"https:\/\/portaltela.pt\/noticias\/2026\/04\/12\/detido-homem-que-arrastou-mulher-com-carro-por-200-metros-no-montijo\/\",\"name\":\"Detido homem que arrastou mulher com carro por 200 metros no Montijo - Portal Tela Portugal\",\"isPartOf\":{\"@id\":\"https:\/\/portaltela.pt\/#website\"},\"primaryImageOfPage\":{\"@id\":\"https:\/\/portaltela.pt\/noticias\/2026\/04\/12\/detido-homem-que-arrastou-mulher-com-carro-por-200-metros-no-montijo\/#primaryimage\"},\"image\":{\"@id\":\"https:\/\/portaltela.pt\/noticias\/2026\/04\/12\/detido-homem-que-arrastou-mulher-com-carro-por-200-metros-no-montijo\/#primaryimage\"},\"thumbnailUrl\":\"https:\/\/portaltela.pt\/s.01k8rhncp4jt1\/2026\/04\/img_1500x1000uu2026-04-12-11-31-16-2278059-im-639115914311484167.jpg\",\"datePublished\":\"2026-04-12T11:02:20+00:00\",\"author\":{\"@id\":\"https:\/\/portaltela.pt\/#\/schema\/person\/c4278d4a6028830caff9ee44b42d32ed\"},\"breadcrumb\":{\"@id\":\"https:\/\/portaltela.pt\/noticias\/2026\/04\/12\/detido-homem-que-arrastou-mulher-com-carro-por-200-metros-no-montijo\/#breadcrumb\"},\"inLanguage\":\"pt-PT\",\"potentialAction\":[{\"@type\":\"ReadAction\",\"target\":[\"https:\/\/portaltela.pt\/noticias\/2026\/04\/12\/detido-homem-que-arrastou-mulher-com-carro-por-200-metros-no-montijo\/\"]}]},{\"@type\":\"ImageObject\",\"inLanguage\":\"pt-PT\",\"@id\":\"https:\/\/portaltela.pt\/noticias\/2026\/04\/12\/detido-homem-que-arrastou-mulher-com-carro-por-200-metros-no-montijo\/#primaryimage\",\"url\":\"https:\/\/portaltela.pt\/s.01k8rhncp4jt1\/2026\/04\/img_1500x1000uu2026-04-12-11-31-16-2278059-im-639115914311484167.jpg\",\"contentUrl\":\"https:\/\/portaltela.pt\/s.01k8rhncp4jt1\/2026\/04\/img_1500x1000uu2026-04-12-11-31-16-2278059-im-639115914311484167.jpg\",\"width\":796,\"height\":448,\"caption\":\"Agente da esquadra da PSP do Montijo tomou conta da ocorr\u00eancia\"},{\"@type\":\"BreadcrumbList\",\"@id\":\"https:\/\/portaltela.pt\/noticias\/2026\/04\/12\/detido-homem-que-arrastou-mulher-com-carro-por-200-metros-no-montijo\/#breadcrumb\",\"itemListElement\":[{\"@type\":\"ListItem\",\"position\":1,\"name\":\"In\u00edcio\",\"item\":\"https:\/\/portaltela.pt\/\"},{\"@type\":\"ListItem\",\"position\":2,\"name\":\"Detido homem que arrastou mulher com carro por 200 metros no Montijo\"}]},{\"@type\":\"WebSite\",\"@id\":\"https:\/\/portaltela.pt\/#website\",\"url\":\"https:\/\/portaltela.pt\/\",\"name\":\"Portal Tela Portugal\",\"description\":\"\",\"potentialAction\":[{\"@type\":\"SearchAction\",\"target\":{\"@type\":\"EntryPoint\",\"urlTemplate\":\"https:\/\/portaltela.pt\/?s={search_term_string}\"},\"query-input\":{\"@type\":\"PropertyValueSpecification\",\"valueRequired\":true,\"valueName\":\"search_term_string\"}}],\"inLanguage\":\"pt-PT\"},{\"@type\":\"Person\",\"@id\":\"https:\/\/portaltela.pt\/#\/schema\/person\/c4278d4a6028830caff9ee44b42d32ed\",\"name\":\"Telinha\",\"image\":{\"@type\":\"ImageObject\",\"inLanguage\":\"pt-PT\",\"@id\":\"https:\/\/portaltela.pt\/s.01k8rhncp4jt1\/2025\/11\/talking-bot-125x125.png\",\"url\":\"https:\/\/portaltela.pt\/s.01k8rhncp4jt1\/2025\/11\/talking-bot-125x125.png\",\"contentUrl\":\"https:\/\/portaltela.pt\/s.01k8rhncp4jt1\/2025\/11\/talking-bot-125x125.png\",\"caption\":\"Telinha\"},\"sameAs\":[\"https:\/\/portaltela.pt\/\"],\"url\":\"https:\/\/portaltela.pt\/por\/367410592786\/\"}]}<\/script>\n<!-- \/ Yoast SEO plugin. -->","yoast_head_json":{"title":"Detido homem que arrastou mulher com carro por 200 metros no Montijo - Portal Tela Portugal","robots":{"index":"index","follow":"follow","max-snippet":"max-snippet:-1","max-image-preview":"max-image-preview:large","max-video-preview":"max-video-preview:-1"},"og_locale":"pt_PT","og_type":"article","og_title":"Detido homem que arrastou mulher com carro por 200 metros no Montijo - Portal Tela Portugal","og_description":"A PSP do Montijo deteve em flagrante um homem de cerca de 40 anos por viol\u00eancia dom\u00e9stica, ap\u00f3s arrastar a companheira no carro durante aproximadamente 200 metros. O ocorrido teve lugar perto da esquadra da PSP do Montijo, na rua Joaquim de Almeida, por volta das 13h00 de sexta-feira. Um agente em patrulha assistiu \u00e0 discuss\u00e3o e interveio quando a mulher tentou agarrar o agressor pela janela do ve\u00edculo. A viatura arrancou e a v\u00edtima ficou com o cal\u00e7ado danificado, tendo de receber tratamento hospitalar, sem ferimentos graves. O agressor foi entregue ao tribunal para aplica\u00e7\u00e3o de medidas de coa\u00e7\u00e3o.","og_url":"https:\/\/portaltela.pt\/noticias\/2026\/04\/12\/detido-homem-que-arrastou-mulher-com-carro-por-200-metros-no-montijo\/","og_site_name":"Portal Tela Portugal","article_published_time":"2026-04-12T11:02:20+00:00","author":"Telinha","twitter_card":"summary_large_image","twitter_misc":{"Escrito por":"Telinha","Tempo estimado de leitura":"1 minuto"},"schema":{"@context":"https:\/\/schema.org","@graph":[{"@type":"Article","@id":"https:\/\/portaltela.pt\/noticias\/2026\/04\/12\/detido-homem-que-arrastou-mulher-com-carro-por-200-metros-no-montijo\/#article","isPartOf":{"@id":"https:\/\/portaltela.pt\/noticias\/2026\/04\/12\/detido-homem-que-arrastou-mulher-com-carro-por-200-metros-no-montijo\/"},"author":{"name":"Telinha","@id":"https:\/\/portaltela.pt\/#\/schema\/person\/c4278d4a6028830caff9ee44b42d32ed"},"headline":"Detido homem que arrastou mulher com carro por 200 metros no Montijo","datePublished":"2026-04-12T11:02:20+00:00","mainEntityOfPage":{"@id":"https:\/\/portaltela.pt\/noticias\/2026\/04\/12\/detido-homem-que-arrastou-mulher-com-carro-por-200-metros-no-montijo\/"},"wordCount":192,"image":{"@id":"https:\/\/portaltela.pt\/noticias\/2026\/04\/12\/detido-homem-que-arrastou-mulher-com-carro-por-200-metros-no-montijo\/#primaryimage"},"thumbnailUrl":"https:\/\/portaltela.pt\/s.01k8rhncp4jt1\/2026\/04\/img_1500x1000uu2026-04-12-11-31-16-2278059-im-639115914311484167.jpg","keywords":["agress\u00f5es","crime","Montijo","PSP","seguran\u00e7a p\u00fablica","viol\u00eancia dom\u00e9stica"],"articleSection":["Crime","Pol\u00edcia"],"inLanguage":"pt-PT"},{"@type":"WebPage","@id":"https:\/\/portaltela.pt\/noticias\/2026\/04\/12\/detido-homem-que-arrastou-mulher-com-carro-por-200-metros-no-montijo\/","url":"https:\/\/portaltela.pt\/noticias\/2026\/04\/12\/detido-homem-que-arrastou-mulher-com-carro-por-200-metros-no-montijo\/","name":"Detido homem que arrastou mulher com carro por 200 metros no Montijo - Portal Tela Portugal","isPartOf":{"@id":"https:\/\/portaltela.pt\/#website"},"primaryImageOfPage":{"@id":"https:\/\/portaltela.pt\/noticias\/2026\/04\/12\/detido-homem-que-arrastou-mulher-com-carro-por-200-metros-no-montijo\/#primaryimage"},"image":{"@id":"https:\/\/portaltela.pt\/noticias\/2026\/04\/12\/detido-homem-que-arrastou-mulher-com-carro-por-200-metros-no-montijo\/#primaryimage"},"thumbnailUrl":"https:\/\/portaltela.pt\/s.01k8rhncp4jt1\/2026\/04\/img_1500x1000uu2026-04-12-11-31-16-2278059-im-639115914311484167.jpg","datePublished":"2026-04-12T11:02:20+00:00","author":{"@id":"https:\/\/portaltela.pt\/#\/schema\/person\/c4278d4a6028830caff9ee44b42d32ed"},"breadcrumb":{"@id":"https:\/\/portaltela.pt\/noticias\/2026\/04\/12\/detido-homem-que-arrastou-mulher-com-carro-por-200-metros-no-montijo\/#breadcrumb"},"inLanguage":"pt-PT","potentialAction":[{"@type":"ReadAction","target":["https:\/\/portaltela.pt\/noticias\/2026\/04\/12\/detido-homem-que-arrastou-mulher-com-carro-por-200-metros-no-montijo\/"]}]},{"@type":"ImageObject","inLanguage":"pt-PT","@id":"https:\/\/portaltela.pt\/noticias\/2026\/04\/12\/detido-homem-que-arrastou-mulher-com-carro-por-200-metros-no-montijo\/#primaryimage","url":"https:\/\/portaltela.pt\/s.01k8rhncp4jt1\/2026\/04\/img_1500x1000uu2026-04-12-11-31-16-2278059-im-639115914311484167.jpg","contentUrl":"https:\/\/portaltela.pt\/s.01k8rhncp4jt1\/2026\/04\/img_1500x1000uu2026-04-12-11-31-16-2278059-im-639115914311484167.jpg","width":796,"height":448,"caption":"Agente da esquadra da PSP do Montijo tomou conta da ocorr\u00eancia"},{"@type":"BreadcrumbList","@id":"https:\/\/portaltela.pt\/noticias\/2026\/04\/12\/detido-homem-que-arrastou-mulher-com-carro-por-200-metros-no-montijo\/#breadcrumb","itemListElement":[{"@type":"ListItem","position":1,"name":"In\u00edcio","item":"https:\/\/portaltela.pt\/"},{"@type":"ListItem","position":2,"name":"Detido homem que arrastou mulher com carro por 200 metros no Montijo"}]},{"@type":"WebSite","@id":"https:\/\/portaltela.pt\/#website","url":"https:\/\/portaltela.pt\/","name":"Portal Tela Portugal","description":"","potentialAction":[{"@type":"SearchAction","target":{"@type":"EntryPoint","urlTemplate":"https:\/\/portaltela.pt\/?s={search_term_string}"},"query-input":{"@type":"PropertyValueSpecification","valueRequired":true,"valueName":"search_term_string"}}],"inLanguage":"pt-PT"},{"@type":"Person","@id":"https:\/\/portaltela.pt\/#\/schema\/person\/c4278d4a6028830caff9ee44b42d32ed","name":"Telinha","image":{"@type":"ImageObject","inLanguage":"pt-PT","@id":"https:\/\/portaltela.pt\/s.01k8rhncp4jt1\/2025\/11\/talking-bot-125x125.png","url":"https:\/\/portaltela.pt\/s.01k8rhncp4jt1\/2025\/11\/talking-bot-125x125.png","contentUrl":"https:\/\/portaltela.pt\/s.01k8rhncp4jt1\/2025\/11\/talking-bot-125x125.png","caption":"Telinha"},"sameAs":["https:\/\/portaltela.pt\/"],"url":"https:\/\/portaltela.pt\/por\/367410592786\/"}]}},"_links":{"self":[{"href":"https:\/\/portaltela.pt\/api\/wp\/v2\/posts\/441264","targetHints":{"allow":["GET"]}}],"collection":[{"href":"https:\/\/portaltela.pt\/api\/wp\/v2\/posts"}],"about":[{"href":"https:\/\/portaltela.pt\/api\/wp\/v2\/types\/post"}],"author":[{"embeddable":true,"href":"https:\/\/portaltela.pt\/api\/wp\/v2\/users\/2"}],"replies":[{"embeddable":true,"href":"https:\/\/portaltela.pt\/api\/wp\/v2\/comments?post=441264"}],"version-history":[{"count":0,"href":"https:\/\/portaltela.pt\/api\/wp\/v2\/posts\/441264\/revisions"}],"wp:featuredmedia":[{"embeddable":true,"href":"https:\/\/portaltela.pt\/api\/wp\/v2\/media\/441270"}],"wp:attachment":[{"href":"https:\/\/portaltela.pt\/api\/wp\/v2\/media?parent=441264"}],"wp:term":[{"taxonomy":"category","embeddable":true,"href":"https:\/\/portaltela.pt\/api\/wp\/v2\/categories?post=441264"},{"taxonomy":"post_tag","embeddable":true,"href":"https:\/\/portaltela.pt\/api\/wp\/v2\/tags?post=441264"}],"curies":[{"name":"wp","href":"https:\/\/api.w.org\/{rel}","templated":true}]}}