{"id":441262,"date":"2026-04-12T05:44:00","date_gmt":"2026-04-12T08:44:00","guid":{"rendered":"https:\/\/portaltela.pt\/noticias\/2026\/04\/12\/douro-tem-menos-transporte-coletivo-de-passageiros-no-pais\/"},"modified":"2026-04-12T05:44:00","modified_gmt":"2026-04-12T08:44:00","slug":"douro-tem-menos-transporte-coletivo-de-passageiros-no-pais","status":"publish","type":"post","link":"https:\/\/portaltela.pt\/lazer\/2026\/04\/12\/douro-tem-menos-transporte-coletivo-de-passageiros-no-pais\/","title":{"rendered":"Douro tem menos transporte coletivo de passageiros no pa\u00eds"},"content":{"rendered":"<p>O Douro \u00e9 o rio com menos transporte de passageiros no pa\u00eds. Em 2025, apenas 16 mil utilizadores recorreram ao servi\u00e7o p\u00fablico de transporte fluvial, uma quebra de 12 mil face a 2024. O dado contrasta com o peso tur\u00edstico do curso de \u00e1gua.<\/p>\n<p>Em 2024, o Douro recebeu cerca de 1,4 milh\u00f5es de visitantes em embarca\u00e7\u00f5es de lazer, apontando para uma satura\u00e7\u00e3o tur\u00edstica no eixo. O cen\u00e1rio sugere que o transporte p\u00fablico de passageiros continua a ter pouca express\u00e3o na regi\u00e3o.<\/p>\n<h3>Transporte p\u00fablico no Douro<\/h3>\n<p>O servi\u00e7o de transporte de passageiros no Douro \u00e9 descrito como, sobretudo, insuficiente para responder \u00e0 procura de lazer. A incongru\u00eancia entre turismo intenso e oferta p\u00fablica tem sido alvo de observa\u00e7\u00e3o pela Autoridade da Mobilidade.<\/p>\n<p>Paralelamente, o curso fluvial permanece amplamente utilizado para atividades tur\u00edsticas, com pouca incid\u00eancia de transportes regulares de residentes ou trabalhadores.<\/p>\n","protected":false},"excerpt":{"rendered":"<ul>\n<li>O Douro \u00e9 o rio com menos transporte de passageiros no pa\u00eds, especialmente no servi\u00e7o p\u00fablico.<\/li>\n<li>Em 2024, cerca de 1,4 milh\u00f5es de visitantes viajaram nas embarca\u00e7\u00f5es de lazer.<\/li>\n<li>O servi\u00e7o p\u00fablico de transporte no Douro \u00e9 considerado insignificante.<\/li>\n<li>Em 2025, houve 16 mil utentes no transporte p\u00fablico no Douro, uma quebra de 12 mil face a 2024.<\/li>\n<li>A situa\u00e7\u00e3o contraria as recomenda\u00e7\u00f5es da Autoridade da Mobilidade.<\/li>\n<\/ul>\n","protected":false},"author":2,"featured_media":441271,"comment_status":"closed","ping_status":"closed","sticky":false,"template":"","format":"standard","meta":{"footnotes":""},"categories":[7381],"tags":[28,45,2110,6183,4535,169],"class_list":["post-441262","post","type-post","status-publish","format-standard","has-post-thumbnail","hentry","category-lazer","tag-economia","tag-meio-ambiente","tag-mobilidade","tag-transporte-maritimo","tag-transporte-publico","tag-turismo"],"yoast_head":"<!-- This site is optimized with the Yoast SEO plugin v27.2 - https:\/\/yoast.com\/product\/yoast-seo-wordpress\/ -->\n<title>Douro tem menos transporte coletivo de passageiros no pa\u00eds - Portal Tela Portugal<\/title>\n<meta name=\"robots\" content=\"index, follow, max-snippet:-1, max-image-preview:large, max-video-preview:-1\" \/>\n<meta property=\"og:locale\" content=\"pt_PT\" \/>\n<meta property=\"og:type\" content=\"article\" \/>\n<meta property=\"og:title\" content=\"Douro tem menos transporte coletivo de passageiros no pa\u00eds - Portal Tela Portugal\" \/>\n<meta property=\"og:description\" content=\"O Douro \u00e9 o rio com menos transporte de passageiros no pa\u00eds, especialmente no servi\u00e7o p\u00fablico. Em 2024, cerca de 1,4 milh\u00f5es de visitantes viajaram nas embarca\u00e7\u00f5es de lazer. O servi\u00e7o p\u00fablico de transporte no Douro \u00e9 considerado insignificante. Em 2025, houve 16 mil utentes no transporte p\u00fablico no Douro, uma quebra de 12 mil face a 2024. A situa\u00e7\u00e3o contraria as recomenda\u00e7\u00f5es da Autoridade da Mobilidade.\" \/>\n<meta property=\"og:url\" content=\"https:\/\/portaltela.pt\/noticias\/2026\/04\/12\/douro-tem-menos-transporte-coletivo-de-passageiros-no-pais\/\" \/>\n<meta property=\"og:site_name\" content=\"Portal Tela Portugal\" \/>\n<meta property=\"article:published_time\" content=\"2026-04-12T08:44:00+00:00\" \/>\n<meta name=\"author\" content=\"Telinha\" \/>\n<meta name=\"twitter:card\" content=\"summary_large_image\" \/>\n<meta name=\"twitter:label1\" content=\"Escrito por\" \/>\n\t<meta name=\"twitter:data1\" content=\"Telinha\" \/>\n\t<meta name=\"twitter:label2\" content=\"Tempo estimado de leitura\" \/>\n\t<meta name=\"twitter:data2\" content=\"1 minuto\" \/>\n<script type=\"application\/ld+json\" class=\"yoast-schema-graph\">{\"@context\":\"https:\/\/schema.org\",\"@graph\":[{\"@type\":\"Article\",\"@id\":\"https:\/\/portaltela.pt\/noticias\/2026\/04\/12\/douro-tem-menos-transporte-coletivo-de-passageiros-no-pais\/#article\",\"isPartOf\":{\"@id\":\"https:\/\/portaltela.pt\/noticias\/2026\/04\/12\/douro-tem-menos-transporte-coletivo-de-passageiros-no-pais\/\"},\"author\":{\"name\":\"Telinha\",\"@id\":\"https:\/\/portaltela.pt\/#\/schema\/person\/c4278d4a6028830caff9ee44b42d32ed\"},\"headline\":\"Douro tem menos transporte coletivo de passageiros no pa\u00eds\",\"datePublished\":\"2026-04-12T08:44:00+00:00\",\"mainEntityOfPage\":{\"@id\":\"https:\/\/portaltela.pt\/noticias\/2026\/04\/12\/douro-tem-menos-transporte-coletivo-de-passageiros-no-pais\/\"},\"wordCount\":162,\"image\":{\"@id\":\"https:\/\/portaltela.pt\/noticias\/2026\/04\/12\/douro-tem-menos-transporte-coletivo-de-passageiros-no-pais\/#primaryimage\"},\"thumbnailUrl\":\"https:\/\/portaltela.pt\/s.01k8rhncp4jt1\/2026\/04\/image-696.jpg\",\"keywords\":[\"economia\",\"meio-ambiente\",\"mobilidade\",\"transporte mar\u00edtimo\",\"transporte p\u00fablico\",\"turismo\"],\"articleSection\":[\"Lazer\"],\"inLanguage\":\"pt-PT\"},{\"@type\":\"WebPage\",\"@id\":\"https:\/\/portaltela.pt\/noticias\/2026\/04\/12\/douro-tem-menos-transporte-coletivo-de-passageiros-no-pais\/\",\"url\":\"https:\/\/portaltela.pt\/noticias\/2026\/04\/12\/douro-tem-menos-transporte-coletivo-de-passageiros-no-pais\/\",\"name\":\"Douro tem menos transporte coletivo de passageiros no pa\u00eds - Portal Tela Portugal\",\"isPartOf\":{\"@id\":\"https:\/\/portaltela.pt\/#website\"},\"primaryImageOfPage\":{\"@id\":\"https:\/\/portaltela.pt\/noticias\/2026\/04\/12\/douro-tem-menos-transporte-coletivo-de-passageiros-no-pais\/#primaryimage\"},\"image\":{\"@id\":\"https:\/\/portaltela.pt\/noticias\/2026\/04\/12\/douro-tem-menos-transporte-coletivo-de-passageiros-no-pais\/#primaryimage\"},\"thumbnailUrl\":\"https:\/\/portaltela.pt\/s.01k8rhncp4jt1\/2026\/04\/image-696.jpg\",\"datePublished\":\"2026-04-12T08:44:00+00:00\",\"author\":{\"@id\":\"https:\/\/portaltela.pt\/#\/schema\/person\/c4278d4a6028830caff9ee44b42d32ed\"},\"breadcrumb\":{\"@id\":\"https:\/\/portaltela.pt\/noticias\/2026\/04\/12\/douro-tem-menos-transporte-coletivo-de-passageiros-no-pais\/#breadcrumb\"},\"inLanguage\":\"pt-PT\",\"potentialAction\":[{\"@type\":\"ReadAction\",\"target\":[\"https:\/\/portaltela.pt\/noticias\/2026\/04\/12\/douro-tem-menos-transporte-coletivo-de-passageiros-no-pais\/\"]}]},{\"@type\":\"ImageObject\",\"inLanguage\":\"pt-PT\",\"@id\":\"https:\/\/portaltela.pt\/noticias\/2026\/04\/12\/douro-tem-menos-transporte-coletivo-de-passageiros-no-pais\/#primaryimage\",\"url\":\"https:\/\/portaltela.pt\/s.01k8rhncp4jt1\/2026\/04\/image-696.jpg\",\"contentUrl\":\"https:\/\/portaltela.pt\/s.01k8rhncp4jt1\/2026\/04\/image-696.jpg\",\"width\":796,\"height\":448,\"caption\":\"Douro registou circula\u00e7\u00e3o de 16.865 pessoas no \u00faltimo ano, contra os 20 milh\u00f5es no Tejo\"},{\"@type\":\"BreadcrumbList\",\"@id\":\"https:\/\/portaltela.pt\/noticias\/2026\/04\/12\/douro-tem-menos-transporte-coletivo-de-passageiros-no-pais\/#breadcrumb\",\"itemListElement\":[{\"@type\":\"ListItem\",\"position\":1,\"name\":\"In\u00edcio\",\"item\":\"https:\/\/portaltela.pt\/\"},{\"@type\":\"ListItem\",\"position\":2,\"name\":\"Douro tem menos transporte coletivo de passageiros no pa\u00eds\"}]},{\"@type\":\"WebSite\",\"@id\":\"https:\/\/portaltela.pt\/#website\",\"url\":\"https:\/\/portaltela.pt\/\",\"name\":\"Portal Tela Portugal\",\"description\":\"\",\"potentialAction\":[{\"@type\":\"SearchAction\",\"target\":{\"@type\":\"EntryPoint\",\"urlTemplate\":\"https:\/\/portaltela.pt\/?s={search_term_string}\"},\"query-input\":{\"@type\":\"PropertyValueSpecification\",\"valueRequired\":true,\"valueName\":\"search_term_string\"}}],\"inLanguage\":\"pt-PT\"},{\"@type\":\"Person\",\"@id\":\"https:\/\/portaltela.pt\/#\/schema\/person\/c4278d4a6028830caff9ee44b42d32ed\",\"name\":\"Telinha\",\"image\":{\"@type\":\"ImageObject\",\"inLanguage\":\"pt-PT\",\"@id\":\"https:\/\/portaltela.pt\/s.01k8rhncp4jt1\/2025\/11\/talking-bot-125x125.png\",\"url\":\"https:\/\/portaltela.pt\/s.01k8rhncp4jt1\/2025\/11\/talking-bot-125x125.png\",\"contentUrl\":\"https:\/\/portaltela.pt\/s.01k8rhncp4jt1\/2025\/11\/talking-bot-125x125.png\",\"caption\":\"Telinha\"},\"sameAs\":[\"https:\/\/portaltela.pt\/\"],\"url\":\"https:\/\/portaltela.pt\/por\/367410592786\/\"}]}<\/script>\n<!-- \/ Yoast SEO plugin. -->","yoast_head_json":{"title":"Douro tem menos transporte coletivo de passageiros no pa\u00eds - Portal Tela Portugal","robots":{"index":"index","follow":"follow","max-snippet":"max-snippet:-1","max-image-preview":"max-image-preview:large","max-video-preview":"max-video-preview:-1"},"og_locale":"pt_PT","og_type":"article","og_title":"Douro tem menos transporte coletivo de passageiros no pa\u00eds - Portal Tela Portugal","og_description":"O Douro \u00e9 o rio com menos transporte de passageiros no pa\u00eds, especialmente no servi\u00e7o p\u00fablico. Em 2024, cerca de 1,4 milh\u00f5es de visitantes viajaram nas embarca\u00e7\u00f5es de lazer. O servi\u00e7o p\u00fablico de transporte no Douro \u00e9 considerado insignificante. Em 2025, houve 16 mil utentes no transporte p\u00fablico no Douro, uma quebra de 12 mil face a 2024. A situa\u00e7\u00e3o contraria as recomenda\u00e7\u00f5es da Autoridade da Mobilidade.","og_url":"https:\/\/portaltela.pt\/noticias\/2026\/04\/12\/douro-tem-menos-transporte-coletivo-de-passageiros-no-pais\/","og_site_name":"Portal Tela Portugal","article_published_time":"2026-04-12T08:44:00+00:00","author":"Telinha","twitter_card":"summary_large_image","twitter_misc":{"Escrito por":"Telinha","Tempo estimado de leitura":"1 minuto"},"schema":{"@context":"https:\/\/schema.org","@graph":[{"@type":"Article","@id":"https:\/\/portaltela.pt\/noticias\/2026\/04\/12\/douro-tem-menos-transporte-coletivo-de-passageiros-no-pais\/#article","isPartOf":{"@id":"https:\/\/portaltela.pt\/noticias\/2026\/04\/12\/douro-tem-menos-transporte-coletivo-de-passageiros-no-pais\/"},"author":{"name":"Telinha","@id":"https:\/\/portaltela.pt\/#\/schema\/person\/c4278d4a6028830caff9ee44b42d32ed"},"headline":"Douro tem menos transporte coletivo de passageiros no pa\u00eds","datePublished":"2026-04-12T08:44:00+00:00","mainEntityOfPage":{"@id":"https:\/\/portaltela.pt\/noticias\/2026\/04\/12\/douro-tem-menos-transporte-coletivo-de-passageiros-no-pais\/"},"wordCount":162,"image":{"@id":"https:\/\/portaltela.pt\/noticias\/2026\/04\/12\/douro-tem-menos-transporte-coletivo-de-passageiros-no-pais\/#primaryimage"},"thumbnailUrl":"https:\/\/portaltela.pt\/s.01k8rhncp4jt1\/2026\/04\/image-696.jpg","keywords":["economia","meio-ambiente","mobilidade","transporte mar\u00edtimo","transporte p\u00fablico","turismo"],"articleSection":["Lazer"],"inLanguage":"pt-PT"},{"@type":"WebPage","@id":"https:\/\/portaltela.pt\/noticias\/2026\/04\/12\/douro-tem-menos-transporte-coletivo-de-passageiros-no-pais\/","url":"https:\/\/portaltela.pt\/noticias\/2026\/04\/12\/douro-tem-menos-transporte-coletivo-de-passageiros-no-pais\/","name":"Douro tem menos transporte coletivo de passageiros no pa\u00eds - Portal Tela Portugal","isPartOf":{"@id":"https:\/\/portaltela.pt\/#website"},"primaryImageOfPage":{"@id":"https:\/\/portaltela.pt\/noticias\/2026\/04\/12\/douro-tem-menos-transporte-coletivo-de-passageiros-no-pais\/#primaryimage"},"image":{"@id":"https:\/\/portaltela.pt\/noticias\/2026\/04\/12\/douro-tem-menos-transporte-coletivo-de-passageiros-no-pais\/#primaryimage"},"thumbnailUrl":"https:\/\/portaltela.pt\/s.01k8rhncp4jt1\/2026\/04\/image-696.jpg","datePublished":"2026-04-12T08:44:00+00:00","author":{"@id":"https:\/\/portaltela.pt\/#\/schema\/person\/c4278d4a6028830caff9ee44b42d32ed"},"breadcrumb":{"@id":"https:\/\/portaltela.pt\/noticias\/2026\/04\/12\/douro-tem-menos-transporte-coletivo-de-passageiros-no-pais\/#breadcrumb"},"inLanguage":"pt-PT","potentialAction":[{"@type":"ReadAction","target":["https:\/\/portaltela.pt\/noticias\/2026\/04\/12\/douro-tem-menos-transporte-coletivo-de-passageiros-no-pais\/"]}]},{"@type":"ImageObject","inLanguage":"pt-PT","@id":"https:\/\/portaltela.pt\/noticias\/2026\/04\/12\/douro-tem-menos-transporte-coletivo-de-passageiros-no-pais\/#primaryimage","url":"https:\/\/portaltela.pt\/s.01k8rhncp4jt1\/2026\/04\/image-696.jpg","contentUrl":"https:\/\/portaltela.pt\/s.01k8rhncp4jt1\/2026\/04\/image-696.jpg","width":796,"height":448,"caption":"Douro registou circula\u00e7\u00e3o de 16.865 pessoas no \u00faltimo ano, contra os 20 milh\u00f5es no Tejo"},{"@type":"BreadcrumbList","@id":"https:\/\/portaltela.pt\/noticias\/2026\/04\/12\/douro-tem-menos-transporte-coletivo-de-passageiros-no-pais\/#breadcrumb","itemListElement":[{"@type":"ListItem","position":1,"name":"In\u00edcio","item":"https:\/\/portaltela.pt\/"},{"@type":"ListItem","position":2,"name":"Douro tem menos transporte coletivo de passageiros no pa\u00eds"}]},{"@type":"WebSite","@id":"https:\/\/portaltela.pt\/#website","url":"https:\/\/portaltela.pt\/","name":"Portal Tela Portugal","description":"","potentialAction":[{"@type":"SearchAction","target":{"@type":"EntryPoint","urlTemplate":"https:\/\/portaltela.pt\/?s={search_term_string}"},"query-input":{"@type":"PropertyValueSpecification","valueRequired":true,"valueName":"search_term_string"}}],"inLanguage":"pt-PT"},{"@type":"Person","@id":"https:\/\/portaltela.pt\/#\/schema\/person\/c4278d4a6028830caff9ee44b42d32ed","name":"Telinha","image":{"@type":"ImageObject","inLanguage":"pt-PT","@id":"https:\/\/portaltela.pt\/s.01k8rhncp4jt1\/2025\/11\/talking-bot-125x125.png","url":"https:\/\/portaltela.pt\/s.01k8rhncp4jt1\/2025\/11\/talking-bot-125x125.png","contentUrl":"https:\/\/portaltela.pt\/s.01k8rhncp4jt1\/2025\/11\/talking-bot-125x125.png","caption":"Telinha"},"sameAs":["https:\/\/portaltela.pt\/"],"url":"https:\/\/portaltela.pt\/por\/367410592786\/"}]}},"_links":{"self":[{"href":"https:\/\/portaltela.pt\/api\/wp\/v2\/posts\/441262","targetHints":{"allow":["GET"]}}],"collection":[{"href":"https:\/\/portaltela.pt\/api\/wp\/v2\/posts"}],"about":[{"href":"https:\/\/portaltela.pt\/api\/wp\/v2\/types\/post"}],"author":[{"embeddable":true,"href":"https:\/\/portaltela.pt\/api\/wp\/v2\/users\/2"}],"replies":[{"embeddable":true,"href":"https:\/\/portaltela.pt\/api\/wp\/v2\/comments?post=441262"}],"version-history":[{"count":0,"href":"https:\/\/portaltela.pt\/api\/wp\/v2\/posts\/441262\/revisions"}],"wp:featuredmedia":[{"embeddable":true,"href":"https:\/\/portaltela.pt\/api\/wp\/v2\/media\/441271"}],"wp:attachment":[{"href":"https:\/\/portaltela.pt\/api\/wp\/v2\/media?parent=441262"}],"wp:term":[{"taxonomy":"category","embeddable":true,"href":"https:\/\/portaltela.pt\/api\/wp\/v2\/categories?post=441262"},{"taxonomy":"post_tag","embeddable":true,"href":"https:\/\/portaltela.pt\/api\/wp\/v2\/tags?post=441262"}],"curies":[{"name":"wp","href":"https:\/\/api.w.org\/{rel}","templated":true}]}}